{"id":72033,"date":"2022-08-29T22:04:17","date_gmt":"2022-08-29T22:04:17","guid":{"rendered":"https:\/\/www.ucaldas.edu.co\/portal\/?p=72033"},"modified":"2022-08-29T22:04:17","modified_gmt":"2022-08-29T22:04:17","slug":"artistas-plasticos-invitados-a-participar-la-exposicion-aves-en-el-arte","status":"publish","type":"post","link":"https:\/\/www.ucaldas.edu.co\/portal\/artistas-plasticos-invitados-a-participar-la-exposicion-aves-en-el-arte\/","title":{"rendered":"Artistas pl\u00e1sticos invitados a participar la exposici\u00f3n: \u201cAves en el arte\u201d"},"content":{"rendered":"<p>&nbsp;<\/p>\n<p><img loading=\"lazy\" decoding=\"async\" class=\"aligncenter size-full wp-image-72034\" src=\"https:\/\/www.ucaldas.edu.co\/portal\/wp-content\/uploads\/2022\/08\/aves.jpg\" alt=\"Actividad complementaria del Congreso de Aviturismo\" width=\"700\" height=\"400\" srcset=\"https:\/\/www.ucaldas.edu.co\/portal\/wp-content\/uploads\/2022\/08\/aves.jpg 700w, https:\/\/www.ucaldas.edu.co\/portal\/wp-content\/uploads\/2022\/08\/aves-300x171.jpg 300w\" sizes=\"auto, (max-width: 700px) 100vw, 700px\" \/><\/p>\n<p>Hasta este\u00a0 martes 30 de agosto \u00a0se encuentra abierta la convocatoria para ser parte de la exposici\u00f3n \u201cAves en el arte\u201d, un espacio que se desarrollar\u00e1 durante el d\u00e9cimo Congreso de Aviturismo organizado por Cotelco Caldas, la Vicerrector\u00eda de Proyecci\u00f3n Universitaria de la Universidad de Caldas y el Centro Cultural Universitario Rogelio Salmona, y con el apoyo del Grupo de Estudio de las Aves GEA.<\/p>\n<p><!--more--><\/p>\n<p>Con este espacio art\u00edstico se pretende resaltar la relaci\u00f3n que existe entre el arte y las ciencias en torno a las aves en el departamento, promoviendo la est\u00e9tica de las obras con la importancia del estudio y la preservaci\u00f3n de las especies.<\/p>\n<p>La regi\u00f3n caldense cuenta con aproximadamente 850 especies de aves, de las cuales 22 son end\u00e9micas, es decir que solo habitan en este punto. Entre ellas se encuentra el colibr\u00ed de p\u00e1ramo y el lorito cadillero que habitan en el Nevado del Ru\u00edz; tambi\u00e9n est\u00e1 la perdiz pechicasta\u00f1a y el tororoi de Miller en los bosques de niebla de la Reserva de R\u00edo Blanco.<\/p>\n<p>Esta ser\u00e1 una exposici\u00f3n en honor al fallecido investigador e ilustrador venezolano Jes\u00fas de Ori\u00f3n Mora Ter\u00e1n, quien lleg\u00f3 a Manizales en el a\u00f1o 2017 vincul\u00e1ndose al gremio de los ornit\u00f3logos, pajar\u00f3logos y observadores de aves en el pa\u00eds, destac\u00e1ndose por su talento en la ilustraci\u00f3n de especies con calidad art\u00edstica y rigor cient\u00edfico.<\/p>\n<p>&nbsp;<\/p>\n<p>Cronograma de la convocatoria:<\/p>\n<ul>\n<li>30 de agosto: fecha m\u00e1xima de recepci\u00f3n de postulaciones.<\/li>\n<li>20 de septiembre: notificaci\u00f3n de los resultados.<\/li>\n<li>15 de octubre: fecha l\u00edmite de recepci\u00f3n de las obras seleccionadas y de la autorizaci\u00f3n del artista para exhibir su obra.<\/li>\n<li>1 de noviembre: inauguraci\u00f3n de la exposici\u00f3n.<\/li>\n<\/ul>\n<p><strong><a href=\"https:\/\/www.avescaldas.com\/AVESENELARTE\/?fbclid=IwAR2EBpwbuuAQEcDk7nkPaqx5GsnhU_oUU_GW0uK_ngQKkABzM6LDcKTdwec\">M\u00e1s informaci\u00f3n aqu\u00ed.<\/a><\/strong><\/p>\n<p>&nbsp;<\/p>\n<p><strong>Informes: <\/strong>Oficina de Comunicaciones y Prensa Universidad de Caldas.<br \/>\n<strong>Redacci\u00f3n:<\/strong> Mateo Buritic\u00e1 Giraldo<\/p>\n<p>&nbsp;<\/p>\n","protected":false},"excerpt":{"rendered":"<p>&nbsp; Hasta este\u00a0 martes 30 de agosto \u00a0se encuentra abierta la convocatoria para ser parte de la exposici\u00f3n \u201cAves en el arte\u201d, un espacio que se desarrollar\u00e1 durante el d\u00e9cimo Congreso de Aviturismo organizado por Cotelco Caldas, la Vicerrector\u00eda de Proyecci\u00f3n Universitaria de la Universidad de Caldas y el Centro Cultural Universitario Rogelio Salmona, y [&hellip;]<\/p>\n","protected":false},"author":2,"featured_media":72034,"comment_status":"closed","ping_status":"open","sticky":false,"template":"","format":"standard","meta":{"footnotes":""},"categories":[48,53,664],"tags":[8980,8981,8982],"class_list":["post-72033","post","type-post","status-publish","format-standard","has-post-thumbnail","hentry","category-actualidad","category-universidad-al-dia","category-ucaldas-cultural","tag-aves-en-el-arte","tag-congreso-aviturismo","tag-exposicion-artes-plasticas"],"yoast_head":"<!-- This site is optimized with the Yoast SEO plugin v27.5 - https:\/\/yoast.com\/product\/yoast-seo-wordpress\/ -->\n<title>Artistas pl\u00e1sticos invitados a participar la exposici\u00f3n: \u201cAves en el arte\u201d .<\/title>\n<meta name=\"robots\" content=\"index, follow, max-snippet:-1, max-image-preview:large, max-video-preview:-1\" \/>\n<link rel=\"canonical\" href=\"https:\/\/www.ucaldas.edu.co\/portal\/artistas-plasticos-invitados-a-participar-la-exposicion-aves-en-el-arte\/\" \/>\n<script type=\"application\/ld+json\" class=\"yoast-schema-graph\">{\"@context\":\"https:\\\/\\\/schema.org\",\"@graph\":[{\"@type\":\"Article\",\"@id\":\"https:\\\/\\\/www.ucaldas.edu.co\\\/portal\\\/artistas-plasticos-invitados-a-participar-la-exposicion-aves-en-el-arte\\\/#article\",\"isPartOf\":{\"@id\":\"https:\\\/\\\/www.ucaldas.edu.co\\\/portal\\\/artistas-plasticos-invitados-a-participar-la-exposicion-aves-en-el-arte\\\/\"},\"author\":{\"name\":\"ofiprensa\",\"@id\":\"https:\\\/\\\/www.ucaldas.edu.co\\\/portal\\\/#\\\/schema\\\/person\\\/a1b482e23449158b4bc319926c074fdf\"},\"headline\":\"Artistas pl\u00e1sticos invitados a participar la exposici\u00f3n: \u201cAves en el arte\u201d\",\"datePublished\":\"2022-08-29T22:04:17+00:00\",\"mainEntityOfPage\":{\"@id\":\"https:\\\/\\\/www.ucaldas.edu.co\\\/portal\\\/artistas-plasticos-invitados-a-participar-la-exposicion-aves-en-el-arte\\\/\"},\"wordCount\":337,\"publisher\":{\"@id\":\"https:\\\/\\\/www.ucaldas.edu.co\\\/portal\\\/#organization\"},\"image\":{\"@id\":\"https:\\\/\\\/www.ucaldas.edu.co\\\/portal\\\/artistas-plasticos-invitados-a-participar-la-exposicion-aves-en-el-arte\\\/#primaryimage\"},\"thumbnailUrl\":\"https:\\\/\\\/www.ucaldas.edu.co\\\/portal\\\/wp-content\\\/uploads\\\/2022\\\/08\\\/aves.jpg\",\"keywords\":[\"aves en el arte\",\"congreso aviturismo\",\"exposici\u00f3n artes pl\u00e1sticas\"],\"articleSection\":[\"Actualidad\",\"Universidad al D\u00eda\",\"UCaldas Cultural\"],\"inLanguage\":\"es\"},{\"@type\":\"WebPage\",\"@id\":\"https:\\\/\\\/www.ucaldas.edu.co\\\/portal\\\/artistas-plasticos-invitados-a-participar-la-exposicion-aves-en-el-arte\\\/\",\"url\":\"https:\\\/\\\/www.ucaldas.edu.co\\\/portal\\\/artistas-plasticos-invitados-a-participar-la-exposicion-aves-en-el-arte\\\/\",\"name\":\"Artistas pl\u00e1sticos invitados a participar la exposici\u00f3n: \u201cAves en el arte\u201d .\",\"isPartOf\":{\"@id\":\"https:\\\/\\\/www.ucaldas.edu.co\\\/portal\\\/#website\"},\"primaryImageOfPage\":{\"@id\":\"https:\\\/\\\/www.ucaldas.edu.co\\\/portal\\\/artistas-plasticos-invitados-a-participar-la-exposicion-aves-en-el-arte\\\/#primaryimage\"},\"image\":{\"@id\":\"https:\\\/\\\/www.ucaldas.edu.co\\\/portal\\\/artistas-plasticos-invitados-a-participar-la-exposicion-aves-en-el-arte\\\/#primaryimage\"},\"thumbnailUrl\":\"https:\\\/\\\/www.ucaldas.edu.co\\\/portal\\\/wp-content\\\/uploads\\\/2022\\\/08\\\/aves.jpg\",\"datePublished\":\"2022-08-29T22:04:17+00:00\",\"breadcrumb\":{\"@id\":\"https:\\\/\\\/www.ucaldas.edu.co\\\/portal\\\/artistas-plasticos-invitados-a-participar-la-exposicion-aves-en-el-arte\\\/#breadcrumb\"},\"inLanguage\":\"es\",\"potentialAction\":[{\"@type\":\"ReadAction\",\"target\":[\"https:\\\/\\\/www.ucaldas.edu.co\\\/portal\\\/artistas-plasticos-invitados-a-participar-la-exposicion-aves-en-el-arte\\\/\"]}]},{\"@type\":\"ImageObject\",\"inLanguage\":\"es\",\"@id\":\"https:\\\/\\\/www.ucaldas.edu.co\\\/portal\\\/artistas-plasticos-invitados-a-participar-la-exposicion-aves-en-el-arte\\\/#primaryimage\",\"url\":\"https:\\\/\\\/www.ucaldas.edu.co\\\/portal\\\/wp-content\\\/uploads\\\/2022\\\/08\\\/aves.jpg\",\"contentUrl\":\"https:\\\/\\\/www.ucaldas.edu.co\\\/portal\\\/wp-content\\\/uploads\\\/2022\\\/08\\\/aves.jpg\",\"width\":700,\"height\":400,\"caption\":\"Actividad complementaria del Congreso de Aviturismo\"},{\"@type\":\"BreadcrumbList\",\"@id\":\"https:\\\/\\\/www.ucaldas.edu.co\\\/portal\\\/artistas-plasticos-invitados-a-participar-la-exposicion-aves-en-el-arte\\\/#breadcrumb\",\"itemListElement\":[{\"@type\":\"ListItem\",\"position\":1,\"name\":\"Portada\",\"item\":\"https:\\\/\\\/www.ucaldas.edu.co\\\/portal\\\/\"},{\"@type\":\"ListItem\",\"position\":2,\"name\":\"Artistas pl\u00e1sticos invitados a participar la exposici\u00f3n: \u201cAves en el arte\u201d\"}]},{\"@type\":\"WebSite\",\"@id\":\"https:\\\/\\\/www.ucaldas.edu.co\\\/portal\\\/#website\",\"url\":\"https:\\\/\\\/www.ucaldas.edu.co\\\/portal\\\/\",\"name\":\"Universidad de Caldas\",\"description\":\"\",\"publisher\":{\"@id\":\"https:\\\/\\\/www.ucaldas.edu.co\\\/portal\\\/#organization\"},\"alternateName\":\"U. de Caldas\",\"potentialAction\":[{\"@type\":\"SearchAction\",\"target\":{\"@type\":\"EntryPoint\",\"urlTemplate\":\"https:\\\/\\\/www.ucaldas.edu.co\\\/portal\\\/?s={search_term_string}\"},\"query-input\":{\"@type\":\"PropertyValueSpecification\",\"valueRequired\":true,\"valueName\":\"search_term_string\"}}],\"inLanguage\":\"es\"},{\"@type\":\"Organization\",\"@id\":\"https:\\\/\\\/www.ucaldas.edu.co\\\/portal\\\/#organization\",\"name\":\"Universidad de Caldas\",\"alternateName\":\"U. de Caldas\",\"url\":\"https:\\\/\\\/www.ucaldas.edu.co\\\/portal\\\/\",\"logo\":{\"@type\":\"ImageObject\",\"inLanguage\":\"es\",\"@id\":\"https:\\\/\\\/www.ucaldas.edu.co\\\/portal\\\/#\\\/schema\\\/logo\\\/image\\\/\",\"url\":\"https:\\\/\\\/www.ucaldas.edu.co\\\/portal\\\/wp-content\\\/uploads\\\/2023\\\/11\\\/Logo_horizontal_oscuroU-2023.png\",\"contentUrl\":\"https:\\\/\\\/www.ucaldas.edu.co\\\/portal\\\/wp-content\\\/uploads\\\/2023\\\/11\\\/Logo_horizontal_oscuroU-2023.png\",\"width\":263,\"height\":101,\"caption\":\"Universidad de Caldas\"},\"image\":{\"@id\":\"https:\\\/\\\/www.ucaldas.edu.co\\\/portal\\\/#\\\/schema\\\/logo\\\/image\\\/\"},\"sameAs\":[\"https:\\\/\\\/www.facebook.com\\\/udecaldas\",\"https:\\\/\\\/x.com\\\/udecaldas\",\"https:\\\/\\\/www.youtube.com\\\/universidadcaldas\",\"https:\\\/\\\/www.instagram.com\\\/udecaldas\\\/\"]},{\"@type\":\"Person\",\"@id\":\"https:\\\/\\\/www.ucaldas.edu.co\\\/portal\\\/#\\\/schema\\\/person\\\/a1b482e23449158b4bc319926c074fdf\",\"name\":\"ofiprensa\",\"image\":{\"@type\":\"ImageObject\",\"inLanguage\":\"es\",\"@id\":\"https:\\\/\\\/www.ucaldas.edu.co\\\/portal\\\/wp-content\\\/litespeed\\\/avatar\\\/09ea5085e600095a7a811142c6944527.jpg?ver=1777497608\",\"url\":\"https:\\\/\\\/www.ucaldas.edu.co\\\/portal\\\/wp-content\\\/litespeed\\\/avatar\\\/09ea5085e600095a7a811142c6944527.jpg?ver=1777497608\",\"contentUrl\":\"https:\\\/\\\/www.ucaldas.edu.co\\\/portal\\\/wp-content\\\/litespeed\\\/avatar\\\/09ea5085e600095a7a811142c6944527.jpg?ver=1777497608\",\"caption\":\"ofiprensa\"},\"url\":\"https:\\\/\\\/www.ucaldas.edu.co\\\/portal\\\/author\\\/ofiprensa\\\/\"}]}<\/script>\n<!-- \/ Yoast SEO plugin. -->","yoast_head_json":{"title":"Artistas pl\u00e1sticos invitados a participar la exposici\u00f3n: \u201cAves en el arte\u201d .","robots":{"index":"index","follow":"follow","max-snippet":"max-snippet:-1","max-image-preview":"max-image-preview:large","max-video-preview":"max-video-preview:-1"},"canonical":"https:\/\/www.ucaldas.edu.co\/portal\/artistas-plasticos-invitados-a-participar-la-exposicion-aves-en-el-arte\/","schema":{"@context":"https:\/\/schema.org","@graph":[{"@type":"Article","@id":"https:\/\/www.ucaldas.edu.co\/portal\/artistas-plasticos-invitados-a-participar-la-exposicion-aves-en-el-arte\/#article","isPartOf":{"@id":"https:\/\/www.ucaldas.edu.co\/portal\/artistas-plasticos-invitados-a-participar-la-exposicion-aves-en-el-arte\/"},"author":{"name":"ofiprensa","@id":"https:\/\/www.ucaldas.edu.co\/portal\/#\/schema\/person\/a1b482e23449158b4bc319926c074fdf"},"headline":"Artistas pl\u00e1sticos invitados a participar la exposici\u00f3n: \u201cAves en el arte\u201d","datePublished":"2022-08-29T22:04:17+00:00","mainEntityOfPage":{"@id":"https:\/\/www.ucaldas.edu.co\/portal\/artistas-plasticos-invitados-a-participar-la-exposicion-aves-en-el-arte\/"},"wordCount":337,"publisher":{"@id":"https:\/\/www.ucaldas.edu.co\/portal\/#organization"},"image":{"@id":"https:\/\/www.ucaldas.edu.co\/portal\/artistas-plasticos-invitados-a-participar-la-exposicion-aves-en-el-arte\/#primaryimage"},"thumbnailUrl":"https:\/\/www.ucaldas.edu.co\/portal\/wp-content\/uploads\/2022\/08\/aves.jpg","keywords":["aves en el arte","congreso aviturismo","exposici\u00f3n artes pl\u00e1sticas"],"articleSection":["Actualidad","Universidad al D\u00eda","UCaldas Cultural"],"inLanguage":"es"},{"@type":"WebPage","@id":"https:\/\/www.ucaldas.edu.co\/portal\/artistas-plasticos-invitados-a-participar-la-exposicion-aves-en-el-arte\/","url":"https:\/\/www.ucaldas.edu.co\/portal\/artistas-plasticos-invitados-a-participar-la-exposicion-aves-en-el-arte\/","name":"Artistas pl\u00e1sticos invitados a participar la exposici\u00f3n: \u201cAves en el arte\u201d .","isPartOf":{"@id":"https:\/\/www.ucaldas.edu.co\/portal\/#website"},"primaryImageOfPage":{"@id":"https:\/\/www.ucaldas.edu.co\/portal\/artistas-plasticos-invitados-a-participar-la-exposicion-aves-en-el-arte\/#primaryimage"},"image":{"@id":"https:\/\/www.ucaldas.edu.co\/portal\/artistas-plasticos-invitados-a-participar-la-exposicion-aves-en-el-arte\/#primaryimage"},"thumbnailUrl":"https:\/\/www.ucaldas.edu.co\/portal\/wp-content\/uploads\/2022\/08\/aves.jpg","datePublished":"2022-08-29T22:04:17+00:00","breadcrumb":{"@id":"https:\/\/www.ucaldas.edu.co\/portal\/artistas-plasticos-invitados-a-participar-la-exposicion-aves-en-el-arte\/#breadcrumb"},"inLanguage":"es","potentialAction":[{"@type":"ReadAction","target":["https:\/\/www.ucaldas.edu.co\/portal\/artistas-plasticos-invitados-a-participar-la-exposicion-aves-en-el-arte\/"]}]},{"@type":"ImageObject","inLanguage":"es","@id":"https:\/\/www.ucaldas.edu.co\/portal\/artistas-plasticos-invitados-a-participar-la-exposicion-aves-en-el-arte\/#primaryimage","url":"https:\/\/www.ucaldas.edu.co\/portal\/wp-content\/uploads\/2022\/08\/aves.jpg","contentUrl":"https:\/\/www.ucaldas.edu.co\/portal\/wp-content\/uploads\/2022\/08\/aves.jpg","width":700,"height":400,"caption":"Actividad complementaria del Congreso de Aviturismo"},{"@type":"BreadcrumbList","@id":"https:\/\/www.ucaldas.edu.co\/portal\/artistas-plasticos-invitados-a-participar-la-exposicion-aves-en-el-arte\/#breadcrumb","itemListElement":[{"@type":"ListItem","position":1,"name":"Portada","item":"https:\/\/www.ucaldas.edu.co\/portal\/"},{"@type":"ListItem","position":2,"name":"Artistas pl\u00e1sticos invitados a participar la exposici\u00f3n: \u201cAves en el arte\u201d"}]},{"@type":"WebSite","@id":"https:\/\/www.ucaldas.edu.co\/portal\/#website","url":"https:\/\/www.ucaldas.edu.co\/portal\/","name":"Universidad de Caldas","description":"","publisher":{"@id":"https:\/\/www.ucaldas.edu.co\/portal\/#organization"},"alternateName":"U. de Caldas","potentialAction":[{"@type":"SearchAction","target":{"@type":"EntryPoint","urlTemplate":"https:\/\/www.ucaldas.edu.co\/portal\/?s={search_term_string}"},"query-input":{"@type":"PropertyValueSpecification","valueRequired":true,"valueName":"search_term_string"}}],"inLanguage":"es"},{"@type":"Organization","@id":"https:\/\/www.ucaldas.edu.co\/portal\/#organization","name":"Universidad de Caldas","alternateName":"U. de Caldas","url":"https:\/\/www.ucaldas.edu.co\/portal\/","logo":{"@type":"ImageObject","inLanguage":"es","@id":"https:\/\/www.ucaldas.edu.co\/portal\/#\/schema\/logo\/image\/","url":"https:\/\/www.ucaldas.edu.co\/portal\/wp-content\/uploads\/2023\/11\/Logo_horizontal_oscuroU-2023.png","contentUrl":"https:\/\/www.ucaldas.edu.co\/portal\/wp-content\/uploads\/2023\/11\/Logo_horizontal_oscuroU-2023.png","width":263,"height":101,"caption":"Universidad de Caldas"},"image":{"@id":"https:\/\/www.ucaldas.edu.co\/portal\/#\/schema\/logo\/image\/"},"sameAs":["https:\/\/www.facebook.com\/udecaldas","https:\/\/x.com\/udecaldas","https:\/\/www.youtube.com\/universidadcaldas","https:\/\/www.instagram.com\/udecaldas\/"]},{"@type":"Person","@id":"https:\/\/www.ucaldas.edu.co\/portal\/#\/schema\/person\/a1b482e23449158b4bc319926c074fdf","name":"ofiprensa","image":{"@type":"ImageObject","inLanguage":"es","@id":"https:\/\/www.ucaldas.edu.co\/portal\/wp-content\/litespeed\/avatar\/09ea5085e600095a7a811142c6944527.jpg?ver=1777497608","url":"https:\/\/www.ucaldas.edu.co\/portal\/wp-content\/litespeed\/avatar\/09ea5085e600095a7a811142c6944527.jpg?ver=1777497608","contentUrl":"https:\/\/www.ucaldas.edu.co\/portal\/wp-content\/litespeed\/avatar\/09ea5085e600095a7a811142c6944527.jpg?ver=1777497608","caption":"ofiprensa"},"url":"https:\/\/www.ucaldas.edu.co\/portal\/author\/ofiprensa\/"}]}},"_links":{"self":[{"href":"https:\/\/www.ucaldas.edu.co\/portal\/wp-json\/wp\/v2\/posts\/72033","targetHints":{"allow":["GET"]}}],"collection":[{"href":"https:\/\/www.ucaldas.edu.co\/portal\/wp-json\/wp\/v2\/posts"}],"about":[{"href":"https:\/\/www.ucaldas.edu.co\/portal\/wp-json\/wp\/v2\/types\/post"}],"author":[{"embeddable":true,"href":"https:\/\/www.ucaldas.edu.co\/portal\/wp-json\/wp\/v2\/users\/2"}],"replies":[{"embeddable":true,"href":"https:\/\/www.ucaldas.edu.co\/portal\/wp-json\/wp\/v2\/comments?post=72033"}],"version-history":[{"count":0,"href":"https:\/\/www.ucaldas.edu.co\/portal\/wp-json\/wp\/v2\/posts\/72033\/revisions"}],"wp:featuredmedia":[{"embeddable":true,"href":"https:\/\/www.ucaldas.edu.co\/portal\/wp-json\/wp\/v2\/media\/72034"}],"wp:attachment":[{"href":"https:\/\/www.ucaldas.edu.co\/portal\/wp-json\/wp\/v2\/media?parent=72033"}],"wp:term":[{"taxonomy":"category","embeddable":true,"href":"https:\/\/www.ucaldas.edu.co\/portal\/wp-json\/wp\/v2\/categories?post=72033"},{"taxonomy":"post_tag","embeddable":true,"href":"https:\/\/www.ucaldas.edu.co\/portal\/wp-json\/wp\/v2\/tags?post=72033"}],"curies":[{"name":"wp","href":"https:\/\/api.w.org\/{rel}","templated":true}]}}