{"id":7200,"date":"2011-02-24T10:17:53","date_gmt":"2011-02-24T15:17:53","guid":{"rendered":"https:\/\/www.ucaldas.edu.co\/portal\/?p=7200"},"modified":"2011-02-24T10:17:53","modified_gmt":"2011-02-24T15:17:53","slug":"centro-de-bioinformatica-realizo-su-primera-junta-directiva","status":"publish","type":"post","link":"https:\/\/www.ucaldas.edu.co\/portal\/centro-de-bioinformatica-realizo-su-primera-junta-directiva\/","title":{"rendered":"Centro de Bioinform\u00e1tica realiz\u00f3 su primera junta directiva"},"content":{"rendered":"<p>La U. de Caldas participa en la iniciativa<\/p>\n<hr \/>\n<p align=\"center\">\n<p align=\"right\"><b>24\/02\/2011<\/b><\/p>\n<p><b>\u00a0<\/b><\/p>\n<table border=\"0\">\n<tbody>\n<tr>\n<td><img loading=\"lazy\" decoding=\"async\" style=\"border: 0px\" alt=\"biotecnologia\" src=\"http:\/\/www.ucaldas.edu.co\/images\/tmp\/SALA_NADER_EDIFI_ORLANDO_SIERRA_Biotecnologia.JPG\" width=\"240\" height=\"150\" border=\"0\" \/><\/td>\n<td>\u00a0El pasado <b>21 de febrero del 2011 <\/b>se realiz\u00f3 la primera reuni\u00f3n de la <b>junta directiva<\/b> del <b>Centro de Bioinform\u00e1tica y Biolog\u00eda Computacional de Colombia<\/b> <b>(CBBC), <\/b>del que hacen parte las <b>universidades del Eje Cafetero<\/b>, entre ellas la <b>Universidad<\/b><b> de Caldas<\/b>, <b>la Red Alma<\/b><b> M\u00e1ter, El Ministerio de las Tecnolog\u00edas de la informaci\u00f3n y las Comunicaciones (Mintic), Microsoft y Colciencias.<\/b><\/td>\n<\/tr>\n<\/tbody>\n<\/table>\n<p>&nbsp;<\/p>\n<p>El encuentro se realiz\u00f3 en la U. Aut\u00f3noma de Manizales.<\/p>\n<p><b>\u00a0<\/b><\/p>\n<p>Se trataron temas como la sede para construir el CBBC, que ser\u00e1 en Manizales; se discuti\u00f3 acerca de la elecci\u00f3n del primer director del Centro; se realizaron adelantos sobre la adquisici\u00f3n de equipos de c\u00f3mputo y software especializado.<\/p>\n<p>&nbsp;<\/p>\n<p>Tambi\u00e9n se determinaron viajes a Estados Unidos para conocer sobre otros Centros y en los pr\u00f3ximos meses se llevar\u00e1n a cabo encuentros en Cartagena y ciudades del Eje Cafetero.<\/p>\n<p>&nbsp;<\/p>\n<p><b>Constituci\u00f3n del CBBC<\/b><\/p>\n<p>El pasado 12 de noviembre del 2010 se realiz\u00f3 el acto de constituci\u00f3n del Centro de Bioinformatica y Biolog\u00eda Computacional de Colombia en la Universidad de Caldas. Los objetivos de este proyecto son extender los privilegios de la ciencia, la tecnolog\u00eda y la innovaci\u00f3n a las regiones y ampliar el conocimiento de Colombia a escalas mundiales.<\/p>\n<p>&nbsp;<\/p>\n<p>La U. de Caldas aporta unos deseos inmensos de sacar adelante este proyecto, pues es un centro estrat\u00e9gico para el pa\u00eds y la regi\u00f3n. En cuanto a la academia, la Instituci\u00f3n tiene una larga historia en temas cient\u00edficos e investigaciones, procesos que ser\u00e1n usuarios y retroalimentadores de todas las posibilidades que se est\u00e1n planeando en el CBBC\u201d, coment\u00f3 Ricardo G\u00f3mez Giraldo, Rector de la U. de Caldas, quien hace parte de la Junta Directiva del Centro.<\/p>\n<p>&nbsp;<\/p>\n<p>Colciencias es otra de las instituciones que se unen al proyecto. Mauricio Rodr\u00edguez Rodr\u00edguez, Director del Programa Nacional de Biotecnolog\u00eda de Colciencias coment\u00f3 que esta instituci\u00f3n ha liderado desde su concepci\u00f3n la idea de ofrecer al pa\u00eds, a la comunidad cient\u00edfica y acad\u00e9mica las capacidades para que aumente su competitividad y oferta tecnol\u00f3gica, tanto para los mercados nacionales como para los internacionales.<\/p>\n<p>&nbsp;<\/p>\n<p>Adem\u00e1s, Rodr\u00edguez Rodr\u00edguez coment\u00f3: \u201cColciencias ha sido el gestor del Centro de Bioinformatica desde su concepci\u00f3n\u201d.<\/p>\n<p>&nbsp;<\/p>\n<p>El Mintic tambi\u00e9n hace parte del proyecto, en el que no s\u00f3lo se vincula econ\u00f3micamente sino que adem\u00e1s corresponde al Plan de Desarrollo Nacional de apoyo a la Ciencia, la Tecnolog\u00eda y la Innovaci\u00f3n.<\/p>\n<p>&nbsp;<\/p>\n<p>Mar\u00eda Carolina Hoyos Turbay, Viceministra de la TIC, estuvo presente en la primera junta del CBBC, y afirm\u00f3: \u201cpara el Gobierno Nacional es muy importante apoyar este proyecto\u201d.<\/p>\n<p>&nbsp;<\/p>\n<p>\u201cHasta el momento se manejan dos componentes, c\u00f3mo se construye y c\u00f3mo ser\u00e1 el manejo del Centro. Para Microsoft este proyecto es un gran reto, pues somos interlocutores entre Colombia y Microsoft Research, un lazo importante para trabajar el tema de investigaci\u00f3n por primera vez en el pa\u00eds y en la regi\u00f3n\u201d, explic\u00f3 Carlos V\u00e1squez, Director Nacional de Tecnolog\u00eda Microsoft Colombia, quien como socio del CBBC realiza una serie de asesor\u00edas de ingenier\u00eda para su construcci\u00f3n.<\/p>\n<p>&nbsp;<\/p>\n<p><b>Informes: <\/b>en la Oficina de Prensa de la Universidad de Caldas en el tel\u00e9fono 878 15 00 en la extensi\u00f3n 12 167.<\/p>\n","protected":false},"excerpt":{"rendered":"<p>La U. de Caldas participa en la iniciativa 24\/02\/2011 \u00a0 \u00a0El pasado 21 de febrero del 2011 se realiz\u00f3 la primera reuni\u00f3n de la junta directiva del Centro de Bioinform\u00e1tica y Biolog\u00eda Computacional de Colombia (CBBC), del que hacen parte las universidades del Eje Cafetero, entre ellas la Universidad de Caldas, la Red Alma M\u00e1ter, [&hellip;]<\/p>\n","protected":false},"author":2,"featured_media":0,"comment_status":"closed","ping_status":"closed","sticky":false,"template":"","format":"standard","meta":{"footnotes":""},"categories":[48,53],"tags":[],"class_list":["post-7200","post","type-post","status-publish","format-standard","hentry","category-actualidad","category-universidad-al-dia"],"yoast_head":"<!-- This site is optimized with the Yoast SEO plugin v27.5 - https:\/\/yoast.com\/product\/yoast-seo-wordpress\/ -->\n<title>Centro de Bioinform\u00e1tica realiz\u00f3 su primera junta directiva .<\/title>\n<meta name=\"robots\" content=\"index, follow, max-snippet:-1, max-image-preview:large, max-video-preview:-1\" \/>\n<link rel=\"canonical\" href=\"https:\/\/www.ucaldas.edu.co\/portal\/centro-de-bioinformatica-realizo-su-primera-junta-directiva\/\" \/>\n<script type=\"application\/ld+json\" class=\"yoast-schema-graph\">{\"@context\":\"https:\\\/\\\/schema.org\",\"@graph\":[{\"@type\":\"Article\",\"@id\":\"https:\\\/\\\/www.ucaldas.edu.co\\\/portal\\\/centro-de-bioinformatica-realizo-su-primera-junta-directiva\\\/#article\",\"isPartOf\":{\"@id\":\"https:\\\/\\\/www.ucaldas.edu.co\\\/portal\\\/centro-de-bioinformatica-realizo-su-primera-junta-directiva\\\/\"},\"author\":{\"name\":\"ofiprensa\",\"@id\":\"https:\\\/\\\/www.ucaldas.edu.co\\\/portal\\\/#\\\/schema\\\/person\\\/a1b482e23449158b4bc319926c074fdf\"},\"headline\":\"Centro de Bioinform\u00e1tica realiz\u00f3 su primera junta directiva\",\"datePublished\":\"2011-02-24T15:17:53+00:00\",\"mainEntityOfPage\":{\"@id\":\"https:\\\/\\\/www.ucaldas.edu.co\\\/portal\\\/centro-de-bioinformatica-realizo-su-primera-junta-directiva\\\/\"},\"wordCount\":586,\"publisher\":{\"@id\":\"https:\\\/\\\/www.ucaldas.edu.co\\\/portal\\\/#organization\"},\"image\":{\"@id\":\"https:\\\/\\\/www.ucaldas.edu.co\\\/portal\\\/centro-de-bioinformatica-realizo-su-primera-junta-directiva\\\/#primaryimage\"},\"thumbnailUrl\":\"http:\\\/\\\/www.ucaldas.edu.co\\\/images\\\/tmp\\\/SALA_NADER_EDIFI_ORLANDO_SIERRA_Biotecnologia.JPG\",\"articleSection\":[\"Actualidad\",\"Universidad al D\u00eda\"],\"inLanguage\":\"es\"},{\"@type\":\"WebPage\",\"@id\":\"https:\\\/\\\/www.ucaldas.edu.co\\\/portal\\\/centro-de-bioinformatica-realizo-su-primera-junta-directiva\\\/\",\"url\":\"https:\\\/\\\/www.ucaldas.edu.co\\\/portal\\\/centro-de-bioinformatica-realizo-su-primera-junta-directiva\\\/\",\"name\":\"Centro de Bioinform\u00e1tica realiz\u00f3 su primera junta directiva .\",\"isPartOf\":{\"@id\":\"https:\\\/\\\/www.ucaldas.edu.co\\\/portal\\\/#website\"},\"primaryImageOfPage\":{\"@id\":\"https:\\\/\\\/www.ucaldas.edu.co\\\/portal\\\/centro-de-bioinformatica-realizo-su-primera-junta-directiva\\\/#primaryimage\"},\"image\":{\"@id\":\"https:\\\/\\\/www.ucaldas.edu.co\\\/portal\\\/centro-de-bioinformatica-realizo-su-primera-junta-directiva\\\/#primaryimage\"},\"thumbnailUrl\":\"http:\\\/\\\/www.ucaldas.edu.co\\\/images\\\/tmp\\\/SALA_NADER_EDIFI_ORLANDO_SIERRA_Biotecnologia.JPG\",\"datePublished\":\"2011-02-24T15:17:53+00:00\",\"breadcrumb\":{\"@id\":\"https:\\\/\\\/www.ucaldas.edu.co\\\/portal\\\/centro-de-bioinformatica-realizo-su-primera-junta-directiva\\\/#breadcrumb\"},\"inLanguage\":\"es\",\"potentialAction\":[{\"@type\":\"ReadAction\",\"target\":[\"https:\\\/\\\/www.ucaldas.edu.co\\\/portal\\\/centro-de-bioinformatica-realizo-su-primera-junta-directiva\\\/\"]}]},{\"@type\":\"ImageObject\",\"inLanguage\":\"es\",\"@id\":\"https:\\\/\\\/www.ucaldas.edu.co\\\/portal\\\/centro-de-bioinformatica-realizo-su-primera-junta-directiva\\\/#primaryimage\",\"url\":\"http:\\\/\\\/www.ucaldas.edu.co\\\/images\\\/tmp\\\/SALA_NADER_EDIFI_ORLANDO_SIERRA_Biotecnologia.JPG\",\"contentUrl\":\"http:\\\/\\\/www.ucaldas.edu.co\\\/images\\\/tmp\\\/SALA_NADER_EDIFI_ORLANDO_SIERRA_Biotecnologia.JPG\"},{\"@type\":\"BreadcrumbList\",\"@id\":\"https:\\\/\\\/www.ucaldas.edu.co\\\/portal\\\/centro-de-bioinformatica-realizo-su-primera-junta-directiva\\\/#breadcrumb\",\"itemListElement\":[{\"@type\":\"ListItem\",\"position\":1,\"name\":\"Portada\",\"item\":\"https:\\\/\\\/www.ucaldas.edu.co\\\/portal\\\/\"},{\"@type\":\"ListItem\",\"position\":2,\"name\":\"Centro de Bioinform\u00e1tica realiz\u00f3 su primera junta directiva\"}]},{\"@type\":\"WebSite\",\"@id\":\"https:\\\/\\\/www.ucaldas.edu.co\\\/portal\\\/#website\",\"url\":\"https:\\\/\\\/www.ucaldas.edu.co\\\/portal\\\/\",\"name\":\"Universidad de Caldas\",\"description\":\"\",\"publisher\":{\"@id\":\"https:\\\/\\\/www.ucaldas.edu.co\\\/portal\\\/#organization\"},\"alternateName\":\"U. de Caldas\",\"potentialAction\":[{\"@type\":\"SearchAction\",\"target\":{\"@type\":\"EntryPoint\",\"urlTemplate\":\"https:\\\/\\\/www.ucaldas.edu.co\\\/portal\\\/?s={search_term_string}\"},\"query-input\":{\"@type\":\"PropertyValueSpecification\",\"valueRequired\":true,\"valueName\":\"search_term_string\"}}],\"inLanguage\":\"es\"},{\"@type\":\"Organization\",\"@id\":\"https:\\\/\\\/www.ucaldas.edu.co\\\/portal\\\/#organization\",\"name\":\"Universidad de Caldas\",\"alternateName\":\"U. de Caldas\",\"url\":\"https:\\\/\\\/www.ucaldas.edu.co\\\/portal\\\/\",\"logo\":{\"@type\":\"ImageObject\",\"inLanguage\":\"es\",\"@id\":\"https:\\\/\\\/www.ucaldas.edu.co\\\/portal\\\/#\\\/schema\\\/logo\\\/image\\\/\",\"url\":\"https:\\\/\\\/www.ucaldas.edu.co\\\/portal\\\/wp-content\\\/uploads\\\/2023\\\/11\\\/Logo_horizontal_oscuroU-2023.png\",\"contentUrl\":\"https:\\\/\\\/www.ucaldas.edu.co\\\/portal\\\/wp-content\\\/uploads\\\/2023\\\/11\\\/Logo_horizontal_oscuroU-2023.png\",\"width\":263,\"height\":101,\"caption\":\"Universidad de Caldas\"},\"image\":{\"@id\":\"https:\\\/\\\/www.ucaldas.edu.co\\\/portal\\\/#\\\/schema\\\/logo\\\/image\\\/\"},\"sameAs\":[\"https:\\\/\\\/www.facebook.com\\\/udecaldas\",\"https:\\\/\\\/x.com\\\/udecaldas\",\"https:\\\/\\\/www.youtube.com\\\/universidadcaldas\",\"https:\\\/\\\/www.instagram.com\\\/udecaldas\\\/\"]},{\"@type\":\"Person\",\"@id\":\"https:\\\/\\\/www.ucaldas.edu.co\\\/portal\\\/#\\\/schema\\\/person\\\/a1b482e23449158b4bc319926c074fdf\",\"name\":\"ofiprensa\",\"image\":{\"@type\":\"ImageObject\",\"inLanguage\":\"es\",\"@id\":\"https:\\\/\\\/www.ucaldas.edu.co\\\/portal\\\/wp-content\\\/litespeed\\\/avatar\\\/09ea5085e600095a7a811142c6944527.jpg?ver=1777497608\",\"url\":\"https:\\\/\\\/www.ucaldas.edu.co\\\/portal\\\/wp-content\\\/litespeed\\\/avatar\\\/09ea5085e600095a7a811142c6944527.jpg?ver=1777497608\",\"contentUrl\":\"https:\\\/\\\/www.ucaldas.edu.co\\\/portal\\\/wp-content\\\/litespeed\\\/avatar\\\/09ea5085e600095a7a811142c6944527.jpg?ver=1777497608\",\"caption\":\"ofiprensa\"},\"url\":\"https:\\\/\\\/www.ucaldas.edu.co\\\/portal\\\/author\\\/ofiprensa\\\/\"}]}<\/script>\n<!-- \/ Yoast SEO plugin. -->","yoast_head_json":{"title":"Centro de Bioinform\u00e1tica realiz\u00f3 su primera junta directiva .","robots":{"index":"index","follow":"follow","max-snippet":"max-snippet:-1","max-image-preview":"max-image-preview:large","max-video-preview":"max-video-preview:-1"},"canonical":"https:\/\/www.ucaldas.edu.co\/portal\/centro-de-bioinformatica-realizo-su-primera-junta-directiva\/","schema":{"@context":"https:\/\/schema.org","@graph":[{"@type":"Article","@id":"https:\/\/www.ucaldas.edu.co\/portal\/centro-de-bioinformatica-realizo-su-primera-junta-directiva\/#article","isPartOf":{"@id":"https:\/\/www.ucaldas.edu.co\/portal\/centro-de-bioinformatica-realizo-su-primera-junta-directiva\/"},"author":{"name":"ofiprensa","@id":"https:\/\/www.ucaldas.edu.co\/portal\/#\/schema\/person\/a1b482e23449158b4bc319926c074fdf"},"headline":"Centro de Bioinform\u00e1tica realiz\u00f3 su primera junta directiva","datePublished":"2011-02-24T15:17:53+00:00","mainEntityOfPage":{"@id":"https:\/\/www.ucaldas.edu.co\/portal\/centro-de-bioinformatica-realizo-su-primera-junta-directiva\/"},"wordCount":586,"publisher":{"@id":"https:\/\/www.ucaldas.edu.co\/portal\/#organization"},"image":{"@id":"https:\/\/www.ucaldas.edu.co\/portal\/centro-de-bioinformatica-realizo-su-primera-junta-directiva\/#primaryimage"},"thumbnailUrl":"http:\/\/www.ucaldas.edu.co\/images\/tmp\/SALA_NADER_EDIFI_ORLANDO_SIERRA_Biotecnologia.JPG","articleSection":["Actualidad","Universidad al D\u00eda"],"inLanguage":"es"},{"@type":"WebPage","@id":"https:\/\/www.ucaldas.edu.co\/portal\/centro-de-bioinformatica-realizo-su-primera-junta-directiva\/","url":"https:\/\/www.ucaldas.edu.co\/portal\/centro-de-bioinformatica-realizo-su-primera-junta-directiva\/","name":"Centro de Bioinform\u00e1tica realiz\u00f3 su primera junta directiva .","isPartOf":{"@id":"https:\/\/www.ucaldas.edu.co\/portal\/#website"},"primaryImageOfPage":{"@id":"https:\/\/www.ucaldas.edu.co\/portal\/centro-de-bioinformatica-realizo-su-primera-junta-directiva\/#primaryimage"},"image":{"@id":"https:\/\/www.ucaldas.edu.co\/portal\/centro-de-bioinformatica-realizo-su-primera-junta-directiva\/#primaryimage"},"thumbnailUrl":"http:\/\/www.ucaldas.edu.co\/images\/tmp\/SALA_NADER_EDIFI_ORLANDO_SIERRA_Biotecnologia.JPG","datePublished":"2011-02-24T15:17:53+00:00","breadcrumb":{"@id":"https:\/\/www.ucaldas.edu.co\/portal\/centro-de-bioinformatica-realizo-su-primera-junta-directiva\/#breadcrumb"},"inLanguage":"es","potentialAction":[{"@type":"ReadAction","target":["https:\/\/www.ucaldas.edu.co\/portal\/centro-de-bioinformatica-realizo-su-primera-junta-directiva\/"]}]},{"@type":"ImageObject","inLanguage":"es","@id":"https:\/\/www.ucaldas.edu.co\/portal\/centro-de-bioinformatica-realizo-su-primera-junta-directiva\/#primaryimage","url":"http:\/\/www.ucaldas.edu.co\/images\/tmp\/SALA_NADER_EDIFI_ORLANDO_SIERRA_Biotecnologia.JPG","contentUrl":"http:\/\/www.ucaldas.edu.co\/images\/tmp\/SALA_NADER_EDIFI_ORLANDO_SIERRA_Biotecnologia.JPG"},{"@type":"BreadcrumbList","@id":"https:\/\/www.ucaldas.edu.co\/portal\/centro-de-bioinformatica-realizo-su-primera-junta-directiva\/#breadcrumb","itemListElement":[{"@type":"ListItem","position":1,"name":"Portada","item":"https:\/\/www.ucaldas.edu.co\/portal\/"},{"@type":"ListItem","position":2,"name":"Centro de Bioinform\u00e1tica realiz\u00f3 su primera junta directiva"}]},{"@type":"WebSite","@id":"https:\/\/www.ucaldas.edu.co\/portal\/#website","url":"https:\/\/www.ucaldas.edu.co\/portal\/","name":"Universidad de Caldas","description":"","publisher":{"@id":"https:\/\/www.ucaldas.edu.co\/portal\/#organization"},"alternateName":"U. de Caldas","potentialAction":[{"@type":"SearchAction","target":{"@type":"EntryPoint","urlTemplate":"https:\/\/www.ucaldas.edu.co\/portal\/?s={search_term_string}"},"query-input":{"@type":"PropertyValueSpecification","valueRequired":true,"valueName":"search_term_string"}}],"inLanguage":"es"},{"@type":"Organization","@id":"https:\/\/www.ucaldas.edu.co\/portal\/#organization","name":"Universidad de Caldas","alternateName":"U. de Caldas","url":"https:\/\/www.ucaldas.edu.co\/portal\/","logo":{"@type":"ImageObject","inLanguage":"es","@id":"https:\/\/www.ucaldas.edu.co\/portal\/#\/schema\/logo\/image\/","url":"https:\/\/www.ucaldas.edu.co\/portal\/wp-content\/uploads\/2023\/11\/Logo_horizontal_oscuroU-2023.png","contentUrl":"https:\/\/www.ucaldas.edu.co\/portal\/wp-content\/uploads\/2023\/11\/Logo_horizontal_oscuroU-2023.png","width":263,"height":101,"caption":"Universidad de Caldas"},"image":{"@id":"https:\/\/www.ucaldas.edu.co\/portal\/#\/schema\/logo\/image\/"},"sameAs":["https:\/\/www.facebook.com\/udecaldas","https:\/\/x.com\/udecaldas","https:\/\/www.youtube.com\/universidadcaldas","https:\/\/www.instagram.com\/udecaldas\/"]},{"@type":"Person","@id":"https:\/\/www.ucaldas.edu.co\/portal\/#\/schema\/person\/a1b482e23449158b4bc319926c074fdf","name":"ofiprensa","image":{"@type":"ImageObject","inLanguage":"es","@id":"https:\/\/www.ucaldas.edu.co\/portal\/wp-content\/litespeed\/avatar\/09ea5085e600095a7a811142c6944527.jpg?ver=1777497608","url":"https:\/\/www.ucaldas.edu.co\/portal\/wp-content\/litespeed\/avatar\/09ea5085e600095a7a811142c6944527.jpg?ver=1777497608","contentUrl":"https:\/\/www.ucaldas.edu.co\/portal\/wp-content\/litespeed\/avatar\/09ea5085e600095a7a811142c6944527.jpg?ver=1777497608","caption":"ofiprensa"},"url":"https:\/\/www.ucaldas.edu.co\/portal\/author\/ofiprensa\/"}]}},"_links":{"self":[{"href":"https:\/\/www.ucaldas.edu.co\/portal\/wp-json\/wp\/v2\/posts\/7200","targetHints":{"allow":["GET"]}}],"collection":[{"href":"https:\/\/www.ucaldas.edu.co\/portal\/wp-json\/wp\/v2\/posts"}],"about":[{"href":"https:\/\/www.ucaldas.edu.co\/portal\/wp-json\/wp\/v2\/types\/post"}],"author":[{"embeddable":true,"href":"https:\/\/www.ucaldas.edu.co\/portal\/wp-json\/wp\/v2\/users\/2"}],"replies":[{"embeddable":true,"href":"https:\/\/www.ucaldas.edu.co\/portal\/wp-json\/wp\/v2\/comments?post=7200"}],"version-history":[{"count":0,"href":"https:\/\/www.ucaldas.edu.co\/portal\/wp-json\/wp\/v2\/posts\/7200\/revisions"}],"wp:attachment":[{"href":"https:\/\/www.ucaldas.edu.co\/portal\/wp-json\/wp\/v2\/media?parent=7200"}],"wp:term":[{"taxonomy":"category","embeddable":true,"href":"https:\/\/www.ucaldas.edu.co\/portal\/wp-json\/wp\/v2\/categories?post=7200"},{"taxonomy":"post_tag","embeddable":true,"href":"https:\/\/www.ucaldas.edu.co\/portal\/wp-json\/wp\/v2\/tags?post=7200"}],"curies":[{"name":"wp","href":"https:\/\/api.w.org\/{rel}","templated":true}]}}