{"id":71996,"date":"2022-08-26T21:56:26","date_gmt":"2022-08-26T21:56:26","guid":{"rendered":"https:\/\/www.ucaldas.edu.co\/portal\/?p=71996"},"modified":"2022-08-26T21:56:26","modified_gmt":"2022-08-26T21:56:26","slug":"programese-con-cima-al-parque-cierre-del-festival-internacional-del-musica-ciudad-de-manizales","status":"publish","type":"post","link":"https:\/\/www.ucaldas.edu.co\/portal\/programese-con-cima-al-parque-cierre-del-festival-internacional-del-musica-ciudad-de-manizales\/","title":{"rendered":"Progr\u00e1mese con \u201cCiMa al Parque\u201d cierre del Festival internacional del M\u00fasica Ciudad de Manizales"},"content":{"rendered":"<p>&nbsp;<\/p>\n<p><img loading=\"lazy\" decoding=\"async\" class=\"aligncenter size-full wp-image-71997\" src=\"https:\/\/www.ucaldas.edu.co\/portal\/wp-content\/uploads\/2022\/08\/Diseno-sin-titulo-3-3.jpg\" alt=\"CiMa al parque ser\u00e1 el evento de cierre del Festival\" width=\"700\" height=\"400\" srcset=\"https:\/\/www.ucaldas.edu.co\/portal\/wp-content\/uploads\/2022\/08\/Diseno-sin-titulo-3-3.jpg 700w, https:\/\/www.ucaldas.edu.co\/portal\/wp-content\/uploads\/2022\/08\/Diseno-sin-titulo-3-3-300x171.jpg 300w\" sizes=\"auto, (max-width: 700px) 100vw, 700px\" \/><\/p>\n<p>&nbsp;<\/p>\n<p>Este s\u00e1bado 27 de agosto culmina el Festival Internacional de M\u00fasicas ciudad de Manizales CiMa y para ello se llevar\u00e1 a cabo una variada programaci\u00f3n durante todo el d\u00eda en el Centro Cultural Universitario Rogelio Salmona.<\/p>\n<p><!--more--><\/p>\n<p>\u201cCiMa al Parque\u201d es un espacio para disfrutar en familia ya que se contar\u00e1 con m\u00fasica, talleres, oferta gastron\u00f3mica y conciertos al aire libre. \u00a0A las 11:00 a.m. abrir\u00e1 el festival la agrupaci\u00f3n: \u201cAluna Quintet\u201d, conformada por m\u00fasicos de Alemania,\u00a0 Ucrania, Venezuela\u00a0 y Colombia y las 12 del medio d\u00eda el turno ser\u00e1 para \u201cBacalao S\u00f3nico\u201d, \u00a0Combo de jazz Universidad Sergio Arboleda.<\/p>\n<p>A la 1:00 p.m. ser\u00e1 el concierto de la Big Band que hace parte del departamento de M\u00fasica de la Universidad de Caldas, cuyo prop\u00f3sito es ofrecer a los estudiantes, la oportunidad de conocer, interpretar y estudiar el repertorio escrito y adaptado para Big Band; desde el estilo del swing pasando por diversos g\u00e9neros y llegando a la m\u00fasica colombiana.<\/p>\n<p>Otras agrupaciones que se presentaran en la tarde son: el Cuarteto de Saxofones INNN,\u00a0 Saxeto Grupo Instrumental Saxeto y Walking Jazz, \u00a0La pac\u00edfica, M\u00fasica del pac\u00edfico colombiano y la \u00a0Big Band Tradici\u00f3n Caribe, ser\u00e1 la encargada del cierre del festival.<\/p>\n<p>La Big Band Tradici\u00f3n Caribe, naci\u00f3 en 2012 con motivo de la celebraci\u00f3n de los 20 a\u00f1os del Programa de Licenciatura en M\u00fasica de la Universidad de Caldas. Es una agrupaci\u00f3n en formato de Big Band conformada por profesores, estudiantes y egresados de los programas de m\u00fasica y su repertorio incluye la interpretaci\u00f3n de \u00a0los ritmos del caribe, especialmente con m\u00fasica de compositores colombianos.<\/p>\n<p>&nbsp;<\/p>\n<p><strong>Informes: <\/strong>Oficina de Comunicaciones y Prensa Universidad de Caldas.<br \/>\n<strong>Redacci\u00f3n:<\/strong> Adriana Salazar Villegas<\/p>\n<p>&nbsp;<\/p>\n","protected":false},"excerpt":{"rendered":"<p>&nbsp; &nbsp; Este s\u00e1bado 27 de agosto culmina el Festival Internacional de M\u00fasicas ciudad de Manizales CiMa y para ello se llevar\u00e1 a cabo una variada programaci\u00f3n durante todo el d\u00eda en el Centro Cultural Universitario Rogelio Salmona.<\/p>\n","protected":false},"author":2,"featured_media":71997,"comment_status":"closed","ping_status":"open","sticky":false,"template":"","format":"standard","meta":{"footnotes":"","_members_access_role":[],"_members_access_error":""},"categories":[48,53,664],"tags":[194,718,1128,8975,8976],"class_list":["post-71996","post","type-post","status-publish","format-standard","has-post-thumbnail","hentry","category-actualidad","category-universidad-al-dia","category-ucaldas-cultural","tag-cultura","tag-musica","tag-programacion","tag-cima-2022","tag-sabado"],"yoast_head":"<!-- This site is optimized with the Yoast SEO plugin v28.4 - https:\/\/yoast.com\/product\/yoast-seo-wordpress\/ -->\n<title>Progr\u00e1mese con \u201cCiMa al Parque\u201d cierre del Festival internacional del M\u00fasica Ciudad de Manizales .<\/title>\n<meta name=\"robots\" content=\"index, follow, max-snippet:-1, max-image-preview:large, max-video-preview:-1\" \/>\n<link rel=\"canonical\" href=\"https:\/\/www.ucaldas.edu.co\/portal\/programese-con-cima-al-parque-cierre-del-festival-internacional-del-musica-ciudad-de-manizales\/\" \/>\n<script type=\"application\/ld+json\" class=\"yoast-schema-graph\">{\"@context\":\"https:\\\/\\\/schema.org\",\"@graph\":[{\"@type\":\"Article\",\"@id\":\"https:\\\/\\\/www.ucaldas.edu.co\\\/portal\\\/programese-con-cima-al-parque-cierre-del-festival-internacional-del-musica-ciudad-de-manizales\\\/#article\",\"isPartOf\":{\"@id\":\"https:\\\/\\\/www.ucaldas.edu.co\\\/portal\\\/programese-con-cima-al-parque-cierre-del-festival-internacional-del-musica-ciudad-de-manizales\\\/\"},\"author\":{\"name\":\"ofiprensa\",\"@id\":\"https:\\\/\\\/www.ucaldas.edu.co\\\/portal\\\/#\\\/schema\\\/person\\\/a1b482e23449158b4bc319926c074fdf\"},\"headline\":\"Progr\u00e1mese con \u201cCiMa al Parque\u201d cierre del Festival internacional del M\u00fasica Ciudad de Manizales\",\"datePublished\":\"2022-08-26T21:56:26+00:00\",\"mainEntityOfPage\":{\"@id\":\"https:\\\/\\\/www.ucaldas.edu.co\\\/portal\\\/programese-con-cima-al-parque-cierre-del-festival-internacional-del-musica-ciudad-de-manizales\\\/\"},\"wordCount\":318,\"publisher\":{\"@id\":\"https:\\\/\\\/www.ucaldas.edu.co\\\/portal\\\/#organization\"},\"image\":{\"@id\":\"https:\\\/\\\/www.ucaldas.edu.co\\\/portal\\\/programese-con-cima-al-parque-cierre-del-festival-internacional-del-musica-ciudad-de-manizales\\\/#primaryimage\"},\"thumbnailUrl\":\"https:\\\/\\\/www.ucaldas.edu.co\\\/portal\\\/wp-content\\\/uploads\\\/2022\\\/08\\\/Diseno-sin-titulo-3-3.jpg\",\"keywords\":[\"cultura\",\"m\u00fasica\",\"programaci\u00f3n\",\"CiMa 2022\",\"s\u00e1bado\"],\"articleSection\":[\"Actualidad\",\"Universidad al D\u00eda\",\"UCaldas Cultural\"],\"inLanguage\":\"es\"},{\"@type\":\"WebPage\",\"@id\":\"https:\\\/\\\/www.ucaldas.edu.co\\\/portal\\\/programese-con-cima-al-parque-cierre-del-festival-internacional-del-musica-ciudad-de-manizales\\\/\",\"url\":\"https:\\\/\\\/www.ucaldas.edu.co\\\/portal\\\/programese-con-cima-al-parque-cierre-del-festival-internacional-del-musica-ciudad-de-manizales\\\/\",\"name\":\"Progr\u00e1mese con \u201cCiMa al Parque\u201d cierre del Festival internacional del M\u00fasica Ciudad de Manizales .\",\"isPartOf\":{\"@id\":\"https:\\\/\\\/www.ucaldas.edu.co\\\/portal\\\/#website\"},\"primaryImageOfPage\":{\"@id\":\"https:\\\/\\\/www.ucaldas.edu.co\\\/portal\\\/programese-con-cima-al-parque-cierre-del-festival-internacional-del-musica-ciudad-de-manizales\\\/#primaryimage\"},\"image\":{\"@id\":\"https:\\\/\\\/www.ucaldas.edu.co\\\/portal\\\/programese-con-cima-al-parque-cierre-del-festival-internacional-del-musica-ciudad-de-manizales\\\/#primaryimage\"},\"thumbnailUrl\":\"https:\\\/\\\/www.ucaldas.edu.co\\\/portal\\\/wp-content\\\/uploads\\\/2022\\\/08\\\/Diseno-sin-titulo-3-3.jpg\",\"datePublished\":\"2022-08-26T21:56:26+00:00\",\"breadcrumb\":{\"@id\":\"https:\\\/\\\/www.ucaldas.edu.co\\\/portal\\\/programese-con-cima-al-parque-cierre-del-festival-internacional-del-musica-ciudad-de-manizales\\\/#breadcrumb\"},\"inLanguage\":\"es\",\"potentialAction\":[{\"@type\":\"ReadAction\",\"target\":[\"https:\\\/\\\/www.ucaldas.edu.co\\\/portal\\\/programese-con-cima-al-parque-cierre-del-festival-internacional-del-musica-ciudad-de-manizales\\\/\"]}]},{\"@type\":\"ImageObject\",\"inLanguage\":\"es\",\"@id\":\"https:\\\/\\\/www.ucaldas.edu.co\\\/portal\\\/programese-con-cima-al-parque-cierre-del-festival-internacional-del-musica-ciudad-de-manizales\\\/#primaryimage\",\"url\":\"https:\\\/\\\/www.ucaldas.edu.co\\\/portal\\\/wp-content\\\/uploads\\\/2022\\\/08\\\/Diseno-sin-titulo-3-3.jpg\",\"contentUrl\":\"https:\\\/\\\/www.ucaldas.edu.co\\\/portal\\\/wp-content\\\/uploads\\\/2022\\\/08\\\/Diseno-sin-titulo-3-3.jpg\",\"width\":700,\"height\":400,\"caption\":\"CiMa al parque ser\u00e1 el evento de cierre del Festival\"},{\"@type\":\"BreadcrumbList\",\"@id\":\"https:\\\/\\\/www.ucaldas.edu.co\\\/portal\\\/programese-con-cima-al-parque-cierre-del-festival-internacional-del-musica-ciudad-de-manizales\\\/#breadcrumb\",\"itemListElement\":[{\"@type\":\"ListItem\",\"position\":1,\"name\":\"Portada\",\"item\":\"https:\\\/\\\/www.ucaldas.edu.co\\\/portal\\\/\"},{\"@type\":\"ListItem\",\"position\":2,\"name\":\"Progr\u00e1mese con \u201cCiMa al Parque\u201d cierre del Festival internacional del M\u00fasica Ciudad de Manizales\"}]},{\"@type\":\"WebSite\",\"@id\":\"https:\\\/\\\/www.ucaldas.edu.co\\\/portal\\\/#website\",\"url\":\"https:\\\/\\\/www.ucaldas.edu.co\\\/portal\\\/\",\"name\":\"Universidad de Caldas\",\"description\":\"\",\"publisher\":{\"@id\":\"https:\\\/\\\/www.ucaldas.edu.co\\\/portal\\\/#organization\"},\"alternateName\":\"U. de Caldas\",\"potentialAction\":[{\"@type\":\"SearchAction\",\"target\":{\"@type\":\"EntryPoint\",\"urlTemplate\":\"https:\\\/\\\/www.ucaldas.edu.co\\\/portal\\\/?s={search_term_string}\"},\"query-input\":{\"@type\":\"PropertyValueSpecification\",\"valueRequired\":true,\"valueName\":\"search_term_string\"}}],\"inLanguage\":\"es\"},{\"@type\":\"Organization\",\"@id\":\"https:\\\/\\\/www.ucaldas.edu.co\\\/portal\\\/#organization\",\"name\":\"Universidad de Caldas\",\"alternateName\":\"U. de Caldas\",\"url\":\"https:\\\/\\\/www.ucaldas.edu.co\\\/portal\\\/\",\"logo\":{\"@type\":\"ImageObject\",\"inLanguage\":\"es\",\"@id\":\"https:\\\/\\\/www.ucaldas.edu.co\\\/portal\\\/#\\\/schema\\\/logo\\\/image\\\/\",\"url\":\"https:\\\/\\\/www.ucaldas.edu.co\\\/portal\\\/wp-content\\\/uploads\\\/2023\\\/11\\\/Logo_horizontal_oscuroU-2023.png\",\"contentUrl\":\"https:\\\/\\\/www.ucaldas.edu.co\\\/portal\\\/wp-content\\\/uploads\\\/2023\\\/11\\\/Logo_horizontal_oscuroU-2023.png\",\"width\":263,\"height\":101,\"caption\":\"Universidad de Caldas\"},\"image\":{\"@id\":\"https:\\\/\\\/www.ucaldas.edu.co\\\/portal\\\/#\\\/schema\\\/logo\\\/image\\\/\"},\"sameAs\":[\"https:\\\/\\\/www.facebook.com\\\/udecaldas\",\"https:\\\/\\\/x.com\\\/udecaldas\",\"https:\\\/\\\/www.youtube.com\\\/universidadcaldas\",\"https:\\\/\\\/www.instagram.com\\\/udecaldas\\\/\"]},{\"@type\":\"Person\",\"@id\":\"https:\\\/\\\/www.ucaldas.edu.co\\\/portal\\\/#\\\/schema\\\/person\\\/a1b482e23449158b4bc319926c074fdf\",\"name\":\"ofiprensa\",\"image\":{\"@type\":\"ImageObject\",\"inLanguage\":\"es\",\"@id\":\"https:\\\/\\\/www.ucaldas.edu.co\\\/portal\\\/wp-content\\\/litespeed\\\/avatar\\\/09ea5085e600095a7a811142c6944527.jpg?ver=1788384175\",\"url\":\"https:\\\/\\\/www.ucaldas.edu.co\\\/portal\\\/wp-content\\\/litespeed\\\/avatar\\\/09ea5085e600095a7a811142c6944527.jpg?ver=1788384175\",\"contentUrl\":\"https:\\\/\\\/www.ucaldas.edu.co\\\/portal\\\/wp-content\\\/litespeed\\\/avatar\\\/09ea5085e600095a7a811142c6944527.jpg?ver=1788384175\",\"caption\":\"ofiprensa\"},\"url\":\"https:\\\/\\\/www.ucaldas.edu.co\\\/portal\\\/author\\\/ofiprensa\\\/\"}]}<\/script>\n<!-- \/ Yoast SEO plugin. -->","yoast_head_json":{"title":"Progr\u00e1mese con \u201cCiMa al Parque\u201d cierre del Festival internacional del M\u00fasica Ciudad de Manizales .","robots":{"index":"index","follow":"follow","max-snippet":"max-snippet:-1","max-image-preview":"max-image-preview:large","max-video-preview":"max-video-preview:-1"},"canonical":"https:\/\/www.ucaldas.edu.co\/portal\/programese-con-cima-al-parque-cierre-del-festival-internacional-del-musica-ciudad-de-manizales\/","schema":{"@context":"https:\/\/schema.org","@graph":[{"@type":"Article","@id":"https:\/\/www.ucaldas.edu.co\/portal\/programese-con-cima-al-parque-cierre-del-festival-internacional-del-musica-ciudad-de-manizales\/#article","isPartOf":{"@id":"https:\/\/www.ucaldas.edu.co\/portal\/programese-con-cima-al-parque-cierre-del-festival-internacional-del-musica-ciudad-de-manizales\/"},"author":{"name":"ofiprensa","@id":"https:\/\/www.ucaldas.edu.co\/portal\/#\/schema\/person\/a1b482e23449158b4bc319926c074fdf"},"headline":"Progr\u00e1mese con \u201cCiMa al Parque\u201d cierre del Festival internacional del M\u00fasica Ciudad de Manizales","datePublished":"2022-08-26T21:56:26+00:00","mainEntityOfPage":{"@id":"https:\/\/www.ucaldas.edu.co\/portal\/programese-con-cima-al-parque-cierre-del-festival-internacional-del-musica-ciudad-de-manizales\/"},"wordCount":318,"publisher":{"@id":"https:\/\/www.ucaldas.edu.co\/portal\/#organization"},"image":{"@id":"https:\/\/www.ucaldas.edu.co\/portal\/programese-con-cima-al-parque-cierre-del-festival-internacional-del-musica-ciudad-de-manizales\/#primaryimage"},"thumbnailUrl":"https:\/\/www.ucaldas.edu.co\/portal\/wp-content\/uploads\/2022\/08\/Diseno-sin-titulo-3-3.jpg","keywords":["cultura","m\u00fasica","programaci\u00f3n","CiMa 2022","s\u00e1bado"],"articleSection":["Actualidad","Universidad al D\u00eda","UCaldas Cultural"],"inLanguage":"es"},{"@type":"WebPage","@id":"https:\/\/www.ucaldas.edu.co\/portal\/programese-con-cima-al-parque-cierre-del-festival-internacional-del-musica-ciudad-de-manizales\/","url":"https:\/\/www.ucaldas.edu.co\/portal\/programese-con-cima-al-parque-cierre-del-festival-internacional-del-musica-ciudad-de-manizales\/","name":"Progr\u00e1mese con \u201cCiMa al Parque\u201d cierre del Festival internacional del M\u00fasica Ciudad de Manizales .","isPartOf":{"@id":"https:\/\/www.ucaldas.edu.co\/portal\/#website"},"primaryImageOfPage":{"@id":"https:\/\/www.ucaldas.edu.co\/portal\/programese-con-cima-al-parque-cierre-del-festival-internacional-del-musica-ciudad-de-manizales\/#primaryimage"},"image":{"@id":"https:\/\/www.ucaldas.edu.co\/portal\/programese-con-cima-al-parque-cierre-del-festival-internacional-del-musica-ciudad-de-manizales\/#primaryimage"},"thumbnailUrl":"https:\/\/www.ucaldas.edu.co\/portal\/wp-content\/uploads\/2022\/08\/Diseno-sin-titulo-3-3.jpg","datePublished":"2022-08-26T21:56:26+00:00","breadcrumb":{"@id":"https:\/\/www.ucaldas.edu.co\/portal\/programese-con-cima-al-parque-cierre-del-festival-internacional-del-musica-ciudad-de-manizales\/#breadcrumb"},"inLanguage":"es","potentialAction":[{"@type":"ReadAction","target":["https:\/\/www.ucaldas.edu.co\/portal\/programese-con-cima-al-parque-cierre-del-festival-internacional-del-musica-ciudad-de-manizales\/"]}]},{"@type":"ImageObject","inLanguage":"es","@id":"https:\/\/www.ucaldas.edu.co\/portal\/programese-con-cima-al-parque-cierre-del-festival-internacional-del-musica-ciudad-de-manizales\/#primaryimage","url":"https:\/\/www.ucaldas.edu.co\/portal\/wp-content\/uploads\/2022\/08\/Diseno-sin-titulo-3-3.jpg","contentUrl":"https:\/\/www.ucaldas.edu.co\/portal\/wp-content\/uploads\/2022\/08\/Diseno-sin-titulo-3-3.jpg","width":700,"height":400,"caption":"CiMa al parque ser\u00e1 el evento de cierre del Festival"},{"@type":"BreadcrumbList","@id":"https:\/\/www.ucaldas.edu.co\/portal\/programese-con-cima-al-parque-cierre-del-festival-internacional-del-musica-ciudad-de-manizales\/#breadcrumb","itemListElement":[{"@type":"ListItem","position":1,"name":"Portada","item":"https:\/\/www.ucaldas.edu.co\/portal\/"},{"@type":"ListItem","position":2,"name":"Progr\u00e1mese con \u201cCiMa al Parque\u201d cierre del Festival internacional del M\u00fasica Ciudad de Manizales"}]},{"@type":"WebSite","@id":"https:\/\/www.ucaldas.edu.co\/portal\/#website","url":"https:\/\/www.ucaldas.edu.co\/portal\/","name":"Universidad de Caldas","description":"","publisher":{"@id":"https:\/\/www.ucaldas.edu.co\/portal\/#organization"},"alternateName":"U. de Caldas","potentialAction":[{"@type":"SearchAction","target":{"@type":"EntryPoint","urlTemplate":"https:\/\/www.ucaldas.edu.co\/portal\/?s={search_term_string}"},"query-input":{"@type":"PropertyValueSpecification","valueRequired":true,"valueName":"search_term_string"}}],"inLanguage":"es"},{"@type":"Organization","@id":"https:\/\/www.ucaldas.edu.co\/portal\/#organization","name":"Universidad de Caldas","alternateName":"U. de Caldas","url":"https:\/\/www.ucaldas.edu.co\/portal\/","logo":{"@type":"ImageObject","inLanguage":"es","@id":"https:\/\/www.ucaldas.edu.co\/portal\/#\/schema\/logo\/image\/","url":"https:\/\/www.ucaldas.edu.co\/portal\/wp-content\/uploads\/2023\/11\/Logo_horizontal_oscuroU-2023.png","contentUrl":"https:\/\/www.ucaldas.edu.co\/portal\/wp-content\/uploads\/2023\/11\/Logo_horizontal_oscuroU-2023.png","width":263,"height":101,"caption":"Universidad de Caldas"},"image":{"@id":"https:\/\/www.ucaldas.edu.co\/portal\/#\/schema\/logo\/image\/"},"sameAs":["https:\/\/www.facebook.com\/udecaldas","https:\/\/x.com\/udecaldas","https:\/\/www.youtube.com\/universidadcaldas","https:\/\/www.instagram.com\/udecaldas\/"]},{"@type":"Person","@id":"https:\/\/www.ucaldas.edu.co\/portal\/#\/schema\/person\/a1b482e23449158b4bc319926c074fdf","name":"ofiprensa","image":{"@type":"ImageObject","inLanguage":"es","@id":"https:\/\/www.ucaldas.edu.co\/portal\/wp-content\/litespeed\/avatar\/09ea5085e600095a7a811142c6944527.jpg?ver=1788384175","url":"https:\/\/www.ucaldas.edu.co\/portal\/wp-content\/litespeed\/avatar\/09ea5085e600095a7a811142c6944527.jpg?ver=1788384175","contentUrl":"https:\/\/www.ucaldas.edu.co\/portal\/wp-content\/litespeed\/avatar\/09ea5085e600095a7a811142c6944527.jpg?ver=1788384175","caption":"ofiprensa"},"url":"https:\/\/www.ucaldas.edu.co\/portal\/author\/ofiprensa\/"}]}},"_links":{"self":[{"href":"https:\/\/www.ucaldas.edu.co\/portal\/wp-json\/wp\/v2\/posts\/71996","targetHints":{"allow":["GET"]}}],"collection":[{"href":"https:\/\/www.ucaldas.edu.co\/portal\/wp-json\/wp\/v2\/posts"}],"about":[{"href":"https:\/\/www.ucaldas.edu.co\/portal\/wp-json\/wp\/v2\/types\/post"}],"author":[{"embeddable":true,"href":"https:\/\/www.ucaldas.edu.co\/portal\/wp-json\/wp\/v2\/users\/2"}],"replies":[{"embeddable":true,"href":"https:\/\/www.ucaldas.edu.co\/portal\/wp-json\/wp\/v2\/comments?post=71996"}],"version-history":[{"count":0,"href":"https:\/\/www.ucaldas.edu.co\/portal\/wp-json\/wp\/v2\/posts\/71996\/revisions"}],"wp:featuredmedia":[{"embeddable":true,"href":"https:\/\/www.ucaldas.edu.co\/portal\/wp-json\/wp\/v2\/media\/71997"}],"wp:attachment":[{"href":"https:\/\/www.ucaldas.edu.co\/portal\/wp-json\/wp\/v2\/media?parent=71996"}],"wp:term":[{"taxonomy":"category","embeddable":true,"href":"https:\/\/www.ucaldas.edu.co\/portal\/wp-json\/wp\/v2\/categories?post=71996"},{"taxonomy":"post_tag","embeddable":true,"href":"https:\/\/www.ucaldas.edu.co\/portal\/wp-json\/wp\/v2\/tags?post=71996"}],"curies":[{"name":"wp","href":"https:\/\/api.w.org\/{rel}","templated":true}]}}