{"id":71993,"date":"2022-08-26T21:32:57","date_gmt":"2022-08-26T21:32:57","guid":{"rendered":"https:\/\/www.ucaldas.edu.co\/portal\/?p=71993"},"modified":"2022-08-26T21:32:57","modified_gmt":"2022-08-26T21:32:57","slug":"minciencias-tiene-abierta-convocatoria-para-el-fortalecimiento-de-capacidades-de-innovacion-en-el-sector-empresarial","status":"publish","type":"post","link":"https:\/\/www.ucaldas.edu.co\/portal\/minciencias-tiene-abierta-convocatoria-para-el-fortalecimiento-de-capacidades-de-innovacion-en-el-sector-empresarial\/","title":{"rendered":"Minciencias tiene abierta convocatoria para el fortalecimiento de capacidades de innovaci\u00f3n en el sector empresarial"},"content":{"rendered":"<p>&nbsp;<\/p>\n<p><img loading=\"lazy\" decoding=\"async\" class=\"aligncenter size-full wp-image-71994\" src=\"https:\/\/www.ucaldas.edu.co\/portal\/wp-content\/uploads\/2022\/08\/Convocatoria-Ministerio-de-Ciencia-Tecnologia-e-Innovacion.jpg\" alt=\"Conozca en detalle esta nueva convocatoria\" width=\"700\" height=\"400\" srcset=\"https:\/\/www.ucaldas.edu.co\/portal\/wp-content\/uploads\/2022\/08\/Convocatoria-Ministerio-de-Ciencia-Tecnologia-e-Innovacion.jpg 700w, https:\/\/www.ucaldas.edu.co\/portal\/wp-content\/uploads\/2022\/08\/Convocatoria-Ministerio-de-Ciencia-Tecnologia-e-Innovacion-300x171.jpg 300w\" sizes=\"auto, (max-width: 700px) 100vw, 700px\" \/><\/p>\n<p>Hasta el\u00a0 30 de septiembre de 2022, \u00a0el Ministerio de Ciencia, Tecnolog\u00eda e Innovaci\u00f3n tiene abierta la convocatoria de asignaci\u00f3n para la CTeI del SGR para la conformaci\u00f3n de un listado de proyectos elegibles para el fortalecimiento de capacidades de innovaci\u00f3n en el sector empresarial y el desarrollo y transferencia de tecnolog\u00eda con enfoque regional.<\/p>\n<p><!--more--><\/p>\n<p>Este mecanismo de participaci\u00f3n est\u00e1 dirigido a entidades del Sistema Nacional de Ciencia, Tecnolog\u00eda e Innovaci\u00f3n SNCTI, quienes se podr\u00e1n presentar de manera individual o en alianza.<\/p>\n<p>Los proyectos presentados en esta convocatoria deben atender a las demandas territoriales definidas por los CODECTI, que se encuentran registradas en el Plan de Convocatorias 2021-2022 para la l\u00ednea de innovaci\u00f3n. Demandas territoriales se refiere a los problemas, las necesidades o las oportunidades que puedan ser solucionadas o transformadas.<\/p>\n<p>De acuerdo con lo establecido en la Resoluci\u00f3n 0361 del 19 de marzo de 2020, con el prop\u00f3sito de fomentar la ciencia abierta en Colombia, quien con recursos p\u00fablicos adelante o ejecute proyectos de investigaci\u00f3n y desarrollo de ciencia tecnolog\u00eda e innovaci\u00f3n y de tecnolog\u00edas de la informaci\u00f3n y las telecomunicaciones se obliga a poner a disposici\u00f3n del Estado y de otros investigadores a trav\u00e9s del medio que designe el Ministerio de Ciencia Tecnolog\u00eda e Innovaci\u00f3n para el efecto, los datos y procedimientos de la investigaci\u00f3n, tales como, cuadernos de notas, cuadernos de campo, protocolos experimentales, videos de experimentos y todos los dem\u00e1s elementos intermedios comunicables y potencialmente \u00fatiles para otros investigadores, as\u00ed como poner en acceso abierto, las pre publicaciones (pre-print) o versiones previas a la revisi\u00f3n de pares.<\/p>\n<p>&nbsp;<\/p>\n<p>Conozca la convocatoria completa <strong><a href=\"https:\/\/minciencias.gov.co\/convocatorias\/plan-convocatorias-asctei-2021-2022\/convocatoria-la-asignacion-para-la-ctei-del-sgr-13\">aqu\u00ed<\/a><\/strong><\/p>\n<p><strong>\u00a0<\/strong><\/p>\n<p><strong>Informes: <\/strong>Oficina de Comunicaciones y Prensa Universidad de Caldas.<br \/>\n<strong>Redacci\u00f3n:<\/strong> Adriana Salazar Villegas<\/p>\n<p>&nbsp;<\/p>\n","protected":false},"excerpt":{"rendered":"<p>&nbsp; Hasta el\u00a0 30 de septiembre de 2022, \u00a0el Ministerio de Ciencia, Tecnolog\u00eda e Innovaci\u00f3n tiene abierta la convocatoria de asignaci\u00f3n para la CTeI del SGR para la conformaci\u00f3n de un listado de proyectos elegibles para el fortalecimiento de capacidades de innovaci\u00f3n en el sector empresarial y el desarrollo y transferencia de tecnolog\u00eda con enfoque [&hellip;]<\/p>\n","protected":false},"author":2,"featured_media":71994,"comment_status":"closed","ping_status":"open","sticky":false,"template":"","format":"standard","meta":{"footnotes":""},"categories":[53,620,48],"tags":[141,363,642,4543,130],"class_list":["post-71993","post","type-post","status-publish","format-standard","has-post-thumbnail","hentry","category-universidad-al-dia","category-ucaldas-transparente","category-actualidad","tag-convocatoria","tag-innovacion","tag-tecnologia","tag-minciencias","tag-ciencia"],"yoast_head":"<!-- This site is optimized with the Yoast SEO plugin v27.5 - https:\/\/yoast.com\/product\/yoast-seo-wordpress\/ -->\n<title>Minciencias tiene abierta convocatoria para el fortalecimiento de capacidades de innovaci\u00f3n en el sector empresarial .<\/title>\n<meta name=\"robots\" content=\"index, follow, max-snippet:-1, max-image-preview:large, max-video-preview:-1\" \/>\n<link rel=\"canonical\" href=\"https:\/\/www.ucaldas.edu.co\/portal\/minciencias-tiene-abierta-convocatoria-para-el-fortalecimiento-de-capacidades-de-innovacion-en-el-sector-empresarial\/\" \/>\n<script type=\"application\/ld+json\" class=\"yoast-schema-graph\">{\"@context\":\"https:\\\/\\\/schema.org\",\"@graph\":[{\"@type\":\"Article\",\"@id\":\"https:\\\/\\\/www.ucaldas.edu.co\\\/portal\\\/minciencias-tiene-abierta-convocatoria-para-el-fortalecimiento-de-capacidades-de-innovacion-en-el-sector-empresarial\\\/#article\",\"isPartOf\":{\"@id\":\"https:\\\/\\\/www.ucaldas.edu.co\\\/portal\\\/minciencias-tiene-abierta-convocatoria-para-el-fortalecimiento-de-capacidades-de-innovacion-en-el-sector-empresarial\\\/\"},\"author\":{\"name\":\"ofiprensa\",\"@id\":\"https:\\\/\\\/www.ucaldas.edu.co\\\/portal\\\/#\\\/schema\\\/person\\\/a1b482e23449158b4bc319926c074fdf\"},\"headline\":\"Minciencias tiene abierta convocatoria para el fortalecimiento de capacidades de innovaci\u00f3n en el sector empresarial\",\"datePublished\":\"2022-08-26T21:32:57+00:00\",\"mainEntityOfPage\":{\"@id\":\"https:\\\/\\\/www.ucaldas.edu.co\\\/portal\\\/minciencias-tiene-abierta-convocatoria-para-el-fortalecimiento-de-capacidades-de-innovacion-en-el-sector-empresarial\\\/\"},\"wordCount\":321,\"publisher\":{\"@id\":\"https:\\\/\\\/www.ucaldas.edu.co\\\/portal\\\/#organization\"},\"image\":{\"@id\":\"https:\\\/\\\/www.ucaldas.edu.co\\\/portal\\\/minciencias-tiene-abierta-convocatoria-para-el-fortalecimiento-de-capacidades-de-innovacion-en-el-sector-empresarial\\\/#primaryimage\"},\"thumbnailUrl\":\"https:\\\/\\\/www.ucaldas.edu.co\\\/portal\\\/wp-content\\\/uploads\\\/2022\\\/08\\\/Convocatoria-Ministerio-de-Ciencia-Tecnologia-e-Innovacion.jpg\",\"keywords\":[\"Convocatoria\",\"innovaci\u00f3n\",\"tecnolog\u00eda\",\"Minciencias\",\"ciencia\"],\"articleSection\":[\"Universidad al D\u00eda\",\"UCaldas Transparente\",\"Actualidad\"],\"inLanguage\":\"es\"},{\"@type\":\"WebPage\",\"@id\":\"https:\\\/\\\/www.ucaldas.edu.co\\\/portal\\\/minciencias-tiene-abierta-convocatoria-para-el-fortalecimiento-de-capacidades-de-innovacion-en-el-sector-empresarial\\\/\",\"url\":\"https:\\\/\\\/www.ucaldas.edu.co\\\/portal\\\/minciencias-tiene-abierta-convocatoria-para-el-fortalecimiento-de-capacidades-de-innovacion-en-el-sector-empresarial\\\/\",\"name\":\"Minciencias tiene abierta convocatoria para el fortalecimiento de capacidades de innovaci\u00f3n en el sector empresarial .\",\"isPartOf\":{\"@id\":\"https:\\\/\\\/www.ucaldas.edu.co\\\/portal\\\/#website\"},\"primaryImageOfPage\":{\"@id\":\"https:\\\/\\\/www.ucaldas.edu.co\\\/portal\\\/minciencias-tiene-abierta-convocatoria-para-el-fortalecimiento-de-capacidades-de-innovacion-en-el-sector-empresarial\\\/#primaryimage\"},\"image\":{\"@id\":\"https:\\\/\\\/www.ucaldas.edu.co\\\/portal\\\/minciencias-tiene-abierta-convocatoria-para-el-fortalecimiento-de-capacidades-de-innovacion-en-el-sector-empresarial\\\/#primaryimage\"},\"thumbnailUrl\":\"https:\\\/\\\/www.ucaldas.edu.co\\\/portal\\\/wp-content\\\/uploads\\\/2022\\\/08\\\/Convocatoria-Ministerio-de-Ciencia-Tecnologia-e-Innovacion.jpg\",\"datePublished\":\"2022-08-26T21:32:57+00:00\",\"breadcrumb\":{\"@id\":\"https:\\\/\\\/www.ucaldas.edu.co\\\/portal\\\/minciencias-tiene-abierta-convocatoria-para-el-fortalecimiento-de-capacidades-de-innovacion-en-el-sector-empresarial\\\/#breadcrumb\"},\"inLanguage\":\"es\",\"potentialAction\":[{\"@type\":\"ReadAction\",\"target\":[\"https:\\\/\\\/www.ucaldas.edu.co\\\/portal\\\/minciencias-tiene-abierta-convocatoria-para-el-fortalecimiento-de-capacidades-de-innovacion-en-el-sector-empresarial\\\/\"]}]},{\"@type\":\"ImageObject\",\"inLanguage\":\"es\",\"@id\":\"https:\\\/\\\/www.ucaldas.edu.co\\\/portal\\\/minciencias-tiene-abierta-convocatoria-para-el-fortalecimiento-de-capacidades-de-innovacion-en-el-sector-empresarial\\\/#primaryimage\",\"url\":\"https:\\\/\\\/www.ucaldas.edu.co\\\/portal\\\/wp-content\\\/uploads\\\/2022\\\/08\\\/Convocatoria-Ministerio-de-Ciencia-Tecnologia-e-Innovacion.jpg\",\"contentUrl\":\"https:\\\/\\\/www.ucaldas.edu.co\\\/portal\\\/wp-content\\\/uploads\\\/2022\\\/08\\\/Convocatoria-Ministerio-de-Ciencia-Tecnologia-e-Innovacion.jpg\",\"width\":700,\"height\":400,\"caption\":\"Conozca en detalle esta nueva convocatoria\"},{\"@type\":\"BreadcrumbList\",\"@id\":\"https:\\\/\\\/www.ucaldas.edu.co\\\/portal\\\/minciencias-tiene-abierta-convocatoria-para-el-fortalecimiento-de-capacidades-de-innovacion-en-el-sector-empresarial\\\/#breadcrumb\",\"itemListElement\":[{\"@type\":\"ListItem\",\"position\":1,\"name\":\"Portada\",\"item\":\"https:\\\/\\\/www.ucaldas.edu.co\\\/portal\\\/\"},{\"@type\":\"ListItem\",\"position\":2,\"name\":\"Minciencias tiene abierta convocatoria para el fortalecimiento de capacidades de innovaci\u00f3n en el sector empresarial\"}]},{\"@type\":\"WebSite\",\"@id\":\"https:\\\/\\\/www.ucaldas.edu.co\\\/portal\\\/#website\",\"url\":\"https:\\\/\\\/www.ucaldas.edu.co\\\/portal\\\/\",\"name\":\"Universidad de Caldas\",\"description\":\"\",\"publisher\":{\"@id\":\"https:\\\/\\\/www.ucaldas.edu.co\\\/portal\\\/#organization\"},\"alternateName\":\"U. de Caldas\",\"potentialAction\":[{\"@type\":\"SearchAction\",\"target\":{\"@type\":\"EntryPoint\",\"urlTemplate\":\"https:\\\/\\\/www.ucaldas.edu.co\\\/portal\\\/?s={search_term_string}\"},\"query-input\":{\"@type\":\"PropertyValueSpecification\",\"valueRequired\":true,\"valueName\":\"search_term_string\"}}],\"inLanguage\":\"es\"},{\"@type\":\"Organization\",\"@id\":\"https:\\\/\\\/www.ucaldas.edu.co\\\/portal\\\/#organization\",\"name\":\"Universidad de Caldas\",\"alternateName\":\"U. de Caldas\",\"url\":\"https:\\\/\\\/www.ucaldas.edu.co\\\/portal\\\/\",\"logo\":{\"@type\":\"ImageObject\",\"inLanguage\":\"es\",\"@id\":\"https:\\\/\\\/www.ucaldas.edu.co\\\/portal\\\/#\\\/schema\\\/logo\\\/image\\\/\",\"url\":\"https:\\\/\\\/www.ucaldas.edu.co\\\/portal\\\/wp-content\\\/uploads\\\/2023\\\/11\\\/Logo_horizontal_oscuroU-2023.png\",\"contentUrl\":\"https:\\\/\\\/www.ucaldas.edu.co\\\/portal\\\/wp-content\\\/uploads\\\/2023\\\/11\\\/Logo_horizontal_oscuroU-2023.png\",\"width\":263,\"height\":101,\"caption\":\"Universidad de Caldas\"},\"image\":{\"@id\":\"https:\\\/\\\/www.ucaldas.edu.co\\\/portal\\\/#\\\/schema\\\/logo\\\/image\\\/\"},\"sameAs\":[\"https:\\\/\\\/www.facebook.com\\\/udecaldas\",\"https:\\\/\\\/x.com\\\/udecaldas\",\"https:\\\/\\\/www.youtube.com\\\/universidadcaldas\",\"https:\\\/\\\/www.instagram.com\\\/udecaldas\\\/\"]},{\"@type\":\"Person\",\"@id\":\"https:\\\/\\\/www.ucaldas.edu.co\\\/portal\\\/#\\\/schema\\\/person\\\/a1b482e23449158b4bc319926c074fdf\",\"name\":\"ofiprensa\",\"image\":{\"@type\":\"ImageObject\",\"inLanguage\":\"es\",\"@id\":\"https:\\\/\\\/www.ucaldas.edu.co\\\/portal\\\/wp-content\\\/litespeed\\\/avatar\\\/09ea5085e600095a7a811142c6944527.jpg?ver=1777497608\",\"url\":\"https:\\\/\\\/www.ucaldas.edu.co\\\/portal\\\/wp-content\\\/litespeed\\\/avatar\\\/09ea5085e600095a7a811142c6944527.jpg?ver=1777497608\",\"contentUrl\":\"https:\\\/\\\/www.ucaldas.edu.co\\\/portal\\\/wp-content\\\/litespeed\\\/avatar\\\/09ea5085e600095a7a811142c6944527.jpg?ver=1777497608\",\"caption\":\"ofiprensa\"},\"url\":\"https:\\\/\\\/www.ucaldas.edu.co\\\/portal\\\/author\\\/ofiprensa\\\/\"}]}<\/script>\n<!-- \/ Yoast SEO plugin. -->","yoast_head_json":{"title":"Minciencias tiene abierta convocatoria para el fortalecimiento de capacidades de innovaci\u00f3n en el sector empresarial .","robots":{"index":"index","follow":"follow","max-snippet":"max-snippet:-1","max-image-preview":"max-image-preview:large","max-video-preview":"max-video-preview:-1"},"canonical":"https:\/\/www.ucaldas.edu.co\/portal\/minciencias-tiene-abierta-convocatoria-para-el-fortalecimiento-de-capacidades-de-innovacion-en-el-sector-empresarial\/","schema":{"@context":"https:\/\/schema.org","@graph":[{"@type":"Article","@id":"https:\/\/www.ucaldas.edu.co\/portal\/minciencias-tiene-abierta-convocatoria-para-el-fortalecimiento-de-capacidades-de-innovacion-en-el-sector-empresarial\/#article","isPartOf":{"@id":"https:\/\/www.ucaldas.edu.co\/portal\/minciencias-tiene-abierta-convocatoria-para-el-fortalecimiento-de-capacidades-de-innovacion-en-el-sector-empresarial\/"},"author":{"name":"ofiprensa","@id":"https:\/\/www.ucaldas.edu.co\/portal\/#\/schema\/person\/a1b482e23449158b4bc319926c074fdf"},"headline":"Minciencias tiene abierta convocatoria para el fortalecimiento de capacidades de innovaci\u00f3n en el sector empresarial","datePublished":"2022-08-26T21:32:57+00:00","mainEntityOfPage":{"@id":"https:\/\/www.ucaldas.edu.co\/portal\/minciencias-tiene-abierta-convocatoria-para-el-fortalecimiento-de-capacidades-de-innovacion-en-el-sector-empresarial\/"},"wordCount":321,"publisher":{"@id":"https:\/\/www.ucaldas.edu.co\/portal\/#organization"},"image":{"@id":"https:\/\/www.ucaldas.edu.co\/portal\/minciencias-tiene-abierta-convocatoria-para-el-fortalecimiento-de-capacidades-de-innovacion-en-el-sector-empresarial\/#primaryimage"},"thumbnailUrl":"https:\/\/www.ucaldas.edu.co\/portal\/wp-content\/uploads\/2022\/08\/Convocatoria-Ministerio-de-Ciencia-Tecnologia-e-Innovacion.jpg","keywords":["Convocatoria","innovaci\u00f3n","tecnolog\u00eda","Minciencias","ciencia"],"articleSection":["Universidad al D\u00eda","UCaldas Transparente","Actualidad"],"inLanguage":"es"},{"@type":"WebPage","@id":"https:\/\/www.ucaldas.edu.co\/portal\/minciencias-tiene-abierta-convocatoria-para-el-fortalecimiento-de-capacidades-de-innovacion-en-el-sector-empresarial\/","url":"https:\/\/www.ucaldas.edu.co\/portal\/minciencias-tiene-abierta-convocatoria-para-el-fortalecimiento-de-capacidades-de-innovacion-en-el-sector-empresarial\/","name":"Minciencias tiene abierta convocatoria para el fortalecimiento de capacidades de innovaci\u00f3n en el sector empresarial .","isPartOf":{"@id":"https:\/\/www.ucaldas.edu.co\/portal\/#website"},"primaryImageOfPage":{"@id":"https:\/\/www.ucaldas.edu.co\/portal\/minciencias-tiene-abierta-convocatoria-para-el-fortalecimiento-de-capacidades-de-innovacion-en-el-sector-empresarial\/#primaryimage"},"image":{"@id":"https:\/\/www.ucaldas.edu.co\/portal\/minciencias-tiene-abierta-convocatoria-para-el-fortalecimiento-de-capacidades-de-innovacion-en-el-sector-empresarial\/#primaryimage"},"thumbnailUrl":"https:\/\/www.ucaldas.edu.co\/portal\/wp-content\/uploads\/2022\/08\/Convocatoria-Ministerio-de-Ciencia-Tecnologia-e-Innovacion.jpg","datePublished":"2022-08-26T21:32:57+00:00","breadcrumb":{"@id":"https:\/\/www.ucaldas.edu.co\/portal\/minciencias-tiene-abierta-convocatoria-para-el-fortalecimiento-de-capacidades-de-innovacion-en-el-sector-empresarial\/#breadcrumb"},"inLanguage":"es","potentialAction":[{"@type":"ReadAction","target":["https:\/\/www.ucaldas.edu.co\/portal\/minciencias-tiene-abierta-convocatoria-para-el-fortalecimiento-de-capacidades-de-innovacion-en-el-sector-empresarial\/"]}]},{"@type":"ImageObject","inLanguage":"es","@id":"https:\/\/www.ucaldas.edu.co\/portal\/minciencias-tiene-abierta-convocatoria-para-el-fortalecimiento-de-capacidades-de-innovacion-en-el-sector-empresarial\/#primaryimage","url":"https:\/\/www.ucaldas.edu.co\/portal\/wp-content\/uploads\/2022\/08\/Convocatoria-Ministerio-de-Ciencia-Tecnologia-e-Innovacion.jpg","contentUrl":"https:\/\/www.ucaldas.edu.co\/portal\/wp-content\/uploads\/2022\/08\/Convocatoria-Ministerio-de-Ciencia-Tecnologia-e-Innovacion.jpg","width":700,"height":400,"caption":"Conozca en detalle esta nueva convocatoria"},{"@type":"BreadcrumbList","@id":"https:\/\/www.ucaldas.edu.co\/portal\/minciencias-tiene-abierta-convocatoria-para-el-fortalecimiento-de-capacidades-de-innovacion-en-el-sector-empresarial\/#breadcrumb","itemListElement":[{"@type":"ListItem","position":1,"name":"Portada","item":"https:\/\/www.ucaldas.edu.co\/portal\/"},{"@type":"ListItem","position":2,"name":"Minciencias tiene abierta convocatoria para el fortalecimiento de capacidades de innovaci\u00f3n en el sector empresarial"}]},{"@type":"WebSite","@id":"https:\/\/www.ucaldas.edu.co\/portal\/#website","url":"https:\/\/www.ucaldas.edu.co\/portal\/","name":"Universidad de Caldas","description":"","publisher":{"@id":"https:\/\/www.ucaldas.edu.co\/portal\/#organization"},"alternateName":"U. de Caldas","potentialAction":[{"@type":"SearchAction","target":{"@type":"EntryPoint","urlTemplate":"https:\/\/www.ucaldas.edu.co\/portal\/?s={search_term_string}"},"query-input":{"@type":"PropertyValueSpecification","valueRequired":true,"valueName":"search_term_string"}}],"inLanguage":"es"},{"@type":"Organization","@id":"https:\/\/www.ucaldas.edu.co\/portal\/#organization","name":"Universidad de Caldas","alternateName":"U. de Caldas","url":"https:\/\/www.ucaldas.edu.co\/portal\/","logo":{"@type":"ImageObject","inLanguage":"es","@id":"https:\/\/www.ucaldas.edu.co\/portal\/#\/schema\/logo\/image\/","url":"https:\/\/www.ucaldas.edu.co\/portal\/wp-content\/uploads\/2023\/11\/Logo_horizontal_oscuroU-2023.png","contentUrl":"https:\/\/www.ucaldas.edu.co\/portal\/wp-content\/uploads\/2023\/11\/Logo_horizontal_oscuroU-2023.png","width":263,"height":101,"caption":"Universidad de Caldas"},"image":{"@id":"https:\/\/www.ucaldas.edu.co\/portal\/#\/schema\/logo\/image\/"},"sameAs":["https:\/\/www.facebook.com\/udecaldas","https:\/\/x.com\/udecaldas","https:\/\/www.youtube.com\/universidadcaldas","https:\/\/www.instagram.com\/udecaldas\/"]},{"@type":"Person","@id":"https:\/\/www.ucaldas.edu.co\/portal\/#\/schema\/person\/a1b482e23449158b4bc319926c074fdf","name":"ofiprensa","image":{"@type":"ImageObject","inLanguage":"es","@id":"https:\/\/www.ucaldas.edu.co\/portal\/wp-content\/litespeed\/avatar\/09ea5085e600095a7a811142c6944527.jpg?ver=1777497608","url":"https:\/\/www.ucaldas.edu.co\/portal\/wp-content\/litespeed\/avatar\/09ea5085e600095a7a811142c6944527.jpg?ver=1777497608","contentUrl":"https:\/\/www.ucaldas.edu.co\/portal\/wp-content\/litespeed\/avatar\/09ea5085e600095a7a811142c6944527.jpg?ver=1777497608","caption":"ofiprensa"},"url":"https:\/\/www.ucaldas.edu.co\/portal\/author\/ofiprensa\/"}]}},"_links":{"self":[{"href":"https:\/\/www.ucaldas.edu.co\/portal\/wp-json\/wp\/v2\/posts\/71993","targetHints":{"allow":["GET"]}}],"collection":[{"href":"https:\/\/www.ucaldas.edu.co\/portal\/wp-json\/wp\/v2\/posts"}],"about":[{"href":"https:\/\/www.ucaldas.edu.co\/portal\/wp-json\/wp\/v2\/types\/post"}],"author":[{"embeddable":true,"href":"https:\/\/www.ucaldas.edu.co\/portal\/wp-json\/wp\/v2\/users\/2"}],"replies":[{"embeddable":true,"href":"https:\/\/www.ucaldas.edu.co\/portal\/wp-json\/wp\/v2\/comments?post=71993"}],"version-history":[{"count":0,"href":"https:\/\/www.ucaldas.edu.co\/portal\/wp-json\/wp\/v2\/posts\/71993\/revisions"}],"wp:featuredmedia":[{"embeddable":true,"href":"https:\/\/www.ucaldas.edu.co\/portal\/wp-json\/wp\/v2\/media\/71994"}],"wp:attachment":[{"href":"https:\/\/www.ucaldas.edu.co\/portal\/wp-json\/wp\/v2\/media?parent=71993"}],"wp:term":[{"taxonomy":"category","embeddable":true,"href":"https:\/\/www.ucaldas.edu.co\/portal\/wp-json\/wp\/v2\/categories?post=71993"},{"taxonomy":"post_tag","embeddable":true,"href":"https:\/\/www.ucaldas.edu.co\/portal\/wp-json\/wp\/v2\/tags?post=71993"}],"curies":[{"name":"wp","href":"https:\/\/api.w.org\/{rel}","templated":true}]}}