{"id":71969,"date":"2022-08-25T23:24:38","date_gmt":"2022-08-25T23:24:38","guid":{"rendered":"https:\/\/www.ucaldas.edu.co\/portal\/?p=71969"},"modified":"2022-08-26T21:05:18","modified_gmt":"2022-08-26T21:05:18","slug":"procuraduria-general-de-la-nacion-remitio-pronunciamiento-sobre-proceso-de-eleccion-de-rector","status":"publish","type":"post","link":"https:\/\/www.ucaldas.edu.co\/portal\/procuraduria-general-de-la-nacion-remitio-pronunciamiento-sobre-proceso-de-eleccion-de-rector\/","title":{"rendered":"Procuradur\u00eda General de la Naci\u00f3n remiti\u00f3 pronunciamiento sobre proceso de elecci\u00f3n de rector"},"content":{"rendered":"<p>&nbsp;<\/p>\n<p><img loading=\"lazy\" decoding=\"async\" class=\"aligncenter size-full wp-image-71970\" src=\"https:\/\/www.ucaldas.edu.co\/portal\/wp-content\/uploads\/2022\/08\/WhatsApp-Image-2022-08-25-at-6.09.36-PM.jpeg\" alt=\"Comunicado sobre decisi\u00f3n de la Procuradur\u00eda sobre la elecci\u00f3n de rector\" width=\"700\" height=\"400\" srcset=\"https:\/\/www.ucaldas.edu.co\/portal\/wp-content\/uploads\/2022\/08\/WhatsApp-Image-2022-08-25-at-6.09.36-PM.jpeg 700w, https:\/\/www.ucaldas.edu.co\/portal\/wp-content\/uploads\/2022\/08\/WhatsApp-Image-2022-08-25-at-6.09.36-PM-300x171.jpeg 300w\" sizes=\"auto, (max-width: 700px) 100vw, 700px\" \/><\/p>\n<p>La Procuradur\u00eda General de la Naci\u00f3n remiti\u00f3 documento en el que se da a conocer la decisi\u00f3n sobre los impedimentos y recusaciones formuladas contra algunos miembros del Consejo Superior de la Universidad de Caldas, as\u00ed como impedimentos manifestados por otros integrantes del mismo cuerpo colegiado.<\/p>\n<p><!--more--><\/p>\n<p>Frente a este documento la\u00a0 Secretaria General emiti\u00f3 el siguiente comunicado:<\/p>\n<p>Respetados miembros de la comunidad universitaria y comunidad en general.<\/p>\n<p>Es de gran relevancia actualizar la informaci\u00f3n sobre el proceso eleccionario de Rector 2022- 2026 en virtud a las nuevas decisiones tomadas por la Procuradur\u00eda General de la Naci\u00f3n.<\/p>\n<p>Recu\u00e9rdese que el proceso eleccionario de Rector 2022-2026 se encontraba suspendido por la aplicaci\u00f3n del art\u00edculo 12 de la ley 1437 de 2011 al presentarse impedimentos y\u00a0 recusaciones por parte de miembros del Consejo Superior Universitario, que a la postre fueron causa para que dicha Corporaci\u00f3n perdiera el qu\u00f3rum deliberatorio y decisorio para decidir sobre los mismos impedimentos y recusaciones presentadas.<\/p>\n<p>Por lo anterior, los posibles conflictos de inter\u00e9s manifestados en impedimentos y recusaciones fueron remitidos<br \/>\na la Procuradur\u00eda General de la Naci\u00f3n, Entidad que tiene la competencia residual para decidir los mismos cuando las circunstancias f\u00e1cticas as\u00ed lo obliguen.<\/p>\n<p>El d\u00eda de hoy, 25 de agosto de 2022, la Procuradur\u00eda General de la Naci\u00f3n remiti\u00f3 la decisi\u00f3n sobre los impedimentos y las recusaciones a su cargo rechazando varias recusaciones e impedimentos y aceptando dos de ellas.<\/p>\n<p>En virtud de lo anterior, el proceso eleccionario de Rector 2022-2026 est\u00e1 pendiente de tener dos integrantes ad-hoc del Consejo Superior, uno designado por el Consejo Acad\u00e9mico de la Instituci\u00f3n y otro por el Presidente de la Rep\u00fablica de Colombia.<\/p>\n<p>Pr\u00f3ximamente se divulgar\u00e1 a la comunidad universitaria y en general nueva informaci\u00f3n relevante en el proceso eleccionario referido.<\/p>\n<p>Con atenci\u00f3n,<\/p>\n<p><strong>CAROLINA L\u00d3PEZ S\u00c1NCHEZ<\/strong><br \/>\nSecretaria General<\/p>\n<p><strong>Anexos:<br \/>\n<\/strong><strong><a href=\"https:\/\/bit.ly\/3POFxej\">Documento enviado por la Procuradur\u00eda General de la Naci\u00f3n<\/a><\/strong><\/p>\n<p><strong><a href=\"https:\/\/bit.ly\/3AiXImO\">Comunicado Secretar\u00eda General<\/a><\/strong><\/p>\n<p><strong><a href=\"https:\/\/go.ivoox.com\/rf\/91609926\">Audio Carolina L\u00f3pez S\u00e1nchez &#8211; Secretaria General<\/a><\/strong><\/p>\n<p><iframe loading=\"lazy\" src=\"https:\/\/www.ivoox.com\/player_ek_91609926_2_1.html\" width=\"238\" height=\"48\" frameborder=\"0\" scrolling=\"no\" allowfullscreen=\"allowfullscreen\"><\/iframe><\/p>\n","protected":false},"excerpt":{"rendered":"<p>&nbsp; La Procuradur\u00eda General de la Naci\u00f3n remiti\u00f3 documento en el que se da a conocer la decisi\u00f3n sobre los impedimentos y recusaciones formuladas contra algunos miembros del Consejo Superior de la Universidad de Caldas, as\u00ed como impedimentos manifestados por otros integrantes del mismo cuerpo colegiado.<\/p>\n","protected":false},"author":2,"featured_media":71970,"comment_status":"closed","ping_status":"open","sticky":false,"template":"","format":"standard","meta":{"footnotes":""},"categories":[48,53,620],"tags":[493,4238,8242,8583],"class_list":["post-71969","post","type-post","status-publish","format-standard","has-post-thumbnail","hentry","category-actualidad","category-universidad-al-dia","category-ucaldas-transparente","tag-secretaria-general","tag-comunicado-oficial","tag-eleccion-de-rector","tag-procuraduria-general-de-la-nacion"],"yoast_head":"<!-- This site is optimized with the Yoast SEO plugin v27.5 - https:\/\/yoast.com\/product\/yoast-seo-wordpress\/ -->\n<title>Procuradur\u00eda General de la Naci\u00f3n remiti\u00f3 pronunciamiento sobre proceso de elecci\u00f3n de rector .<\/title>\n<meta name=\"robots\" content=\"index, follow, max-snippet:-1, max-image-preview:large, max-video-preview:-1\" \/>\n<link rel=\"canonical\" href=\"https:\/\/www.ucaldas.edu.co\/portal\/procuraduria-general-de-la-nacion-remitio-pronunciamiento-sobre-proceso-de-eleccion-de-rector\/\" \/>\n<script type=\"application\/ld+json\" class=\"yoast-schema-graph\">{\"@context\":\"https:\\\/\\\/schema.org\",\"@graph\":[{\"@type\":\"Article\",\"@id\":\"https:\\\/\\\/www.ucaldas.edu.co\\\/portal\\\/procuraduria-general-de-la-nacion-remitio-pronunciamiento-sobre-proceso-de-eleccion-de-rector\\\/#article\",\"isPartOf\":{\"@id\":\"https:\\\/\\\/www.ucaldas.edu.co\\\/portal\\\/procuraduria-general-de-la-nacion-remitio-pronunciamiento-sobre-proceso-de-eleccion-de-rector\\\/\"},\"author\":{\"name\":\"ofiprensa\",\"@id\":\"https:\\\/\\\/www.ucaldas.edu.co\\\/portal\\\/#\\\/schema\\\/person\\\/a1b482e23449158b4bc319926c074fdf\"},\"headline\":\"Procuradur\u00eda General de la Naci\u00f3n remiti\u00f3 pronunciamiento sobre proceso de elecci\u00f3n de rector\",\"datePublished\":\"2022-08-25T23:24:38+00:00\",\"dateModified\":\"2022-08-26T21:05:18+00:00\",\"mainEntityOfPage\":{\"@id\":\"https:\\\/\\\/www.ucaldas.edu.co\\\/portal\\\/procuraduria-general-de-la-nacion-remitio-pronunciamiento-sobre-proceso-de-eleccion-de-rector\\\/\"},\"wordCount\":360,\"publisher\":{\"@id\":\"https:\\\/\\\/www.ucaldas.edu.co\\\/portal\\\/#organization\"},\"image\":{\"@id\":\"https:\\\/\\\/www.ucaldas.edu.co\\\/portal\\\/procuraduria-general-de-la-nacion-remitio-pronunciamiento-sobre-proceso-de-eleccion-de-rector\\\/#primaryimage\"},\"thumbnailUrl\":\"https:\\\/\\\/www.ucaldas.edu.co\\\/portal\\\/wp-content\\\/uploads\\\/2022\\\/08\\\/WhatsApp-Image-2022-08-25-at-6.09.36-PM.jpeg\",\"keywords\":[\"Secretar\u00eda General\",\"Comunicado Oficial\",\"elecci\u00f3n de rector\",\"procuradur\u00eda general de la naci\u00f3n\"],\"articleSection\":[\"Actualidad\",\"Universidad al D\u00eda\",\"UCaldas Transparente\"],\"inLanguage\":\"es\"},{\"@type\":\"WebPage\",\"@id\":\"https:\\\/\\\/www.ucaldas.edu.co\\\/portal\\\/procuraduria-general-de-la-nacion-remitio-pronunciamiento-sobre-proceso-de-eleccion-de-rector\\\/\",\"url\":\"https:\\\/\\\/www.ucaldas.edu.co\\\/portal\\\/procuraduria-general-de-la-nacion-remitio-pronunciamiento-sobre-proceso-de-eleccion-de-rector\\\/\",\"name\":\"Procuradur\u00eda General de la Naci\u00f3n remiti\u00f3 pronunciamiento sobre proceso de elecci\u00f3n de rector .\",\"isPartOf\":{\"@id\":\"https:\\\/\\\/www.ucaldas.edu.co\\\/portal\\\/#website\"},\"primaryImageOfPage\":{\"@id\":\"https:\\\/\\\/www.ucaldas.edu.co\\\/portal\\\/procuraduria-general-de-la-nacion-remitio-pronunciamiento-sobre-proceso-de-eleccion-de-rector\\\/#primaryimage\"},\"image\":{\"@id\":\"https:\\\/\\\/www.ucaldas.edu.co\\\/portal\\\/procuraduria-general-de-la-nacion-remitio-pronunciamiento-sobre-proceso-de-eleccion-de-rector\\\/#primaryimage\"},\"thumbnailUrl\":\"https:\\\/\\\/www.ucaldas.edu.co\\\/portal\\\/wp-content\\\/uploads\\\/2022\\\/08\\\/WhatsApp-Image-2022-08-25-at-6.09.36-PM.jpeg\",\"datePublished\":\"2022-08-25T23:24:38+00:00\",\"dateModified\":\"2022-08-26T21:05:18+00:00\",\"breadcrumb\":{\"@id\":\"https:\\\/\\\/www.ucaldas.edu.co\\\/portal\\\/procuraduria-general-de-la-nacion-remitio-pronunciamiento-sobre-proceso-de-eleccion-de-rector\\\/#breadcrumb\"},\"inLanguage\":\"es\",\"potentialAction\":[{\"@type\":\"ReadAction\",\"target\":[\"https:\\\/\\\/www.ucaldas.edu.co\\\/portal\\\/procuraduria-general-de-la-nacion-remitio-pronunciamiento-sobre-proceso-de-eleccion-de-rector\\\/\"]}]},{\"@type\":\"ImageObject\",\"inLanguage\":\"es\",\"@id\":\"https:\\\/\\\/www.ucaldas.edu.co\\\/portal\\\/procuraduria-general-de-la-nacion-remitio-pronunciamiento-sobre-proceso-de-eleccion-de-rector\\\/#primaryimage\",\"url\":\"https:\\\/\\\/www.ucaldas.edu.co\\\/portal\\\/wp-content\\\/uploads\\\/2022\\\/08\\\/WhatsApp-Image-2022-08-25-at-6.09.36-PM.jpeg\",\"contentUrl\":\"https:\\\/\\\/www.ucaldas.edu.co\\\/portal\\\/wp-content\\\/uploads\\\/2022\\\/08\\\/WhatsApp-Image-2022-08-25-at-6.09.36-PM.jpeg\",\"width\":700,\"height\":400,\"caption\":\"Comunicado sobre decisi\u00f3n de la Procuradur\u00eda sobre la elecci\u00f3n de rector\"},{\"@type\":\"BreadcrumbList\",\"@id\":\"https:\\\/\\\/www.ucaldas.edu.co\\\/portal\\\/procuraduria-general-de-la-nacion-remitio-pronunciamiento-sobre-proceso-de-eleccion-de-rector\\\/#breadcrumb\",\"itemListElement\":[{\"@type\":\"ListItem\",\"position\":1,\"name\":\"Portada\",\"item\":\"https:\\\/\\\/www.ucaldas.edu.co\\\/portal\\\/\"},{\"@type\":\"ListItem\",\"position\":2,\"name\":\"Procuradur\u00eda General de la Naci\u00f3n remiti\u00f3 pronunciamiento sobre proceso de elecci\u00f3n de rector\"}]},{\"@type\":\"WebSite\",\"@id\":\"https:\\\/\\\/www.ucaldas.edu.co\\\/portal\\\/#website\",\"url\":\"https:\\\/\\\/www.ucaldas.edu.co\\\/portal\\\/\",\"name\":\"Universidad de Caldas\",\"description\":\"\",\"publisher\":{\"@id\":\"https:\\\/\\\/www.ucaldas.edu.co\\\/portal\\\/#organization\"},\"alternateName\":\"U. de Caldas\",\"potentialAction\":[{\"@type\":\"SearchAction\",\"target\":{\"@type\":\"EntryPoint\",\"urlTemplate\":\"https:\\\/\\\/www.ucaldas.edu.co\\\/portal\\\/?s={search_term_string}\"},\"query-input\":{\"@type\":\"PropertyValueSpecification\",\"valueRequired\":true,\"valueName\":\"search_term_string\"}}],\"inLanguage\":\"es\"},{\"@type\":\"Organization\",\"@id\":\"https:\\\/\\\/www.ucaldas.edu.co\\\/portal\\\/#organization\",\"name\":\"Universidad de Caldas\",\"alternateName\":\"U. de Caldas\",\"url\":\"https:\\\/\\\/www.ucaldas.edu.co\\\/portal\\\/\",\"logo\":{\"@type\":\"ImageObject\",\"inLanguage\":\"es\",\"@id\":\"https:\\\/\\\/www.ucaldas.edu.co\\\/portal\\\/#\\\/schema\\\/logo\\\/image\\\/\",\"url\":\"https:\\\/\\\/www.ucaldas.edu.co\\\/portal\\\/wp-content\\\/uploads\\\/2023\\\/11\\\/Logo_horizontal_oscuroU-2023.png\",\"contentUrl\":\"https:\\\/\\\/www.ucaldas.edu.co\\\/portal\\\/wp-content\\\/uploads\\\/2023\\\/11\\\/Logo_horizontal_oscuroU-2023.png\",\"width\":263,\"height\":101,\"caption\":\"Universidad de Caldas\"},\"image\":{\"@id\":\"https:\\\/\\\/www.ucaldas.edu.co\\\/portal\\\/#\\\/schema\\\/logo\\\/image\\\/\"},\"sameAs\":[\"https:\\\/\\\/www.facebook.com\\\/udecaldas\",\"https:\\\/\\\/x.com\\\/udecaldas\",\"https:\\\/\\\/www.youtube.com\\\/universidadcaldas\",\"https:\\\/\\\/www.instagram.com\\\/udecaldas\\\/\"]},{\"@type\":\"Person\",\"@id\":\"https:\\\/\\\/www.ucaldas.edu.co\\\/portal\\\/#\\\/schema\\\/person\\\/a1b482e23449158b4bc319926c074fdf\",\"name\":\"ofiprensa\",\"image\":{\"@type\":\"ImageObject\",\"inLanguage\":\"es\",\"@id\":\"https:\\\/\\\/www.ucaldas.edu.co\\\/portal\\\/wp-content\\\/litespeed\\\/avatar\\\/09ea5085e600095a7a811142c6944527.jpg?ver=1777497608\",\"url\":\"https:\\\/\\\/www.ucaldas.edu.co\\\/portal\\\/wp-content\\\/litespeed\\\/avatar\\\/09ea5085e600095a7a811142c6944527.jpg?ver=1777497608\",\"contentUrl\":\"https:\\\/\\\/www.ucaldas.edu.co\\\/portal\\\/wp-content\\\/litespeed\\\/avatar\\\/09ea5085e600095a7a811142c6944527.jpg?ver=1777497608\",\"caption\":\"ofiprensa\"},\"url\":\"https:\\\/\\\/www.ucaldas.edu.co\\\/portal\\\/author\\\/ofiprensa\\\/\"}]}<\/script>\n<!-- \/ Yoast SEO plugin. -->","yoast_head_json":{"title":"Procuradur\u00eda General de la Naci\u00f3n remiti\u00f3 pronunciamiento sobre proceso de elecci\u00f3n de rector .","robots":{"index":"index","follow":"follow","max-snippet":"max-snippet:-1","max-image-preview":"max-image-preview:large","max-video-preview":"max-video-preview:-1"},"canonical":"https:\/\/www.ucaldas.edu.co\/portal\/procuraduria-general-de-la-nacion-remitio-pronunciamiento-sobre-proceso-de-eleccion-de-rector\/","schema":{"@context":"https:\/\/schema.org","@graph":[{"@type":"Article","@id":"https:\/\/www.ucaldas.edu.co\/portal\/procuraduria-general-de-la-nacion-remitio-pronunciamiento-sobre-proceso-de-eleccion-de-rector\/#article","isPartOf":{"@id":"https:\/\/www.ucaldas.edu.co\/portal\/procuraduria-general-de-la-nacion-remitio-pronunciamiento-sobre-proceso-de-eleccion-de-rector\/"},"author":{"name":"ofiprensa","@id":"https:\/\/www.ucaldas.edu.co\/portal\/#\/schema\/person\/a1b482e23449158b4bc319926c074fdf"},"headline":"Procuradur\u00eda General de la Naci\u00f3n remiti\u00f3 pronunciamiento sobre proceso de elecci\u00f3n de rector","datePublished":"2022-08-25T23:24:38+00:00","dateModified":"2022-08-26T21:05:18+00:00","mainEntityOfPage":{"@id":"https:\/\/www.ucaldas.edu.co\/portal\/procuraduria-general-de-la-nacion-remitio-pronunciamiento-sobre-proceso-de-eleccion-de-rector\/"},"wordCount":360,"publisher":{"@id":"https:\/\/www.ucaldas.edu.co\/portal\/#organization"},"image":{"@id":"https:\/\/www.ucaldas.edu.co\/portal\/procuraduria-general-de-la-nacion-remitio-pronunciamiento-sobre-proceso-de-eleccion-de-rector\/#primaryimage"},"thumbnailUrl":"https:\/\/www.ucaldas.edu.co\/portal\/wp-content\/uploads\/2022\/08\/WhatsApp-Image-2022-08-25-at-6.09.36-PM.jpeg","keywords":["Secretar\u00eda General","Comunicado Oficial","elecci\u00f3n de rector","procuradur\u00eda general de la naci\u00f3n"],"articleSection":["Actualidad","Universidad al D\u00eda","UCaldas Transparente"],"inLanguage":"es"},{"@type":"WebPage","@id":"https:\/\/www.ucaldas.edu.co\/portal\/procuraduria-general-de-la-nacion-remitio-pronunciamiento-sobre-proceso-de-eleccion-de-rector\/","url":"https:\/\/www.ucaldas.edu.co\/portal\/procuraduria-general-de-la-nacion-remitio-pronunciamiento-sobre-proceso-de-eleccion-de-rector\/","name":"Procuradur\u00eda General de la Naci\u00f3n remiti\u00f3 pronunciamiento sobre proceso de elecci\u00f3n de rector .","isPartOf":{"@id":"https:\/\/www.ucaldas.edu.co\/portal\/#website"},"primaryImageOfPage":{"@id":"https:\/\/www.ucaldas.edu.co\/portal\/procuraduria-general-de-la-nacion-remitio-pronunciamiento-sobre-proceso-de-eleccion-de-rector\/#primaryimage"},"image":{"@id":"https:\/\/www.ucaldas.edu.co\/portal\/procuraduria-general-de-la-nacion-remitio-pronunciamiento-sobre-proceso-de-eleccion-de-rector\/#primaryimage"},"thumbnailUrl":"https:\/\/www.ucaldas.edu.co\/portal\/wp-content\/uploads\/2022\/08\/WhatsApp-Image-2022-08-25-at-6.09.36-PM.jpeg","datePublished":"2022-08-25T23:24:38+00:00","dateModified":"2022-08-26T21:05:18+00:00","breadcrumb":{"@id":"https:\/\/www.ucaldas.edu.co\/portal\/procuraduria-general-de-la-nacion-remitio-pronunciamiento-sobre-proceso-de-eleccion-de-rector\/#breadcrumb"},"inLanguage":"es","potentialAction":[{"@type":"ReadAction","target":["https:\/\/www.ucaldas.edu.co\/portal\/procuraduria-general-de-la-nacion-remitio-pronunciamiento-sobre-proceso-de-eleccion-de-rector\/"]}]},{"@type":"ImageObject","inLanguage":"es","@id":"https:\/\/www.ucaldas.edu.co\/portal\/procuraduria-general-de-la-nacion-remitio-pronunciamiento-sobre-proceso-de-eleccion-de-rector\/#primaryimage","url":"https:\/\/www.ucaldas.edu.co\/portal\/wp-content\/uploads\/2022\/08\/WhatsApp-Image-2022-08-25-at-6.09.36-PM.jpeg","contentUrl":"https:\/\/www.ucaldas.edu.co\/portal\/wp-content\/uploads\/2022\/08\/WhatsApp-Image-2022-08-25-at-6.09.36-PM.jpeg","width":700,"height":400,"caption":"Comunicado sobre decisi\u00f3n de la Procuradur\u00eda sobre la elecci\u00f3n de rector"},{"@type":"BreadcrumbList","@id":"https:\/\/www.ucaldas.edu.co\/portal\/procuraduria-general-de-la-nacion-remitio-pronunciamiento-sobre-proceso-de-eleccion-de-rector\/#breadcrumb","itemListElement":[{"@type":"ListItem","position":1,"name":"Portada","item":"https:\/\/www.ucaldas.edu.co\/portal\/"},{"@type":"ListItem","position":2,"name":"Procuradur\u00eda General de la Naci\u00f3n remiti\u00f3 pronunciamiento sobre proceso de elecci\u00f3n de rector"}]},{"@type":"WebSite","@id":"https:\/\/www.ucaldas.edu.co\/portal\/#website","url":"https:\/\/www.ucaldas.edu.co\/portal\/","name":"Universidad de Caldas","description":"","publisher":{"@id":"https:\/\/www.ucaldas.edu.co\/portal\/#organization"},"alternateName":"U. de Caldas","potentialAction":[{"@type":"SearchAction","target":{"@type":"EntryPoint","urlTemplate":"https:\/\/www.ucaldas.edu.co\/portal\/?s={search_term_string}"},"query-input":{"@type":"PropertyValueSpecification","valueRequired":true,"valueName":"search_term_string"}}],"inLanguage":"es"},{"@type":"Organization","@id":"https:\/\/www.ucaldas.edu.co\/portal\/#organization","name":"Universidad de Caldas","alternateName":"U. de Caldas","url":"https:\/\/www.ucaldas.edu.co\/portal\/","logo":{"@type":"ImageObject","inLanguage":"es","@id":"https:\/\/www.ucaldas.edu.co\/portal\/#\/schema\/logo\/image\/","url":"https:\/\/www.ucaldas.edu.co\/portal\/wp-content\/uploads\/2023\/11\/Logo_horizontal_oscuroU-2023.png","contentUrl":"https:\/\/www.ucaldas.edu.co\/portal\/wp-content\/uploads\/2023\/11\/Logo_horizontal_oscuroU-2023.png","width":263,"height":101,"caption":"Universidad de Caldas"},"image":{"@id":"https:\/\/www.ucaldas.edu.co\/portal\/#\/schema\/logo\/image\/"},"sameAs":["https:\/\/www.facebook.com\/udecaldas","https:\/\/x.com\/udecaldas","https:\/\/www.youtube.com\/universidadcaldas","https:\/\/www.instagram.com\/udecaldas\/"]},{"@type":"Person","@id":"https:\/\/www.ucaldas.edu.co\/portal\/#\/schema\/person\/a1b482e23449158b4bc319926c074fdf","name":"ofiprensa","image":{"@type":"ImageObject","inLanguage":"es","@id":"https:\/\/www.ucaldas.edu.co\/portal\/wp-content\/litespeed\/avatar\/09ea5085e600095a7a811142c6944527.jpg?ver=1777497608","url":"https:\/\/www.ucaldas.edu.co\/portal\/wp-content\/litespeed\/avatar\/09ea5085e600095a7a811142c6944527.jpg?ver=1777497608","contentUrl":"https:\/\/www.ucaldas.edu.co\/portal\/wp-content\/litespeed\/avatar\/09ea5085e600095a7a811142c6944527.jpg?ver=1777497608","caption":"ofiprensa"},"url":"https:\/\/www.ucaldas.edu.co\/portal\/author\/ofiprensa\/"}]}},"_links":{"self":[{"href":"https:\/\/www.ucaldas.edu.co\/portal\/wp-json\/wp\/v2\/posts\/71969","targetHints":{"allow":["GET"]}}],"collection":[{"href":"https:\/\/www.ucaldas.edu.co\/portal\/wp-json\/wp\/v2\/posts"}],"about":[{"href":"https:\/\/www.ucaldas.edu.co\/portal\/wp-json\/wp\/v2\/types\/post"}],"author":[{"embeddable":true,"href":"https:\/\/www.ucaldas.edu.co\/portal\/wp-json\/wp\/v2\/users\/2"}],"replies":[{"embeddable":true,"href":"https:\/\/www.ucaldas.edu.co\/portal\/wp-json\/wp\/v2\/comments?post=71969"}],"version-history":[{"count":0,"href":"https:\/\/www.ucaldas.edu.co\/portal\/wp-json\/wp\/v2\/posts\/71969\/revisions"}],"wp:featuredmedia":[{"embeddable":true,"href":"https:\/\/www.ucaldas.edu.co\/portal\/wp-json\/wp\/v2\/media\/71970"}],"wp:attachment":[{"href":"https:\/\/www.ucaldas.edu.co\/portal\/wp-json\/wp\/v2\/media?parent=71969"}],"wp:term":[{"taxonomy":"category","embeddable":true,"href":"https:\/\/www.ucaldas.edu.co\/portal\/wp-json\/wp\/v2\/categories?post=71969"},{"taxonomy":"post_tag","embeddable":true,"href":"https:\/\/www.ucaldas.edu.co\/portal\/wp-json\/wp\/v2\/tags?post=71969"}],"curies":[{"name":"wp","href":"https:\/\/api.w.org\/{rel}","templated":true}]}}