{"id":7196,"date":"2011-02-24T10:15:45","date_gmt":"2011-02-24T15:15:45","guid":{"rendered":"https:\/\/www.ucaldas.edu.co\/portal\/?p=7196"},"modified":"2011-02-24T10:15:45","modified_gmt":"2011-02-24T15:15:45","slug":"u-de-caldas-ofrece-seminario-de-matematica-financiera-en-convenio-con-la-u-nacional","status":"publish","type":"post","link":"https:\/\/www.ucaldas.edu.co\/portal\/u-de-caldas-ofrece-seminario-de-matematica-financiera-en-convenio-con-la-u-nacional\/","title":{"rendered":"U. de Caldas ofrece Seminario de Matem\u00e1tica Financiera, en convenio con la U. Nacional"},"content":{"rendered":"<p>Las inscripciones ser\u00e1n del 23 de febrero hasta el 15 de marzo del 2011<\/p>\n<hr \/>\n<p align=\"center\">\n<p align=\"right\"><b>24\/02\/2011<\/b><\/p>\n<p><b>\u00a0<\/b><\/p>\n<table border=\"0\">\n<tbody>\n<tr>\n<td><img loading=\"lazy\" decoding=\"async\" style=\"border: 0px\" alt=\"Seminario Matematica\" src=\"http:\/\/www.ucaldas.edu.co\/images\/tmp\/seminario_matematica_financiera.jpg\" width=\"160\" height=\"100\" border=\"0\" \/><\/td>\n<td>Ya <b>est\u00e1n abiertas<\/b> las <b>inscripciones<\/b> para el <b>Seminario de Matem\u00e1tica Financiera<\/b> de la <b>Universidad<\/b><b> de<\/b> <b>Caldas<\/b>, en convenio con la <b>Universidad<\/b><b> Nacional<\/b>.<\/p>\n<p>&nbsp;<\/p>\n<p>El objetivo es capacitar a un grupo de j\u00f3venes empresarios, profesionales y t\u00e9cnicos, en la utilizaci\u00f3n de las matem\u00e1ticas financieras como herramientas administrativas.<\/td>\n<\/tr>\n<\/tbody>\n<\/table>\n<p>&nbsp;<\/p>\n<p>&nbsp;<\/p>\n<p>Las inscripciones est\u00e1n abiertas desde el pasado 23 de febrero hasta el 15 de marzo del 2011. El curso iniciar\u00e1 el pr\u00f3ximo 19 de marzo y el horario ser\u00e1 los s\u00e1bados de 8:30 a.m. a 5:30 p.m.<\/p>\n<p>&nbsp;<\/p>\n<p>Hay 20 cupos disponibles y tiene una duraci\u00f3n de 4 s\u00e1bados. Diego Navarro Casta\u00f1o, docente de la Universidad Nacional, sede Manizales orientar\u00e1 el curso, que ser\u00e1 certificado por esta instituci\u00f3n.<\/p>\n<p>&nbsp;<\/p>\n<p>La preinscripci\u00f3n tiene un costo de $50 mil, dinero que ser\u00e1 reembolsado en el costo total del seminario, que tiene un valor del \u00a0$380 mil.<\/p>\n<p>&nbsp;<\/p>\n<p>Existe la posibilidad de financiar el seminario en dos contados, el primer pago corresponde a $190 mil que se deben cancelar el 19 de marzo, y el segundo es por el mismo valor y se debe cancelar \u00a0hasta el 26 de marzo.<\/p>\n<p>&nbsp;<\/p>\n<p>El valor del seminario debe cancelarse en el banco Davivienda, Cuenta Corriente n\u00famero 086169999389 a nombre de ASEVEZ. Quienes realicen el pago de contado tendr\u00e1n un descuento del 5%.<\/p>\n<p>&nbsp;<\/p>\n<p>Las inscripciones se deben realizar en la oficina de la Asociaci\u00f3n de Egresados de Veterinaria (Asevez) de la U. de Caldas, Sede Ciencias Agropecuarias.<\/p>\n<p>&nbsp;<\/p>\n<p>Este seminario lo organizan la Asevez de la U. de Caldas y el Colegio de Veterinaria (Comvezcal) de la Instituci\u00f3n.<\/p>\n<p>&nbsp;<\/p>\n<p><b>Informes e inscripciones<\/b>: en la oficina de asociaci\u00f3n de egresados, en Programa de Veterinaria, en la U. de Caldas en el tel\u00e9fono 887 64 36.<\/p>\n","protected":false},"excerpt":{"rendered":"<p>Las inscripciones ser\u00e1n del 23 de febrero hasta el 15 de marzo del 2011 24\/02\/2011 \u00a0 Ya est\u00e1n abiertas las inscripciones para el Seminario de Matem\u00e1tica Financiera de la Universidad de Caldas, en convenio con la Universidad Nacional. &nbsp; El objetivo es capacitar a un grupo de j\u00f3venes empresarios, profesionales y t\u00e9cnicos, en la utilizaci\u00f3n [&hellip;]<\/p>\n","protected":false},"author":2,"featured_media":0,"comment_status":"closed","ping_status":"closed","sticky":false,"template":"","format":"standard","meta":{"footnotes":""},"categories":[48,53],"tags":[],"class_list":["post-7196","post","type-post","status-publish","format-standard","hentry","category-actualidad","category-universidad-al-dia"],"yoast_head":"<!-- This site is optimized with the Yoast SEO plugin v27.5 - https:\/\/yoast.com\/product\/yoast-seo-wordpress\/ -->\n<title>U. de Caldas ofrece Seminario de Matem\u00e1tica Financiera, en convenio con la U. Nacional .<\/title>\n<meta name=\"robots\" content=\"index, follow, max-snippet:-1, max-image-preview:large, max-video-preview:-1\" \/>\n<link rel=\"canonical\" href=\"https:\/\/www.ucaldas.edu.co\/portal\/u-de-caldas-ofrece-seminario-de-matematica-financiera-en-convenio-con-la-u-nacional\/\" \/>\n<script type=\"application\/ld+json\" class=\"yoast-schema-graph\">{\"@context\":\"https:\\\/\\\/schema.org\",\"@graph\":[{\"@type\":\"Article\",\"@id\":\"https:\\\/\\\/www.ucaldas.edu.co\\\/portal\\\/u-de-caldas-ofrece-seminario-de-matematica-financiera-en-convenio-con-la-u-nacional\\\/#article\",\"isPartOf\":{\"@id\":\"https:\\\/\\\/www.ucaldas.edu.co\\\/portal\\\/u-de-caldas-ofrece-seminario-de-matematica-financiera-en-convenio-con-la-u-nacional\\\/\"},\"author\":{\"name\":\"ofiprensa\",\"@id\":\"https:\\\/\\\/www.ucaldas.edu.co\\\/portal\\\/#\\\/schema\\\/person\\\/a1b482e23449158b4bc319926c074fdf\"},\"headline\":\"U. de Caldas ofrece Seminario de Matem\u00e1tica Financiera, en convenio con la U. Nacional\",\"datePublished\":\"2011-02-24T15:15:45+00:00\",\"mainEntityOfPage\":{\"@id\":\"https:\\\/\\\/www.ucaldas.edu.co\\\/portal\\\/u-de-caldas-ofrece-seminario-de-matematica-financiera-en-convenio-con-la-u-nacional\\\/\"},\"wordCount\":318,\"publisher\":{\"@id\":\"https:\\\/\\\/www.ucaldas.edu.co\\\/portal\\\/#organization\"},\"image\":{\"@id\":\"https:\\\/\\\/www.ucaldas.edu.co\\\/portal\\\/u-de-caldas-ofrece-seminario-de-matematica-financiera-en-convenio-con-la-u-nacional\\\/#primaryimage\"},\"thumbnailUrl\":\"http:\\\/\\\/www.ucaldas.edu.co\\\/images\\\/tmp\\\/seminario_matematica_financiera.jpg\",\"articleSection\":[\"Actualidad\",\"Universidad al D\u00eda\"],\"inLanguage\":\"es\"},{\"@type\":\"WebPage\",\"@id\":\"https:\\\/\\\/www.ucaldas.edu.co\\\/portal\\\/u-de-caldas-ofrece-seminario-de-matematica-financiera-en-convenio-con-la-u-nacional\\\/\",\"url\":\"https:\\\/\\\/www.ucaldas.edu.co\\\/portal\\\/u-de-caldas-ofrece-seminario-de-matematica-financiera-en-convenio-con-la-u-nacional\\\/\",\"name\":\"U. de Caldas ofrece Seminario de Matem\u00e1tica Financiera, en convenio con la U. Nacional .\",\"isPartOf\":{\"@id\":\"https:\\\/\\\/www.ucaldas.edu.co\\\/portal\\\/#website\"},\"primaryImageOfPage\":{\"@id\":\"https:\\\/\\\/www.ucaldas.edu.co\\\/portal\\\/u-de-caldas-ofrece-seminario-de-matematica-financiera-en-convenio-con-la-u-nacional\\\/#primaryimage\"},\"image\":{\"@id\":\"https:\\\/\\\/www.ucaldas.edu.co\\\/portal\\\/u-de-caldas-ofrece-seminario-de-matematica-financiera-en-convenio-con-la-u-nacional\\\/#primaryimage\"},\"thumbnailUrl\":\"http:\\\/\\\/www.ucaldas.edu.co\\\/images\\\/tmp\\\/seminario_matematica_financiera.jpg\",\"datePublished\":\"2011-02-24T15:15:45+00:00\",\"breadcrumb\":{\"@id\":\"https:\\\/\\\/www.ucaldas.edu.co\\\/portal\\\/u-de-caldas-ofrece-seminario-de-matematica-financiera-en-convenio-con-la-u-nacional\\\/#breadcrumb\"},\"inLanguage\":\"es\",\"potentialAction\":[{\"@type\":\"ReadAction\",\"target\":[\"https:\\\/\\\/www.ucaldas.edu.co\\\/portal\\\/u-de-caldas-ofrece-seminario-de-matematica-financiera-en-convenio-con-la-u-nacional\\\/\"]}]},{\"@type\":\"ImageObject\",\"inLanguage\":\"es\",\"@id\":\"https:\\\/\\\/www.ucaldas.edu.co\\\/portal\\\/u-de-caldas-ofrece-seminario-de-matematica-financiera-en-convenio-con-la-u-nacional\\\/#primaryimage\",\"url\":\"http:\\\/\\\/www.ucaldas.edu.co\\\/images\\\/tmp\\\/seminario_matematica_financiera.jpg\",\"contentUrl\":\"http:\\\/\\\/www.ucaldas.edu.co\\\/images\\\/tmp\\\/seminario_matematica_financiera.jpg\"},{\"@type\":\"BreadcrumbList\",\"@id\":\"https:\\\/\\\/www.ucaldas.edu.co\\\/portal\\\/u-de-caldas-ofrece-seminario-de-matematica-financiera-en-convenio-con-la-u-nacional\\\/#breadcrumb\",\"itemListElement\":[{\"@type\":\"ListItem\",\"position\":1,\"name\":\"Portada\",\"item\":\"https:\\\/\\\/www.ucaldas.edu.co\\\/portal\\\/\"},{\"@type\":\"ListItem\",\"position\":2,\"name\":\"U. de Caldas ofrece Seminario de Matem\u00e1tica Financiera, en convenio con la U. Nacional\"}]},{\"@type\":\"WebSite\",\"@id\":\"https:\\\/\\\/www.ucaldas.edu.co\\\/portal\\\/#website\",\"url\":\"https:\\\/\\\/www.ucaldas.edu.co\\\/portal\\\/\",\"name\":\"Universidad de Caldas\",\"description\":\"\",\"publisher\":{\"@id\":\"https:\\\/\\\/www.ucaldas.edu.co\\\/portal\\\/#organization\"},\"alternateName\":\"U. de Caldas\",\"potentialAction\":[{\"@type\":\"SearchAction\",\"target\":{\"@type\":\"EntryPoint\",\"urlTemplate\":\"https:\\\/\\\/www.ucaldas.edu.co\\\/portal\\\/?s={search_term_string}\"},\"query-input\":{\"@type\":\"PropertyValueSpecification\",\"valueRequired\":true,\"valueName\":\"search_term_string\"}}],\"inLanguage\":\"es\"},{\"@type\":\"Organization\",\"@id\":\"https:\\\/\\\/www.ucaldas.edu.co\\\/portal\\\/#organization\",\"name\":\"Universidad de Caldas\",\"alternateName\":\"U. de Caldas\",\"url\":\"https:\\\/\\\/www.ucaldas.edu.co\\\/portal\\\/\",\"logo\":{\"@type\":\"ImageObject\",\"inLanguage\":\"es\",\"@id\":\"https:\\\/\\\/www.ucaldas.edu.co\\\/portal\\\/#\\\/schema\\\/logo\\\/image\\\/\",\"url\":\"https:\\\/\\\/www.ucaldas.edu.co\\\/portal\\\/wp-content\\\/uploads\\\/2023\\\/11\\\/Logo_horizontal_oscuroU-2023.png\",\"contentUrl\":\"https:\\\/\\\/www.ucaldas.edu.co\\\/portal\\\/wp-content\\\/uploads\\\/2023\\\/11\\\/Logo_horizontal_oscuroU-2023.png\",\"width\":263,\"height\":101,\"caption\":\"Universidad de Caldas\"},\"image\":{\"@id\":\"https:\\\/\\\/www.ucaldas.edu.co\\\/portal\\\/#\\\/schema\\\/logo\\\/image\\\/\"},\"sameAs\":[\"https:\\\/\\\/www.facebook.com\\\/udecaldas\",\"https:\\\/\\\/x.com\\\/udecaldas\",\"https:\\\/\\\/www.youtube.com\\\/universidadcaldas\",\"https:\\\/\\\/www.instagram.com\\\/udecaldas\\\/\"]},{\"@type\":\"Person\",\"@id\":\"https:\\\/\\\/www.ucaldas.edu.co\\\/portal\\\/#\\\/schema\\\/person\\\/a1b482e23449158b4bc319926c074fdf\",\"name\":\"ofiprensa\",\"image\":{\"@type\":\"ImageObject\",\"inLanguage\":\"es\",\"@id\":\"https:\\\/\\\/www.ucaldas.edu.co\\\/portal\\\/wp-content\\\/litespeed\\\/avatar\\\/09ea5085e600095a7a811142c6944527.jpg?ver=1777497608\",\"url\":\"https:\\\/\\\/www.ucaldas.edu.co\\\/portal\\\/wp-content\\\/litespeed\\\/avatar\\\/09ea5085e600095a7a811142c6944527.jpg?ver=1777497608\",\"contentUrl\":\"https:\\\/\\\/www.ucaldas.edu.co\\\/portal\\\/wp-content\\\/litespeed\\\/avatar\\\/09ea5085e600095a7a811142c6944527.jpg?ver=1777497608\",\"caption\":\"ofiprensa\"},\"url\":\"https:\\\/\\\/www.ucaldas.edu.co\\\/portal\\\/author\\\/ofiprensa\\\/\"}]}<\/script>\n<!-- \/ Yoast SEO plugin. -->","yoast_head_json":{"title":"U. de Caldas ofrece Seminario de Matem\u00e1tica Financiera, en convenio con la U. Nacional .","robots":{"index":"index","follow":"follow","max-snippet":"max-snippet:-1","max-image-preview":"max-image-preview:large","max-video-preview":"max-video-preview:-1"},"canonical":"https:\/\/www.ucaldas.edu.co\/portal\/u-de-caldas-ofrece-seminario-de-matematica-financiera-en-convenio-con-la-u-nacional\/","schema":{"@context":"https:\/\/schema.org","@graph":[{"@type":"Article","@id":"https:\/\/www.ucaldas.edu.co\/portal\/u-de-caldas-ofrece-seminario-de-matematica-financiera-en-convenio-con-la-u-nacional\/#article","isPartOf":{"@id":"https:\/\/www.ucaldas.edu.co\/portal\/u-de-caldas-ofrece-seminario-de-matematica-financiera-en-convenio-con-la-u-nacional\/"},"author":{"name":"ofiprensa","@id":"https:\/\/www.ucaldas.edu.co\/portal\/#\/schema\/person\/a1b482e23449158b4bc319926c074fdf"},"headline":"U. de Caldas ofrece Seminario de Matem\u00e1tica Financiera, en convenio con la U. Nacional","datePublished":"2011-02-24T15:15:45+00:00","mainEntityOfPage":{"@id":"https:\/\/www.ucaldas.edu.co\/portal\/u-de-caldas-ofrece-seminario-de-matematica-financiera-en-convenio-con-la-u-nacional\/"},"wordCount":318,"publisher":{"@id":"https:\/\/www.ucaldas.edu.co\/portal\/#organization"},"image":{"@id":"https:\/\/www.ucaldas.edu.co\/portal\/u-de-caldas-ofrece-seminario-de-matematica-financiera-en-convenio-con-la-u-nacional\/#primaryimage"},"thumbnailUrl":"http:\/\/www.ucaldas.edu.co\/images\/tmp\/seminario_matematica_financiera.jpg","articleSection":["Actualidad","Universidad al D\u00eda"],"inLanguage":"es"},{"@type":"WebPage","@id":"https:\/\/www.ucaldas.edu.co\/portal\/u-de-caldas-ofrece-seminario-de-matematica-financiera-en-convenio-con-la-u-nacional\/","url":"https:\/\/www.ucaldas.edu.co\/portal\/u-de-caldas-ofrece-seminario-de-matematica-financiera-en-convenio-con-la-u-nacional\/","name":"U. de Caldas ofrece Seminario de Matem\u00e1tica Financiera, en convenio con la U. Nacional .","isPartOf":{"@id":"https:\/\/www.ucaldas.edu.co\/portal\/#website"},"primaryImageOfPage":{"@id":"https:\/\/www.ucaldas.edu.co\/portal\/u-de-caldas-ofrece-seminario-de-matematica-financiera-en-convenio-con-la-u-nacional\/#primaryimage"},"image":{"@id":"https:\/\/www.ucaldas.edu.co\/portal\/u-de-caldas-ofrece-seminario-de-matematica-financiera-en-convenio-con-la-u-nacional\/#primaryimage"},"thumbnailUrl":"http:\/\/www.ucaldas.edu.co\/images\/tmp\/seminario_matematica_financiera.jpg","datePublished":"2011-02-24T15:15:45+00:00","breadcrumb":{"@id":"https:\/\/www.ucaldas.edu.co\/portal\/u-de-caldas-ofrece-seminario-de-matematica-financiera-en-convenio-con-la-u-nacional\/#breadcrumb"},"inLanguage":"es","potentialAction":[{"@type":"ReadAction","target":["https:\/\/www.ucaldas.edu.co\/portal\/u-de-caldas-ofrece-seminario-de-matematica-financiera-en-convenio-con-la-u-nacional\/"]}]},{"@type":"ImageObject","inLanguage":"es","@id":"https:\/\/www.ucaldas.edu.co\/portal\/u-de-caldas-ofrece-seminario-de-matematica-financiera-en-convenio-con-la-u-nacional\/#primaryimage","url":"http:\/\/www.ucaldas.edu.co\/images\/tmp\/seminario_matematica_financiera.jpg","contentUrl":"http:\/\/www.ucaldas.edu.co\/images\/tmp\/seminario_matematica_financiera.jpg"},{"@type":"BreadcrumbList","@id":"https:\/\/www.ucaldas.edu.co\/portal\/u-de-caldas-ofrece-seminario-de-matematica-financiera-en-convenio-con-la-u-nacional\/#breadcrumb","itemListElement":[{"@type":"ListItem","position":1,"name":"Portada","item":"https:\/\/www.ucaldas.edu.co\/portal\/"},{"@type":"ListItem","position":2,"name":"U. de Caldas ofrece Seminario de Matem\u00e1tica Financiera, en convenio con la U. Nacional"}]},{"@type":"WebSite","@id":"https:\/\/www.ucaldas.edu.co\/portal\/#website","url":"https:\/\/www.ucaldas.edu.co\/portal\/","name":"Universidad de Caldas","description":"","publisher":{"@id":"https:\/\/www.ucaldas.edu.co\/portal\/#organization"},"alternateName":"U. de Caldas","potentialAction":[{"@type":"SearchAction","target":{"@type":"EntryPoint","urlTemplate":"https:\/\/www.ucaldas.edu.co\/portal\/?s={search_term_string}"},"query-input":{"@type":"PropertyValueSpecification","valueRequired":true,"valueName":"search_term_string"}}],"inLanguage":"es"},{"@type":"Organization","@id":"https:\/\/www.ucaldas.edu.co\/portal\/#organization","name":"Universidad de Caldas","alternateName":"U. de Caldas","url":"https:\/\/www.ucaldas.edu.co\/portal\/","logo":{"@type":"ImageObject","inLanguage":"es","@id":"https:\/\/www.ucaldas.edu.co\/portal\/#\/schema\/logo\/image\/","url":"https:\/\/www.ucaldas.edu.co\/portal\/wp-content\/uploads\/2023\/11\/Logo_horizontal_oscuroU-2023.png","contentUrl":"https:\/\/www.ucaldas.edu.co\/portal\/wp-content\/uploads\/2023\/11\/Logo_horizontal_oscuroU-2023.png","width":263,"height":101,"caption":"Universidad de Caldas"},"image":{"@id":"https:\/\/www.ucaldas.edu.co\/portal\/#\/schema\/logo\/image\/"},"sameAs":["https:\/\/www.facebook.com\/udecaldas","https:\/\/x.com\/udecaldas","https:\/\/www.youtube.com\/universidadcaldas","https:\/\/www.instagram.com\/udecaldas\/"]},{"@type":"Person","@id":"https:\/\/www.ucaldas.edu.co\/portal\/#\/schema\/person\/a1b482e23449158b4bc319926c074fdf","name":"ofiprensa","image":{"@type":"ImageObject","inLanguage":"es","@id":"https:\/\/www.ucaldas.edu.co\/portal\/wp-content\/litespeed\/avatar\/09ea5085e600095a7a811142c6944527.jpg?ver=1777497608","url":"https:\/\/www.ucaldas.edu.co\/portal\/wp-content\/litespeed\/avatar\/09ea5085e600095a7a811142c6944527.jpg?ver=1777497608","contentUrl":"https:\/\/www.ucaldas.edu.co\/portal\/wp-content\/litespeed\/avatar\/09ea5085e600095a7a811142c6944527.jpg?ver=1777497608","caption":"ofiprensa"},"url":"https:\/\/www.ucaldas.edu.co\/portal\/author\/ofiprensa\/"}]}},"_links":{"self":[{"href":"https:\/\/www.ucaldas.edu.co\/portal\/wp-json\/wp\/v2\/posts\/7196","targetHints":{"allow":["GET"]}}],"collection":[{"href":"https:\/\/www.ucaldas.edu.co\/portal\/wp-json\/wp\/v2\/posts"}],"about":[{"href":"https:\/\/www.ucaldas.edu.co\/portal\/wp-json\/wp\/v2\/types\/post"}],"author":[{"embeddable":true,"href":"https:\/\/www.ucaldas.edu.co\/portal\/wp-json\/wp\/v2\/users\/2"}],"replies":[{"embeddable":true,"href":"https:\/\/www.ucaldas.edu.co\/portal\/wp-json\/wp\/v2\/comments?post=7196"}],"version-history":[{"count":0,"href":"https:\/\/www.ucaldas.edu.co\/portal\/wp-json\/wp\/v2\/posts\/7196\/revisions"}],"wp:attachment":[{"href":"https:\/\/www.ucaldas.edu.co\/portal\/wp-json\/wp\/v2\/media?parent=7196"}],"wp:term":[{"taxonomy":"category","embeddable":true,"href":"https:\/\/www.ucaldas.edu.co\/portal\/wp-json\/wp\/v2\/categories?post=7196"},{"taxonomy":"post_tag","embeddable":true,"href":"https:\/\/www.ucaldas.edu.co\/portal\/wp-json\/wp\/v2\/tags?post=7196"}],"curies":[{"name":"wp","href":"https:\/\/api.w.org\/{rel}","templated":true}]}}