{"id":7183,"date":"2011-02-23T10:08:53","date_gmt":"2011-02-23T15:08:53","guid":{"rendered":"https:\/\/www.ucaldas.edu.co\/portal\/?p=7183"},"modified":"2011-02-23T10:08:53","modified_gmt":"2011-02-23T15:08:53","slug":"ya-son-cinco-los-proyectos-de-la-u-de-caldas-que-financiara-colciencias","status":"publish","type":"post","link":"https:\/\/www.ucaldas.edu.co\/portal\/ya-son-cinco-los-proyectos-de-la-u-de-caldas-que-financiara-colciencias\/","title":{"rendered":"Ya son cinco los proyectos de la U. de Caldas que financiar\u00e1 Colciencias"},"content":{"rendered":"<p>El monto de los cinco proyecto es de alrededor de $800 millones<\/p>\n<hr \/>\n<p align=\"center\">\n<b> <\/b><\/p>\n<p align=\"right\"><b>23\/02\/2011<\/b><\/p>\n<p>&nbsp;<\/p>\n<table border=\"0\">\n<tbody>\n<tr>\n<td><img loading=\"lazy\" decoding=\"async\" style=\"border: 0px\" alt=\"Cultivos de tomate\" src=\"http:\/\/www.ucaldas.edu.co\/images\/tmp\/Cultivos_tomate_zanahoria.JPG\" width=\"240\" height=\"150\" border=\"0\" \/><\/td>\n<td>Otro proyecto de la Universidad de Caldas ser\u00e1 financiado por Colciencias, por\u00a0 un monto de alrededor de $188 millones. Se trata de la iniciativa denominada <b><i>Obtenci\u00f3n y evaluaci\u00f3n de un promotor para el crecimiento de cultivos de tomate y zanahoria a base de gluconacetobacter diazotrophicus, <\/i><\/b>que result\u00f3 beneficiado en el Programa Nacional de Biotecnolog\u00eda.<\/p>\n<p>Este es otro de los proyectos de la Instituci\u00f3n que particip\u00f3 en la Convocatoria Nacional para la Conformaci\u00f3n del Banco de Proyectos de Investigaci\u00f3n 2010.<\/td>\n<\/tr>\n<\/tbody>\n<\/table>\n<p>&nbsp;<\/p>\n<p><b>Con este<\/b>, <b>ya son cinco <\/b>los <b>proyectos<\/b> de la <b>Instituci\u00f3n<\/b> que <b>financiar\u00e1 Colciencias<\/b>, por un monto aproximado de <b>$800 millones.<\/b><\/p>\n<p>\u201cEsta es la primera vez que Colciencias, a trav\u00e9s de convocatorias para proyectos de investigaci\u00f3n, aprueba una financiaci\u00f3n de tan amplia envergadura para la U. de Caldas\u201d, coment\u00f3 Luz Amalia R\u00edos V\u00e1squez, Vicerrectora Acad\u00e9mica de la Instituci\u00f3n.<\/p>\n<p>Este es el <b>fruto<\/b> del <b>trabajo<\/b> del <b>Grupo de Investigaci\u00f3n en Alimentos y Agroindustria de la U. de Caldas<\/b>, clasificado en la <b>Categor\u00eda B<\/b><b> de Colciencias<\/b>. Se <b>realiza<\/b> en <b>conjunto<\/b> con el <b>Grupo de Investigaciones Biol\u00f3gicas de la Universidad Cat\u00f3lica de Manizales<\/b>, con quienes la Instituci\u00f3n tiene una alianza estrat\u00e9gica.<\/p>\n<p>\u201cEl objetivo del proyecto es aislar una bacteria nativa que tiene la capacidad de promover el crecimiento de las plantas, espec\u00edficamente, de fijar nitr\u00f3geno y producir hormonas de crecimiento vegetal\u201d, coment\u00f3 Oscar Juli\u00e1n S\u00e1nchez Toro, l\u00edder del proyecto y coordinador del \u00e1rea de ingenier\u00eda de bioprocesos del Instituto de Biotecnolog\u00eda Agropecuaria de la U. de Caldas.<\/p>\n<p>Esta es la primera fase del proyecto. Luego, la bacteria se cultivar\u00e1 en fermentadores y despu\u00e9s se evaluar\u00e1 su capacidad de promover el crecimiento en cultivos de tomate y zanahoria, bajo invernadero en las granjas de la U. de Caldas.<\/p>\n<p>\u201cNuestra intenci\u00f3n es desarrollar a mediano plazo paquetes tecnol\u00f3gicos para el sector rural\u201d, afirm\u00f3 expres\u00f3 Oscar Juli\u00e1n S\u00e1nchez Toro, quien tambi\u00e9n es docente del Departamento de Ingenier\u00eda de la Instituci\u00f3n.<\/p>\n<p>Adem\u00e1s, S\u00e1nchez Toro coment\u00f3: \u201cesta es una excelente oportunidad para desarrollar esta l\u00ednea de investigaci\u00f3n en Caldas, orientada a la producci\u00f3n de biofertilizantes que contribuir\u00e1n a disminuir el impacto ambiental negativo causado por el uso indiscriminado de fertilizantes qu\u00edmicos, mediante m\u00e9todos biotecnol\u00f3gicos, aumentando el rendimiento de cultivos de hortalizas de importancia econ\u00f3mica\u201d.<\/p>\n<p>En la actualidad, 4 personas trabajan en el proyecto y en el futuro se vincular\u00e1n 3 personas m\u00e1s.<\/p>\n<p>Dentro de este proyecto se empez\u00f3 a trabajar una tesis del Doctorado en Ciencias Agrarias de la U. de Caldas. La tesis doctoral la dirige S\u00e1nchez Toro.<\/p>\n<p>Para conocer los otros proyectos que financiar\u00e1 Colciencias haga clic <a href=\"http:\/\/desarrollo.ucaldas.edu.co\/archivo\/index.php?option=com_content&amp;view=article&amp;id=4979:colciencias-financiara-4-proyectos-de-la-u-de-caldas-por-unos-600-millones&amp;catid=419:universidad-al-dia&amp;Itemid=1039\" target=\"_blank\">aqu\u00ed.<\/a><\/p>\n<p><b>Informes:<\/b> en la Oficina de Prensa de la U. de Caldas. Tel\u00e9fono 878 15 00, extensi\u00f3n 12 167.<\/p>\n","protected":false},"excerpt":{"rendered":"<p>El monto de los cinco proyecto es de alrededor de $800 millones 23\/02\/2011 &nbsp; Otro proyecto de la Universidad de Caldas ser\u00e1 financiado por Colciencias, por\u00a0 un monto de alrededor de $188 millones. Se trata de la iniciativa denominada Obtenci\u00f3n y evaluaci\u00f3n de un promotor para el crecimiento de cultivos de tomate y zanahoria a [&hellip;]<\/p>\n","protected":false},"author":2,"featured_media":0,"comment_status":"closed","ping_status":"closed","sticky":false,"template":"","format":"standard","meta":{"footnotes":""},"categories":[48,53],"tags":[],"class_list":["post-7183","post","type-post","status-publish","format-standard","hentry","category-actualidad","category-universidad-al-dia"],"yoast_head":"<!-- This site is optimized with the Yoast SEO plugin v27.5 - https:\/\/yoast.com\/product\/yoast-seo-wordpress\/ -->\n<title>Ya son cinco los proyectos de la U. de Caldas que financiar\u00e1 Colciencias .<\/title>\n<meta name=\"robots\" content=\"index, follow, max-snippet:-1, max-image-preview:large, max-video-preview:-1\" \/>\n<link rel=\"canonical\" href=\"https:\/\/www.ucaldas.edu.co\/portal\/ya-son-cinco-los-proyectos-de-la-u-de-caldas-que-financiara-colciencias\/\" \/>\n<script type=\"application\/ld+json\" class=\"yoast-schema-graph\">{\"@context\":\"https:\\\/\\\/schema.org\",\"@graph\":[{\"@type\":\"Article\",\"@id\":\"https:\\\/\\\/www.ucaldas.edu.co\\\/portal\\\/ya-son-cinco-los-proyectos-de-la-u-de-caldas-que-financiara-colciencias\\\/#article\",\"isPartOf\":{\"@id\":\"https:\\\/\\\/www.ucaldas.edu.co\\\/portal\\\/ya-son-cinco-los-proyectos-de-la-u-de-caldas-que-financiara-colciencias\\\/\"},\"author\":{\"name\":\"ofiprensa\",\"@id\":\"https:\\\/\\\/www.ucaldas.edu.co\\\/portal\\\/#\\\/schema\\\/person\\\/a1b482e23449158b4bc319926c074fdf\"},\"headline\":\"Ya son cinco los proyectos de la U. de Caldas que financiar\u00e1 Colciencias\",\"datePublished\":\"2011-02-23T15:08:53+00:00\",\"mainEntityOfPage\":{\"@id\":\"https:\\\/\\\/www.ucaldas.edu.co\\\/portal\\\/ya-son-cinco-los-proyectos-de-la-u-de-caldas-que-financiara-colciencias\\\/\"},\"wordCount\":504,\"publisher\":{\"@id\":\"https:\\\/\\\/www.ucaldas.edu.co\\\/portal\\\/#organization\"},\"image\":{\"@id\":\"https:\\\/\\\/www.ucaldas.edu.co\\\/portal\\\/ya-son-cinco-los-proyectos-de-la-u-de-caldas-que-financiara-colciencias\\\/#primaryimage\"},\"thumbnailUrl\":\"http:\\\/\\\/www.ucaldas.edu.co\\\/images\\\/tmp\\\/Cultivos_tomate_zanahoria.JPG\",\"articleSection\":[\"Actualidad\",\"Universidad al D\u00eda\"],\"inLanguage\":\"es\"},{\"@type\":\"WebPage\",\"@id\":\"https:\\\/\\\/www.ucaldas.edu.co\\\/portal\\\/ya-son-cinco-los-proyectos-de-la-u-de-caldas-que-financiara-colciencias\\\/\",\"url\":\"https:\\\/\\\/www.ucaldas.edu.co\\\/portal\\\/ya-son-cinco-los-proyectos-de-la-u-de-caldas-que-financiara-colciencias\\\/\",\"name\":\"Ya son cinco los proyectos de la U. de Caldas que financiar\u00e1 Colciencias .\",\"isPartOf\":{\"@id\":\"https:\\\/\\\/www.ucaldas.edu.co\\\/portal\\\/#website\"},\"primaryImageOfPage\":{\"@id\":\"https:\\\/\\\/www.ucaldas.edu.co\\\/portal\\\/ya-son-cinco-los-proyectos-de-la-u-de-caldas-que-financiara-colciencias\\\/#primaryimage\"},\"image\":{\"@id\":\"https:\\\/\\\/www.ucaldas.edu.co\\\/portal\\\/ya-son-cinco-los-proyectos-de-la-u-de-caldas-que-financiara-colciencias\\\/#primaryimage\"},\"thumbnailUrl\":\"http:\\\/\\\/www.ucaldas.edu.co\\\/images\\\/tmp\\\/Cultivos_tomate_zanahoria.JPG\",\"datePublished\":\"2011-02-23T15:08:53+00:00\",\"breadcrumb\":{\"@id\":\"https:\\\/\\\/www.ucaldas.edu.co\\\/portal\\\/ya-son-cinco-los-proyectos-de-la-u-de-caldas-que-financiara-colciencias\\\/#breadcrumb\"},\"inLanguage\":\"es\",\"potentialAction\":[{\"@type\":\"ReadAction\",\"target\":[\"https:\\\/\\\/www.ucaldas.edu.co\\\/portal\\\/ya-son-cinco-los-proyectos-de-la-u-de-caldas-que-financiara-colciencias\\\/\"]}]},{\"@type\":\"ImageObject\",\"inLanguage\":\"es\",\"@id\":\"https:\\\/\\\/www.ucaldas.edu.co\\\/portal\\\/ya-son-cinco-los-proyectos-de-la-u-de-caldas-que-financiara-colciencias\\\/#primaryimage\",\"url\":\"http:\\\/\\\/www.ucaldas.edu.co\\\/images\\\/tmp\\\/Cultivos_tomate_zanahoria.JPG\",\"contentUrl\":\"http:\\\/\\\/www.ucaldas.edu.co\\\/images\\\/tmp\\\/Cultivos_tomate_zanahoria.JPG\"},{\"@type\":\"BreadcrumbList\",\"@id\":\"https:\\\/\\\/www.ucaldas.edu.co\\\/portal\\\/ya-son-cinco-los-proyectos-de-la-u-de-caldas-que-financiara-colciencias\\\/#breadcrumb\",\"itemListElement\":[{\"@type\":\"ListItem\",\"position\":1,\"name\":\"Portada\",\"item\":\"https:\\\/\\\/www.ucaldas.edu.co\\\/portal\\\/\"},{\"@type\":\"ListItem\",\"position\":2,\"name\":\"Ya son cinco los proyectos de la U. de Caldas que financiar\u00e1 Colciencias\"}]},{\"@type\":\"WebSite\",\"@id\":\"https:\\\/\\\/www.ucaldas.edu.co\\\/portal\\\/#website\",\"url\":\"https:\\\/\\\/www.ucaldas.edu.co\\\/portal\\\/\",\"name\":\"Universidad de Caldas\",\"description\":\"\",\"publisher\":{\"@id\":\"https:\\\/\\\/www.ucaldas.edu.co\\\/portal\\\/#organization\"},\"alternateName\":\"U. de Caldas\",\"potentialAction\":[{\"@type\":\"SearchAction\",\"target\":{\"@type\":\"EntryPoint\",\"urlTemplate\":\"https:\\\/\\\/www.ucaldas.edu.co\\\/portal\\\/?s={search_term_string}\"},\"query-input\":{\"@type\":\"PropertyValueSpecification\",\"valueRequired\":true,\"valueName\":\"search_term_string\"}}],\"inLanguage\":\"es\"},{\"@type\":\"Organization\",\"@id\":\"https:\\\/\\\/www.ucaldas.edu.co\\\/portal\\\/#organization\",\"name\":\"Universidad de Caldas\",\"alternateName\":\"U. de Caldas\",\"url\":\"https:\\\/\\\/www.ucaldas.edu.co\\\/portal\\\/\",\"logo\":{\"@type\":\"ImageObject\",\"inLanguage\":\"es\",\"@id\":\"https:\\\/\\\/www.ucaldas.edu.co\\\/portal\\\/#\\\/schema\\\/logo\\\/image\\\/\",\"url\":\"https:\\\/\\\/www.ucaldas.edu.co\\\/portal\\\/wp-content\\\/uploads\\\/2023\\\/11\\\/Logo_horizontal_oscuroU-2023.png\",\"contentUrl\":\"https:\\\/\\\/www.ucaldas.edu.co\\\/portal\\\/wp-content\\\/uploads\\\/2023\\\/11\\\/Logo_horizontal_oscuroU-2023.png\",\"width\":263,\"height\":101,\"caption\":\"Universidad de Caldas\"},\"image\":{\"@id\":\"https:\\\/\\\/www.ucaldas.edu.co\\\/portal\\\/#\\\/schema\\\/logo\\\/image\\\/\"},\"sameAs\":[\"https:\\\/\\\/www.facebook.com\\\/udecaldas\",\"https:\\\/\\\/x.com\\\/udecaldas\",\"https:\\\/\\\/www.youtube.com\\\/universidadcaldas\",\"https:\\\/\\\/www.instagram.com\\\/udecaldas\\\/\"]},{\"@type\":\"Person\",\"@id\":\"https:\\\/\\\/www.ucaldas.edu.co\\\/portal\\\/#\\\/schema\\\/person\\\/a1b482e23449158b4bc319926c074fdf\",\"name\":\"ofiprensa\",\"image\":{\"@type\":\"ImageObject\",\"inLanguage\":\"es\",\"@id\":\"https:\\\/\\\/www.ucaldas.edu.co\\\/portal\\\/wp-content\\\/litespeed\\\/avatar\\\/09ea5085e600095a7a811142c6944527.jpg?ver=1777497608\",\"url\":\"https:\\\/\\\/www.ucaldas.edu.co\\\/portal\\\/wp-content\\\/litespeed\\\/avatar\\\/09ea5085e600095a7a811142c6944527.jpg?ver=1777497608\",\"contentUrl\":\"https:\\\/\\\/www.ucaldas.edu.co\\\/portal\\\/wp-content\\\/litespeed\\\/avatar\\\/09ea5085e600095a7a811142c6944527.jpg?ver=1777497608\",\"caption\":\"ofiprensa\"},\"url\":\"https:\\\/\\\/www.ucaldas.edu.co\\\/portal\\\/author\\\/ofiprensa\\\/\"}]}<\/script>\n<!-- \/ Yoast SEO plugin. -->","yoast_head_json":{"title":"Ya son cinco los proyectos de la U. de Caldas que financiar\u00e1 Colciencias .","robots":{"index":"index","follow":"follow","max-snippet":"max-snippet:-1","max-image-preview":"max-image-preview:large","max-video-preview":"max-video-preview:-1"},"canonical":"https:\/\/www.ucaldas.edu.co\/portal\/ya-son-cinco-los-proyectos-de-la-u-de-caldas-que-financiara-colciencias\/","schema":{"@context":"https:\/\/schema.org","@graph":[{"@type":"Article","@id":"https:\/\/www.ucaldas.edu.co\/portal\/ya-son-cinco-los-proyectos-de-la-u-de-caldas-que-financiara-colciencias\/#article","isPartOf":{"@id":"https:\/\/www.ucaldas.edu.co\/portal\/ya-son-cinco-los-proyectos-de-la-u-de-caldas-que-financiara-colciencias\/"},"author":{"name":"ofiprensa","@id":"https:\/\/www.ucaldas.edu.co\/portal\/#\/schema\/person\/a1b482e23449158b4bc319926c074fdf"},"headline":"Ya son cinco los proyectos de la U. de Caldas que financiar\u00e1 Colciencias","datePublished":"2011-02-23T15:08:53+00:00","mainEntityOfPage":{"@id":"https:\/\/www.ucaldas.edu.co\/portal\/ya-son-cinco-los-proyectos-de-la-u-de-caldas-que-financiara-colciencias\/"},"wordCount":504,"publisher":{"@id":"https:\/\/www.ucaldas.edu.co\/portal\/#organization"},"image":{"@id":"https:\/\/www.ucaldas.edu.co\/portal\/ya-son-cinco-los-proyectos-de-la-u-de-caldas-que-financiara-colciencias\/#primaryimage"},"thumbnailUrl":"http:\/\/www.ucaldas.edu.co\/images\/tmp\/Cultivos_tomate_zanahoria.JPG","articleSection":["Actualidad","Universidad al D\u00eda"],"inLanguage":"es"},{"@type":"WebPage","@id":"https:\/\/www.ucaldas.edu.co\/portal\/ya-son-cinco-los-proyectos-de-la-u-de-caldas-que-financiara-colciencias\/","url":"https:\/\/www.ucaldas.edu.co\/portal\/ya-son-cinco-los-proyectos-de-la-u-de-caldas-que-financiara-colciencias\/","name":"Ya son cinco los proyectos de la U. de Caldas que financiar\u00e1 Colciencias .","isPartOf":{"@id":"https:\/\/www.ucaldas.edu.co\/portal\/#website"},"primaryImageOfPage":{"@id":"https:\/\/www.ucaldas.edu.co\/portal\/ya-son-cinco-los-proyectos-de-la-u-de-caldas-que-financiara-colciencias\/#primaryimage"},"image":{"@id":"https:\/\/www.ucaldas.edu.co\/portal\/ya-son-cinco-los-proyectos-de-la-u-de-caldas-que-financiara-colciencias\/#primaryimage"},"thumbnailUrl":"http:\/\/www.ucaldas.edu.co\/images\/tmp\/Cultivos_tomate_zanahoria.JPG","datePublished":"2011-02-23T15:08:53+00:00","breadcrumb":{"@id":"https:\/\/www.ucaldas.edu.co\/portal\/ya-son-cinco-los-proyectos-de-la-u-de-caldas-que-financiara-colciencias\/#breadcrumb"},"inLanguage":"es","potentialAction":[{"@type":"ReadAction","target":["https:\/\/www.ucaldas.edu.co\/portal\/ya-son-cinco-los-proyectos-de-la-u-de-caldas-que-financiara-colciencias\/"]}]},{"@type":"ImageObject","inLanguage":"es","@id":"https:\/\/www.ucaldas.edu.co\/portal\/ya-son-cinco-los-proyectos-de-la-u-de-caldas-que-financiara-colciencias\/#primaryimage","url":"http:\/\/www.ucaldas.edu.co\/images\/tmp\/Cultivos_tomate_zanahoria.JPG","contentUrl":"http:\/\/www.ucaldas.edu.co\/images\/tmp\/Cultivos_tomate_zanahoria.JPG"},{"@type":"BreadcrumbList","@id":"https:\/\/www.ucaldas.edu.co\/portal\/ya-son-cinco-los-proyectos-de-la-u-de-caldas-que-financiara-colciencias\/#breadcrumb","itemListElement":[{"@type":"ListItem","position":1,"name":"Portada","item":"https:\/\/www.ucaldas.edu.co\/portal\/"},{"@type":"ListItem","position":2,"name":"Ya son cinco los proyectos de la U. de Caldas que financiar\u00e1 Colciencias"}]},{"@type":"WebSite","@id":"https:\/\/www.ucaldas.edu.co\/portal\/#website","url":"https:\/\/www.ucaldas.edu.co\/portal\/","name":"Universidad de Caldas","description":"","publisher":{"@id":"https:\/\/www.ucaldas.edu.co\/portal\/#organization"},"alternateName":"U. de Caldas","potentialAction":[{"@type":"SearchAction","target":{"@type":"EntryPoint","urlTemplate":"https:\/\/www.ucaldas.edu.co\/portal\/?s={search_term_string}"},"query-input":{"@type":"PropertyValueSpecification","valueRequired":true,"valueName":"search_term_string"}}],"inLanguage":"es"},{"@type":"Organization","@id":"https:\/\/www.ucaldas.edu.co\/portal\/#organization","name":"Universidad de Caldas","alternateName":"U. de Caldas","url":"https:\/\/www.ucaldas.edu.co\/portal\/","logo":{"@type":"ImageObject","inLanguage":"es","@id":"https:\/\/www.ucaldas.edu.co\/portal\/#\/schema\/logo\/image\/","url":"https:\/\/www.ucaldas.edu.co\/portal\/wp-content\/uploads\/2023\/11\/Logo_horizontal_oscuroU-2023.png","contentUrl":"https:\/\/www.ucaldas.edu.co\/portal\/wp-content\/uploads\/2023\/11\/Logo_horizontal_oscuroU-2023.png","width":263,"height":101,"caption":"Universidad de Caldas"},"image":{"@id":"https:\/\/www.ucaldas.edu.co\/portal\/#\/schema\/logo\/image\/"},"sameAs":["https:\/\/www.facebook.com\/udecaldas","https:\/\/x.com\/udecaldas","https:\/\/www.youtube.com\/universidadcaldas","https:\/\/www.instagram.com\/udecaldas\/"]},{"@type":"Person","@id":"https:\/\/www.ucaldas.edu.co\/portal\/#\/schema\/person\/a1b482e23449158b4bc319926c074fdf","name":"ofiprensa","image":{"@type":"ImageObject","inLanguage":"es","@id":"https:\/\/www.ucaldas.edu.co\/portal\/wp-content\/litespeed\/avatar\/09ea5085e600095a7a811142c6944527.jpg?ver=1777497608","url":"https:\/\/www.ucaldas.edu.co\/portal\/wp-content\/litespeed\/avatar\/09ea5085e600095a7a811142c6944527.jpg?ver=1777497608","contentUrl":"https:\/\/www.ucaldas.edu.co\/portal\/wp-content\/litespeed\/avatar\/09ea5085e600095a7a811142c6944527.jpg?ver=1777497608","caption":"ofiprensa"},"url":"https:\/\/www.ucaldas.edu.co\/portal\/author\/ofiprensa\/"}]}},"_links":{"self":[{"href":"https:\/\/www.ucaldas.edu.co\/portal\/wp-json\/wp\/v2\/posts\/7183","targetHints":{"allow":["GET"]}}],"collection":[{"href":"https:\/\/www.ucaldas.edu.co\/portal\/wp-json\/wp\/v2\/posts"}],"about":[{"href":"https:\/\/www.ucaldas.edu.co\/portal\/wp-json\/wp\/v2\/types\/post"}],"author":[{"embeddable":true,"href":"https:\/\/www.ucaldas.edu.co\/portal\/wp-json\/wp\/v2\/users\/2"}],"replies":[{"embeddable":true,"href":"https:\/\/www.ucaldas.edu.co\/portal\/wp-json\/wp\/v2\/comments?post=7183"}],"version-history":[{"count":0,"href":"https:\/\/www.ucaldas.edu.co\/portal\/wp-json\/wp\/v2\/posts\/7183\/revisions"}],"wp:attachment":[{"href":"https:\/\/www.ucaldas.edu.co\/portal\/wp-json\/wp\/v2\/media?parent=7183"}],"wp:term":[{"taxonomy":"category","embeddable":true,"href":"https:\/\/www.ucaldas.edu.co\/portal\/wp-json\/wp\/v2\/categories?post=7183"},{"taxonomy":"post_tag","embeddable":true,"href":"https:\/\/www.ucaldas.edu.co\/portal\/wp-json\/wp\/v2\/tags?post=7183"}],"curies":[{"name":"wp","href":"https:\/\/api.w.org\/{rel}","templated":true}]}}