{"id":718,"date":"2014-02-17T20:21:46","date_gmt":"2014-02-17T20:21:46","guid":{"rendered":"https:\/\/www.ucaldas.edu.co\/portal\/?p=718"},"modified":"2014-02-17T20:21:46","modified_gmt":"2014-02-17T20:21:46","slug":"las-injusticias-politicas-son-las-que-mas-afectan-al-medio-ambiental-jose-esteban-castro","status":"publish","type":"post","link":"https:\/\/www.ucaldas.edu.co\/portal\/las-injusticias-politicas-son-las-que-mas-afectan-al-medio-ambiental-jose-esteban-castro\/","title":{"rendered":"\u201cLas injusticias pol\u00edticas son las que m\u00e1s afectan al medio ambiente\u201d: Jos\u00e9 Esteban Castro"},"content":{"rendered":"<p align=\"center\"><span style=\"text-decoration: underline;\">PROFESOR DE U. DE NEWCASTLE VISIT\u00d3 U. DE CALDAS<br \/>\n<\/span><\/p>\n<p align=\"right\">14\/2\/2014<\/p>\n<p align=\"right\"><img loading=\"lazy\" decoding=\"async\" class=\"size-medium wp-image-723 alignleft\" style=\"margin: 10px;\" alt=\"conve\" src=\"https:\/\/www.ucaldas.edu.co\/portal\/wp-content\/uploads\/2014\/02\/conve-300x196.jpg\" width=\"300\" height=\"196\" \/>Redacci\u00f3n: Laura S\u00e1nchez Largo<\/p>\n<p style=\"text-align: justify;\">Para el docente Jos\u00e9 Esteban Castro Muzzupappa, de la <b>Universidad de Newcastle<\/b> (Inglaterra), <b>valorar las injusticias y desigualdades ambientales<\/b> que se producen en Latinoam\u00e9rica es muy importante para resolver <b>problemas de los gobiernos<\/b> como contaminaci\u00f3n del agua, la desertificaci\u00f3n y el desplazamiento por problemas ambientales, entre otros.<\/p>\n<p style=\"text-align: justify;\"><!--more--><\/p>\n<p style=\"text-align: justify;\"><b>Ecolog\u00eda pol\u00edtica<\/b> fue el tema que Castro Muzzupappa present\u00f3 en la <b>C\u00e1tedra Abierta Permanente de Actualidad Jur\u00eddica y Sociojur\u00eddica<\/b>, que se realiz\u00f3 el 14 de febrero del 2014, en la Sala Carlos N\u00e1der N\u00e1der<b> <\/b>Campus Central de la Universidad de Caldas.<\/p>\n<p style=\"text-align: justify;\">El conferencista comenz\u00f3 su conferencia con una reflexi\u00f3n sobre Prometeo, dios griego que descubri\u00f3 el fuego, s\u00edmbolo de la habilidad y de la inventiva humana, as\u00ed como del determinismo <b>tecnol\u00f3gico<\/b>. \u201c<b>La gente cree que a los problemas podemos darles soluciones tecnol\u00f3gicas<\/b>: crear un \u00e1rbol de pl\u00e1stico que genere ox\u00edgeno y hasta agua artificial para mejorar las condiciones\u201d, expres\u00f3.<\/p>\n<p style=\"text-align: justify;\">\u201cMuchas veces se habla de educaci\u00f3n ambiental para las personas de bajos recursos, pero tambi\u00e9n es importante hacerlo con las \u00e9lites, los intelectuales y mercantiles. Los grandes problemas son por la ceguera, porque no ven las grandes dificultades que confrontamos y de los que <b>necesitamos mejores pol\u00edticas con mejores personas<\/b>. Aqu\u00ed la universidad tiene un papel importante\u201d, expres\u00f3 el docente.<\/p>\n<p style=\"text-align: justify;\">El evento fue organizado por el Centro de Investigaci\u00f3n Sociojur\u00eddica (CIS), de la Facultad de Ciencias Jur\u00eddicas de la U. de Caldas.<\/p>\n<p style=\"text-align: justify;\"><b>Sobre el docente <\/b><\/p>\n<p style=\"text-align: justify;\">Castro Mazzupappa coordina una <b>red de investigaci\u00f3n sobre el agua llamada <i>Waterlat<\/i><\/b><i>,<\/i> dedicada a la investigaci\u00f3n, docencia y acci\u00f3n pr\u00e1ctica sobre la injusticia y desigualdad ambiental enfocados en el tema.<\/p>\n<p style=\"text-align: justify;\">Seg\u00fan el docente, la reuni\u00f3n que la red realiza anualmente se har\u00e1 en las instalaciones de la U. de Caldas en octubre del 2014. En la red de Waterlat tambi\u00e9n participan miembros de la Instituci\u00f3n caldense.<\/p>\n<p style=\"text-align: justify;\"><a href=\"https:\/\/www.facebook.com\/media\/set\/?set=a.643505715711297.1073742531.107054166023124&amp;type=1&amp;l=439edce664\">Conozca im\u00e1genes de la C\u00e1tedra Abierta Permanente de Actualidad Jur\u00eddica y Sociojur\u00eddica<\/a><\/p>\n<p style=\"text-align: justify;\"><b>Informes:<\/b> Oficina de Prensa U. de Caldas, tel\u00e9fono 878 15 00 extensi\u00f3n 12 167.<\/p>\n","protected":false},"excerpt":{"rendered":"<p>PROFESOR DE U. DE NEWCASTLE VISIT\u00d3 U. DE CALDAS 14\/2\/2014 Redacci\u00f3n: Laura S\u00e1nchez Largo Para el docente Jos\u00e9 Esteban Castro Muzzupappa, de la Universidad de Newcastle (Inglaterra), valorar las injusticias y desigualdades ambientales que se producen en Latinoam\u00e9rica es muy importante para resolver problemas de los gobiernos como contaminaci\u00f3n del agua, la desertificaci\u00f3n y el [&hellip;]<\/p>\n","protected":false},"author":2,"featured_media":0,"comment_status":"open","ping_status":"open","sticky":false,"template":"","format":"standard","meta":{"footnotes":""},"categories":[48,53],"tags":[1144,1145,1146,55,95,1134,1135,1136,1137,1138,1139,1140,1141,1142,1143],"class_list":["post-718","post","type-post","status-publish","format-standard","hentry","category-actualidad","category-universidad-al-dia","tag-latinoamerica","tag-red-de-investigacion","tag-universidad-de-newcastle","tag-academia","tag-universidad-de-caldas","tag-centro-de-investigacion-sociojuridica","tag-desertificacion","tag-desigualdad-ambiental","tag-desplazamiento","tag-determinismo-tecnologico","tag-elites","tag-etiquetas-ecologia-politica","tag-facultad-de-ciencias-juridicas","tag-injusticia","tag-jose-esteban-castro-muzzupappa"],"yoast_head":"<!-- This site is optimized with the Yoast SEO plugin v27.5 - https:\/\/yoast.com\/product\/yoast-seo-wordpress\/ -->\n<title>\u201cLas injusticias pol\u00edticas son las que m\u00e1s afectan al medio ambiente\u201d: Jos\u00e9 Esteban Castro .<\/title>\n<meta name=\"robots\" content=\"index, follow, max-snippet:-1, max-image-preview:large, max-video-preview:-1\" \/>\n<link rel=\"canonical\" href=\"https:\/\/www.ucaldas.edu.co\/portal\/las-injusticias-politicas-son-las-que-mas-afectan-al-medio-ambiental-jose-esteban-castro\/\" \/>\n<script type=\"application\/ld+json\" class=\"yoast-schema-graph\">{\"@context\":\"https:\\\/\\\/schema.org\",\"@graph\":[{\"@type\":\"Article\",\"@id\":\"https:\\\/\\\/www.ucaldas.edu.co\\\/portal\\\/las-injusticias-politicas-son-las-que-mas-afectan-al-medio-ambiental-jose-esteban-castro\\\/#article\",\"isPartOf\":{\"@id\":\"https:\\\/\\\/www.ucaldas.edu.co\\\/portal\\\/las-injusticias-politicas-son-las-que-mas-afectan-al-medio-ambiental-jose-esteban-castro\\\/\"},\"author\":{\"name\":\"ofiprensa\",\"@id\":\"https:\\\/\\\/www.ucaldas.edu.co\\\/portal\\\/#\\\/schema\\\/person\\\/a1b482e23449158b4bc319926c074fdf\"},\"headline\":\"\u201cLas injusticias pol\u00edticas son las que m\u00e1s afectan al medio ambiente\u201d: Jos\u00e9 Esteban Castro\",\"datePublished\":\"2014-02-17T20:21:46+00:00\",\"mainEntityOfPage\":{\"@id\":\"https:\\\/\\\/www.ucaldas.edu.co\\\/portal\\\/las-injusticias-politicas-son-las-que-mas-afectan-al-medio-ambiental-jose-esteban-castro\\\/\"},\"wordCount\":382,\"commentCount\":0,\"publisher\":{\"@id\":\"https:\\\/\\\/www.ucaldas.edu.co\\\/portal\\\/#organization\"},\"image\":{\"@id\":\"https:\\\/\\\/www.ucaldas.edu.co\\\/portal\\\/las-injusticias-politicas-son-las-que-mas-afectan-al-medio-ambiental-jose-esteban-castro\\\/#primaryimage\"},\"thumbnailUrl\":\"https:\\\/\\\/www.ucaldas.edu.co\\\/portal\\\/wp-content\\\/uploads\\\/2014\\\/02\\\/conve-300x196.jpg\",\"keywords\":[\"Latinoam\u00e9rica\",\"red de investigaci\u00f3n\",\"Universidad de Newcastle\",\"academia\",\"Universidad De Caldas\",\"Centro de Investigaci\u00f3n Sociojur\u00eddica\",\"desertificaci\u00f3n\",\"desigualdad ambiental\",\"desplazamiento\",\"determinismo tecnol\u00f3gico\",\"\u00e9lites\",\"Etiquetas: Ecolog\u00eda pol\u00edtica\",\"Facultad de Ciencias Jur\u00eddicas\",\"injusticia\",\"Jos\u00e9 Esteban Castro Muzzupappa\"],\"articleSection\":[\"Actualidad\",\"Universidad al D\u00eda\"],\"inLanguage\":\"es\",\"potentialAction\":[{\"@type\":\"CommentAction\",\"name\":\"Comment\",\"target\":[\"https:\\\/\\\/www.ucaldas.edu.co\\\/portal\\\/las-injusticias-politicas-son-las-que-mas-afectan-al-medio-ambiental-jose-esteban-castro\\\/#respond\"]}]},{\"@type\":\"WebPage\",\"@id\":\"https:\\\/\\\/www.ucaldas.edu.co\\\/portal\\\/las-injusticias-politicas-son-las-que-mas-afectan-al-medio-ambiental-jose-esteban-castro\\\/\",\"url\":\"https:\\\/\\\/www.ucaldas.edu.co\\\/portal\\\/las-injusticias-politicas-son-las-que-mas-afectan-al-medio-ambiental-jose-esteban-castro\\\/\",\"name\":\"\u201cLas injusticias pol\u00edticas son las que m\u00e1s afectan al medio ambiente\u201d: Jos\u00e9 Esteban Castro .\",\"isPartOf\":{\"@id\":\"https:\\\/\\\/www.ucaldas.edu.co\\\/portal\\\/#website\"},\"primaryImageOfPage\":{\"@id\":\"https:\\\/\\\/www.ucaldas.edu.co\\\/portal\\\/las-injusticias-politicas-son-las-que-mas-afectan-al-medio-ambiental-jose-esteban-castro\\\/#primaryimage\"},\"image\":{\"@id\":\"https:\\\/\\\/www.ucaldas.edu.co\\\/portal\\\/las-injusticias-politicas-son-las-que-mas-afectan-al-medio-ambiental-jose-esteban-castro\\\/#primaryimage\"},\"thumbnailUrl\":\"https:\\\/\\\/www.ucaldas.edu.co\\\/portal\\\/wp-content\\\/uploads\\\/2014\\\/02\\\/conve-300x196.jpg\",\"datePublished\":\"2014-02-17T20:21:46+00:00\",\"breadcrumb\":{\"@id\":\"https:\\\/\\\/www.ucaldas.edu.co\\\/portal\\\/las-injusticias-politicas-son-las-que-mas-afectan-al-medio-ambiental-jose-esteban-castro\\\/#breadcrumb\"},\"inLanguage\":\"es\",\"potentialAction\":[{\"@type\":\"ReadAction\",\"target\":[\"https:\\\/\\\/www.ucaldas.edu.co\\\/portal\\\/las-injusticias-politicas-son-las-que-mas-afectan-al-medio-ambiental-jose-esteban-castro\\\/\"]}]},{\"@type\":\"ImageObject\",\"inLanguage\":\"es\",\"@id\":\"https:\\\/\\\/www.ucaldas.edu.co\\\/portal\\\/las-injusticias-politicas-son-las-que-mas-afectan-al-medio-ambiental-jose-esteban-castro\\\/#primaryimage\",\"url\":\"https:\\\/\\\/www.ucaldas.edu.co\\\/portal\\\/wp-content\\\/uploads\\\/2014\\\/02\\\/conve-300x196.jpg\",\"contentUrl\":\"https:\\\/\\\/www.ucaldas.edu.co\\\/portal\\\/wp-content\\\/uploads\\\/2014\\\/02\\\/conve-300x196.jpg\"},{\"@type\":\"BreadcrumbList\",\"@id\":\"https:\\\/\\\/www.ucaldas.edu.co\\\/portal\\\/las-injusticias-politicas-son-las-que-mas-afectan-al-medio-ambiental-jose-esteban-castro\\\/#breadcrumb\",\"itemListElement\":[{\"@type\":\"ListItem\",\"position\":1,\"name\":\"Portada\",\"item\":\"https:\\\/\\\/www.ucaldas.edu.co\\\/portal\\\/\"},{\"@type\":\"ListItem\",\"position\":2,\"name\":\"\u201cLas injusticias pol\u00edticas son las que m\u00e1s afectan al medio ambiente\u201d: Jos\u00e9 Esteban Castro\"}]},{\"@type\":\"WebSite\",\"@id\":\"https:\\\/\\\/www.ucaldas.edu.co\\\/portal\\\/#website\",\"url\":\"https:\\\/\\\/www.ucaldas.edu.co\\\/portal\\\/\",\"name\":\"Universidad de Caldas\",\"description\":\"\",\"publisher\":{\"@id\":\"https:\\\/\\\/www.ucaldas.edu.co\\\/portal\\\/#organization\"},\"alternateName\":\"U. de Caldas\",\"potentialAction\":[{\"@type\":\"SearchAction\",\"target\":{\"@type\":\"EntryPoint\",\"urlTemplate\":\"https:\\\/\\\/www.ucaldas.edu.co\\\/portal\\\/?s={search_term_string}\"},\"query-input\":{\"@type\":\"PropertyValueSpecification\",\"valueRequired\":true,\"valueName\":\"search_term_string\"}}],\"inLanguage\":\"es\"},{\"@type\":\"Organization\",\"@id\":\"https:\\\/\\\/www.ucaldas.edu.co\\\/portal\\\/#organization\",\"name\":\"Universidad de Caldas\",\"alternateName\":\"U. de Caldas\",\"url\":\"https:\\\/\\\/www.ucaldas.edu.co\\\/portal\\\/\",\"logo\":{\"@type\":\"ImageObject\",\"inLanguage\":\"es\",\"@id\":\"https:\\\/\\\/www.ucaldas.edu.co\\\/portal\\\/#\\\/schema\\\/logo\\\/image\\\/\",\"url\":\"https:\\\/\\\/www.ucaldas.edu.co\\\/portal\\\/wp-content\\\/uploads\\\/2023\\\/11\\\/Logo_horizontal_oscuroU-2023.png\",\"contentUrl\":\"https:\\\/\\\/www.ucaldas.edu.co\\\/portal\\\/wp-content\\\/uploads\\\/2023\\\/11\\\/Logo_horizontal_oscuroU-2023.png\",\"width\":263,\"height\":101,\"caption\":\"Universidad de Caldas\"},\"image\":{\"@id\":\"https:\\\/\\\/www.ucaldas.edu.co\\\/portal\\\/#\\\/schema\\\/logo\\\/image\\\/\"},\"sameAs\":[\"https:\\\/\\\/www.facebook.com\\\/udecaldas\",\"https:\\\/\\\/x.com\\\/udecaldas\",\"https:\\\/\\\/www.youtube.com\\\/universidadcaldas\",\"https:\\\/\\\/www.instagram.com\\\/udecaldas\\\/\"]},{\"@type\":\"Person\",\"@id\":\"https:\\\/\\\/www.ucaldas.edu.co\\\/portal\\\/#\\\/schema\\\/person\\\/a1b482e23449158b4bc319926c074fdf\",\"name\":\"ofiprensa\",\"image\":{\"@type\":\"ImageObject\",\"inLanguage\":\"es\",\"@id\":\"https:\\\/\\\/www.ucaldas.edu.co\\\/portal\\\/wp-content\\\/litespeed\\\/avatar\\\/09ea5085e600095a7a811142c6944527.jpg?ver=1777497608\",\"url\":\"https:\\\/\\\/www.ucaldas.edu.co\\\/portal\\\/wp-content\\\/litespeed\\\/avatar\\\/09ea5085e600095a7a811142c6944527.jpg?ver=1777497608\",\"contentUrl\":\"https:\\\/\\\/www.ucaldas.edu.co\\\/portal\\\/wp-content\\\/litespeed\\\/avatar\\\/09ea5085e600095a7a811142c6944527.jpg?ver=1777497608\",\"caption\":\"ofiprensa\"},\"url\":\"https:\\\/\\\/www.ucaldas.edu.co\\\/portal\\\/author\\\/ofiprensa\\\/\"}]}<\/script>\n<!-- \/ Yoast SEO plugin. -->","yoast_head_json":{"title":"\u201cLas injusticias pol\u00edticas son las que m\u00e1s afectan al medio ambiente\u201d: Jos\u00e9 Esteban Castro .","robots":{"index":"index","follow":"follow","max-snippet":"max-snippet:-1","max-image-preview":"max-image-preview:large","max-video-preview":"max-video-preview:-1"},"canonical":"https:\/\/www.ucaldas.edu.co\/portal\/las-injusticias-politicas-son-las-que-mas-afectan-al-medio-ambiental-jose-esteban-castro\/","schema":{"@context":"https:\/\/schema.org","@graph":[{"@type":"Article","@id":"https:\/\/www.ucaldas.edu.co\/portal\/las-injusticias-politicas-son-las-que-mas-afectan-al-medio-ambiental-jose-esteban-castro\/#article","isPartOf":{"@id":"https:\/\/www.ucaldas.edu.co\/portal\/las-injusticias-politicas-son-las-que-mas-afectan-al-medio-ambiental-jose-esteban-castro\/"},"author":{"name":"ofiprensa","@id":"https:\/\/www.ucaldas.edu.co\/portal\/#\/schema\/person\/a1b482e23449158b4bc319926c074fdf"},"headline":"\u201cLas injusticias pol\u00edticas son las que m\u00e1s afectan al medio ambiente\u201d: Jos\u00e9 Esteban Castro","datePublished":"2014-02-17T20:21:46+00:00","mainEntityOfPage":{"@id":"https:\/\/www.ucaldas.edu.co\/portal\/las-injusticias-politicas-son-las-que-mas-afectan-al-medio-ambiental-jose-esteban-castro\/"},"wordCount":382,"commentCount":0,"publisher":{"@id":"https:\/\/www.ucaldas.edu.co\/portal\/#organization"},"image":{"@id":"https:\/\/www.ucaldas.edu.co\/portal\/las-injusticias-politicas-son-las-que-mas-afectan-al-medio-ambiental-jose-esteban-castro\/#primaryimage"},"thumbnailUrl":"https:\/\/www.ucaldas.edu.co\/portal\/wp-content\/uploads\/2014\/02\/conve-300x196.jpg","keywords":["Latinoam\u00e9rica","red de investigaci\u00f3n","Universidad de Newcastle","academia","Universidad De Caldas","Centro de Investigaci\u00f3n Sociojur\u00eddica","desertificaci\u00f3n","desigualdad ambiental","desplazamiento","determinismo tecnol\u00f3gico","\u00e9lites","Etiquetas: Ecolog\u00eda pol\u00edtica","Facultad de Ciencias Jur\u00eddicas","injusticia","Jos\u00e9 Esteban Castro Muzzupappa"],"articleSection":["Actualidad","Universidad al D\u00eda"],"inLanguage":"es","potentialAction":[{"@type":"CommentAction","name":"Comment","target":["https:\/\/www.ucaldas.edu.co\/portal\/las-injusticias-politicas-son-las-que-mas-afectan-al-medio-ambiental-jose-esteban-castro\/#respond"]}]},{"@type":"WebPage","@id":"https:\/\/www.ucaldas.edu.co\/portal\/las-injusticias-politicas-son-las-que-mas-afectan-al-medio-ambiental-jose-esteban-castro\/","url":"https:\/\/www.ucaldas.edu.co\/portal\/las-injusticias-politicas-son-las-que-mas-afectan-al-medio-ambiental-jose-esteban-castro\/","name":"\u201cLas injusticias pol\u00edticas son las que m\u00e1s afectan al medio ambiente\u201d: Jos\u00e9 Esteban Castro .","isPartOf":{"@id":"https:\/\/www.ucaldas.edu.co\/portal\/#website"},"primaryImageOfPage":{"@id":"https:\/\/www.ucaldas.edu.co\/portal\/las-injusticias-politicas-son-las-que-mas-afectan-al-medio-ambiental-jose-esteban-castro\/#primaryimage"},"image":{"@id":"https:\/\/www.ucaldas.edu.co\/portal\/las-injusticias-politicas-son-las-que-mas-afectan-al-medio-ambiental-jose-esteban-castro\/#primaryimage"},"thumbnailUrl":"https:\/\/www.ucaldas.edu.co\/portal\/wp-content\/uploads\/2014\/02\/conve-300x196.jpg","datePublished":"2014-02-17T20:21:46+00:00","breadcrumb":{"@id":"https:\/\/www.ucaldas.edu.co\/portal\/las-injusticias-politicas-son-las-que-mas-afectan-al-medio-ambiental-jose-esteban-castro\/#breadcrumb"},"inLanguage":"es","potentialAction":[{"@type":"ReadAction","target":["https:\/\/www.ucaldas.edu.co\/portal\/las-injusticias-politicas-son-las-que-mas-afectan-al-medio-ambiental-jose-esteban-castro\/"]}]},{"@type":"ImageObject","inLanguage":"es","@id":"https:\/\/www.ucaldas.edu.co\/portal\/las-injusticias-politicas-son-las-que-mas-afectan-al-medio-ambiental-jose-esteban-castro\/#primaryimage","url":"https:\/\/www.ucaldas.edu.co\/portal\/wp-content\/uploads\/2014\/02\/conve-300x196.jpg","contentUrl":"https:\/\/www.ucaldas.edu.co\/portal\/wp-content\/uploads\/2014\/02\/conve-300x196.jpg"},{"@type":"BreadcrumbList","@id":"https:\/\/www.ucaldas.edu.co\/portal\/las-injusticias-politicas-son-las-que-mas-afectan-al-medio-ambiental-jose-esteban-castro\/#breadcrumb","itemListElement":[{"@type":"ListItem","position":1,"name":"Portada","item":"https:\/\/www.ucaldas.edu.co\/portal\/"},{"@type":"ListItem","position":2,"name":"\u201cLas injusticias pol\u00edticas son las que m\u00e1s afectan al medio ambiente\u201d: Jos\u00e9 Esteban Castro"}]},{"@type":"WebSite","@id":"https:\/\/www.ucaldas.edu.co\/portal\/#website","url":"https:\/\/www.ucaldas.edu.co\/portal\/","name":"Universidad de Caldas","description":"","publisher":{"@id":"https:\/\/www.ucaldas.edu.co\/portal\/#organization"},"alternateName":"U. de Caldas","potentialAction":[{"@type":"SearchAction","target":{"@type":"EntryPoint","urlTemplate":"https:\/\/www.ucaldas.edu.co\/portal\/?s={search_term_string}"},"query-input":{"@type":"PropertyValueSpecification","valueRequired":true,"valueName":"search_term_string"}}],"inLanguage":"es"},{"@type":"Organization","@id":"https:\/\/www.ucaldas.edu.co\/portal\/#organization","name":"Universidad de Caldas","alternateName":"U. de Caldas","url":"https:\/\/www.ucaldas.edu.co\/portal\/","logo":{"@type":"ImageObject","inLanguage":"es","@id":"https:\/\/www.ucaldas.edu.co\/portal\/#\/schema\/logo\/image\/","url":"https:\/\/www.ucaldas.edu.co\/portal\/wp-content\/uploads\/2023\/11\/Logo_horizontal_oscuroU-2023.png","contentUrl":"https:\/\/www.ucaldas.edu.co\/portal\/wp-content\/uploads\/2023\/11\/Logo_horizontal_oscuroU-2023.png","width":263,"height":101,"caption":"Universidad de Caldas"},"image":{"@id":"https:\/\/www.ucaldas.edu.co\/portal\/#\/schema\/logo\/image\/"},"sameAs":["https:\/\/www.facebook.com\/udecaldas","https:\/\/x.com\/udecaldas","https:\/\/www.youtube.com\/universidadcaldas","https:\/\/www.instagram.com\/udecaldas\/"]},{"@type":"Person","@id":"https:\/\/www.ucaldas.edu.co\/portal\/#\/schema\/person\/a1b482e23449158b4bc319926c074fdf","name":"ofiprensa","image":{"@type":"ImageObject","inLanguage":"es","@id":"https:\/\/www.ucaldas.edu.co\/portal\/wp-content\/litespeed\/avatar\/09ea5085e600095a7a811142c6944527.jpg?ver=1777497608","url":"https:\/\/www.ucaldas.edu.co\/portal\/wp-content\/litespeed\/avatar\/09ea5085e600095a7a811142c6944527.jpg?ver=1777497608","contentUrl":"https:\/\/www.ucaldas.edu.co\/portal\/wp-content\/litespeed\/avatar\/09ea5085e600095a7a811142c6944527.jpg?ver=1777497608","caption":"ofiprensa"},"url":"https:\/\/www.ucaldas.edu.co\/portal\/author\/ofiprensa\/"}]}},"_links":{"self":[{"href":"https:\/\/www.ucaldas.edu.co\/portal\/wp-json\/wp\/v2\/posts\/718","targetHints":{"allow":["GET"]}}],"collection":[{"href":"https:\/\/www.ucaldas.edu.co\/portal\/wp-json\/wp\/v2\/posts"}],"about":[{"href":"https:\/\/www.ucaldas.edu.co\/portal\/wp-json\/wp\/v2\/types\/post"}],"author":[{"embeddable":true,"href":"https:\/\/www.ucaldas.edu.co\/portal\/wp-json\/wp\/v2\/users\/2"}],"replies":[{"embeddable":true,"href":"https:\/\/www.ucaldas.edu.co\/portal\/wp-json\/wp\/v2\/comments?post=718"}],"version-history":[{"count":0,"href":"https:\/\/www.ucaldas.edu.co\/portal\/wp-json\/wp\/v2\/posts\/718\/revisions"}],"wp:attachment":[{"href":"https:\/\/www.ucaldas.edu.co\/portal\/wp-json\/wp\/v2\/media?parent=718"}],"wp:term":[{"taxonomy":"category","embeddable":true,"href":"https:\/\/www.ucaldas.edu.co\/portal\/wp-json\/wp\/v2\/categories?post=718"},{"taxonomy":"post_tag","embeddable":true,"href":"https:\/\/www.ucaldas.edu.co\/portal\/wp-json\/wp\/v2\/tags?post=718"}],"curies":[{"name":"wp","href":"https:\/\/api.w.org\/{rel}","templated":true}]}}