{"id":7165,"date":"2011-02-22T09:57:53","date_gmt":"2011-02-22T14:57:53","guid":{"rendered":"https:\/\/www.ucaldas.edu.co\/portal\/?p=7165"},"modified":"2011-02-22T09:57:53","modified_gmt":"2011-02-22T14:57:53","slug":"estudiante-de-la-u-de-caldas-realizara-su-pasantia-de-doctorado-en-nueva-york","status":"publish","type":"post","link":"https:\/\/www.ucaldas.edu.co\/portal\/estudiante-de-la-u-de-caldas-realizara-su-pasantia-de-doctorado-en-nueva-york\/","title":{"rendered":"Estudiante de la U. de Caldas realizar\u00e1 su pasant\u00eda de doctorado en Nueva York"},"content":{"rendered":"<p>Desde este lunes 28 de febrero hasta el 15 de abril de 2011<\/p>\n<hr \/>\n<p align=\"center\">\n<p align=\"right\"><b>22\/02\/2011<\/b><\/p>\n<p><b>\u00a0<\/b><\/p>\n<table border=\"0\">\n<tbody>\n<tr>\n<td><img loading=\"lazy\" decoding=\"async\" style=\"border: 0px\" alt=\"Julio Cesar\" src=\"http:\/\/www.ucaldas.edu.co\/images\/tmp\/Julio_Cesar_Caicedo.jpg\" width=\"240\" height=\"150\" border=\"0\" \/><\/td>\n<td><b>Julio C\u00e9sar Caicedo Eraso<\/b>, estudiante de cuarto semestre del <b>Doctorado en Ciencias Biom\u00e9dicas de la Universidad de Caldas, <\/b>realizar\u00e1 su pasant\u00eda de doctorado en el <b>New York Obesity &amp; Nutrition Research Center<\/b> <b>&#8211; St. Luke&#8217;s-Roosevelt Hospital <\/b>(New York, Estados Unidos), desde este lunes <b>28 de febrero<\/b> hasta el <b>15 de abril<\/b> de 2011.<\/p>\n<p>&nbsp;<\/p>\n<p>El objetivo de la pasant\u00eda es recibir entrenamiento en t\u00e9cnicas avanzadas de medici\u00f3n de la composici\u00f3n corporal disponibles en dicho centro, debido a que sus investigaciones hacen parte del Semillero de Investigaci\u00f3n en Bioimpedancia E\u00e9ctrica de la U. de Caldas.<\/td>\n<\/tr>\n<\/tbody>\n<\/table>\n<p>&nbsp;<\/p>\n<p>&nbsp;<\/p>\n<p>Tambi\u00e9n aprender\u00e1 sobre temas como la hidrodensitometr\u00eda como t\u00e9cnica de referencia y observar\u00e1 otras t\u00e9cnicas de laboratorio avanzado que no se conocen en Colombia.<\/p>\n<p>&nbsp;<\/p>\n<p>\u201cEsta es una gran oportunidad para incrementar mis conocimientos en mi perfil profesional, adem\u00e1s quiero fortalecer las relaciones en esta experiencia, para abrirle caminos a otros estudiantes y realizar intercambios con expertos del centro de Nueva York y estudiantes de la U. de Caldas\u201d, coment\u00f3 Caicedo Eraso.<\/p>\n<p>&nbsp;<\/p>\n<p>Adem\u00e1s, <b>Caicedo Eraso<\/b> es <b>docente auxiliar<\/b> del <b>Departamento de Sistemas Inform\u00e1ticos<\/b>, de la Facultad de Ingenier\u00edas de la U. de Caldas; adem\u00e1s, es <b>Representante Profesoral Principal<\/b> ante el <b>Consejo de dicha Facultad.<\/b><\/p>\n<p>&nbsp;<\/p>\n<p>Respecto al proceso de pasant\u00eda en el doctorado, Caicedo Eraso afirm\u00f3: \u201cestuve alrededor de 3 meses realizando una pr\u00e1ctica nacional, luego, a trav\u00e9s de una b\u00fasqueda y con la ayuda de docentes de la U. de Caldas se present\u00f3 la oportunidad de iniciar una etapa de aprendizaje en el extranjero, proceso que tambi\u00e9n servir\u00e1 para mi pasant\u00eda doctoral\u201d.<\/p>\n<p>&nbsp;<\/p>\n<p><b>Pasant\u00eda nacional<\/b><\/p>\n<p>Desde el 13 de septiembre hasta el 6 de diciembre del 2010 Caicedo Eraso realiz\u00f3 su primera etapa de pr\u00e1ctica en el Centro Internacional de F\u00edsica (CIF) en la Universidad Nacional de Colombia, sede Bogot\u00e1. El objetivo fue recibir entrenamiento en t\u00e9cnicas electrofisiolog\u00eda celular y cursar la actividad acad\u00e9mica Biof\u00edsica.<\/p>\n<p>&nbsp;<\/p>\n<p><b>Informes:<\/b> con Julio Cesar Caicedo Eraso, en el celular: 300 787 3535 o en el correo electr\u00f3nico: <a href=\"mailto:julioc.caicedo@ucaldas.edu.co\" target=\"_blank\">julioc.caicedo@ucaldas.edu.co<\/a><\/p>\n","protected":false},"excerpt":{"rendered":"<p>Desde este lunes 28 de febrero hasta el 15 de abril de 2011 22\/02\/2011 \u00a0 Julio C\u00e9sar Caicedo Eraso, estudiante de cuarto semestre del Doctorado en Ciencias Biom\u00e9dicas de la Universidad de Caldas, realizar\u00e1 su pasant\u00eda de doctorado en el New York Obesity &amp; Nutrition Research Center &#8211; St. Luke&#8217;s-Roosevelt Hospital (New York, Estados Unidos), [&hellip;]<\/p>\n","protected":false},"author":2,"featured_media":0,"comment_status":"closed","ping_status":"closed","sticky":false,"template":"","format":"standard","meta":{"footnotes":""},"categories":[48,53],"tags":[],"class_list":["post-7165","post","type-post","status-publish","format-standard","hentry","category-actualidad","category-universidad-al-dia"],"yoast_head":"<!-- This site is optimized with the Yoast SEO plugin v27.5 - https:\/\/yoast.com\/product\/yoast-seo-wordpress\/ -->\n<title>Estudiante de la U. de Caldas realizar\u00e1 su pasant\u00eda de doctorado en Nueva York .<\/title>\n<meta name=\"robots\" content=\"index, follow, max-snippet:-1, max-image-preview:large, max-video-preview:-1\" \/>\n<link rel=\"canonical\" href=\"https:\/\/www.ucaldas.edu.co\/portal\/estudiante-de-la-u-de-caldas-realizara-su-pasantia-de-doctorado-en-nueva-york\/\" \/>\n<script type=\"application\/ld+json\" class=\"yoast-schema-graph\">{\"@context\":\"https:\\\/\\\/schema.org\",\"@graph\":[{\"@type\":\"Article\",\"@id\":\"https:\\\/\\\/www.ucaldas.edu.co\\\/portal\\\/estudiante-de-la-u-de-caldas-realizara-su-pasantia-de-doctorado-en-nueva-york\\\/#article\",\"isPartOf\":{\"@id\":\"https:\\\/\\\/www.ucaldas.edu.co\\\/portal\\\/estudiante-de-la-u-de-caldas-realizara-su-pasantia-de-doctorado-en-nueva-york\\\/\"},\"author\":{\"name\":\"ofiprensa\",\"@id\":\"https:\\\/\\\/www.ucaldas.edu.co\\\/portal\\\/#\\\/schema\\\/person\\\/a1b482e23449158b4bc319926c074fdf\"},\"headline\":\"Estudiante de la U. de Caldas realizar\u00e1 su pasant\u00eda de doctorado en Nueva York\",\"datePublished\":\"2011-02-22T14:57:53+00:00\",\"mainEntityOfPage\":{\"@id\":\"https:\\\/\\\/www.ucaldas.edu.co\\\/portal\\\/estudiante-de-la-u-de-caldas-realizara-su-pasantia-de-doctorado-en-nueva-york\\\/\"},\"wordCount\":384,\"publisher\":{\"@id\":\"https:\\\/\\\/www.ucaldas.edu.co\\\/portal\\\/#organization\"},\"image\":{\"@id\":\"https:\\\/\\\/www.ucaldas.edu.co\\\/portal\\\/estudiante-de-la-u-de-caldas-realizara-su-pasantia-de-doctorado-en-nueva-york\\\/#primaryimage\"},\"thumbnailUrl\":\"http:\\\/\\\/www.ucaldas.edu.co\\\/images\\\/tmp\\\/Julio_Cesar_Caicedo.jpg\",\"articleSection\":[\"Actualidad\",\"Universidad al D\u00eda\"],\"inLanguage\":\"es\"},{\"@type\":\"WebPage\",\"@id\":\"https:\\\/\\\/www.ucaldas.edu.co\\\/portal\\\/estudiante-de-la-u-de-caldas-realizara-su-pasantia-de-doctorado-en-nueva-york\\\/\",\"url\":\"https:\\\/\\\/www.ucaldas.edu.co\\\/portal\\\/estudiante-de-la-u-de-caldas-realizara-su-pasantia-de-doctorado-en-nueva-york\\\/\",\"name\":\"Estudiante de la U. de Caldas realizar\u00e1 su pasant\u00eda de doctorado en Nueva York .\",\"isPartOf\":{\"@id\":\"https:\\\/\\\/www.ucaldas.edu.co\\\/portal\\\/#website\"},\"primaryImageOfPage\":{\"@id\":\"https:\\\/\\\/www.ucaldas.edu.co\\\/portal\\\/estudiante-de-la-u-de-caldas-realizara-su-pasantia-de-doctorado-en-nueva-york\\\/#primaryimage\"},\"image\":{\"@id\":\"https:\\\/\\\/www.ucaldas.edu.co\\\/portal\\\/estudiante-de-la-u-de-caldas-realizara-su-pasantia-de-doctorado-en-nueva-york\\\/#primaryimage\"},\"thumbnailUrl\":\"http:\\\/\\\/www.ucaldas.edu.co\\\/images\\\/tmp\\\/Julio_Cesar_Caicedo.jpg\",\"datePublished\":\"2011-02-22T14:57:53+00:00\",\"breadcrumb\":{\"@id\":\"https:\\\/\\\/www.ucaldas.edu.co\\\/portal\\\/estudiante-de-la-u-de-caldas-realizara-su-pasantia-de-doctorado-en-nueva-york\\\/#breadcrumb\"},\"inLanguage\":\"es\",\"potentialAction\":[{\"@type\":\"ReadAction\",\"target\":[\"https:\\\/\\\/www.ucaldas.edu.co\\\/portal\\\/estudiante-de-la-u-de-caldas-realizara-su-pasantia-de-doctorado-en-nueva-york\\\/\"]}]},{\"@type\":\"ImageObject\",\"inLanguage\":\"es\",\"@id\":\"https:\\\/\\\/www.ucaldas.edu.co\\\/portal\\\/estudiante-de-la-u-de-caldas-realizara-su-pasantia-de-doctorado-en-nueva-york\\\/#primaryimage\",\"url\":\"http:\\\/\\\/www.ucaldas.edu.co\\\/images\\\/tmp\\\/Julio_Cesar_Caicedo.jpg\",\"contentUrl\":\"http:\\\/\\\/www.ucaldas.edu.co\\\/images\\\/tmp\\\/Julio_Cesar_Caicedo.jpg\"},{\"@type\":\"BreadcrumbList\",\"@id\":\"https:\\\/\\\/www.ucaldas.edu.co\\\/portal\\\/estudiante-de-la-u-de-caldas-realizara-su-pasantia-de-doctorado-en-nueva-york\\\/#breadcrumb\",\"itemListElement\":[{\"@type\":\"ListItem\",\"position\":1,\"name\":\"Portada\",\"item\":\"https:\\\/\\\/www.ucaldas.edu.co\\\/portal\\\/\"},{\"@type\":\"ListItem\",\"position\":2,\"name\":\"Estudiante de la U. de Caldas realizar\u00e1 su pasant\u00eda de doctorado en Nueva York\"}]},{\"@type\":\"WebSite\",\"@id\":\"https:\\\/\\\/www.ucaldas.edu.co\\\/portal\\\/#website\",\"url\":\"https:\\\/\\\/www.ucaldas.edu.co\\\/portal\\\/\",\"name\":\"Universidad de Caldas\",\"description\":\"\",\"publisher\":{\"@id\":\"https:\\\/\\\/www.ucaldas.edu.co\\\/portal\\\/#organization\"},\"alternateName\":\"U. de Caldas\",\"potentialAction\":[{\"@type\":\"SearchAction\",\"target\":{\"@type\":\"EntryPoint\",\"urlTemplate\":\"https:\\\/\\\/www.ucaldas.edu.co\\\/portal\\\/?s={search_term_string}\"},\"query-input\":{\"@type\":\"PropertyValueSpecification\",\"valueRequired\":true,\"valueName\":\"search_term_string\"}}],\"inLanguage\":\"es\"},{\"@type\":\"Organization\",\"@id\":\"https:\\\/\\\/www.ucaldas.edu.co\\\/portal\\\/#organization\",\"name\":\"Universidad de Caldas\",\"alternateName\":\"U. de Caldas\",\"url\":\"https:\\\/\\\/www.ucaldas.edu.co\\\/portal\\\/\",\"logo\":{\"@type\":\"ImageObject\",\"inLanguage\":\"es\",\"@id\":\"https:\\\/\\\/www.ucaldas.edu.co\\\/portal\\\/#\\\/schema\\\/logo\\\/image\\\/\",\"url\":\"https:\\\/\\\/www.ucaldas.edu.co\\\/portal\\\/wp-content\\\/uploads\\\/2023\\\/11\\\/Logo_horizontal_oscuroU-2023.png\",\"contentUrl\":\"https:\\\/\\\/www.ucaldas.edu.co\\\/portal\\\/wp-content\\\/uploads\\\/2023\\\/11\\\/Logo_horizontal_oscuroU-2023.png\",\"width\":263,\"height\":101,\"caption\":\"Universidad de Caldas\"},\"image\":{\"@id\":\"https:\\\/\\\/www.ucaldas.edu.co\\\/portal\\\/#\\\/schema\\\/logo\\\/image\\\/\"},\"sameAs\":[\"https:\\\/\\\/www.facebook.com\\\/udecaldas\",\"https:\\\/\\\/x.com\\\/udecaldas\",\"https:\\\/\\\/www.youtube.com\\\/universidadcaldas\",\"https:\\\/\\\/www.instagram.com\\\/udecaldas\\\/\"]},{\"@type\":\"Person\",\"@id\":\"https:\\\/\\\/www.ucaldas.edu.co\\\/portal\\\/#\\\/schema\\\/person\\\/a1b482e23449158b4bc319926c074fdf\",\"name\":\"ofiprensa\",\"image\":{\"@type\":\"ImageObject\",\"inLanguage\":\"es\",\"@id\":\"https:\\\/\\\/www.ucaldas.edu.co\\\/portal\\\/wp-content\\\/litespeed\\\/avatar\\\/09ea5085e600095a7a811142c6944527.jpg?ver=1777497608\",\"url\":\"https:\\\/\\\/www.ucaldas.edu.co\\\/portal\\\/wp-content\\\/litespeed\\\/avatar\\\/09ea5085e600095a7a811142c6944527.jpg?ver=1777497608\",\"contentUrl\":\"https:\\\/\\\/www.ucaldas.edu.co\\\/portal\\\/wp-content\\\/litespeed\\\/avatar\\\/09ea5085e600095a7a811142c6944527.jpg?ver=1777497608\",\"caption\":\"ofiprensa\"},\"url\":\"https:\\\/\\\/www.ucaldas.edu.co\\\/portal\\\/author\\\/ofiprensa\\\/\"}]}<\/script>\n<!-- \/ Yoast SEO plugin. -->","yoast_head_json":{"title":"Estudiante de la U. de Caldas realizar\u00e1 su pasant\u00eda de doctorado en Nueva York .","robots":{"index":"index","follow":"follow","max-snippet":"max-snippet:-1","max-image-preview":"max-image-preview:large","max-video-preview":"max-video-preview:-1"},"canonical":"https:\/\/www.ucaldas.edu.co\/portal\/estudiante-de-la-u-de-caldas-realizara-su-pasantia-de-doctorado-en-nueva-york\/","schema":{"@context":"https:\/\/schema.org","@graph":[{"@type":"Article","@id":"https:\/\/www.ucaldas.edu.co\/portal\/estudiante-de-la-u-de-caldas-realizara-su-pasantia-de-doctorado-en-nueva-york\/#article","isPartOf":{"@id":"https:\/\/www.ucaldas.edu.co\/portal\/estudiante-de-la-u-de-caldas-realizara-su-pasantia-de-doctorado-en-nueva-york\/"},"author":{"name":"ofiprensa","@id":"https:\/\/www.ucaldas.edu.co\/portal\/#\/schema\/person\/a1b482e23449158b4bc319926c074fdf"},"headline":"Estudiante de la U. de Caldas realizar\u00e1 su pasant\u00eda de doctorado en Nueva York","datePublished":"2011-02-22T14:57:53+00:00","mainEntityOfPage":{"@id":"https:\/\/www.ucaldas.edu.co\/portal\/estudiante-de-la-u-de-caldas-realizara-su-pasantia-de-doctorado-en-nueva-york\/"},"wordCount":384,"publisher":{"@id":"https:\/\/www.ucaldas.edu.co\/portal\/#organization"},"image":{"@id":"https:\/\/www.ucaldas.edu.co\/portal\/estudiante-de-la-u-de-caldas-realizara-su-pasantia-de-doctorado-en-nueva-york\/#primaryimage"},"thumbnailUrl":"http:\/\/www.ucaldas.edu.co\/images\/tmp\/Julio_Cesar_Caicedo.jpg","articleSection":["Actualidad","Universidad al D\u00eda"],"inLanguage":"es"},{"@type":"WebPage","@id":"https:\/\/www.ucaldas.edu.co\/portal\/estudiante-de-la-u-de-caldas-realizara-su-pasantia-de-doctorado-en-nueva-york\/","url":"https:\/\/www.ucaldas.edu.co\/portal\/estudiante-de-la-u-de-caldas-realizara-su-pasantia-de-doctorado-en-nueva-york\/","name":"Estudiante de la U. de Caldas realizar\u00e1 su pasant\u00eda de doctorado en Nueva York .","isPartOf":{"@id":"https:\/\/www.ucaldas.edu.co\/portal\/#website"},"primaryImageOfPage":{"@id":"https:\/\/www.ucaldas.edu.co\/portal\/estudiante-de-la-u-de-caldas-realizara-su-pasantia-de-doctorado-en-nueva-york\/#primaryimage"},"image":{"@id":"https:\/\/www.ucaldas.edu.co\/portal\/estudiante-de-la-u-de-caldas-realizara-su-pasantia-de-doctorado-en-nueva-york\/#primaryimage"},"thumbnailUrl":"http:\/\/www.ucaldas.edu.co\/images\/tmp\/Julio_Cesar_Caicedo.jpg","datePublished":"2011-02-22T14:57:53+00:00","breadcrumb":{"@id":"https:\/\/www.ucaldas.edu.co\/portal\/estudiante-de-la-u-de-caldas-realizara-su-pasantia-de-doctorado-en-nueva-york\/#breadcrumb"},"inLanguage":"es","potentialAction":[{"@type":"ReadAction","target":["https:\/\/www.ucaldas.edu.co\/portal\/estudiante-de-la-u-de-caldas-realizara-su-pasantia-de-doctorado-en-nueva-york\/"]}]},{"@type":"ImageObject","inLanguage":"es","@id":"https:\/\/www.ucaldas.edu.co\/portal\/estudiante-de-la-u-de-caldas-realizara-su-pasantia-de-doctorado-en-nueva-york\/#primaryimage","url":"http:\/\/www.ucaldas.edu.co\/images\/tmp\/Julio_Cesar_Caicedo.jpg","contentUrl":"http:\/\/www.ucaldas.edu.co\/images\/tmp\/Julio_Cesar_Caicedo.jpg"},{"@type":"BreadcrumbList","@id":"https:\/\/www.ucaldas.edu.co\/portal\/estudiante-de-la-u-de-caldas-realizara-su-pasantia-de-doctorado-en-nueva-york\/#breadcrumb","itemListElement":[{"@type":"ListItem","position":1,"name":"Portada","item":"https:\/\/www.ucaldas.edu.co\/portal\/"},{"@type":"ListItem","position":2,"name":"Estudiante de la U. de Caldas realizar\u00e1 su pasant\u00eda de doctorado en Nueva York"}]},{"@type":"WebSite","@id":"https:\/\/www.ucaldas.edu.co\/portal\/#website","url":"https:\/\/www.ucaldas.edu.co\/portal\/","name":"Universidad de Caldas","description":"","publisher":{"@id":"https:\/\/www.ucaldas.edu.co\/portal\/#organization"},"alternateName":"U. de Caldas","potentialAction":[{"@type":"SearchAction","target":{"@type":"EntryPoint","urlTemplate":"https:\/\/www.ucaldas.edu.co\/portal\/?s={search_term_string}"},"query-input":{"@type":"PropertyValueSpecification","valueRequired":true,"valueName":"search_term_string"}}],"inLanguage":"es"},{"@type":"Organization","@id":"https:\/\/www.ucaldas.edu.co\/portal\/#organization","name":"Universidad de Caldas","alternateName":"U. de Caldas","url":"https:\/\/www.ucaldas.edu.co\/portal\/","logo":{"@type":"ImageObject","inLanguage":"es","@id":"https:\/\/www.ucaldas.edu.co\/portal\/#\/schema\/logo\/image\/","url":"https:\/\/www.ucaldas.edu.co\/portal\/wp-content\/uploads\/2023\/11\/Logo_horizontal_oscuroU-2023.png","contentUrl":"https:\/\/www.ucaldas.edu.co\/portal\/wp-content\/uploads\/2023\/11\/Logo_horizontal_oscuroU-2023.png","width":263,"height":101,"caption":"Universidad de Caldas"},"image":{"@id":"https:\/\/www.ucaldas.edu.co\/portal\/#\/schema\/logo\/image\/"},"sameAs":["https:\/\/www.facebook.com\/udecaldas","https:\/\/x.com\/udecaldas","https:\/\/www.youtube.com\/universidadcaldas","https:\/\/www.instagram.com\/udecaldas\/"]},{"@type":"Person","@id":"https:\/\/www.ucaldas.edu.co\/portal\/#\/schema\/person\/a1b482e23449158b4bc319926c074fdf","name":"ofiprensa","image":{"@type":"ImageObject","inLanguage":"es","@id":"https:\/\/www.ucaldas.edu.co\/portal\/wp-content\/litespeed\/avatar\/09ea5085e600095a7a811142c6944527.jpg?ver=1777497608","url":"https:\/\/www.ucaldas.edu.co\/portal\/wp-content\/litespeed\/avatar\/09ea5085e600095a7a811142c6944527.jpg?ver=1777497608","contentUrl":"https:\/\/www.ucaldas.edu.co\/portal\/wp-content\/litespeed\/avatar\/09ea5085e600095a7a811142c6944527.jpg?ver=1777497608","caption":"ofiprensa"},"url":"https:\/\/www.ucaldas.edu.co\/portal\/author\/ofiprensa\/"}]}},"_links":{"self":[{"href":"https:\/\/www.ucaldas.edu.co\/portal\/wp-json\/wp\/v2\/posts\/7165","targetHints":{"allow":["GET"]}}],"collection":[{"href":"https:\/\/www.ucaldas.edu.co\/portal\/wp-json\/wp\/v2\/posts"}],"about":[{"href":"https:\/\/www.ucaldas.edu.co\/portal\/wp-json\/wp\/v2\/types\/post"}],"author":[{"embeddable":true,"href":"https:\/\/www.ucaldas.edu.co\/portal\/wp-json\/wp\/v2\/users\/2"}],"replies":[{"embeddable":true,"href":"https:\/\/www.ucaldas.edu.co\/portal\/wp-json\/wp\/v2\/comments?post=7165"}],"version-history":[{"count":0,"href":"https:\/\/www.ucaldas.edu.co\/portal\/wp-json\/wp\/v2\/posts\/7165\/revisions"}],"wp:attachment":[{"href":"https:\/\/www.ucaldas.edu.co\/portal\/wp-json\/wp\/v2\/media?parent=7165"}],"wp:term":[{"taxonomy":"category","embeddable":true,"href":"https:\/\/www.ucaldas.edu.co\/portal\/wp-json\/wp\/v2\/categories?post=7165"},{"taxonomy":"post_tag","embeddable":true,"href":"https:\/\/www.ucaldas.edu.co\/portal\/wp-json\/wp\/v2\/tags?post=7165"}],"curies":[{"name":"wp","href":"https:\/\/api.w.org\/{rel}","templated":true}]}}