{"id":71604,"date":"2022-08-11T22:16:18","date_gmt":"2022-08-11T22:16:18","guid":{"rendered":"https:\/\/www.ucaldas.edu.co\/portal\/?p=71604"},"modified":"2022-08-11T22:16:18","modified_gmt":"2022-08-11T22:16:18","slug":"la-proxima-semana-comienza-la-decimo-tercera-feria-del-libro-de-manizales","status":"publish","type":"post","link":"https:\/\/www.ucaldas.edu.co\/portal\/la-proxima-semana-comienza-la-decimo-tercera-feria-del-libro-de-manizales\/","title":{"rendered":"La pr\u00f3xima semana comienza la d\u00e9cimo tercera Feria del Libro de Manizales"},"content":{"rendered":"<p><img loading=\"lazy\" decoding=\"async\" class=\"aligncenter size-full wp-image-71605\" src=\"https:\/\/www.ucaldas.edu.co\/portal\/wp-content\/uploads\/2022\/08\/feria-libro.jpg\" alt=\"Del 16 al 21 de agosto, los visitantes podr\u00e1n disfrutar de una amplia muestra editorial con expositores comerciales\" width=\"700\" height=\"400\" srcset=\"https:\/\/www.ucaldas.edu.co\/portal\/wp-content\/uploads\/2022\/08\/feria-libro.jpg 700w, https:\/\/www.ucaldas.edu.co\/portal\/wp-content\/uploads\/2022\/08\/feria-libro-300x171.jpg 300w\" sizes=\"auto, (max-width: 700px) 100vw, 700px\" \/><\/p>\n<p>La Feria del Libro de Manizales, en su d\u00e9cimo tercera versi\u00f3n, vuelve a la presencialidad y el Centro Cultural Universitario Rogelio Salmona abre sus puertas para ser el lugar donde viven las palabras y acoger este evento de ciudad que tiene como objetivo fomentar la lectura en ni\u00f1os, ni\u00f1as, j\u00f3venes y adultos, y promover la oferta cultural en la regi\u00f3n, con una variada propuesta editorial, acad\u00e9mica y cultural.<\/p>\n<p><!--more--><\/p>\n<p>En los \u00faltimos dos a\u00f1os, la Feria se desarroll\u00f3 desde la virtualidad debido a las medidas de aislamiento decretadas por el Gobierno Nacional a causa de la pandemia por el Covid-19, sin embargo, este a\u00f1o, el evento nos convoca de nuevo a reunirnos en un mismo escenario y a dialogar con las diferentes voces de la literatura regional, nacional e internacional, a enamorarnos de los libros y descubrir las formas de narrar y leer de los nuevos tiempos.<\/p>\n<p>\u201cVenimos de dos versiones virtuales que nos permitieron llegar a nuevos p\u00fablicos, en ese sentido fue muy valiosa la experiencia, pero definitivamente hay que volver a la presencialidad. Hay que volver, adem\u00e1s, al Centro Cultural Universitario Rogelio Salmona, que es una joya arquitect\u00f3nica, que alberga la biblioteca de la Universidad de Caldas y que albergar\u00e1 durante estos d\u00edas la exhibici\u00f3n editorial m\u00e1s amplia que hayamos tenido en todas nuestras versiones de la Feria. Queremos que los lectores vuelvan aqu\u00ed. No solo son los libros y los escritores, tambi\u00e9n es el hecho de apropiarnos de un espacio que debe ser patrimonio y cotidianidad de los manizale\u00f1os. Por eso estamos diciendo que el CCU Rogelio Salmona es el lugar en donde viven las palabras\u201d, asegur\u00f3 el director cultural de la Feria, Octavio Escobar Giraldo.<\/p>\n<p>Del 16 al 21 de agosto, los visitantes podr\u00e1n disfrutar de una amplia muestra editorial con expositores comerciales, acad\u00e9micos e independientes de todo el pa\u00eds, y una variada programaci\u00f3n que incluye presentaciones de libros, conversaciones, talleres, conciertos y actividades culturales dirigidas a p\u00fablicos de todas las edades.<\/p>\n<p>Gracias al apoyo del ICETEX, el Banco de la Rep\u00fablica, el Ministerio de Cultura, la Universidad de Caldas y Acci\u00f3n Cultural Espa\u00f1ola PICE, tendremos destacados invitados internacionales, como Afonso Cruz, Yolanda Regidor, Silvia Castillero, y Antonio Mar\u00eda Fl\u00f3rez, y nacionales, como Pilar Quintana, Alonso S\u00e1nchez Baute, Triunfo Arciniegas, Gilmer Mesa y Juliana Javierre, entre otros, quienes estar\u00e1n presentando sus libros y participando de di\u00e1logos y diversas actividades a lo largo de la semana.<\/p>\n<p>Este a\u00f1o el c\u00f3mic, el fanzine y las editoriales independientes tendr\u00e1n lugar en la franja C\u00f3mic en las monta\u00f1as, un espacio que posibilita el encuentro de autores, editores, gestores, investigadores y lectores de c\u00f3mic de diferentes disciplinas art\u00edsticas y profesionales que se re\u00fanen en torno a la narrativa gr\u00e1fica para reflexionar acerca de su estado actual. La franja contar\u00e1 con talleres, exposiciones, foros y otras actividades que buscan dinamizar y visibilizar diversas pr\u00e1cticas dentro de la historieta, explorar su propuesta de valor y su relaci\u00f3n con el mercado editorial y otros ecosistemas creativos. Entre los invitados destacados est\u00e1n Pablo Boffelli y Elisa McCausland, quienes, entre otras actividades, participar\u00e1n en los paneles \u201cPunto y l\u00ednea sobre la vi\u00f1eta. Las m\u00faltiples est\u00e9ticas del c\u00f3mic\u201d, y \u201cGenealog\u00eda del c\u00f3mic de autora\u201d.<\/p>\n<p>La programaci\u00f3n infantil tambi\u00e9n se destaca en esta versi\u00f3n. Con el apoyo del Centro Cultural del Banco de la Rep\u00fablica la Feria tendr\u00e1 un pabell\u00f3n dedicado especialmente a la muestra de libros infantiles, y contar\u00e1 con herramientas l\u00fadicas y actividades dirigidas al p\u00fablico de los m\u00e1s peque\u00f1os; por otro lado, se desarrollar\u00e1n talleres en los colegios de la ciudad y el escritor colombiano de literatura infantil, Triunfo Arciniegas desarrollar\u00e1 un novedoso trabajo de promoci\u00f3n de lectura con ni\u00f1os y ni\u00f1as en la Biblioteca del Banco de la Rep\u00fablica. Por otro lado, la Universidad de Manizales, en el marco de sus 50 a\u00f1os, tendr\u00e1 una franja especial con programaci\u00f3n acad\u00e9mica, cultural e investigativa.<\/p>\n<p>Otra de las grandes apuestas ser\u00e1 la presentaci\u00f3n del Informe Final de la Comisi\u00f3n de la Verdad, relacionado espec\u00edficamente a lo sucedido en el Eje Cafetero a ra\u00edz del conflicto armado. Esta ser\u00e1 una oportunidad de reflexionar en conjunto lo ocurrido en el territorio y las m\u00faltiples violencias que lo afectaron. Adem\u00e1s, permitir\u00e1 abrirle las puertas al perd\u00f3n y a la reconciliaci\u00f3n, desde el reconocimiento de un pasado doloroso y el planteamiento de un futuro posible como sociedad.<\/p>\n<p>La inauguraci\u00f3n de la Feria se llevar\u00e1 a cabo el martes 16 a las 6:00 p.m. en el Auditorio Principal del Rogelio Salmona y tendr\u00e1 la presencia de Pilar Quintana y Natalia Mej\u00eda, quienes realizar\u00e1n el conversatorio Mujeres que alzan su voz, en el marco de la Biblioteca de Escritoras Colombianas, proyecto en el que se rescata el camino de las mujeres escritoras del pa\u00eds y, para este evento, hace \u00e9nfasis en las autoras del Eje Cafetero: Maruja Vieira y Alba luc\u00eda \u00c1ngel.<\/p>\n<p>De esta forma comienza la cuenta regresiva para la fiesta de las letras con la Feria del Libro de Manizales, un espacio que tendr\u00e1 seis d\u00edas llenos literatura, poes\u00eda, escritores internacionales y nacionales, m\u00fasica, arte y cultura, una feria que, a lo largo del tiempo, busca incluir a todo tipo de p\u00fablicos y presentar novedades que est\u00e1n a la vanguardia de la expresi\u00f3n editorial y literaria y ha logrado instaurarse en el coraz\u00f3n de los manizale\u00f1os y de los visitantes que llegan a la ciudad para vivir de manera acogedora el lugar donde viven las palabras.<\/p>\n<p>&nbsp;<\/p>\n<p><strong>Anexo:<br \/>\n<\/strong><strong><a href=\"https:\/\/go.ivoox.com\/rf\/90977889\">Audio director Feria del Libro, Octavio Escobar Giraldo<\/a><br \/>\n<iframe loading=\"lazy\" src=\"https:\/\/www.ivoox.com\/player_ek_90981415_2_1.html\" width=\"238\" height=\"48\" frameborder=\"0\" scrolling=\"no\" allowfullscreen=\"allowfullscreen\"><\/iframe><\/strong><\/p>\n<p>&nbsp;<\/p>\n<p><strong>Informes: <\/strong>Oficina de Comunicaciones y Prensa Universidad de Caldas.<br \/>\n<strong>Redacci\u00f3n:<\/strong> Juana Valentina Bustos<\/p>\n<p>&nbsp;<\/p>\n","protected":false},"excerpt":{"rendered":"<p>La Feria del Libro de Manizales, en su d\u00e9cimo tercera versi\u00f3n, vuelve a la presencialidad y el Centro Cultural Universitario Rogelio Salmona abre sus puertas para ser el lugar donde viven las palabras y acoger este evento de ciudad que tiene como objetivo fomentar la lectura en ni\u00f1os, ni\u00f1as, j\u00f3venes y adultos, y promover la [&hellip;]<\/p>\n","protected":false},"author":2,"featured_media":71605,"comment_status":"closed","ping_status":"open","sticky":false,"template":"","format":"standard","meta":{"footnotes":""},"categories":[48,53,664],"tags":[717,743,1404,2423,3882,8912],"class_list":["post-71604","post","type-post","status-publish","format-standard","has-post-thumbnail","hentry","category-actualidad","category-universidad-al-dia","category-ucaldas-cultural","tag-feria-del-libro","tag-manizales","tag-novedades","tag-mujeres","tag-escritores","tag-agosto"],"yoast_head":"<!-- This site is optimized with the Yoast SEO plugin v27.5 - https:\/\/yoast.com\/product\/yoast-seo-wordpress\/ -->\n<title>La pr\u00f3xima semana comienza la d\u00e9cimo tercera Feria del Libro de Manizales .<\/title>\n<meta name=\"robots\" content=\"index, follow, max-snippet:-1, max-image-preview:large, max-video-preview:-1\" \/>\n<link rel=\"canonical\" href=\"https:\/\/www.ucaldas.edu.co\/portal\/la-proxima-semana-comienza-la-decimo-tercera-feria-del-libro-de-manizales\/\" \/>\n<script type=\"application\/ld+json\" class=\"yoast-schema-graph\">{\"@context\":\"https:\\\/\\\/schema.org\",\"@graph\":[{\"@type\":\"Article\",\"@id\":\"https:\\\/\\\/www.ucaldas.edu.co\\\/portal\\\/la-proxima-semana-comienza-la-decimo-tercera-feria-del-libro-de-manizales\\\/#article\",\"isPartOf\":{\"@id\":\"https:\\\/\\\/www.ucaldas.edu.co\\\/portal\\\/la-proxima-semana-comienza-la-decimo-tercera-feria-del-libro-de-manizales\\\/\"},\"author\":{\"name\":\"ofiprensa\",\"@id\":\"https:\\\/\\\/www.ucaldas.edu.co\\\/portal\\\/#\\\/schema\\\/person\\\/a1b482e23449158b4bc319926c074fdf\"},\"headline\":\"La pr\u00f3xima semana comienza la d\u00e9cimo tercera Feria del Libro de Manizales\",\"datePublished\":\"2022-08-11T22:16:18+00:00\",\"mainEntityOfPage\":{\"@id\":\"https:\\\/\\\/www.ucaldas.edu.co\\\/portal\\\/la-proxima-semana-comienza-la-decimo-tercera-feria-del-libro-de-manizales\\\/\"},\"wordCount\":1019,\"publisher\":{\"@id\":\"https:\\\/\\\/www.ucaldas.edu.co\\\/portal\\\/#organization\"},\"image\":{\"@id\":\"https:\\\/\\\/www.ucaldas.edu.co\\\/portal\\\/la-proxima-semana-comienza-la-decimo-tercera-feria-del-libro-de-manizales\\\/#primaryimage\"},\"thumbnailUrl\":\"https:\\\/\\\/www.ucaldas.edu.co\\\/portal\\\/wp-content\\\/uploads\\\/2022\\\/08\\\/feria-libro.jpg\",\"keywords\":[\"Feria del Libro\",\"Manizales\",\"novedades\",\"mujeres\",\"escritores\",\"agosto\"],\"articleSection\":[\"Actualidad\",\"Universidad al D\u00eda\",\"UCaldas Cultural\"],\"inLanguage\":\"es\"},{\"@type\":\"WebPage\",\"@id\":\"https:\\\/\\\/www.ucaldas.edu.co\\\/portal\\\/la-proxima-semana-comienza-la-decimo-tercera-feria-del-libro-de-manizales\\\/\",\"url\":\"https:\\\/\\\/www.ucaldas.edu.co\\\/portal\\\/la-proxima-semana-comienza-la-decimo-tercera-feria-del-libro-de-manizales\\\/\",\"name\":\"La pr\u00f3xima semana comienza la d\u00e9cimo tercera Feria del Libro de Manizales .\",\"isPartOf\":{\"@id\":\"https:\\\/\\\/www.ucaldas.edu.co\\\/portal\\\/#website\"},\"primaryImageOfPage\":{\"@id\":\"https:\\\/\\\/www.ucaldas.edu.co\\\/portal\\\/la-proxima-semana-comienza-la-decimo-tercera-feria-del-libro-de-manizales\\\/#primaryimage\"},\"image\":{\"@id\":\"https:\\\/\\\/www.ucaldas.edu.co\\\/portal\\\/la-proxima-semana-comienza-la-decimo-tercera-feria-del-libro-de-manizales\\\/#primaryimage\"},\"thumbnailUrl\":\"https:\\\/\\\/www.ucaldas.edu.co\\\/portal\\\/wp-content\\\/uploads\\\/2022\\\/08\\\/feria-libro.jpg\",\"datePublished\":\"2022-08-11T22:16:18+00:00\",\"breadcrumb\":{\"@id\":\"https:\\\/\\\/www.ucaldas.edu.co\\\/portal\\\/la-proxima-semana-comienza-la-decimo-tercera-feria-del-libro-de-manizales\\\/#breadcrumb\"},\"inLanguage\":\"es\",\"potentialAction\":[{\"@type\":\"ReadAction\",\"target\":[\"https:\\\/\\\/www.ucaldas.edu.co\\\/portal\\\/la-proxima-semana-comienza-la-decimo-tercera-feria-del-libro-de-manizales\\\/\"]}]},{\"@type\":\"ImageObject\",\"inLanguage\":\"es\",\"@id\":\"https:\\\/\\\/www.ucaldas.edu.co\\\/portal\\\/la-proxima-semana-comienza-la-decimo-tercera-feria-del-libro-de-manizales\\\/#primaryimage\",\"url\":\"https:\\\/\\\/www.ucaldas.edu.co\\\/portal\\\/wp-content\\\/uploads\\\/2022\\\/08\\\/feria-libro.jpg\",\"contentUrl\":\"https:\\\/\\\/www.ucaldas.edu.co\\\/portal\\\/wp-content\\\/uploads\\\/2022\\\/08\\\/feria-libro.jpg\",\"width\":700,\"height\":400,\"caption\":\"Del 16 al 21 de agosto, los visitantes podr\u00e1n disfrutar de una amplia muestra editorial con expositores comerciales\"},{\"@type\":\"BreadcrumbList\",\"@id\":\"https:\\\/\\\/www.ucaldas.edu.co\\\/portal\\\/la-proxima-semana-comienza-la-decimo-tercera-feria-del-libro-de-manizales\\\/#breadcrumb\",\"itemListElement\":[{\"@type\":\"ListItem\",\"position\":1,\"name\":\"Portada\",\"item\":\"https:\\\/\\\/www.ucaldas.edu.co\\\/portal\\\/\"},{\"@type\":\"ListItem\",\"position\":2,\"name\":\"La pr\u00f3xima semana comienza la d\u00e9cimo tercera Feria del Libro de Manizales\"}]},{\"@type\":\"WebSite\",\"@id\":\"https:\\\/\\\/www.ucaldas.edu.co\\\/portal\\\/#website\",\"url\":\"https:\\\/\\\/www.ucaldas.edu.co\\\/portal\\\/\",\"name\":\"Universidad de Caldas\",\"description\":\"\",\"publisher\":{\"@id\":\"https:\\\/\\\/www.ucaldas.edu.co\\\/portal\\\/#organization\"},\"alternateName\":\"U. de Caldas\",\"potentialAction\":[{\"@type\":\"SearchAction\",\"target\":{\"@type\":\"EntryPoint\",\"urlTemplate\":\"https:\\\/\\\/www.ucaldas.edu.co\\\/portal\\\/?s={search_term_string}\"},\"query-input\":{\"@type\":\"PropertyValueSpecification\",\"valueRequired\":true,\"valueName\":\"search_term_string\"}}],\"inLanguage\":\"es\"},{\"@type\":\"Organization\",\"@id\":\"https:\\\/\\\/www.ucaldas.edu.co\\\/portal\\\/#organization\",\"name\":\"Universidad de Caldas\",\"alternateName\":\"U. de Caldas\",\"url\":\"https:\\\/\\\/www.ucaldas.edu.co\\\/portal\\\/\",\"logo\":{\"@type\":\"ImageObject\",\"inLanguage\":\"es\",\"@id\":\"https:\\\/\\\/www.ucaldas.edu.co\\\/portal\\\/#\\\/schema\\\/logo\\\/image\\\/\",\"url\":\"https:\\\/\\\/www.ucaldas.edu.co\\\/portal\\\/wp-content\\\/uploads\\\/2023\\\/11\\\/Logo_horizontal_oscuroU-2023.png\",\"contentUrl\":\"https:\\\/\\\/www.ucaldas.edu.co\\\/portal\\\/wp-content\\\/uploads\\\/2023\\\/11\\\/Logo_horizontal_oscuroU-2023.png\",\"width\":263,\"height\":101,\"caption\":\"Universidad de Caldas\"},\"image\":{\"@id\":\"https:\\\/\\\/www.ucaldas.edu.co\\\/portal\\\/#\\\/schema\\\/logo\\\/image\\\/\"},\"sameAs\":[\"https:\\\/\\\/www.facebook.com\\\/udecaldas\",\"https:\\\/\\\/x.com\\\/udecaldas\",\"https:\\\/\\\/www.youtube.com\\\/universidadcaldas\",\"https:\\\/\\\/www.instagram.com\\\/udecaldas\\\/\"]},{\"@type\":\"Person\",\"@id\":\"https:\\\/\\\/www.ucaldas.edu.co\\\/portal\\\/#\\\/schema\\\/person\\\/a1b482e23449158b4bc319926c074fdf\",\"name\":\"ofiprensa\",\"image\":{\"@type\":\"ImageObject\",\"inLanguage\":\"es\",\"@id\":\"https:\\\/\\\/www.ucaldas.edu.co\\\/portal\\\/wp-content\\\/litespeed\\\/avatar\\\/09ea5085e600095a7a811142c6944527.jpg?ver=1777497608\",\"url\":\"https:\\\/\\\/www.ucaldas.edu.co\\\/portal\\\/wp-content\\\/litespeed\\\/avatar\\\/09ea5085e600095a7a811142c6944527.jpg?ver=1777497608\",\"contentUrl\":\"https:\\\/\\\/www.ucaldas.edu.co\\\/portal\\\/wp-content\\\/litespeed\\\/avatar\\\/09ea5085e600095a7a811142c6944527.jpg?ver=1777497608\",\"caption\":\"ofiprensa\"},\"url\":\"https:\\\/\\\/www.ucaldas.edu.co\\\/portal\\\/author\\\/ofiprensa\\\/\"}]}<\/script>\n<!-- \/ Yoast SEO plugin. -->","yoast_head_json":{"title":"La pr\u00f3xima semana comienza la d\u00e9cimo tercera Feria del Libro de Manizales .","robots":{"index":"index","follow":"follow","max-snippet":"max-snippet:-1","max-image-preview":"max-image-preview:large","max-video-preview":"max-video-preview:-1"},"canonical":"https:\/\/www.ucaldas.edu.co\/portal\/la-proxima-semana-comienza-la-decimo-tercera-feria-del-libro-de-manizales\/","schema":{"@context":"https:\/\/schema.org","@graph":[{"@type":"Article","@id":"https:\/\/www.ucaldas.edu.co\/portal\/la-proxima-semana-comienza-la-decimo-tercera-feria-del-libro-de-manizales\/#article","isPartOf":{"@id":"https:\/\/www.ucaldas.edu.co\/portal\/la-proxima-semana-comienza-la-decimo-tercera-feria-del-libro-de-manizales\/"},"author":{"name":"ofiprensa","@id":"https:\/\/www.ucaldas.edu.co\/portal\/#\/schema\/person\/a1b482e23449158b4bc319926c074fdf"},"headline":"La pr\u00f3xima semana comienza la d\u00e9cimo tercera Feria del Libro de Manizales","datePublished":"2022-08-11T22:16:18+00:00","mainEntityOfPage":{"@id":"https:\/\/www.ucaldas.edu.co\/portal\/la-proxima-semana-comienza-la-decimo-tercera-feria-del-libro-de-manizales\/"},"wordCount":1019,"publisher":{"@id":"https:\/\/www.ucaldas.edu.co\/portal\/#organization"},"image":{"@id":"https:\/\/www.ucaldas.edu.co\/portal\/la-proxima-semana-comienza-la-decimo-tercera-feria-del-libro-de-manizales\/#primaryimage"},"thumbnailUrl":"https:\/\/www.ucaldas.edu.co\/portal\/wp-content\/uploads\/2022\/08\/feria-libro.jpg","keywords":["Feria del Libro","Manizales","novedades","mujeres","escritores","agosto"],"articleSection":["Actualidad","Universidad al D\u00eda","UCaldas Cultural"],"inLanguage":"es"},{"@type":"WebPage","@id":"https:\/\/www.ucaldas.edu.co\/portal\/la-proxima-semana-comienza-la-decimo-tercera-feria-del-libro-de-manizales\/","url":"https:\/\/www.ucaldas.edu.co\/portal\/la-proxima-semana-comienza-la-decimo-tercera-feria-del-libro-de-manizales\/","name":"La pr\u00f3xima semana comienza la d\u00e9cimo tercera Feria del Libro de Manizales .","isPartOf":{"@id":"https:\/\/www.ucaldas.edu.co\/portal\/#website"},"primaryImageOfPage":{"@id":"https:\/\/www.ucaldas.edu.co\/portal\/la-proxima-semana-comienza-la-decimo-tercera-feria-del-libro-de-manizales\/#primaryimage"},"image":{"@id":"https:\/\/www.ucaldas.edu.co\/portal\/la-proxima-semana-comienza-la-decimo-tercera-feria-del-libro-de-manizales\/#primaryimage"},"thumbnailUrl":"https:\/\/www.ucaldas.edu.co\/portal\/wp-content\/uploads\/2022\/08\/feria-libro.jpg","datePublished":"2022-08-11T22:16:18+00:00","breadcrumb":{"@id":"https:\/\/www.ucaldas.edu.co\/portal\/la-proxima-semana-comienza-la-decimo-tercera-feria-del-libro-de-manizales\/#breadcrumb"},"inLanguage":"es","potentialAction":[{"@type":"ReadAction","target":["https:\/\/www.ucaldas.edu.co\/portal\/la-proxima-semana-comienza-la-decimo-tercera-feria-del-libro-de-manizales\/"]}]},{"@type":"ImageObject","inLanguage":"es","@id":"https:\/\/www.ucaldas.edu.co\/portal\/la-proxima-semana-comienza-la-decimo-tercera-feria-del-libro-de-manizales\/#primaryimage","url":"https:\/\/www.ucaldas.edu.co\/portal\/wp-content\/uploads\/2022\/08\/feria-libro.jpg","contentUrl":"https:\/\/www.ucaldas.edu.co\/portal\/wp-content\/uploads\/2022\/08\/feria-libro.jpg","width":700,"height":400,"caption":"Del 16 al 21 de agosto, los visitantes podr\u00e1n disfrutar de una amplia muestra editorial con expositores comerciales"},{"@type":"BreadcrumbList","@id":"https:\/\/www.ucaldas.edu.co\/portal\/la-proxima-semana-comienza-la-decimo-tercera-feria-del-libro-de-manizales\/#breadcrumb","itemListElement":[{"@type":"ListItem","position":1,"name":"Portada","item":"https:\/\/www.ucaldas.edu.co\/portal\/"},{"@type":"ListItem","position":2,"name":"La pr\u00f3xima semana comienza la d\u00e9cimo tercera Feria del Libro de Manizales"}]},{"@type":"WebSite","@id":"https:\/\/www.ucaldas.edu.co\/portal\/#website","url":"https:\/\/www.ucaldas.edu.co\/portal\/","name":"Universidad de Caldas","description":"","publisher":{"@id":"https:\/\/www.ucaldas.edu.co\/portal\/#organization"},"alternateName":"U. de Caldas","potentialAction":[{"@type":"SearchAction","target":{"@type":"EntryPoint","urlTemplate":"https:\/\/www.ucaldas.edu.co\/portal\/?s={search_term_string}"},"query-input":{"@type":"PropertyValueSpecification","valueRequired":true,"valueName":"search_term_string"}}],"inLanguage":"es"},{"@type":"Organization","@id":"https:\/\/www.ucaldas.edu.co\/portal\/#organization","name":"Universidad de Caldas","alternateName":"U. de Caldas","url":"https:\/\/www.ucaldas.edu.co\/portal\/","logo":{"@type":"ImageObject","inLanguage":"es","@id":"https:\/\/www.ucaldas.edu.co\/portal\/#\/schema\/logo\/image\/","url":"https:\/\/www.ucaldas.edu.co\/portal\/wp-content\/uploads\/2023\/11\/Logo_horizontal_oscuroU-2023.png","contentUrl":"https:\/\/www.ucaldas.edu.co\/portal\/wp-content\/uploads\/2023\/11\/Logo_horizontal_oscuroU-2023.png","width":263,"height":101,"caption":"Universidad de Caldas"},"image":{"@id":"https:\/\/www.ucaldas.edu.co\/portal\/#\/schema\/logo\/image\/"},"sameAs":["https:\/\/www.facebook.com\/udecaldas","https:\/\/x.com\/udecaldas","https:\/\/www.youtube.com\/universidadcaldas","https:\/\/www.instagram.com\/udecaldas\/"]},{"@type":"Person","@id":"https:\/\/www.ucaldas.edu.co\/portal\/#\/schema\/person\/a1b482e23449158b4bc319926c074fdf","name":"ofiprensa","image":{"@type":"ImageObject","inLanguage":"es","@id":"https:\/\/www.ucaldas.edu.co\/portal\/wp-content\/litespeed\/avatar\/09ea5085e600095a7a811142c6944527.jpg?ver=1777497608","url":"https:\/\/www.ucaldas.edu.co\/portal\/wp-content\/litespeed\/avatar\/09ea5085e600095a7a811142c6944527.jpg?ver=1777497608","contentUrl":"https:\/\/www.ucaldas.edu.co\/portal\/wp-content\/litespeed\/avatar\/09ea5085e600095a7a811142c6944527.jpg?ver=1777497608","caption":"ofiprensa"},"url":"https:\/\/www.ucaldas.edu.co\/portal\/author\/ofiprensa\/"}]}},"_links":{"self":[{"href":"https:\/\/www.ucaldas.edu.co\/portal\/wp-json\/wp\/v2\/posts\/71604","targetHints":{"allow":["GET"]}}],"collection":[{"href":"https:\/\/www.ucaldas.edu.co\/portal\/wp-json\/wp\/v2\/posts"}],"about":[{"href":"https:\/\/www.ucaldas.edu.co\/portal\/wp-json\/wp\/v2\/types\/post"}],"author":[{"embeddable":true,"href":"https:\/\/www.ucaldas.edu.co\/portal\/wp-json\/wp\/v2\/users\/2"}],"replies":[{"embeddable":true,"href":"https:\/\/www.ucaldas.edu.co\/portal\/wp-json\/wp\/v2\/comments?post=71604"}],"version-history":[{"count":0,"href":"https:\/\/www.ucaldas.edu.co\/portal\/wp-json\/wp\/v2\/posts\/71604\/revisions"}],"wp:featuredmedia":[{"embeddable":true,"href":"https:\/\/www.ucaldas.edu.co\/portal\/wp-json\/wp\/v2\/media\/71605"}],"wp:attachment":[{"href":"https:\/\/www.ucaldas.edu.co\/portal\/wp-json\/wp\/v2\/media?parent=71604"}],"wp:term":[{"taxonomy":"category","embeddable":true,"href":"https:\/\/www.ucaldas.edu.co\/portal\/wp-json\/wp\/v2\/categories?post=71604"},{"taxonomy":"post_tag","embeddable":true,"href":"https:\/\/www.ucaldas.edu.co\/portal\/wp-json\/wp\/v2\/tags?post=71604"}],"curies":[{"name":"wp","href":"https:\/\/api.w.org\/{rel}","templated":true}]}}