{"id":71168,"date":"2022-08-01T22:07:13","date_gmt":"2022-08-01T22:07:13","guid":{"rendered":"https:\/\/www.ucaldas.edu.co\/portal\/?p=71168"},"modified":"2022-08-01T22:07:13","modified_gmt":"2022-08-01T22:07:13","slug":"oferta-academica-y-transferencia-de-conocimiento-como-parte-del-centro-de-innovacion-en-la-dorada","status":"publish","type":"post","link":"https:\/\/www.ucaldas.edu.co\/portal\/oferta-academica-y-transferencia-de-conocimiento-como-parte-del-centro-de-innovacion-en-la-dorada\/","title":{"rendered":"Oferta acad\u00e9mica y transferencia de conocimiento como parte del Centro de Innovaci\u00f3n en La Dorada"},"content":{"rendered":"<p>&nbsp;<\/p>\n<p><img loading=\"lazy\" decoding=\"async\" class=\"aligncenter size-full wp-image-71169\" src=\"https:\/\/www.ucaldas.edu.co\/portal\/wp-content\/uploads\/2022\/08\/diplomados-innovacion.jpg\" alt=\"se dio inicio a dos diplomados sobre gesti\u00f3n de la innovaci\u00f3n y bioinform\u00e1tica dirigidos a emprendedores y empresarios de la regi\u00f3n.\" width=\"700\" height=\"400\" srcset=\"https:\/\/www.ucaldas.edu.co\/portal\/wp-content\/uploads\/2022\/08\/diplomados-innovacion.jpg 700w, https:\/\/www.ucaldas.edu.co\/portal\/wp-content\/uploads\/2022\/08\/diplomados-innovacion-300x171.jpg 300w\" sizes=\"auto, (max-width: 700px) 100vw, 700px\" \/><\/p>\n<p>Dentro\u00a0 del proyecto \u2018Implementaci\u00f3n del Centro de Innovaci\u00f3n para el departamento de Caldas\u2019 y en aras de fortalecer el conocimiento en el sector productivo del Magdalena Centro, se dio inicio a dos diplomados sobre gesti\u00f3n de la innovaci\u00f3n y bioinform\u00e1tica dirigidos a emprendedores y empresarios de la regi\u00f3n.<\/p>\n<p><!--more--><\/p>\n<p>\u201cDesde el Centro tenemos una misi\u00f3n que es promover estrategias para generar mentalidad y cultura en innovaci\u00f3n para los empresarios de la regi\u00f3n. En ese sentido, estamos ofertando los primeros dos diplomados\u201d, a\u00f1ade Santiago Cardona Duque, profesional de la Vicerrector\u00eda de Proyecci\u00f3n Universitaria.<\/p>\n<p>Una de las dos ofertas acad\u00e9micas fue el Diplomado en Bioinform\u00e1tica B\u00e1sica que inici\u00f3 el pasado 12 de julio, dado en convenio con BIOS para relacionar las ciencias computacionales con las biol\u00f3gicas y la clave para responder a preguntas de investigaci\u00f3n que implican analizar grandes vol\u00famenes de informaci\u00f3n.<\/p>\n<p>La Universidad de Caldas y BIOS brindaron 40 becas del 100% del costo final para que los inscritos puedan fortalecer la capacidad t\u00e9cnico-cient\u00edfica en su aplicaci\u00f3n a diferentes \u00e1reas de conocimiento tanto para generar valor agregado a la empresa a la que pertenece como para el aprendizaje personal.<\/p>\n<p>\u201cSoy ingeniero agr\u00f3nomo de la Universidad EARTH de Costa Rica y en el diplomado he encontrado una herramienta eficaz para todo lo que es bioprospecci\u00f3n, el tema de bioinsumos agr\u00edcolas as\u00ed como las variedades en caf\u00e9, cacao y banano para encontrar resistencias a las plagas y enfermedades. Esta es una herramienta fundamental y que acelera el trayecto en el tiempo de producci\u00f3n\u201d, comenta Sergio Salazar Mej\u00eda, estudiante del Diplomado en Bioinform\u00e1tica B\u00e1sica.<\/p>\n<p>Por otra parte,\u00a0 el 19 de julio comenz\u00f3 el segundo diplomado denominado Gesti\u00f3n de la Innovaci\u00f3n y la Propiedad Intelectual como el resultado de una alianza entre la Universidad de Caldas y la C\u00e1mara de Comercio de Manizales por Caldas.<\/p>\n<p>Este curso est\u00e1 dirigido a personas que trabajan en \u00e1reas relacionadas con la innovaci\u00f3n, investigaci\u00f3n, desarrollo, propiedad intelectual y afines en organizaciones del sector productivo que se dedican a hacer biotecnolog\u00eda, usar biotecnolog\u00eda o que sean parte de la cadena agroindustrial.<\/p>\n<p>En este diplomado fueron brindadas un total de 60 becas para que las personas interesadas puedan potenciar su conocimiento y fortalecer las capacidades creativas e innovadoras mientras que se fomenta la creaci\u00f3n de nuevas empresas de base tecnol\u00f3gica en el sector de la Biotecnolog\u00eda. Ambos diplomados se desarrollan a trav\u00e9s de sesiones virtuales.<\/p>\n<p>&nbsp;<\/p>\n<p><strong>Anexo:<br \/>\n<\/strong><strong><a href=\"https:\/\/go.ivoox.com\/rf\/90522594\">Audio Santiago Cardona Duque &#8211; profesional Vicerrector\u00eda de Proyecci\u00f3n Universitaria.<\/a><br \/>\n<iframe loading=\"lazy\" src=\"https:\/\/www.ivoox.com\/player_ek_90522594_2_1.html\" width=\"238\" height=\"48\" frameborder=\"0\" scrolling=\"no\" allowfullscreen=\"allowfullscreen\"><\/iframe><\/strong><\/p>\n<p>&nbsp;<\/p>\n<p><strong>Informes: <\/strong>Oficina de Comunicaciones y Prensa Universidad de Caldas.<br \/>\n<strong>Redacci\u00f3n:<\/strong> Mar\u00eda Fernanda Agudelo Valencia<\/p>\n<p>&nbsp;<\/p>\n","protected":false},"excerpt":{"rendered":"<p>&nbsp; Dentro\u00a0 del proyecto \u2018Implementaci\u00f3n del Centro de Innovaci\u00f3n para el departamento de Caldas\u2019 y en aras de fortalecer el conocimiento en el sector productivo del Magdalena Centro, se dio inicio a dos diplomados sobre gesti\u00f3n de la innovaci\u00f3n y bioinform\u00e1tica dirigidos a emprendedores y empresarios de la regi\u00f3n.<\/p>\n","protected":false},"author":2,"featured_media":71169,"comment_status":"closed","ping_status":"open","sticky":false,"template":"","format":"standard","meta":{"footnotes":""},"categories":[48,53,600],"tags":[3046,8843,8844],"class_list":["post-71168","post","type-post","status-publish","format-standard","has-post-thumbnail","hentry","category-actualidad","category-universidad-al-dia","category-ucaldas-regional","tag-centro-de-innovacion","tag-transferencia-del-conocimiento","tag-innovacion-en-la-region"],"yoast_head":"<!-- This site is optimized with the Yoast SEO plugin v27.5 - https:\/\/yoast.com\/product\/yoast-seo-wordpress\/ -->\n<title>Oferta acad\u00e9mica y transferencia de conocimiento como parte del Centro de Innovaci\u00f3n en La Dorada .<\/title>\n<meta name=\"robots\" content=\"index, follow, max-snippet:-1, max-image-preview:large, max-video-preview:-1\" \/>\n<link rel=\"canonical\" href=\"https:\/\/www.ucaldas.edu.co\/portal\/oferta-academica-y-transferencia-de-conocimiento-como-parte-del-centro-de-innovacion-en-la-dorada\/\" \/>\n<script type=\"application\/ld+json\" class=\"yoast-schema-graph\">{\"@context\":\"https:\\\/\\\/schema.org\",\"@graph\":[{\"@type\":\"Article\",\"@id\":\"https:\\\/\\\/www.ucaldas.edu.co\\\/portal\\\/oferta-academica-y-transferencia-de-conocimiento-como-parte-del-centro-de-innovacion-en-la-dorada\\\/#article\",\"isPartOf\":{\"@id\":\"https:\\\/\\\/www.ucaldas.edu.co\\\/portal\\\/oferta-academica-y-transferencia-de-conocimiento-como-parte-del-centro-de-innovacion-en-la-dorada\\\/\"},\"author\":{\"name\":\"ofiprensa\",\"@id\":\"https:\\\/\\\/www.ucaldas.edu.co\\\/portal\\\/#\\\/schema\\\/person\\\/a1b482e23449158b4bc319926c074fdf\"},\"headline\":\"Oferta acad\u00e9mica y transferencia de conocimiento como parte del Centro de Innovaci\u00f3n en La Dorada\",\"datePublished\":\"2022-08-01T22:07:13+00:00\",\"mainEntityOfPage\":{\"@id\":\"https:\\\/\\\/www.ucaldas.edu.co\\\/portal\\\/oferta-academica-y-transferencia-de-conocimiento-como-parte-del-centro-de-innovacion-en-la-dorada\\\/\"},\"wordCount\":478,\"publisher\":{\"@id\":\"https:\\\/\\\/www.ucaldas.edu.co\\\/portal\\\/#organization\"},\"image\":{\"@id\":\"https:\\\/\\\/www.ucaldas.edu.co\\\/portal\\\/oferta-academica-y-transferencia-de-conocimiento-como-parte-del-centro-de-innovacion-en-la-dorada\\\/#primaryimage\"},\"thumbnailUrl\":\"https:\\\/\\\/www.ucaldas.edu.co\\\/portal\\\/wp-content\\\/uploads\\\/2022\\\/08\\\/diplomados-innovacion.jpg\",\"keywords\":[\"centro de innovaci\u00f3n\",\"transferencia del conocimiento\",\"innovaci\u00f3n en la regi\u00f3n\"],\"articleSection\":[\"Actualidad\",\"Universidad al D\u00eda\",\"UCaldas Regional\"],\"inLanguage\":\"es\"},{\"@type\":\"WebPage\",\"@id\":\"https:\\\/\\\/www.ucaldas.edu.co\\\/portal\\\/oferta-academica-y-transferencia-de-conocimiento-como-parte-del-centro-de-innovacion-en-la-dorada\\\/\",\"url\":\"https:\\\/\\\/www.ucaldas.edu.co\\\/portal\\\/oferta-academica-y-transferencia-de-conocimiento-como-parte-del-centro-de-innovacion-en-la-dorada\\\/\",\"name\":\"Oferta acad\u00e9mica y transferencia de conocimiento como parte del Centro de Innovaci\u00f3n en La Dorada .\",\"isPartOf\":{\"@id\":\"https:\\\/\\\/www.ucaldas.edu.co\\\/portal\\\/#website\"},\"primaryImageOfPage\":{\"@id\":\"https:\\\/\\\/www.ucaldas.edu.co\\\/portal\\\/oferta-academica-y-transferencia-de-conocimiento-como-parte-del-centro-de-innovacion-en-la-dorada\\\/#primaryimage\"},\"image\":{\"@id\":\"https:\\\/\\\/www.ucaldas.edu.co\\\/portal\\\/oferta-academica-y-transferencia-de-conocimiento-como-parte-del-centro-de-innovacion-en-la-dorada\\\/#primaryimage\"},\"thumbnailUrl\":\"https:\\\/\\\/www.ucaldas.edu.co\\\/portal\\\/wp-content\\\/uploads\\\/2022\\\/08\\\/diplomados-innovacion.jpg\",\"datePublished\":\"2022-08-01T22:07:13+00:00\",\"breadcrumb\":{\"@id\":\"https:\\\/\\\/www.ucaldas.edu.co\\\/portal\\\/oferta-academica-y-transferencia-de-conocimiento-como-parte-del-centro-de-innovacion-en-la-dorada\\\/#breadcrumb\"},\"inLanguage\":\"es\",\"potentialAction\":[{\"@type\":\"ReadAction\",\"target\":[\"https:\\\/\\\/www.ucaldas.edu.co\\\/portal\\\/oferta-academica-y-transferencia-de-conocimiento-como-parte-del-centro-de-innovacion-en-la-dorada\\\/\"]}]},{\"@type\":\"ImageObject\",\"inLanguage\":\"es\",\"@id\":\"https:\\\/\\\/www.ucaldas.edu.co\\\/portal\\\/oferta-academica-y-transferencia-de-conocimiento-como-parte-del-centro-de-innovacion-en-la-dorada\\\/#primaryimage\",\"url\":\"https:\\\/\\\/www.ucaldas.edu.co\\\/portal\\\/wp-content\\\/uploads\\\/2022\\\/08\\\/diplomados-innovacion.jpg\",\"contentUrl\":\"https:\\\/\\\/www.ucaldas.edu.co\\\/portal\\\/wp-content\\\/uploads\\\/2022\\\/08\\\/diplomados-innovacion.jpg\",\"width\":700,\"height\":400,\"caption\":\"se dio inicio a dos diplomados sobre gesti\u00f3n de la innovaci\u00f3n y bioinform\u00e1tica dirigidos a emprendedores y empresarios de la regi\u00f3n.\"},{\"@type\":\"BreadcrumbList\",\"@id\":\"https:\\\/\\\/www.ucaldas.edu.co\\\/portal\\\/oferta-academica-y-transferencia-de-conocimiento-como-parte-del-centro-de-innovacion-en-la-dorada\\\/#breadcrumb\",\"itemListElement\":[{\"@type\":\"ListItem\",\"position\":1,\"name\":\"Portada\",\"item\":\"https:\\\/\\\/www.ucaldas.edu.co\\\/portal\\\/\"},{\"@type\":\"ListItem\",\"position\":2,\"name\":\"Oferta acad\u00e9mica y transferencia de conocimiento como parte del Centro de Innovaci\u00f3n en La Dorada\"}]},{\"@type\":\"WebSite\",\"@id\":\"https:\\\/\\\/www.ucaldas.edu.co\\\/portal\\\/#website\",\"url\":\"https:\\\/\\\/www.ucaldas.edu.co\\\/portal\\\/\",\"name\":\"Universidad de Caldas\",\"description\":\"\",\"publisher\":{\"@id\":\"https:\\\/\\\/www.ucaldas.edu.co\\\/portal\\\/#organization\"},\"alternateName\":\"U. de Caldas\",\"potentialAction\":[{\"@type\":\"SearchAction\",\"target\":{\"@type\":\"EntryPoint\",\"urlTemplate\":\"https:\\\/\\\/www.ucaldas.edu.co\\\/portal\\\/?s={search_term_string}\"},\"query-input\":{\"@type\":\"PropertyValueSpecification\",\"valueRequired\":true,\"valueName\":\"search_term_string\"}}],\"inLanguage\":\"es\"},{\"@type\":\"Organization\",\"@id\":\"https:\\\/\\\/www.ucaldas.edu.co\\\/portal\\\/#organization\",\"name\":\"Universidad de Caldas\",\"alternateName\":\"U. de Caldas\",\"url\":\"https:\\\/\\\/www.ucaldas.edu.co\\\/portal\\\/\",\"logo\":{\"@type\":\"ImageObject\",\"inLanguage\":\"es\",\"@id\":\"https:\\\/\\\/www.ucaldas.edu.co\\\/portal\\\/#\\\/schema\\\/logo\\\/image\\\/\",\"url\":\"https:\\\/\\\/www.ucaldas.edu.co\\\/portal\\\/wp-content\\\/uploads\\\/2023\\\/11\\\/Logo_horizontal_oscuroU-2023.png\",\"contentUrl\":\"https:\\\/\\\/www.ucaldas.edu.co\\\/portal\\\/wp-content\\\/uploads\\\/2023\\\/11\\\/Logo_horizontal_oscuroU-2023.png\",\"width\":263,\"height\":101,\"caption\":\"Universidad de Caldas\"},\"image\":{\"@id\":\"https:\\\/\\\/www.ucaldas.edu.co\\\/portal\\\/#\\\/schema\\\/logo\\\/image\\\/\"},\"sameAs\":[\"https:\\\/\\\/www.facebook.com\\\/udecaldas\",\"https:\\\/\\\/x.com\\\/udecaldas\",\"https:\\\/\\\/www.youtube.com\\\/universidadcaldas\",\"https:\\\/\\\/www.instagram.com\\\/udecaldas\\\/\"]},{\"@type\":\"Person\",\"@id\":\"https:\\\/\\\/www.ucaldas.edu.co\\\/portal\\\/#\\\/schema\\\/person\\\/a1b482e23449158b4bc319926c074fdf\",\"name\":\"ofiprensa\",\"image\":{\"@type\":\"ImageObject\",\"inLanguage\":\"es\",\"@id\":\"https:\\\/\\\/www.ucaldas.edu.co\\\/portal\\\/wp-content\\\/litespeed\\\/avatar\\\/09ea5085e600095a7a811142c6944527.jpg?ver=1777497608\",\"url\":\"https:\\\/\\\/www.ucaldas.edu.co\\\/portal\\\/wp-content\\\/litespeed\\\/avatar\\\/09ea5085e600095a7a811142c6944527.jpg?ver=1777497608\",\"contentUrl\":\"https:\\\/\\\/www.ucaldas.edu.co\\\/portal\\\/wp-content\\\/litespeed\\\/avatar\\\/09ea5085e600095a7a811142c6944527.jpg?ver=1777497608\",\"caption\":\"ofiprensa\"},\"url\":\"https:\\\/\\\/www.ucaldas.edu.co\\\/portal\\\/author\\\/ofiprensa\\\/\"}]}<\/script>\n<!-- \/ Yoast SEO plugin. -->","yoast_head_json":{"title":"Oferta acad\u00e9mica y transferencia de conocimiento como parte del Centro de Innovaci\u00f3n en La Dorada .","robots":{"index":"index","follow":"follow","max-snippet":"max-snippet:-1","max-image-preview":"max-image-preview:large","max-video-preview":"max-video-preview:-1"},"canonical":"https:\/\/www.ucaldas.edu.co\/portal\/oferta-academica-y-transferencia-de-conocimiento-como-parte-del-centro-de-innovacion-en-la-dorada\/","schema":{"@context":"https:\/\/schema.org","@graph":[{"@type":"Article","@id":"https:\/\/www.ucaldas.edu.co\/portal\/oferta-academica-y-transferencia-de-conocimiento-como-parte-del-centro-de-innovacion-en-la-dorada\/#article","isPartOf":{"@id":"https:\/\/www.ucaldas.edu.co\/portal\/oferta-academica-y-transferencia-de-conocimiento-como-parte-del-centro-de-innovacion-en-la-dorada\/"},"author":{"name":"ofiprensa","@id":"https:\/\/www.ucaldas.edu.co\/portal\/#\/schema\/person\/a1b482e23449158b4bc319926c074fdf"},"headline":"Oferta acad\u00e9mica y transferencia de conocimiento como parte del Centro de Innovaci\u00f3n en La Dorada","datePublished":"2022-08-01T22:07:13+00:00","mainEntityOfPage":{"@id":"https:\/\/www.ucaldas.edu.co\/portal\/oferta-academica-y-transferencia-de-conocimiento-como-parte-del-centro-de-innovacion-en-la-dorada\/"},"wordCount":478,"publisher":{"@id":"https:\/\/www.ucaldas.edu.co\/portal\/#organization"},"image":{"@id":"https:\/\/www.ucaldas.edu.co\/portal\/oferta-academica-y-transferencia-de-conocimiento-como-parte-del-centro-de-innovacion-en-la-dorada\/#primaryimage"},"thumbnailUrl":"https:\/\/www.ucaldas.edu.co\/portal\/wp-content\/uploads\/2022\/08\/diplomados-innovacion.jpg","keywords":["centro de innovaci\u00f3n","transferencia del conocimiento","innovaci\u00f3n en la regi\u00f3n"],"articleSection":["Actualidad","Universidad al D\u00eda","UCaldas Regional"],"inLanguage":"es"},{"@type":"WebPage","@id":"https:\/\/www.ucaldas.edu.co\/portal\/oferta-academica-y-transferencia-de-conocimiento-como-parte-del-centro-de-innovacion-en-la-dorada\/","url":"https:\/\/www.ucaldas.edu.co\/portal\/oferta-academica-y-transferencia-de-conocimiento-como-parte-del-centro-de-innovacion-en-la-dorada\/","name":"Oferta acad\u00e9mica y transferencia de conocimiento como parte del Centro de Innovaci\u00f3n en La Dorada .","isPartOf":{"@id":"https:\/\/www.ucaldas.edu.co\/portal\/#website"},"primaryImageOfPage":{"@id":"https:\/\/www.ucaldas.edu.co\/portal\/oferta-academica-y-transferencia-de-conocimiento-como-parte-del-centro-de-innovacion-en-la-dorada\/#primaryimage"},"image":{"@id":"https:\/\/www.ucaldas.edu.co\/portal\/oferta-academica-y-transferencia-de-conocimiento-como-parte-del-centro-de-innovacion-en-la-dorada\/#primaryimage"},"thumbnailUrl":"https:\/\/www.ucaldas.edu.co\/portal\/wp-content\/uploads\/2022\/08\/diplomados-innovacion.jpg","datePublished":"2022-08-01T22:07:13+00:00","breadcrumb":{"@id":"https:\/\/www.ucaldas.edu.co\/portal\/oferta-academica-y-transferencia-de-conocimiento-como-parte-del-centro-de-innovacion-en-la-dorada\/#breadcrumb"},"inLanguage":"es","potentialAction":[{"@type":"ReadAction","target":["https:\/\/www.ucaldas.edu.co\/portal\/oferta-academica-y-transferencia-de-conocimiento-como-parte-del-centro-de-innovacion-en-la-dorada\/"]}]},{"@type":"ImageObject","inLanguage":"es","@id":"https:\/\/www.ucaldas.edu.co\/portal\/oferta-academica-y-transferencia-de-conocimiento-como-parte-del-centro-de-innovacion-en-la-dorada\/#primaryimage","url":"https:\/\/www.ucaldas.edu.co\/portal\/wp-content\/uploads\/2022\/08\/diplomados-innovacion.jpg","contentUrl":"https:\/\/www.ucaldas.edu.co\/portal\/wp-content\/uploads\/2022\/08\/diplomados-innovacion.jpg","width":700,"height":400,"caption":"se dio inicio a dos diplomados sobre gesti\u00f3n de la innovaci\u00f3n y bioinform\u00e1tica dirigidos a emprendedores y empresarios de la regi\u00f3n."},{"@type":"BreadcrumbList","@id":"https:\/\/www.ucaldas.edu.co\/portal\/oferta-academica-y-transferencia-de-conocimiento-como-parte-del-centro-de-innovacion-en-la-dorada\/#breadcrumb","itemListElement":[{"@type":"ListItem","position":1,"name":"Portada","item":"https:\/\/www.ucaldas.edu.co\/portal\/"},{"@type":"ListItem","position":2,"name":"Oferta acad\u00e9mica y transferencia de conocimiento como parte del Centro de Innovaci\u00f3n en La Dorada"}]},{"@type":"WebSite","@id":"https:\/\/www.ucaldas.edu.co\/portal\/#website","url":"https:\/\/www.ucaldas.edu.co\/portal\/","name":"Universidad de Caldas","description":"","publisher":{"@id":"https:\/\/www.ucaldas.edu.co\/portal\/#organization"},"alternateName":"U. de Caldas","potentialAction":[{"@type":"SearchAction","target":{"@type":"EntryPoint","urlTemplate":"https:\/\/www.ucaldas.edu.co\/portal\/?s={search_term_string}"},"query-input":{"@type":"PropertyValueSpecification","valueRequired":true,"valueName":"search_term_string"}}],"inLanguage":"es"},{"@type":"Organization","@id":"https:\/\/www.ucaldas.edu.co\/portal\/#organization","name":"Universidad de Caldas","alternateName":"U. de Caldas","url":"https:\/\/www.ucaldas.edu.co\/portal\/","logo":{"@type":"ImageObject","inLanguage":"es","@id":"https:\/\/www.ucaldas.edu.co\/portal\/#\/schema\/logo\/image\/","url":"https:\/\/www.ucaldas.edu.co\/portal\/wp-content\/uploads\/2023\/11\/Logo_horizontal_oscuroU-2023.png","contentUrl":"https:\/\/www.ucaldas.edu.co\/portal\/wp-content\/uploads\/2023\/11\/Logo_horizontal_oscuroU-2023.png","width":263,"height":101,"caption":"Universidad de Caldas"},"image":{"@id":"https:\/\/www.ucaldas.edu.co\/portal\/#\/schema\/logo\/image\/"},"sameAs":["https:\/\/www.facebook.com\/udecaldas","https:\/\/x.com\/udecaldas","https:\/\/www.youtube.com\/universidadcaldas","https:\/\/www.instagram.com\/udecaldas\/"]},{"@type":"Person","@id":"https:\/\/www.ucaldas.edu.co\/portal\/#\/schema\/person\/a1b482e23449158b4bc319926c074fdf","name":"ofiprensa","image":{"@type":"ImageObject","inLanguage":"es","@id":"https:\/\/www.ucaldas.edu.co\/portal\/wp-content\/litespeed\/avatar\/09ea5085e600095a7a811142c6944527.jpg?ver=1777497608","url":"https:\/\/www.ucaldas.edu.co\/portal\/wp-content\/litespeed\/avatar\/09ea5085e600095a7a811142c6944527.jpg?ver=1777497608","contentUrl":"https:\/\/www.ucaldas.edu.co\/portal\/wp-content\/litespeed\/avatar\/09ea5085e600095a7a811142c6944527.jpg?ver=1777497608","caption":"ofiprensa"},"url":"https:\/\/www.ucaldas.edu.co\/portal\/author\/ofiprensa\/"}]}},"_links":{"self":[{"href":"https:\/\/www.ucaldas.edu.co\/portal\/wp-json\/wp\/v2\/posts\/71168","targetHints":{"allow":["GET"]}}],"collection":[{"href":"https:\/\/www.ucaldas.edu.co\/portal\/wp-json\/wp\/v2\/posts"}],"about":[{"href":"https:\/\/www.ucaldas.edu.co\/portal\/wp-json\/wp\/v2\/types\/post"}],"author":[{"embeddable":true,"href":"https:\/\/www.ucaldas.edu.co\/portal\/wp-json\/wp\/v2\/users\/2"}],"replies":[{"embeddable":true,"href":"https:\/\/www.ucaldas.edu.co\/portal\/wp-json\/wp\/v2\/comments?post=71168"}],"version-history":[{"count":0,"href":"https:\/\/www.ucaldas.edu.co\/portal\/wp-json\/wp\/v2\/posts\/71168\/revisions"}],"wp:featuredmedia":[{"embeddable":true,"href":"https:\/\/www.ucaldas.edu.co\/portal\/wp-json\/wp\/v2\/media\/71169"}],"wp:attachment":[{"href":"https:\/\/www.ucaldas.edu.co\/portal\/wp-json\/wp\/v2\/media?parent=71168"}],"wp:term":[{"taxonomy":"category","embeddable":true,"href":"https:\/\/www.ucaldas.edu.co\/portal\/wp-json\/wp\/v2\/categories?post=71168"},{"taxonomy":"post_tag","embeddable":true,"href":"https:\/\/www.ucaldas.edu.co\/portal\/wp-json\/wp\/v2\/tags?post=71168"}],"curies":[{"name":"wp","href":"https:\/\/api.w.org\/{rel}","templated":true}]}}