{"id":71044,"date":"2022-07-28T23:08:35","date_gmt":"2022-07-28T23:08:35","guid":{"rendered":"https:\/\/www.ucaldas.edu.co\/portal\/?p=71044"},"modified":"2022-07-28T23:31:03","modified_gmt":"2022-07-28T23:31:03","slug":"ampliacion-de-inscripciones-para-el-programa-de-ingenieria-agronomica-en-la-dorada","status":"publish","type":"post","link":"https:\/\/www.ucaldas.edu.co\/portal\/ampliacion-de-inscripciones-para-el-programa-de-ingenieria-agronomica-en-la-dorada\/","title":{"rendered":"Ampliaci\u00f3n de inscripciones para el programa de Ingenier\u00eda Agron\u00f3mica en La Dorada"},"content":{"rendered":"<p><img loading=\"lazy\" decoding=\"async\" class=\"aligncenter size-full wp-image-71045\" src=\"https:\/\/www.ucaldas.edu.co\/portal\/wp-content\/uploads\/2022\/07\/WhatsApp-Image-2022-07-28-at-5.08.08-PM.jpeg\" alt=\"22 de agosto inicio de clases de Ingenier\u00eda Agron\u00f3mica en La Dorada\" width=\"700\" height=\"400\" srcset=\"https:\/\/www.ucaldas.edu.co\/portal\/wp-content\/uploads\/2022\/07\/WhatsApp-Image-2022-07-28-at-5.08.08-PM.jpeg 700w, https:\/\/www.ucaldas.edu.co\/portal\/wp-content\/uploads\/2022\/07\/WhatsApp-Image-2022-07-28-at-5.08.08-PM-300x171.jpeg 300w\" sizes=\"auto, (max-width: 700px) 100vw, 700px\" \/><\/p>\n<p><strong>La Dorada,<\/strong> Por solicitud de la comunidad del Magdalena Centro, la Universidad de Caldas decidi\u00f3 modificar las fechas de venta y diligenciamiento en l\u00ednea del formulario de inscripci\u00f3n al programa de Ingenier\u00eda Agron\u00f3mica en la seccional La Dorada.<\/p>\n<p><!--more--><\/p>\n<p>De esta manera los interesados podr\u00e1n realizar su inscripci\u00f3n hasta el 8 de agosto, el plazo para pago oportuno del formulario de inscripci\u00f3n ser\u00e1 el 9 de agosto y la publicaci\u00f3n final de admitidos ser\u00e1 el 12 de agosto de 2022, para comenzar clases el 22 de agosto de 2022<\/p>\n<p>Esta ser\u00e1 la primera cohorte de Ingenier\u00eda Agron\u00f3mica de la seccional La Dorada. El programa acad\u00e9mico tiene una tradici\u00f3n de cerca de 70 a\u00f1os, a trav\u00e9s de los cuales se han formado profesionales\u00a0 que han impactado la actividad agr\u00edcola, en diversos frentes, que van desde la acci\u00f3n social, la pol\u00edtica, el desarrollo rural y la producci\u00f3n agropecuaria, hasta el comercio internacional y la participaci\u00f3n en diversos organismos multilaterales de car\u00e1cter mundial como las Naciones Unidas.<\/p>\n<p>La rectora encargada de la Universidad de Caldas, Luisa Fernanda Giraldo Zuluaga indic\u00f3 que: \u201cel programa de Ingenier\u00eda Agron\u00f3mica responde a la vocaci\u00f3n socioecon\u00f3mica en el territorio, de manera que estamos iniciando esta oferta acad\u00e9mica de pregrado a partir de mediados de agosto\u201d.<\/p>\n<p>&nbsp;<\/p>\n<p><strong>Anexo:<br \/>\n<\/strong><strong><a href=\"https:\/\/go.ivoox.com\/rf\/90407109\">Audio rectora (e) Luisa Fernanda Giraldo Zuluaga<\/a><br \/>\n<iframe loading=\"lazy\" src=\"https:\/\/www.ivoox.com\/player_ek_90407109_2_1.html?data=mpWhkpyVdJqhhpywj5WVaZS1lJqah5yncZKhhpywj5WRaZi3jpWah5yncaLh0dHWw8jNaaSnhqeg0JDIqYzdz9jQ1M7Up8rjz8rgjdXFtsKfxtGY0tfTq9PVzsaYxsqPjc_bxtPWj4qbh46-pquyjampb7HGprPAo5KJe6ShlQ..&amp;\" width=\"238\" height=\"48\" frameborder=\"0\" scrolling=\"no\" allowfullscreen=\"allowfullscreen\"><\/iframe><br \/>\n<\/strong><\/p>\n<p>&nbsp;<\/p>\n<p><strong>Informes: <\/strong>Oficina de Comunicaciones y Prensa Universidad de Caldas.<br \/>\n<strong>Redacci\u00f3n:<\/strong> Adriana Salazar Villegas<\/p>\n<p>&nbsp;<\/p>\n","protected":false},"excerpt":{"rendered":"<p>La Dorada, Por solicitud de la comunidad del Magdalena Centro, la Universidad de Caldas decidi\u00f3 modificar las fechas de venta y diligenciamiento en l\u00ednea del formulario de inscripci\u00f3n al programa de Ingenier\u00eda Agron\u00f3mica en la seccional La Dorada.<\/p>\n","protected":false},"author":2,"featured_media":71045,"comment_status":"closed","ping_status":"open","sticky":false,"template":"","format":"standard","meta":{"footnotes":""},"categories":[48,53,600],"tags":[350,486,1316,3046],"class_list":["post-71044","post","type-post","status-publish","format-standard","has-post-thumbnail","hentry","category-actualidad","category-universidad-al-dia","category-ucaldas-regional","tag-formacion","tag-la-dorada","tag-agronomia","tag-centro-de-innovacion"],"yoast_head":"<!-- This site is optimized with the Yoast SEO plugin v27.5 - https:\/\/yoast.com\/product\/yoast-seo-wordpress\/ -->\n<title>Ampliaci\u00f3n de inscripciones para el programa de Ingenier\u00eda Agron\u00f3mica en La Dorada .<\/title>\n<meta name=\"robots\" content=\"index, follow, max-snippet:-1, max-image-preview:large, max-video-preview:-1\" \/>\n<link rel=\"canonical\" href=\"https:\/\/www.ucaldas.edu.co\/portal\/ampliacion-de-inscripciones-para-el-programa-de-ingenieria-agronomica-en-la-dorada\/\" \/>\n<script type=\"application\/ld+json\" class=\"yoast-schema-graph\">{\"@context\":\"https:\\\/\\\/schema.org\",\"@graph\":[{\"@type\":\"Article\",\"@id\":\"https:\\\/\\\/www.ucaldas.edu.co\\\/portal\\\/ampliacion-de-inscripciones-para-el-programa-de-ingenieria-agronomica-en-la-dorada\\\/#article\",\"isPartOf\":{\"@id\":\"https:\\\/\\\/www.ucaldas.edu.co\\\/portal\\\/ampliacion-de-inscripciones-para-el-programa-de-ingenieria-agronomica-en-la-dorada\\\/\"},\"author\":{\"name\":\"ofiprensa\",\"@id\":\"https:\\\/\\\/www.ucaldas.edu.co\\\/portal\\\/#\\\/schema\\\/person\\\/a1b482e23449158b4bc319926c074fdf\"},\"headline\":\"Ampliaci\u00f3n de inscripciones para el programa de Ingenier\u00eda Agron\u00f3mica en La Dorada\",\"datePublished\":\"2022-07-28T23:08:35+00:00\",\"dateModified\":\"2022-07-28T23:31:03+00:00\",\"mainEntityOfPage\":{\"@id\":\"https:\\\/\\\/www.ucaldas.edu.co\\\/portal\\\/ampliacion-de-inscripciones-para-el-programa-de-ingenieria-agronomica-en-la-dorada\\\/\"},\"wordCount\":264,\"publisher\":{\"@id\":\"https:\\\/\\\/www.ucaldas.edu.co\\\/portal\\\/#organization\"},\"image\":{\"@id\":\"https:\\\/\\\/www.ucaldas.edu.co\\\/portal\\\/ampliacion-de-inscripciones-para-el-programa-de-ingenieria-agronomica-en-la-dorada\\\/#primaryimage\"},\"thumbnailUrl\":\"https:\\\/\\\/www.ucaldas.edu.co\\\/portal\\\/wp-content\\\/uploads\\\/2022\\\/07\\\/WhatsApp-Image-2022-07-28-at-5.08.08-PM.jpeg\",\"keywords\":[\"formaci\u00f3n\",\"La Dorada\",\"agronom\u00eda\",\"centro de innovaci\u00f3n\"],\"articleSection\":[\"Actualidad\",\"Universidad al D\u00eda\",\"UCaldas Regional\"],\"inLanguage\":\"es\"},{\"@type\":\"WebPage\",\"@id\":\"https:\\\/\\\/www.ucaldas.edu.co\\\/portal\\\/ampliacion-de-inscripciones-para-el-programa-de-ingenieria-agronomica-en-la-dorada\\\/\",\"url\":\"https:\\\/\\\/www.ucaldas.edu.co\\\/portal\\\/ampliacion-de-inscripciones-para-el-programa-de-ingenieria-agronomica-en-la-dorada\\\/\",\"name\":\"Ampliaci\u00f3n de inscripciones para el programa de Ingenier\u00eda Agron\u00f3mica en La Dorada .\",\"isPartOf\":{\"@id\":\"https:\\\/\\\/www.ucaldas.edu.co\\\/portal\\\/#website\"},\"primaryImageOfPage\":{\"@id\":\"https:\\\/\\\/www.ucaldas.edu.co\\\/portal\\\/ampliacion-de-inscripciones-para-el-programa-de-ingenieria-agronomica-en-la-dorada\\\/#primaryimage\"},\"image\":{\"@id\":\"https:\\\/\\\/www.ucaldas.edu.co\\\/portal\\\/ampliacion-de-inscripciones-para-el-programa-de-ingenieria-agronomica-en-la-dorada\\\/#primaryimage\"},\"thumbnailUrl\":\"https:\\\/\\\/www.ucaldas.edu.co\\\/portal\\\/wp-content\\\/uploads\\\/2022\\\/07\\\/WhatsApp-Image-2022-07-28-at-5.08.08-PM.jpeg\",\"datePublished\":\"2022-07-28T23:08:35+00:00\",\"dateModified\":\"2022-07-28T23:31:03+00:00\",\"breadcrumb\":{\"@id\":\"https:\\\/\\\/www.ucaldas.edu.co\\\/portal\\\/ampliacion-de-inscripciones-para-el-programa-de-ingenieria-agronomica-en-la-dorada\\\/#breadcrumb\"},\"inLanguage\":\"es\",\"potentialAction\":[{\"@type\":\"ReadAction\",\"target\":[\"https:\\\/\\\/www.ucaldas.edu.co\\\/portal\\\/ampliacion-de-inscripciones-para-el-programa-de-ingenieria-agronomica-en-la-dorada\\\/\"]}]},{\"@type\":\"ImageObject\",\"inLanguage\":\"es\",\"@id\":\"https:\\\/\\\/www.ucaldas.edu.co\\\/portal\\\/ampliacion-de-inscripciones-para-el-programa-de-ingenieria-agronomica-en-la-dorada\\\/#primaryimage\",\"url\":\"https:\\\/\\\/www.ucaldas.edu.co\\\/portal\\\/wp-content\\\/uploads\\\/2022\\\/07\\\/WhatsApp-Image-2022-07-28-at-5.08.08-PM.jpeg\",\"contentUrl\":\"https:\\\/\\\/www.ucaldas.edu.co\\\/portal\\\/wp-content\\\/uploads\\\/2022\\\/07\\\/WhatsApp-Image-2022-07-28-at-5.08.08-PM.jpeg\",\"width\":700,\"height\":400,\"caption\":\"22 de agosto inicio de clases de Ingenier\u00eda Agron\u00f3mica en La Dorada\"},{\"@type\":\"BreadcrumbList\",\"@id\":\"https:\\\/\\\/www.ucaldas.edu.co\\\/portal\\\/ampliacion-de-inscripciones-para-el-programa-de-ingenieria-agronomica-en-la-dorada\\\/#breadcrumb\",\"itemListElement\":[{\"@type\":\"ListItem\",\"position\":1,\"name\":\"Portada\",\"item\":\"https:\\\/\\\/www.ucaldas.edu.co\\\/portal\\\/\"},{\"@type\":\"ListItem\",\"position\":2,\"name\":\"Ampliaci\u00f3n de inscripciones para el programa de Ingenier\u00eda Agron\u00f3mica en La Dorada\"}]},{\"@type\":\"WebSite\",\"@id\":\"https:\\\/\\\/www.ucaldas.edu.co\\\/portal\\\/#website\",\"url\":\"https:\\\/\\\/www.ucaldas.edu.co\\\/portal\\\/\",\"name\":\"Universidad de Caldas\",\"description\":\"\",\"publisher\":{\"@id\":\"https:\\\/\\\/www.ucaldas.edu.co\\\/portal\\\/#organization\"},\"alternateName\":\"U. de Caldas\",\"potentialAction\":[{\"@type\":\"SearchAction\",\"target\":{\"@type\":\"EntryPoint\",\"urlTemplate\":\"https:\\\/\\\/www.ucaldas.edu.co\\\/portal\\\/?s={search_term_string}\"},\"query-input\":{\"@type\":\"PropertyValueSpecification\",\"valueRequired\":true,\"valueName\":\"search_term_string\"}}],\"inLanguage\":\"es\"},{\"@type\":\"Organization\",\"@id\":\"https:\\\/\\\/www.ucaldas.edu.co\\\/portal\\\/#organization\",\"name\":\"Universidad de Caldas\",\"alternateName\":\"U. de Caldas\",\"url\":\"https:\\\/\\\/www.ucaldas.edu.co\\\/portal\\\/\",\"logo\":{\"@type\":\"ImageObject\",\"inLanguage\":\"es\",\"@id\":\"https:\\\/\\\/www.ucaldas.edu.co\\\/portal\\\/#\\\/schema\\\/logo\\\/image\\\/\",\"url\":\"https:\\\/\\\/www.ucaldas.edu.co\\\/portal\\\/wp-content\\\/uploads\\\/2023\\\/11\\\/Logo_horizontal_oscuroU-2023.png\",\"contentUrl\":\"https:\\\/\\\/www.ucaldas.edu.co\\\/portal\\\/wp-content\\\/uploads\\\/2023\\\/11\\\/Logo_horizontal_oscuroU-2023.png\",\"width\":263,\"height\":101,\"caption\":\"Universidad de Caldas\"},\"image\":{\"@id\":\"https:\\\/\\\/www.ucaldas.edu.co\\\/portal\\\/#\\\/schema\\\/logo\\\/image\\\/\"},\"sameAs\":[\"https:\\\/\\\/www.facebook.com\\\/udecaldas\",\"https:\\\/\\\/x.com\\\/udecaldas\",\"https:\\\/\\\/www.youtube.com\\\/universidadcaldas\",\"https:\\\/\\\/www.instagram.com\\\/udecaldas\\\/\"]},{\"@type\":\"Person\",\"@id\":\"https:\\\/\\\/www.ucaldas.edu.co\\\/portal\\\/#\\\/schema\\\/person\\\/a1b482e23449158b4bc319926c074fdf\",\"name\":\"ofiprensa\",\"image\":{\"@type\":\"ImageObject\",\"inLanguage\":\"es\",\"@id\":\"https:\\\/\\\/www.ucaldas.edu.co\\\/portal\\\/wp-content\\\/litespeed\\\/avatar\\\/09ea5085e600095a7a811142c6944527.jpg?ver=1777497608\",\"url\":\"https:\\\/\\\/www.ucaldas.edu.co\\\/portal\\\/wp-content\\\/litespeed\\\/avatar\\\/09ea5085e600095a7a811142c6944527.jpg?ver=1777497608\",\"contentUrl\":\"https:\\\/\\\/www.ucaldas.edu.co\\\/portal\\\/wp-content\\\/litespeed\\\/avatar\\\/09ea5085e600095a7a811142c6944527.jpg?ver=1777497608\",\"caption\":\"ofiprensa\"},\"url\":\"https:\\\/\\\/www.ucaldas.edu.co\\\/portal\\\/author\\\/ofiprensa\\\/\"}]}<\/script>\n<!-- \/ Yoast SEO plugin. -->","yoast_head_json":{"title":"Ampliaci\u00f3n de inscripciones para el programa de Ingenier\u00eda Agron\u00f3mica en La Dorada .","robots":{"index":"index","follow":"follow","max-snippet":"max-snippet:-1","max-image-preview":"max-image-preview:large","max-video-preview":"max-video-preview:-1"},"canonical":"https:\/\/www.ucaldas.edu.co\/portal\/ampliacion-de-inscripciones-para-el-programa-de-ingenieria-agronomica-en-la-dorada\/","schema":{"@context":"https:\/\/schema.org","@graph":[{"@type":"Article","@id":"https:\/\/www.ucaldas.edu.co\/portal\/ampliacion-de-inscripciones-para-el-programa-de-ingenieria-agronomica-en-la-dorada\/#article","isPartOf":{"@id":"https:\/\/www.ucaldas.edu.co\/portal\/ampliacion-de-inscripciones-para-el-programa-de-ingenieria-agronomica-en-la-dorada\/"},"author":{"name":"ofiprensa","@id":"https:\/\/www.ucaldas.edu.co\/portal\/#\/schema\/person\/a1b482e23449158b4bc319926c074fdf"},"headline":"Ampliaci\u00f3n de inscripciones para el programa de Ingenier\u00eda Agron\u00f3mica en La Dorada","datePublished":"2022-07-28T23:08:35+00:00","dateModified":"2022-07-28T23:31:03+00:00","mainEntityOfPage":{"@id":"https:\/\/www.ucaldas.edu.co\/portal\/ampliacion-de-inscripciones-para-el-programa-de-ingenieria-agronomica-en-la-dorada\/"},"wordCount":264,"publisher":{"@id":"https:\/\/www.ucaldas.edu.co\/portal\/#organization"},"image":{"@id":"https:\/\/www.ucaldas.edu.co\/portal\/ampliacion-de-inscripciones-para-el-programa-de-ingenieria-agronomica-en-la-dorada\/#primaryimage"},"thumbnailUrl":"https:\/\/www.ucaldas.edu.co\/portal\/wp-content\/uploads\/2022\/07\/WhatsApp-Image-2022-07-28-at-5.08.08-PM.jpeg","keywords":["formaci\u00f3n","La Dorada","agronom\u00eda","centro de innovaci\u00f3n"],"articleSection":["Actualidad","Universidad al D\u00eda","UCaldas Regional"],"inLanguage":"es"},{"@type":"WebPage","@id":"https:\/\/www.ucaldas.edu.co\/portal\/ampliacion-de-inscripciones-para-el-programa-de-ingenieria-agronomica-en-la-dorada\/","url":"https:\/\/www.ucaldas.edu.co\/portal\/ampliacion-de-inscripciones-para-el-programa-de-ingenieria-agronomica-en-la-dorada\/","name":"Ampliaci\u00f3n de inscripciones para el programa de Ingenier\u00eda Agron\u00f3mica en La Dorada .","isPartOf":{"@id":"https:\/\/www.ucaldas.edu.co\/portal\/#website"},"primaryImageOfPage":{"@id":"https:\/\/www.ucaldas.edu.co\/portal\/ampliacion-de-inscripciones-para-el-programa-de-ingenieria-agronomica-en-la-dorada\/#primaryimage"},"image":{"@id":"https:\/\/www.ucaldas.edu.co\/portal\/ampliacion-de-inscripciones-para-el-programa-de-ingenieria-agronomica-en-la-dorada\/#primaryimage"},"thumbnailUrl":"https:\/\/www.ucaldas.edu.co\/portal\/wp-content\/uploads\/2022\/07\/WhatsApp-Image-2022-07-28-at-5.08.08-PM.jpeg","datePublished":"2022-07-28T23:08:35+00:00","dateModified":"2022-07-28T23:31:03+00:00","breadcrumb":{"@id":"https:\/\/www.ucaldas.edu.co\/portal\/ampliacion-de-inscripciones-para-el-programa-de-ingenieria-agronomica-en-la-dorada\/#breadcrumb"},"inLanguage":"es","potentialAction":[{"@type":"ReadAction","target":["https:\/\/www.ucaldas.edu.co\/portal\/ampliacion-de-inscripciones-para-el-programa-de-ingenieria-agronomica-en-la-dorada\/"]}]},{"@type":"ImageObject","inLanguage":"es","@id":"https:\/\/www.ucaldas.edu.co\/portal\/ampliacion-de-inscripciones-para-el-programa-de-ingenieria-agronomica-en-la-dorada\/#primaryimage","url":"https:\/\/www.ucaldas.edu.co\/portal\/wp-content\/uploads\/2022\/07\/WhatsApp-Image-2022-07-28-at-5.08.08-PM.jpeg","contentUrl":"https:\/\/www.ucaldas.edu.co\/portal\/wp-content\/uploads\/2022\/07\/WhatsApp-Image-2022-07-28-at-5.08.08-PM.jpeg","width":700,"height":400,"caption":"22 de agosto inicio de clases de Ingenier\u00eda Agron\u00f3mica en La Dorada"},{"@type":"BreadcrumbList","@id":"https:\/\/www.ucaldas.edu.co\/portal\/ampliacion-de-inscripciones-para-el-programa-de-ingenieria-agronomica-en-la-dorada\/#breadcrumb","itemListElement":[{"@type":"ListItem","position":1,"name":"Portada","item":"https:\/\/www.ucaldas.edu.co\/portal\/"},{"@type":"ListItem","position":2,"name":"Ampliaci\u00f3n de inscripciones para el programa de Ingenier\u00eda Agron\u00f3mica en La Dorada"}]},{"@type":"WebSite","@id":"https:\/\/www.ucaldas.edu.co\/portal\/#website","url":"https:\/\/www.ucaldas.edu.co\/portal\/","name":"Universidad de Caldas","description":"","publisher":{"@id":"https:\/\/www.ucaldas.edu.co\/portal\/#organization"},"alternateName":"U. de Caldas","potentialAction":[{"@type":"SearchAction","target":{"@type":"EntryPoint","urlTemplate":"https:\/\/www.ucaldas.edu.co\/portal\/?s={search_term_string}"},"query-input":{"@type":"PropertyValueSpecification","valueRequired":true,"valueName":"search_term_string"}}],"inLanguage":"es"},{"@type":"Organization","@id":"https:\/\/www.ucaldas.edu.co\/portal\/#organization","name":"Universidad de Caldas","alternateName":"U. de Caldas","url":"https:\/\/www.ucaldas.edu.co\/portal\/","logo":{"@type":"ImageObject","inLanguage":"es","@id":"https:\/\/www.ucaldas.edu.co\/portal\/#\/schema\/logo\/image\/","url":"https:\/\/www.ucaldas.edu.co\/portal\/wp-content\/uploads\/2023\/11\/Logo_horizontal_oscuroU-2023.png","contentUrl":"https:\/\/www.ucaldas.edu.co\/portal\/wp-content\/uploads\/2023\/11\/Logo_horizontal_oscuroU-2023.png","width":263,"height":101,"caption":"Universidad de Caldas"},"image":{"@id":"https:\/\/www.ucaldas.edu.co\/portal\/#\/schema\/logo\/image\/"},"sameAs":["https:\/\/www.facebook.com\/udecaldas","https:\/\/x.com\/udecaldas","https:\/\/www.youtube.com\/universidadcaldas","https:\/\/www.instagram.com\/udecaldas\/"]},{"@type":"Person","@id":"https:\/\/www.ucaldas.edu.co\/portal\/#\/schema\/person\/a1b482e23449158b4bc319926c074fdf","name":"ofiprensa","image":{"@type":"ImageObject","inLanguage":"es","@id":"https:\/\/www.ucaldas.edu.co\/portal\/wp-content\/litespeed\/avatar\/09ea5085e600095a7a811142c6944527.jpg?ver=1777497608","url":"https:\/\/www.ucaldas.edu.co\/portal\/wp-content\/litespeed\/avatar\/09ea5085e600095a7a811142c6944527.jpg?ver=1777497608","contentUrl":"https:\/\/www.ucaldas.edu.co\/portal\/wp-content\/litespeed\/avatar\/09ea5085e600095a7a811142c6944527.jpg?ver=1777497608","caption":"ofiprensa"},"url":"https:\/\/www.ucaldas.edu.co\/portal\/author\/ofiprensa\/"}]}},"_links":{"self":[{"href":"https:\/\/www.ucaldas.edu.co\/portal\/wp-json\/wp\/v2\/posts\/71044","targetHints":{"allow":["GET"]}}],"collection":[{"href":"https:\/\/www.ucaldas.edu.co\/portal\/wp-json\/wp\/v2\/posts"}],"about":[{"href":"https:\/\/www.ucaldas.edu.co\/portal\/wp-json\/wp\/v2\/types\/post"}],"author":[{"embeddable":true,"href":"https:\/\/www.ucaldas.edu.co\/portal\/wp-json\/wp\/v2\/users\/2"}],"replies":[{"embeddable":true,"href":"https:\/\/www.ucaldas.edu.co\/portal\/wp-json\/wp\/v2\/comments?post=71044"}],"version-history":[{"count":0,"href":"https:\/\/www.ucaldas.edu.co\/portal\/wp-json\/wp\/v2\/posts\/71044\/revisions"}],"wp:featuredmedia":[{"embeddable":true,"href":"https:\/\/www.ucaldas.edu.co\/portal\/wp-json\/wp\/v2\/media\/71045"}],"wp:attachment":[{"href":"https:\/\/www.ucaldas.edu.co\/portal\/wp-json\/wp\/v2\/media?parent=71044"}],"wp:term":[{"taxonomy":"category","embeddable":true,"href":"https:\/\/www.ucaldas.edu.co\/portal\/wp-json\/wp\/v2\/categories?post=71044"},{"taxonomy":"post_tag","embeddable":true,"href":"https:\/\/www.ucaldas.edu.co\/portal\/wp-json\/wp\/v2\/tags?post=71044"}],"curies":[{"name":"wp","href":"https:\/\/api.w.org\/{rel}","templated":true}]}}