{"id":70935,"date":"2022-07-25T21:31:25","date_gmt":"2022-07-25T21:31:25","guid":{"rendered":"https:\/\/www.ucaldas.edu.co\/portal\/?p=70935"},"modified":"2022-07-25T21:31:25","modified_gmt":"2022-07-25T21:31:25","slug":"ministerio-de-educacion-verifica-las-condiciones-institucionales-de-la-seccional-de-la-universidad-de-caldas-en-la-dorada","status":"publish","type":"post","link":"https:\/\/www.ucaldas.edu.co\/portal\/ministerio-de-educacion-verifica-las-condiciones-institucionales-de-la-seccional-de-la-universidad-de-caldas-en-la-dorada\/","title":{"rendered":"Ministerio de Educaci\u00f3n verifica las condiciones institucionales de la seccional de la Universidad de Caldas en La Dorada"},"content":{"rendered":"<p><strong><img loading=\"lazy\" decoding=\"async\" class=\"aligncenter size-full wp-image-70936\" src=\"https:\/\/www.ucaldas.edu.co\/portal\/wp-content\/uploads\/2022\/07\/dfe5f88c-ff07-49ce-ad92-ece058bcb69c.jpg\" alt=\"pares acad\u00e9micos de mineducaci\u00f3n verifican las condiciones de calidad en la dorada\" width=\"700\" height=\"400\" srcset=\"https:\/\/www.ucaldas.edu.co\/portal\/wp-content\/uploads\/2022\/07\/dfe5f88c-ff07-49ce-ad92-ece058bcb69c.jpg 700w, https:\/\/www.ucaldas.edu.co\/portal\/wp-content\/uploads\/2022\/07\/dfe5f88c-ff07-49ce-ad92-ece058bcb69c-300x171.jpg 300w\" sizes=\"auto, (max-width: 700px) 100vw, 700px\" \/><\/strong><\/p>\n<p><strong>La Dorada. \u00a0<\/strong>Delegados del Ministerio de Educaci\u00f3n Nacional visita la seccional de la Universidad de Caldas en La Dorada,\u00a0 con el fin\u00a0 de adelantar la\u00a0 verificaci\u00f3n cumplimiento de condiciones institucionales para para obtener y renovar el Registro Calificado de los programas acad\u00e9micos que se orientan en este campus.<\/p>\n<p><!--more--><\/p>\n<p>Esta actividad se realiza en cumplimiento de la \u00a0Resoluci\u00f3n 015224 de 24 de agosto de 2020 con la cual\u00a0 se establece que las Instituciones de Educaci\u00f3n Superior deber\u00e1n desarrollar, estrategias encaminadas a implementar y proporcionar los instrumentos necesarios para contar con la informaci\u00f3n y con espacios de interacci\u00f3n con la comunidad acad\u00e9mica, cuyo desarrollo contribuya al cumplimiento de las condiciones de calidad.<\/p>\n<p>Dentro de los aspectos que se eval\u00faan durante la visita se destacan:<\/p>\n<ul>\n<li>Mecanismos de selecci\u00f3n y evaluaci\u00f3n de estudiantes y profesores<\/li>\n<li>Estructura administrativa y acad\u00e9mica<\/li>\n<li>Cultura de la autoevaluaci\u00f3n<\/li>\n<li>Programa de egresados<\/li>\n<li>Modelo de bienestar<\/li>\n<li>Recursos suficientes para garantizar el cumplimiento de las metas<\/li>\n<\/ul>\n<p>De acuerdo con el jefe de la oficina de evaluaci\u00f3n y calidad acad\u00e9mica Juli\u00e1n Orozco Ospina, \u201cb\u00e1sicamente lo que nos est\u00e1n verificando son las condiciones que tiene la instituci\u00f3n para ofertar cualquier tipo de programa acad\u00e9mico\u201d.<\/p>\n<p>Esta visita se realizar\u00e1 adem\u00e1s a los dem\u00e1s centros de educaci\u00f3n superior CERES, con los que cuenta la Universidad de Caldas en diversos municipios del departamento y servir\u00e1 para evidenciar el cumplimiento de las condiciones de calidad institucionales.<\/p>\n<p><strong>Anexos:<\/strong><\/p>\n<p><strong><a href=\"https:\/\/go.ivoox.com\/rf\/90220487\">Audio jefe de la oficina de evaluaci\u00f3n y calidad acad\u00e9mica Juli\u00e1n Orozco Ospina\u00a0<\/a><\/strong><\/p>\n<p><iframe loading=\"lazy\" src=\"https:\/\/www.ivoox.com\/player_ek_90220487_2_1.html\" width=\"238\" height=\"48\" frameborder=\"0\" scrolling=\"no\" allowfullscreen=\"allowfullscreen\"><\/iframe><\/p>\n<p><a href=\"https:\/\/go.ivoox.com\/rf\/90220821\"><strong>Audio par evaluador Ministerio de Educaci\u00f3n Nacional, Napole\u00f3n Rold\u00e1n Chac\u00f3n<\/strong><\/a><\/p>\n<p><iframe loading=\"lazy\" src=\"https:\/\/www.ivoox.com\/player_ek_90220821_2_1.html\" width=\"238\" height=\"48\" frameborder=\"0\" scrolling=\"no\" allowfullscreen=\"allowfullscreen\"><\/iframe><\/p>\n<p>&nbsp;<\/p>\n<p><strong>Informes: <\/strong>Oficina de Comunicaciones y Prensa Universidad de Caldas.<\/p>\n<p><strong>Redacci\u00f3n:<\/strong> Adriana Salazar Villegas<\/p>\n<p>&nbsp;<\/p>\n","protected":false},"excerpt":{"rendered":"<p>La Dorada. \u00a0Delegados del Ministerio de Educaci\u00f3n Nacional visita la seccional de la Universidad de Caldas en La Dorada,\u00a0 con el fin\u00a0 de adelantar la\u00a0 verificaci\u00f3n cumplimiento de condiciones institucionales para para obtener y renovar el Registro Calificado de los programas acad\u00e9micos que se orientan en este campus.<\/p>\n","protected":false},"author":2,"featured_media":70936,"comment_status":"closed","ping_status":"open","sticky":false,"template":"","format":"standard","meta":{"footnotes":""},"categories":[48,53,243,600],"tags":[94,486,2639,8795],"class_list":["post-70935","post","type-post","status-publish","format-standard","has-post-thumbnail","hentry","category-actualidad","category-universidad-al-dia","category-ucaldas-acreditada","category-ucaldas-regional","tag-ministerio-de-educacion","tag-la-dorada","tag-visita-de-pares-academicos","tag-calidad-academica"],"yoast_head":"<!-- This site is optimized with the Yoast SEO plugin v27.5 - https:\/\/yoast.com\/product\/yoast-seo-wordpress\/ -->\n<title>Ministerio de Educaci\u00f3n verifica las condiciones institucionales de la seccional de la Universidad de Caldas en La Dorada .<\/title>\n<meta name=\"robots\" content=\"index, follow, max-snippet:-1, max-image-preview:large, max-video-preview:-1\" \/>\n<link rel=\"canonical\" href=\"https:\/\/www.ucaldas.edu.co\/portal\/ministerio-de-educacion-verifica-las-condiciones-institucionales-de-la-seccional-de-la-universidad-de-caldas-en-la-dorada\/\" \/>\n<script type=\"application\/ld+json\" class=\"yoast-schema-graph\">{\"@context\":\"https:\\\/\\\/schema.org\",\"@graph\":[{\"@type\":\"Article\",\"@id\":\"https:\\\/\\\/www.ucaldas.edu.co\\\/portal\\\/ministerio-de-educacion-verifica-las-condiciones-institucionales-de-la-seccional-de-la-universidad-de-caldas-en-la-dorada\\\/#article\",\"isPartOf\":{\"@id\":\"https:\\\/\\\/www.ucaldas.edu.co\\\/portal\\\/ministerio-de-educacion-verifica-las-condiciones-institucionales-de-la-seccional-de-la-universidad-de-caldas-en-la-dorada\\\/\"},\"author\":{\"name\":\"ofiprensa\",\"@id\":\"https:\\\/\\\/www.ucaldas.edu.co\\\/portal\\\/#\\\/schema\\\/person\\\/a1b482e23449158b4bc319926c074fdf\"},\"headline\":\"Ministerio de Educaci\u00f3n verifica las condiciones institucionales de la seccional de la Universidad de Caldas en La Dorada\",\"datePublished\":\"2022-07-25T21:31:25+00:00\",\"mainEntityOfPage\":{\"@id\":\"https:\\\/\\\/www.ucaldas.edu.co\\\/portal\\\/ministerio-de-educacion-verifica-las-condiciones-institucionales-de-la-seccional-de-la-universidad-de-caldas-en-la-dorada\\\/\"},\"wordCount\":315,\"publisher\":{\"@id\":\"https:\\\/\\\/www.ucaldas.edu.co\\\/portal\\\/#organization\"},\"image\":{\"@id\":\"https:\\\/\\\/www.ucaldas.edu.co\\\/portal\\\/ministerio-de-educacion-verifica-las-condiciones-institucionales-de-la-seccional-de-la-universidad-de-caldas-en-la-dorada\\\/#primaryimage\"},\"thumbnailUrl\":\"https:\\\/\\\/www.ucaldas.edu.co\\\/portal\\\/wp-content\\\/uploads\\\/2022\\\/07\\\/dfe5f88c-ff07-49ce-ad92-ece058bcb69c.jpg\",\"keywords\":[\"Ministerio de Educaci\u00f3n\",\"La Dorada\",\"visita de pares acad\u00e9micos\",\"calidad acad\u00e9mica\"],\"articleSection\":[\"Actualidad\",\"Universidad al D\u00eda\",\"Ucaldas Acreditada\",\"UCaldas Regional\"],\"inLanguage\":\"es\"},{\"@type\":\"WebPage\",\"@id\":\"https:\\\/\\\/www.ucaldas.edu.co\\\/portal\\\/ministerio-de-educacion-verifica-las-condiciones-institucionales-de-la-seccional-de-la-universidad-de-caldas-en-la-dorada\\\/\",\"url\":\"https:\\\/\\\/www.ucaldas.edu.co\\\/portal\\\/ministerio-de-educacion-verifica-las-condiciones-institucionales-de-la-seccional-de-la-universidad-de-caldas-en-la-dorada\\\/\",\"name\":\"Ministerio de Educaci\u00f3n verifica las condiciones institucionales de la seccional de la Universidad de Caldas en La Dorada .\",\"isPartOf\":{\"@id\":\"https:\\\/\\\/www.ucaldas.edu.co\\\/portal\\\/#website\"},\"primaryImageOfPage\":{\"@id\":\"https:\\\/\\\/www.ucaldas.edu.co\\\/portal\\\/ministerio-de-educacion-verifica-las-condiciones-institucionales-de-la-seccional-de-la-universidad-de-caldas-en-la-dorada\\\/#primaryimage\"},\"image\":{\"@id\":\"https:\\\/\\\/www.ucaldas.edu.co\\\/portal\\\/ministerio-de-educacion-verifica-las-condiciones-institucionales-de-la-seccional-de-la-universidad-de-caldas-en-la-dorada\\\/#primaryimage\"},\"thumbnailUrl\":\"https:\\\/\\\/www.ucaldas.edu.co\\\/portal\\\/wp-content\\\/uploads\\\/2022\\\/07\\\/dfe5f88c-ff07-49ce-ad92-ece058bcb69c.jpg\",\"datePublished\":\"2022-07-25T21:31:25+00:00\",\"breadcrumb\":{\"@id\":\"https:\\\/\\\/www.ucaldas.edu.co\\\/portal\\\/ministerio-de-educacion-verifica-las-condiciones-institucionales-de-la-seccional-de-la-universidad-de-caldas-en-la-dorada\\\/#breadcrumb\"},\"inLanguage\":\"es\",\"potentialAction\":[{\"@type\":\"ReadAction\",\"target\":[\"https:\\\/\\\/www.ucaldas.edu.co\\\/portal\\\/ministerio-de-educacion-verifica-las-condiciones-institucionales-de-la-seccional-de-la-universidad-de-caldas-en-la-dorada\\\/\"]}]},{\"@type\":\"ImageObject\",\"inLanguage\":\"es\",\"@id\":\"https:\\\/\\\/www.ucaldas.edu.co\\\/portal\\\/ministerio-de-educacion-verifica-las-condiciones-institucionales-de-la-seccional-de-la-universidad-de-caldas-en-la-dorada\\\/#primaryimage\",\"url\":\"https:\\\/\\\/www.ucaldas.edu.co\\\/portal\\\/wp-content\\\/uploads\\\/2022\\\/07\\\/dfe5f88c-ff07-49ce-ad92-ece058bcb69c.jpg\",\"contentUrl\":\"https:\\\/\\\/www.ucaldas.edu.co\\\/portal\\\/wp-content\\\/uploads\\\/2022\\\/07\\\/dfe5f88c-ff07-49ce-ad92-ece058bcb69c.jpg\",\"width\":700,\"height\":400,\"caption\":\"pares acad\u00e9micos de mineducaci\u00f3n verifican las condiciones de calidad en la dorada\"},{\"@type\":\"BreadcrumbList\",\"@id\":\"https:\\\/\\\/www.ucaldas.edu.co\\\/portal\\\/ministerio-de-educacion-verifica-las-condiciones-institucionales-de-la-seccional-de-la-universidad-de-caldas-en-la-dorada\\\/#breadcrumb\",\"itemListElement\":[{\"@type\":\"ListItem\",\"position\":1,\"name\":\"Portada\",\"item\":\"https:\\\/\\\/www.ucaldas.edu.co\\\/portal\\\/\"},{\"@type\":\"ListItem\",\"position\":2,\"name\":\"Ministerio de Educaci\u00f3n verifica las condiciones institucionales de la seccional de la Universidad de Caldas en La Dorada\"}]},{\"@type\":\"WebSite\",\"@id\":\"https:\\\/\\\/www.ucaldas.edu.co\\\/portal\\\/#website\",\"url\":\"https:\\\/\\\/www.ucaldas.edu.co\\\/portal\\\/\",\"name\":\"Universidad de Caldas\",\"description\":\"\",\"publisher\":{\"@id\":\"https:\\\/\\\/www.ucaldas.edu.co\\\/portal\\\/#organization\"},\"alternateName\":\"U. de Caldas\",\"potentialAction\":[{\"@type\":\"SearchAction\",\"target\":{\"@type\":\"EntryPoint\",\"urlTemplate\":\"https:\\\/\\\/www.ucaldas.edu.co\\\/portal\\\/?s={search_term_string}\"},\"query-input\":{\"@type\":\"PropertyValueSpecification\",\"valueRequired\":true,\"valueName\":\"search_term_string\"}}],\"inLanguage\":\"es\"},{\"@type\":\"Organization\",\"@id\":\"https:\\\/\\\/www.ucaldas.edu.co\\\/portal\\\/#organization\",\"name\":\"Universidad de Caldas\",\"alternateName\":\"U. de Caldas\",\"url\":\"https:\\\/\\\/www.ucaldas.edu.co\\\/portal\\\/\",\"logo\":{\"@type\":\"ImageObject\",\"inLanguage\":\"es\",\"@id\":\"https:\\\/\\\/www.ucaldas.edu.co\\\/portal\\\/#\\\/schema\\\/logo\\\/image\\\/\",\"url\":\"https:\\\/\\\/www.ucaldas.edu.co\\\/portal\\\/wp-content\\\/uploads\\\/2023\\\/11\\\/Logo_horizontal_oscuroU-2023.png\",\"contentUrl\":\"https:\\\/\\\/www.ucaldas.edu.co\\\/portal\\\/wp-content\\\/uploads\\\/2023\\\/11\\\/Logo_horizontal_oscuroU-2023.png\",\"width\":263,\"height\":101,\"caption\":\"Universidad de Caldas\"},\"image\":{\"@id\":\"https:\\\/\\\/www.ucaldas.edu.co\\\/portal\\\/#\\\/schema\\\/logo\\\/image\\\/\"},\"sameAs\":[\"https:\\\/\\\/www.facebook.com\\\/udecaldas\",\"https:\\\/\\\/x.com\\\/udecaldas\",\"https:\\\/\\\/www.youtube.com\\\/universidadcaldas\",\"https:\\\/\\\/www.instagram.com\\\/udecaldas\\\/\"]},{\"@type\":\"Person\",\"@id\":\"https:\\\/\\\/www.ucaldas.edu.co\\\/portal\\\/#\\\/schema\\\/person\\\/a1b482e23449158b4bc319926c074fdf\",\"name\":\"ofiprensa\",\"image\":{\"@type\":\"ImageObject\",\"inLanguage\":\"es\",\"@id\":\"https:\\\/\\\/www.ucaldas.edu.co\\\/portal\\\/wp-content\\\/litespeed\\\/avatar\\\/09ea5085e600095a7a811142c6944527.jpg?ver=1777497608\",\"url\":\"https:\\\/\\\/www.ucaldas.edu.co\\\/portal\\\/wp-content\\\/litespeed\\\/avatar\\\/09ea5085e600095a7a811142c6944527.jpg?ver=1777497608\",\"contentUrl\":\"https:\\\/\\\/www.ucaldas.edu.co\\\/portal\\\/wp-content\\\/litespeed\\\/avatar\\\/09ea5085e600095a7a811142c6944527.jpg?ver=1777497608\",\"caption\":\"ofiprensa\"},\"url\":\"https:\\\/\\\/www.ucaldas.edu.co\\\/portal\\\/author\\\/ofiprensa\\\/\"}]}<\/script>\n<!-- \/ Yoast SEO plugin. -->","yoast_head_json":{"title":"Ministerio de Educaci\u00f3n verifica las condiciones institucionales de la seccional de la Universidad de Caldas en La Dorada .","robots":{"index":"index","follow":"follow","max-snippet":"max-snippet:-1","max-image-preview":"max-image-preview:large","max-video-preview":"max-video-preview:-1"},"canonical":"https:\/\/www.ucaldas.edu.co\/portal\/ministerio-de-educacion-verifica-las-condiciones-institucionales-de-la-seccional-de-la-universidad-de-caldas-en-la-dorada\/","schema":{"@context":"https:\/\/schema.org","@graph":[{"@type":"Article","@id":"https:\/\/www.ucaldas.edu.co\/portal\/ministerio-de-educacion-verifica-las-condiciones-institucionales-de-la-seccional-de-la-universidad-de-caldas-en-la-dorada\/#article","isPartOf":{"@id":"https:\/\/www.ucaldas.edu.co\/portal\/ministerio-de-educacion-verifica-las-condiciones-institucionales-de-la-seccional-de-la-universidad-de-caldas-en-la-dorada\/"},"author":{"name":"ofiprensa","@id":"https:\/\/www.ucaldas.edu.co\/portal\/#\/schema\/person\/a1b482e23449158b4bc319926c074fdf"},"headline":"Ministerio de Educaci\u00f3n verifica las condiciones institucionales de la seccional de la Universidad de Caldas en La Dorada","datePublished":"2022-07-25T21:31:25+00:00","mainEntityOfPage":{"@id":"https:\/\/www.ucaldas.edu.co\/portal\/ministerio-de-educacion-verifica-las-condiciones-institucionales-de-la-seccional-de-la-universidad-de-caldas-en-la-dorada\/"},"wordCount":315,"publisher":{"@id":"https:\/\/www.ucaldas.edu.co\/portal\/#organization"},"image":{"@id":"https:\/\/www.ucaldas.edu.co\/portal\/ministerio-de-educacion-verifica-las-condiciones-institucionales-de-la-seccional-de-la-universidad-de-caldas-en-la-dorada\/#primaryimage"},"thumbnailUrl":"https:\/\/www.ucaldas.edu.co\/portal\/wp-content\/uploads\/2022\/07\/dfe5f88c-ff07-49ce-ad92-ece058bcb69c.jpg","keywords":["Ministerio de Educaci\u00f3n","La Dorada","visita de pares acad\u00e9micos","calidad acad\u00e9mica"],"articleSection":["Actualidad","Universidad al D\u00eda","Ucaldas Acreditada","UCaldas Regional"],"inLanguage":"es"},{"@type":"WebPage","@id":"https:\/\/www.ucaldas.edu.co\/portal\/ministerio-de-educacion-verifica-las-condiciones-institucionales-de-la-seccional-de-la-universidad-de-caldas-en-la-dorada\/","url":"https:\/\/www.ucaldas.edu.co\/portal\/ministerio-de-educacion-verifica-las-condiciones-institucionales-de-la-seccional-de-la-universidad-de-caldas-en-la-dorada\/","name":"Ministerio de Educaci\u00f3n verifica las condiciones institucionales de la seccional de la Universidad de Caldas en La Dorada .","isPartOf":{"@id":"https:\/\/www.ucaldas.edu.co\/portal\/#website"},"primaryImageOfPage":{"@id":"https:\/\/www.ucaldas.edu.co\/portal\/ministerio-de-educacion-verifica-las-condiciones-institucionales-de-la-seccional-de-la-universidad-de-caldas-en-la-dorada\/#primaryimage"},"image":{"@id":"https:\/\/www.ucaldas.edu.co\/portal\/ministerio-de-educacion-verifica-las-condiciones-institucionales-de-la-seccional-de-la-universidad-de-caldas-en-la-dorada\/#primaryimage"},"thumbnailUrl":"https:\/\/www.ucaldas.edu.co\/portal\/wp-content\/uploads\/2022\/07\/dfe5f88c-ff07-49ce-ad92-ece058bcb69c.jpg","datePublished":"2022-07-25T21:31:25+00:00","breadcrumb":{"@id":"https:\/\/www.ucaldas.edu.co\/portal\/ministerio-de-educacion-verifica-las-condiciones-institucionales-de-la-seccional-de-la-universidad-de-caldas-en-la-dorada\/#breadcrumb"},"inLanguage":"es","potentialAction":[{"@type":"ReadAction","target":["https:\/\/www.ucaldas.edu.co\/portal\/ministerio-de-educacion-verifica-las-condiciones-institucionales-de-la-seccional-de-la-universidad-de-caldas-en-la-dorada\/"]}]},{"@type":"ImageObject","inLanguage":"es","@id":"https:\/\/www.ucaldas.edu.co\/portal\/ministerio-de-educacion-verifica-las-condiciones-institucionales-de-la-seccional-de-la-universidad-de-caldas-en-la-dorada\/#primaryimage","url":"https:\/\/www.ucaldas.edu.co\/portal\/wp-content\/uploads\/2022\/07\/dfe5f88c-ff07-49ce-ad92-ece058bcb69c.jpg","contentUrl":"https:\/\/www.ucaldas.edu.co\/portal\/wp-content\/uploads\/2022\/07\/dfe5f88c-ff07-49ce-ad92-ece058bcb69c.jpg","width":700,"height":400,"caption":"pares acad\u00e9micos de mineducaci\u00f3n verifican las condiciones de calidad en la dorada"},{"@type":"BreadcrumbList","@id":"https:\/\/www.ucaldas.edu.co\/portal\/ministerio-de-educacion-verifica-las-condiciones-institucionales-de-la-seccional-de-la-universidad-de-caldas-en-la-dorada\/#breadcrumb","itemListElement":[{"@type":"ListItem","position":1,"name":"Portada","item":"https:\/\/www.ucaldas.edu.co\/portal\/"},{"@type":"ListItem","position":2,"name":"Ministerio de Educaci\u00f3n verifica las condiciones institucionales de la seccional de la Universidad de Caldas en La Dorada"}]},{"@type":"WebSite","@id":"https:\/\/www.ucaldas.edu.co\/portal\/#website","url":"https:\/\/www.ucaldas.edu.co\/portal\/","name":"Universidad de Caldas","description":"","publisher":{"@id":"https:\/\/www.ucaldas.edu.co\/portal\/#organization"},"alternateName":"U. de Caldas","potentialAction":[{"@type":"SearchAction","target":{"@type":"EntryPoint","urlTemplate":"https:\/\/www.ucaldas.edu.co\/portal\/?s={search_term_string}"},"query-input":{"@type":"PropertyValueSpecification","valueRequired":true,"valueName":"search_term_string"}}],"inLanguage":"es"},{"@type":"Organization","@id":"https:\/\/www.ucaldas.edu.co\/portal\/#organization","name":"Universidad de Caldas","alternateName":"U. de Caldas","url":"https:\/\/www.ucaldas.edu.co\/portal\/","logo":{"@type":"ImageObject","inLanguage":"es","@id":"https:\/\/www.ucaldas.edu.co\/portal\/#\/schema\/logo\/image\/","url":"https:\/\/www.ucaldas.edu.co\/portal\/wp-content\/uploads\/2023\/11\/Logo_horizontal_oscuroU-2023.png","contentUrl":"https:\/\/www.ucaldas.edu.co\/portal\/wp-content\/uploads\/2023\/11\/Logo_horizontal_oscuroU-2023.png","width":263,"height":101,"caption":"Universidad de Caldas"},"image":{"@id":"https:\/\/www.ucaldas.edu.co\/portal\/#\/schema\/logo\/image\/"},"sameAs":["https:\/\/www.facebook.com\/udecaldas","https:\/\/x.com\/udecaldas","https:\/\/www.youtube.com\/universidadcaldas","https:\/\/www.instagram.com\/udecaldas\/"]},{"@type":"Person","@id":"https:\/\/www.ucaldas.edu.co\/portal\/#\/schema\/person\/a1b482e23449158b4bc319926c074fdf","name":"ofiprensa","image":{"@type":"ImageObject","inLanguage":"es","@id":"https:\/\/www.ucaldas.edu.co\/portal\/wp-content\/litespeed\/avatar\/09ea5085e600095a7a811142c6944527.jpg?ver=1777497608","url":"https:\/\/www.ucaldas.edu.co\/portal\/wp-content\/litespeed\/avatar\/09ea5085e600095a7a811142c6944527.jpg?ver=1777497608","contentUrl":"https:\/\/www.ucaldas.edu.co\/portal\/wp-content\/litespeed\/avatar\/09ea5085e600095a7a811142c6944527.jpg?ver=1777497608","caption":"ofiprensa"},"url":"https:\/\/www.ucaldas.edu.co\/portal\/author\/ofiprensa\/"}]}},"_links":{"self":[{"href":"https:\/\/www.ucaldas.edu.co\/portal\/wp-json\/wp\/v2\/posts\/70935","targetHints":{"allow":["GET"]}}],"collection":[{"href":"https:\/\/www.ucaldas.edu.co\/portal\/wp-json\/wp\/v2\/posts"}],"about":[{"href":"https:\/\/www.ucaldas.edu.co\/portal\/wp-json\/wp\/v2\/types\/post"}],"author":[{"embeddable":true,"href":"https:\/\/www.ucaldas.edu.co\/portal\/wp-json\/wp\/v2\/users\/2"}],"replies":[{"embeddable":true,"href":"https:\/\/www.ucaldas.edu.co\/portal\/wp-json\/wp\/v2\/comments?post=70935"}],"version-history":[{"count":0,"href":"https:\/\/www.ucaldas.edu.co\/portal\/wp-json\/wp\/v2\/posts\/70935\/revisions"}],"wp:featuredmedia":[{"embeddable":true,"href":"https:\/\/www.ucaldas.edu.co\/portal\/wp-json\/wp\/v2\/media\/70936"}],"wp:attachment":[{"href":"https:\/\/www.ucaldas.edu.co\/portal\/wp-json\/wp\/v2\/media?parent=70935"}],"wp:term":[{"taxonomy":"category","embeddable":true,"href":"https:\/\/www.ucaldas.edu.co\/portal\/wp-json\/wp\/v2\/categories?post=70935"},{"taxonomy":"post_tag","embeddable":true,"href":"https:\/\/www.ucaldas.edu.co\/portal\/wp-json\/wp\/v2\/tags?post=70935"}],"curies":[{"name":"wp","href":"https:\/\/api.w.org\/{rel}","templated":true}]}}