{"id":70915,"date":"2022-07-22T22:05:29","date_gmt":"2022-07-22T22:05:29","guid":{"rendered":"https:\/\/www.ucaldas.edu.co\/portal\/?p=70915"},"modified":"2022-07-22T22:05:29","modified_gmt":"2022-07-22T22:05:29","slug":"convocatoria-para-residencias-estudiantiles-para-el-periodo-2022-2","status":"publish","type":"post","link":"https:\/\/www.ucaldas.edu.co\/portal\/convocatoria-para-residencias-estudiantiles-para-el-periodo-2022-2\/","title":{"rendered":"Convocatoria para residencias estudiantiles para el periodo 2022-2"},"content":{"rendered":"<p><img loading=\"lazy\" decoding=\"async\" class=\"aligncenter size-full wp-image-70916\" src=\"https:\/\/www.ucaldas.edu.co\/portal\/wp-content\/uploads\/2022\/07\/residencias-1.jpg\" alt=\"Los estudiantes deber\u00e1n adelantar su solicitud a trav\u00e9s del SIA\" width=\"700\" height=\"400\" srcset=\"https:\/\/www.ucaldas.edu.co\/portal\/wp-content\/uploads\/2022\/07\/residencias-1.jpg 700w, https:\/\/www.ucaldas.edu.co\/portal\/wp-content\/uploads\/2022\/07\/residencias-1-300x171.jpg 300w\" sizes=\"auto, (max-width: 700px) 100vw, 700px\" \/><\/p>\n<p>La Oficina de Bienestar Universitario de la Universidad de Caldas desde el \u00e1rea de promoci\u00f3n socioecon\u00f3mica, abre convocatoria para los estudiantes interesados en obtener un cupo para las residencias estudiantiles en el periodo 2022-2.<\/p>\n<p><!--more--><\/p>\n<p>Los \u00a0aspirantes a un cupo en las residencias estudiantiles deber\u00e1n acreditar los siguientes requisitos:<\/p>\n<ul>\n<li>Tener un promedio acumulado igual o superior a 3.0.<\/li>\n<li>Puntaje b\u00e1sico de matr\u00edcula (PBM) entre 1 y 35.<\/li>\n<li>No haber presentado retiros por bajo rendimiento de conformidad con lo dispuesto en el Reglamento Estudiantil.<\/li>\n<li>No haber sido sancionado con falta disciplinaria de conformidad con el Reglamento Estudiantil.<\/li>\n<li>Proceder de municipios diferentes a Manizales y Villamar\u00eda.<\/li>\n<li>No tener hermanos\/as beneficiarios de un cupo en residencias.<\/li>\n<li>No tener otro beneficio socioecon\u00f3mico como estudiante, excepto subsidio de alimentaci\u00f3n.<\/li>\n<li>Ser apto para habitar las residencias estudiantiles, seg\u00fan valoraci\u00f3n psicol\u00f3gica o psiqui\u00e1trica de la Universidad de Caldas.<\/li>\n<\/ul>\n<p>Los estudiantes que sean beneficiados con las residencias estudiantiles, deber\u00e1n asistir a las capacitaciones programadas, adem\u00e1s estar dispuestos en apoyar los diferentes proyectos que desde la Oficina de Bienestar Universitario sean solicitados.<\/p>\n<p>Las inscripciones para la convocatoria se realizan diligenciando el formulario en l\u00ednea por medio del Sistema de Informaci\u00f3n Acad\u00e9mica \u2013SIA- de cada estudiante, por lo que es indispensable tener habilitada la plataforma y no presentar bloqueos.<\/p>\n<p>&nbsp;<\/p>\n<table style=\"width: 829px;\">\n<tbody>\n<tr>\n<td style=\"width: 819px;\"><strong>PARA DESTACAR:<br \/>\n<\/strong>Para mayores informes se habilitaron los siguientes canales de comunicaci\u00f3n:<\/p>\n<p><strong>Tel\u00e9fono<\/strong>: 606\u00a0 8781500 extensiones: 18024 y 18020<\/p>\n<p><strong>Correos electr\u00f3nicos:<\/strong><\/p>\n<p><strong><a href=\"mailto:bienestar.psocioeconomica@ucaldas.edu.co\">bienestar.psocioeconomica@ucaldas.edu.co<\/a><br \/>\n<\/strong><strong><a href=\"mailto:bienestar.apoyo@ucaldas.edu.co\">bienestar.apoyo@ucaldas.edu.co<\/a><br \/>\n<\/strong><strong><a href=\"mailto:bienestar.secretaria@ucaldas.edu.co\">bienestar.secretaria@ucaldas.edu.co<\/a>.<\/strong><\/td>\n<\/tr>\n<\/tbody>\n<\/table>\n<p>&nbsp;<\/p>\n<p><strong><a href=\"https:\/\/www.ucaldas.edu.co\/portal\/wp-content\/uploads\/2022\/07\/circular-convocatoria-Residencias-2022-2.pdf\">Convocatoria completa aqu\u00ed.<\/a><\/strong><\/p>\n<p><strong>\u00a0<\/strong><\/p>\n<p><strong>Informes: <\/strong>Oficina de Comunicaciones y Prensa Universidad de Caldas.<br \/>\n<strong>Redacci\u00f3n:<\/strong> Mateo Buritic\u00e1 Giraldo<\/p>\n<p>&nbsp;<\/p>\n","protected":false},"excerpt":{"rendered":"<p>La Oficina de Bienestar Universitario de la Universidad de Caldas desde el \u00e1rea de promoci\u00f3n socioecon\u00f3mica, abre convocatoria para los estudiantes interesados en obtener un cupo para las residencias estudiantiles en el periodo 2022-2.<\/p>\n","protected":false},"author":2,"featured_media":70916,"comment_status":"closed","ping_status":"open","sticky":false,"template":"","format":"standard","meta":{"footnotes":""},"categories":[48,53,617],"tags":[141,8103,8785],"class_list":["post-70915","post","type-post","status-publish","format-standard","has-post-thumbnail","hentry","category-actualidad","category-universidad-al-dia","category-ucaldas-colaborativa","tag-convocatoria","tag-residencias-estudiantiles","tag-bienestar-socioeconomico"],"yoast_head":"<!-- This site is optimized with the Yoast SEO plugin v27.5 - https:\/\/yoast.com\/product\/yoast-seo-wordpress\/ -->\n<title>Convocatoria para residencias estudiantiles para el periodo 2022-2 .<\/title>\n<meta name=\"robots\" content=\"index, follow, max-snippet:-1, max-image-preview:large, max-video-preview:-1\" \/>\n<link rel=\"canonical\" href=\"https:\/\/www.ucaldas.edu.co\/portal\/convocatoria-para-residencias-estudiantiles-para-el-periodo-2022-2\/\" \/>\n<script type=\"application\/ld+json\" class=\"yoast-schema-graph\">{\"@context\":\"https:\\\/\\\/schema.org\",\"@graph\":[{\"@type\":\"Article\",\"@id\":\"https:\\\/\\\/www.ucaldas.edu.co\\\/portal\\\/convocatoria-para-residencias-estudiantiles-para-el-periodo-2022-2\\\/#article\",\"isPartOf\":{\"@id\":\"https:\\\/\\\/www.ucaldas.edu.co\\\/portal\\\/convocatoria-para-residencias-estudiantiles-para-el-periodo-2022-2\\\/\"},\"author\":{\"name\":\"ofiprensa\",\"@id\":\"https:\\\/\\\/www.ucaldas.edu.co\\\/portal\\\/#\\\/schema\\\/person\\\/a1b482e23449158b4bc319926c074fdf\"},\"headline\":\"Convocatoria para residencias estudiantiles para el periodo 2022-2\",\"datePublished\":\"2022-07-22T22:05:29+00:00\",\"mainEntityOfPage\":{\"@id\":\"https:\\\/\\\/www.ucaldas.edu.co\\\/portal\\\/convocatoria-para-residencias-estudiantiles-para-el-periodo-2022-2\\\/\"},\"wordCount\":286,\"publisher\":{\"@id\":\"https:\\\/\\\/www.ucaldas.edu.co\\\/portal\\\/#organization\"},\"image\":{\"@id\":\"https:\\\/\\\/www.ucaldas.edu.co\\\/portal\\\/convocatoria-para-residencias-estudiantiles-para-el-periodo-2022-2\\\/#primaryimage\"},\"thumbnailUrl\":\"https:\\\/\\\/www.ucaldas.edu.co\\\/portal\\\/wp-content\\\/uploads\\\/2022\\\/07\\\/residencias-1.jpg\",\"keywords\":[\"Convocatoria\",\"residencias estudiantiles\",\"bienestar socioecon\u00f3mico\"],\"articleSection\":[\"Actualidad\",\"Universidad al D\u00eda\",\"UCaldas Colaborativa\"],\"inLanguage\":\"es\"},{\"@type\":\"WebPage\",\"@id\":\"https:\\\/\\\/www.ucaldas.edu.co\\\/portal\\\/convocatoria-para-residencias-estudiantiles-para-el-periodo-2022-2\\\/\",\"url\":\"https:\\\/\\\/www.ucaldas.edu.co\\\/portal\\\/convocatoria-para-residencias-estudiantiles-para-el-periodo-2022-2\\\/\",\"name\":\"Convocatoria para residencias estudiantiles para el periodo 2022-2 .\",\"isPartOf\":{\"@id\":\"https:\\\/\\\/www.ucaldas.edu.co\\\/portal\\\/#website\"},\"primaryImageOfPage\":{\"@id\":\"https:\\\/\\\/www.ucaldas.edu.co\\\/portal\\\/convocatoria-para-residencias-estudiantiles-para-el-periodo-2022-2\\\/#primaryimage\"},\"image\":{\"@id\":\"https:\\\/\\\/www.ucaldas.edu.co\\\/portal\\\/convocatoria-para-residencias-estudiantiles-para-el-periodo-2022-2\\\/#primaryimage\"},\"thumbnailUrl\":\"https:\\\/\\\/www.ucaldas.edu.co\\\/portal\\\/wp-content\\\/uploads\\\/2022\\\/07\\\/residencias-1.jpg\",\"datePublished\":\"2022-07-22T22:05:29+00:00\",\"breadcrumb\":{\"@id\":\"https:\\\/\\\/www.ucaldas.edu.co\\\/portal\\\/convocatoria-para-residencias-estudiantiles-para-el-periodo-2022-2\\\/#breadcrumb\"},\"inLanguage\":\"es\",\"potentialAction\":[{\"@type\":\"ReadAction\",\"target\":[\"https:\\\/\\\/www.ucaldas.edu.co\\\/portal\\\/convocatoria-para-residencias-estudiantiles-para-el-periodo-2022-2\\\/\"]}]},{\"@type\":\"ImageObject\",\"inLanguage\":\"es\",\"@id\":\"https:\\\/\\\/www.ucaldas.edu.co\\\/portal\\\/convocatoria-para-residencias-estudiantiles-para-el-periodo-2022-2\\\/#primaryimage\",\"url\":\"https:\\\/\\\/www.ucaldas.edu.co\\\/portal\\\/wp-content\\\/uploads\\\/2022\\\/07\\\/residencias-1.jpg\",\"contentUrl\":\"https:\\\/\\\/www.ucaldas.edu.co\\\/portal\\\/wp-content\\\/uploads\\\/2022\\\/07\\\/residencias-1.jpg\",\"width\":700,\"height\":400,\"caption\":\"Los estudiantes deber\u00e1n adelantar su solicitud a trav\u00e9s del SIA\"},{\"@type\":\"BreadcrumbList\",\"@id\":\"https:\\\/\\\/www.ucaldas.edu.co\\\/portal\\\/convocatoria-para-residencias-estudiantiles-para-el-periodo-2022-2\\\/#breadcrumb\",\"itemListElement\":[{\"@type\":\"ListItem\",\"position\":1,\"name\":\"Portada\",\"item\":\"https:\\\/\\\/www.ucaldas.edu.co\\\/portal\\\/\"},{\"@type\":\"ListItem\",\"position\":2,\"name\":\"Convocatoria para residencias estudiantiles para el periodo 2022-2\"}]},{\"@type\":\"WebSite\",\"@id\":\"https:\\\/\\\/www.ucaldas.edu.co\\\/portal\\\/#website\",\"url\":\"https:\\\/\\\/www.ucaldas.edu.co\\\/portal\\\/\",\"name\":\"Universidad de Caldas\",\"description\":\"\",\"publisher\":{\"@id\":\"https:\\\/\\\/www.ucaldas.edu.co\\\/portal\\\/#organization\"},\"alternateName\":\"U. de Caldas\",\"potentialAction\":[{\"@type\":\"SearchAction\",\"target\":{\"@type\":\"EntryPoint\",\"urlTemplate\":\"https:\\\/\\\/www.ucaldas.edu.co\\\/portal\\\/?s={search_term_string}\"},\"query-input\":{\"@type\":\"PropertyValueSpecification\",\"valueRequired\":true,\"valueName\":\"search_term_string\"}}],\"inLanguage\":\"es\"},{\"@type\":\"Organization\",\"@id\":\"https:\\\/\\\/www.ucaldas.edu.co\\\/portal\\\/#organization\",\"name\":\"Universidad de Caldas\",\"alternateName\":\"U. de Caldas\",\"url\":\"https:\\\/\\\/www.ucaldas.edu.co\\\/portal\\\/\",\"logo\":{\"@type\":\"ImageObject\",\"inLanguage\":\"es\",\"@id\":\"https:\\\/\\\/www.ucaldas.edu.co\\\/portal\\\/#\\\/schema\\\/logo\\\/image\\\/\",\"url\":\"https:\\\/\\\/www.ucaldas.edu.co\\\/portal\\\/wp-content\\\/uploads\\\/2023\\\/11\\\/Logo_horizontal_oscuroU-2023.png\",\"contentUrl\":\"https:\\\/\\\/www.ucaldas.edu.co\\\/portal\\\/wp-content\\\/uploads\\\/2023\\\/11\\\/Logo_horizontal_oscuroU-2023.png\",\"width\":263,\"height\":101,\"caption\":\"Universidad de Caldas\"},\"image\":{\"@id\":\"https:\\\/\\\/www.ucaldas.edu.co\\\/portal\\\/#\\\/schema\\\/logo\\\/image\\\/\"},\"sameAs\":[\"https:\\\/\\\/www.facebook.com\\\/udecaldas\",\"https:\\\/\\\/x.com\\\/udecaldas\",\"https:\\\/\\\/www.youtube.com\\\/universidadcaldas\",\"https:\\\/\\\/www.instagram.com\\\/udecaldas\\\/\"]},{\"@type\":\"Person\",\"@id\":\"https:\\\/\\\/www.ucaldas.edu.co\\\/portal\\\/#\\\/schema\\\/person\\\/a1b482e23449158b4bc319926c074fdf\",\"name\":\"ofiprensa\",\"image\":{\"@type\":\"ImageObject\",\"inLanguage\":\"es\",\"@id\":\"https:\\\/\\\/www.ucaldas.edu.co\\\/portal\\\/wp-content\\\/litespeed\\\/avatar\\\/09ea5085e600095a7a811142c6944527.jpg?ver=1777497608\",\"url\":\"https:\\\/\\\/www.ucaldas.edu.co\\\/portal\\\/wp-content\\\/litespeed\\\/avatar\\\/09ea5085e600095a7a811142c6944527.jpg?ver=1777497608\",\"contentUrl\":\"https:\\\/\\\/www.ucaldas.edu.co\\\/portal\\\/wp-content\\\/litespeed\\\/avatar\\\/09ea5085e600095a7a811142c6944527.jpg?ver=1777497608\",\"caption\":\"ofiprensa\"},\"url\":\"https:\\\/\\\/www.ucaldas.edu.co\\\/portal\\\/author\\\/ofiprensa\\\/\"}]}<\/script>\n<!-- \/ Yoast SEO plugin. -->","yoast_head_json":{"title":"Convocatoria para residencias estudiantiles para el periodo 2022-2 .","robots":{"index":"index","follow":"follow","max-snippet":"max-snippet:-1","max-image-preview":"max-image-preview:large","max-video-preview":"max-video-preview:-1"},"canonical":"https:\/\/www.ucaldas.edu.co\/portal\/convocatoria-para-residencias-estudiantiles-para-el-periodo-2022-2\/","schema":{"@context":"https:\/\/schema.org","@graph":[{"@type":"Article","@id":"https:\/\/www.ucaldas.edu.co\/portal\/convocatoria-para-residencias-estudiantiles-para-el-periodo-2022-2\/#article","isPartOf":{"@id":"https:\/\/www.ucaldas.edu.co\/portal\/convocatoria-para-residencias-estudiantiles-para-el-periodo-2022-2\/"},"author":{"name":"ofiprensa","@id":"https:\/\/www.ucaldas.edu.co\/portal\/#\/schema\/person\/a1b482e23449158b4bc319926c074fdf"},"headline":"Convocatoria para residencias estudiantiles para el periodo 2022-2","datePublished":"2022-07-22T22:05:29+00:00","mainEntityOfPage":{"@id":"https:\/\/www.ucaldas.edu.co\/portal\/convocatoria-para-residencias-estudiantiles-para-el-periodo-2022-2\/"},"wordCount":286,"publisher":{"@id":"https:\/\/www.ucaldas.edu.co\/portal\/#organization"},"image":{"@id":"https:\/\/www.ucaldas.edu.co\/portal\/convocatoria-para-residencias-estudiantiles-para-el-periodo-2022-2\/#primaryimage"},"thumbnailUrl":"https:\/\/www.ucaldas.edu.co\/portal\/wp-content\/uploads\/2022\/07\/residencias-1.jpg","keywords":["Convocatoria","residencias estudiantiles","bienestar socioecon\u00f3mico"],"articleSection":["Actualidad","Universidad al D\u00eda","UCaldas Colaborativa"],"inLanguage":"es"},{"@type":"WebPage","@id":"https:\/\/www.ucaldas.edu.co\/portal\/convocatoria-para-residencias-estudiantiles-para-el-periodo-2022-2\/","url":"https:\/\/www.ucaldas.edu.co\/portal\/convocatoria-para-residencias-estudiantiles-para-el-periodo-2022-2\/","name":"Convocatoria para residencias estudiantiles para el periodo 2022-2 .","isPartOf":{"@id":"https:\/\/www.ucaldas.edu.co\/portal\/#website"},"primaryImageOfPage":{"@id":"https:\/\/www.ucaldas.edu.co\/portal\/convocatoria-para-residencias-estudiantiles-para-el-periodo-2022-2\/#primaryimage"},"image":{"@id":"https:\/\/www.ucaldas.edu.co\/portal\/convocatoria-para-residencias-estudiantiles-para-el-periodo-2022-2\/#primaryimage"},"thumbnailUrl":"https:\/\/www.ucaldas.edu.co\/portal\/wp-content\/uploads\/2022\/07\/residencias-1.jpg","datePublished":"2022-07-22T22:05:29+00:00","breadcrumb":{"@id":"https:\/\/www.ucaldas.edu.co\/portal\/convocatoria-para-residencias-estudiantiles-para-el-periodo-2022-2\/#breadcrumb"},"inLanguage":"es","potentialAction":[{"@type":"ReadAction","target":["https:\/\/www.ucaldas.edu.co\/portal\/convocatoria-para-residencias-estudiantiles-para-el-periodo-2022-2\/"]}]},{"@type":"ImageObject","inLanguage":"es","@id":"https:\/\/www.ucaldas.edu.co\/portal\/convocatoria-para-residencias-estudiantiles-para-el-periodo-2022-2\/#primaryimage","url":"https:\/\/www.ucaldas.edu.co\/portal\/wp-content\/uploads\/2022\/07\/residencias-1.jpg","contentUrl":"https:\/\/www.ucaldas.edu.co\/portal\/wp-content\/uploads\/2022\/07\/residencias-1.jpg","width":700,"height":400,"caption":"Los estudiantes deber\u00e1n adelantar su solicitud a trav\u00e9s del SIA"},{"@type":"BreadcrumbList","@id":"https:\/\/www.ucaldas.edu.co\/portal\/convocatoria-para-residencias-estudiantiles-para-el-periodo-2022-2\/#breadcrumb","itemListElement":[{"@type":"ListItem","position":1,"name":"Portada","item":"https:\/\/www.ucaldas.edu.co\/portal\/"},{"@type":"ListItem","position":2,"name":"Convocatoria para residencias estudiantiles para el periodo 2022-2"}]},{"@type":"WebSite","@id":"https:\/\/www.ucaldas.edu.co\/portal\/#website","url":"https:\/\/www.ucaldas.edu.co\/portal\/","name":"Universidad de Caldas","description":"","publisher":{"@id":"https:\/\/www.ucaldas.edu.co\/portal\/#organization"},"alternateName":"U. de Caldas","potentialAction":[{"@type":"SearchAction","target":{"@type":"EntryPoint","urlTemplate":"https:\/\/www.ucaldas.edu.co\/portal\/?s={search_term_string}"},"query-input":{"@type":"PropertyValueSpecification","valueRequired":true,"valueName":"search_term_string"}}],"inLanguage":"es"},{"@type":"Organization","@id":"https:\/\/www.ucaldas.edu.co\/portal\/#organization","name":"Universidad de Caldas","alternateName":"U. de Caldas","url":"https:\/\/www.ucaldas.edu.co\/portal\/","logo":{"@type":"ImageObject","inLanguage":"es","@id":"https:\/\/www.ucaldas.edu.co\/portal\/#\/schema\/logo\/image\/","url":"https:\/\/www.ucaldas.edu.co\/portal\/wp-content\/uploads\/2023\/11\/Logo_horizontal_oscuroU-2023.png","contentUrl":"https:\/\/www.ucaldas.edu.co\/portal\/wp-content\/uploads\/2023\/11\/Logo_horizontal_oscuroU-2023.png","width":263,"height":101,"caption":"Universidad de Caldas"},"image":{"@id":"https:\/\/www.ucaldas.edu.co\/portal\/#\/schema\/logo\/image\/"},"sameAs":["https:\/\/www.facebook.com\/udecaldas","https:\/\/x.com\/udecaldas","https:\/\/www.youtube.com\/universidadcaldas","https:\/\/www.instagram.com\/udecaldas\/"]},{"@type":"Person","@id":"https:\/\/www.ucaldas.edu.co\/portal\/#\/schema\/person\/a1b482e23449158b4bc319926c074fdf","name":"ofiprensa","image":{"@type":"ImageObject","inLanguage":"es","@id":"https:\/\/www.ucaldas.edu.co\/portal\/wp-content\/litespeed\/avatar\/09ea5085e600095a7a811142c6944527.jpg?ver=1777497608","url":"https:\/\/www.ucaldas.edu.co\/portal\/wp-content\/litespeed\/avatar\/09ea5085e600095a7a811142c6944527.jpg?ver=1777497608","contentUrl":"https:\/\/www.ucaldas.edu.co\/portal\/wp-content\/litespeed\/avatar\/09ea5085e600095a7a811142c6944527.jpg?ver=1777497608","caption":"ofiprensa"},"url":"https:\/\/www.ucaldas.edu.co\/portal\/author\/ofiprensa\/"}]}},"_links":{"self":[{"href":"https:\/\/www.ucaldas.edu.co\/portal\/wp-json\/wp\/v2\/posts\/70915","targetHints":{"allow":["GET"]}}],"collection":[{"href":"https:\/\/www.ucaldas.edu.co\/portal\/wp-json\/wp\/v2\/posts"}],"about":[{"href":"https:\/\/www.ucaldas.edu.co\/portal\/wp-json\/wp\/v2\/types\/post"}],"author":[{"embeddable":true,"href":"https:\/\/www.ucaldas.edu.co\/portal\/wp-json\/wp\/v2\/users\/2"}],"replies":[{"embeddable":true,"href":"https:\/\/www.ucaldas.edu.co\/portal\/wp-json\/wp\/v2\/comments?post=70915"}],"version-history":[{"count":0,"href":"https:\/\/www.ucaldas.edu.co\/portal\/wp-json\/wp\/v2\/posts\/70915\/revisions"}],"wp:featuredmedia":[{"embeddable":true,"href":"https:\/\/www.ucaldas.edu.co\/portal\/wp-json\/wp\/v2\/media\/70916"}],"wp:attachment":[{"href":"https:\/\/www.ucaldas.edu.co\/portal\/wp-json\/wp\/v2\/media?parent=70915"}],"wp:term":[{"taxonomy":"category","embeddable":true,"href":"https:\/\/www.ucaldas.edu.co\/portal\/wp-json\/wp\/v2\/categories?post=70915"},{"taxonomy":"post_tag","embeddable":true,"href":"https:\/\/www.ucaldas.edu.co\/portal\/wp-json\/wp\/v2\/tags?post=70915"}],"curies":[{"name":"wp","href":"https:\/\/api.w.org\/{rel}","templated":true}]}}