{"id":70881,"date":"2022-07-21T21:56:04","date_gmt":"2022-07-21T21:56:04","guid":{"rendered":"https:\/\/www.ucaldas.edu.co\/portal\/?p=70881"},"modified":"2022-07-21T21:56:04","modified_gmt":"2022-07-21T21:56:04","slug":"director-de-telesalud-colombia-de-la-universidad-de-caldas-postulado-a-la-vicepresidencia-de-la-sociedad-espanola-de-epidemiologia","status":"publish","type":"post","link":"https:\/\/www.ucaldas.edu.co\/portal\/director-de-telesalud-colombia-de-la-universidad-de-caldas-postulado-a-la-vicepresidencia-de-la-sociedad-espanola-de-epidemiologia\/","title":{"rendered":"Director de Telesalud Colombia de la Universidad de Caldas postulado a la vicepresidencia de la Sociedad Espa\u00f1ola de Epidemiolog\u00eda"},"content":{"rendered":"<p>&nbsp;<\/p>\n<p><img loading=\"lazy\" decoding=\"async\" class=\"aligncenter size-full wp-image-70882\" src=\"https:\/\/www.ucaldas.edu.co\/portal\/wp-content\/uploads\/2022\/07\/WhatsApp-Image-2022-07-21-at-4.54.03-PM.jpeg\" alt=\"Telesalud se destaca en el \u00e1mbito mundial\" width=\"700\" height=\"400\" srcset=\"https:\/\/www.ucaldas.edu.co\/portal\/wp-content\/uploads\/2022\/07\/WhatsApp-Image-2022-07-21-at-4.54.03-PM.jpeg 700w, https:\/\/www.ucaldas.edu.co\/portal\/wp-content\/uploads\/2022\/07\/WhatsApp-Image-2022-07-21-at-4.54.03-PM-300x171.jpeg 300w\" sizes=\"auto, (max-width: 700px) 100vw, 700px\" \/><\/p>\n<p>Gracias a la labor realizada por Telesalud durante el apoyo a la atenci\u00f3n de la \u00a0pandemia por COVID-19, a trav\u00e9s de \u00a0soluciones tecnol\u00f3gicas como RegistroCovid y telemedicina que contribuyeron a la detecci\u00f3n, control y atenci\u00f3n del virus, el director de Telesalud, Esteban Granada Aguirre fue postulado para la vicepresidencia de la Sociedad Espa\u00f1ola de Epidemiolog\u00eda.<\/p>\n<p><!--more--><\/p>\n<p>En el mes de agosto, Telesalud har\u00e1 \u00a0presencia en la reuni\u00f3n anual de la Sociedad Espa\u00f1ola de Epidemiolog\u00eda presentando la experiencia y el impacto positivo a la poblaci\u00f3n m\u00e1s vulnerable durante la pandemia y adem\u00e1s, se realizar\u00e1 la elecci\u00f3n de varios cargos directivos de esta sociedad.<\/p>\n<p>Seg\u00fan Esteban Granada Aguirre, Director de Telesalud: \u00bb es un orgullo representar a Telesalud y ver los frutos del aporte en salud y de la vigilancia epidemiol\u00f3gica durante la pandemia. Es un reconocimiento muy grande y esperamos tenga los mejores resultados y desarrollar un papel importante en la Sociedad Espa\u00f1ola de Epidemiolog\u00eda\u00bb. La elecci\u00f3n se dar\u00e1 el 31 de agosto del presente a\u00f1o en San Sebasti\u00e1n, Espa\u00f1a.<\/p>\n<p>&nbsp;<\/p>\n<p><strong>Anexo:<br \/>\n<\/strong><strong><a href=\"https:\/\/go.ivoox.com\/rf\/90107495\">Audio director de Telesalud, Estaban Granada Aguirre<\/a><br \/>\n<iframe loading=\"lazy\" src=\"https:\/\/www.ivoox.com\/player_ek_90107495_2_1.html\" width=\"238\" height=\"48\" frameborder=\"0\" scrolling=\"no\" allowfullscreen=\"allowfullscreen\"><\/iframe><\/strong><\/p>\n<p>&nbsp;<\/p>\n<p><strong>Informes:<\/strong> Oficina de Prensa de la Universidad de Caldas<br \/>\n<strong>Redacci\u00f3n:<\/strong> Julieth Osorio Torres<\/p>\n<p>&nbsp;<\/p>\n","protected":false},"excerpt":{"rendered":"<p>&nbsp; Gracias a la labor realizada por Telesalud durante el apoyo a la atenci\u00f3n de la \u00a0pandemia por COVID-19, a trav\u00e9s de \u00a0soluciones tecnol\u00f3gicas como RegistroCovid y telemedicina que contribuyeron a la detecci\u00f3n, control y atenci\u00f3n del virus, el director de Telesalud, Esteban Granada Aguirre fue postulado para la vicepresidencia de la Sociedad Espa\u00f1ola de [&hellip;]<\/p>\n","protected":false},"author":2,"featured_media":70882,"comment_status":"closed","ping_status":"open","sticky":false,"template":"","format":"standard","meta":{"footnotes":""},"categories":[48,53,614],"tags":[275,366,2049,2920,8747],"class_list":["post-70881","post","type-post","status-publish","format-standard","has-post-thumbnail","hentry","category-actualidad","category-universidad-al-dia","category-ucaldas-internacional","tag-telesalud","tag-espana","tag-experiencia-exitosa","tag-epidemiologia","tag-portugal"],"yoast_head":"<!-- This site is optimized with the Yoast SEO plugin v27.5 - https:\/\/yoast.com\/product\/yoast-seo-wordpress\/ -->\n<title>Director de Telesalud Colombia de la Universidad de Caldas postulado a la vicepresidencia de la Sociedad Espa\u00f1ola de Epidemiolog\u00eda .<\/title>\n<meta name=\"robots\" content=\"index, follow, max-snippet:-1, max-image-preview:large, max-video-preview:-1\" \/>\n<link rel=\"canonical\" href=\"https:\/\/www.ucaldas.edu.co\/portal\/director-de-telesalud-colombia-de-la-universidad-de-caldas-postulado-a-la-vicepresidencia-de-la-sociedad-espanola-de-epidemiologia\/\" \/>\n<script type=\"application\/ld+json\" class=\"yoast-schema-graph\">{\"@context\":\"https:\\\/\\\/schema.org\",\"@graph\":[{\"@type\":\"Article\",\"@id\":\"https:\\\/\\\/www.ucaldas.edu.co\\\/portal\\\/director-de-telesalud-colombia-de-la-universidad-de-caldas-postulado-a-la-vicepresidencia-de-la-sociedad-espanola-de-epidemiologia\\\/#article\",\"isPartOf\":{\"@id\":\"https:\\\/\\\/www.ucaldas.edu.co\\\/portal\\\/director-de-telesalud-colombia-de-la-universidad-de-caldas-postulado-a-la-vicepresidencia-de-la-sociedad-espanola-de-epidemiologia\\\/\"},\"author\":{\"name\":\"ofiprensa\",\"@id\":\"https:\\\/\\\/www.ucaldas.edu.co\\\/portal\\\/#\\\/schema\\\/person\\\/a1b482e23449158b4bc319926c074fdf\"},\"headline\":\"Director de Telesalud Colombia de la Universidad de Caldas postulado a la vicepresidencia de la Sociedad Espa\u00f1ola de Epidemiolog\u00eda\",\"datePublished\":\"2022-07-21T21:56:04+00:00\",\"mainEntityOfPage\":{\"@id\":\"https:\\\/\\\/www.ucaldas.edu.co\\\/portal\\\/director-de-telesalud-colombia-de-la-universidad-de-caldas-postulado-a-la-vicepresidencia-de-la-sociedad-espanola-de-epidemiologia\\\/\"},\"wordCount\":235,\"publisher\":{\"@id\":\"https:\\\/\\\/www.ucaldas.edu.co\\\/portal\\\/#organization\"},\"image\":{\"@id\":\"https:\\\/\\\/www.ucaldas.edu.co\\\/portal\\\/director-de-telesalud-colombia-de-la-universidad-de-caldas-postulado-a-la-vicepresidencia-de-la-sociedad-espanola-de-epidemiologia\\\/#primaryimage\"},\"thumbnailUrl\":\"https:\\\/\\\/www.ucaldas.edu.co\\\/portal\\\/wp-content\\\/uploads\\\/2022\\\/07\\\/WhatsApp-Image-2022-07-21-at-4.54.03-PM.jpeg\",\"keywords\":[\"Telesalud\",\"Espa\u00f1a\",\"experiencia exitosa\",\"epidemiolog\u00eda\",\"Portugal\"],\"articleSection\":[\"Actualidad\",\"Universidad al D\u00eda\",\"Ucaldas Internacional\"],\"inLanguage\":\"es\"},{\"@type\":\"WebPage\",\"@id\":\"https:\\\/\\\/www.ucaldas.edu.co\\\/portal\\\/director-de-telesalud-colombia-de-la-universidad-de-caldas-postulado-a-la-vicepresidencia-de-la-sociedad-espanola-de-epidemiologia\\\/\",\"url\":\"https:\\\/\\\/www.ucaldas.edu.co\\\/portal\\\/director-de-telesalud-colombia-de-la-universidad-de-caldas-postulado-a-la-vicepresidencia-de-la-sociedad-espanola-de-epidemiologia\\\/\",\"name\":\"Director de Telesalud Colombia de la Universidad de Caldas postulado a la vicepresidencia de la Sociedad Espa\u00f1ola de Epidemiolog\u00eda .\",\"isPartOf\":{\"@id\":\"https:\\\/\\\/www.ucaldas.edu.co\\\/portal\\\/#website\"},\"primaryImageOfPage\":{\"@id\":\"https:\\\/\\\/www.ucaldas.edu.co\\\/portal\\\/director-de-telesalud-colombia-de-la-universidad-de-caldas-postulado-a-la-vicepresidencia-de-la-sociedad-espanola-de-epidemiologia\\\/#primaryimage\"},\"image\":{\"@id\":\"https:\\\/\\\/www.ucaldas.edu.co\\\/portal\\\/director-de-telesalud-colombia-de-la-universidad-de-caldas-postulado-a-la-vicepresidencia-de-la-sociedad-espanola-de-epidemiologia\\\/#primaryimage\"},\"thumbnailUrl\":\"https:\\\/\\\/www.ucaldas.edu.co\\\/portal\\\/wp-content\\\/uploads\\\/2022\\\/07\\\/WhatsApp-Image-2022-07-21-at-4.54.03-PM.jpeg\",\"datePublished\":\"2022-07-21T21:56:04+00:00\",\"breadcrumb\":{\"@id\":\"https:\\\/\\\/www.ucaldas.edu.co\\\/portal\\\/director-de-telesalud-colombia-de-la-universidad-de-caldas-postulado-a-la-vicepresidencia-de-la-sociedad-espanola-de-epidemiologia\\\/#breadcrumb\"},\"inLanguage\":\"es\",\"potentialAction\":[{\"@type\":\"ReadAction\",\"target\":[\"https:\\\/\\\/www.ucaldas.edu.co\\\/portal\\\/director-de-telesalud-colombia-de-la-universidad-de-caldas-postulado-a-la-vicepresidencia-de-la-sociedad-espanola-de-epidemiologia\\\/\"]}]},{\"@type\":\"ImageObject\",\"inLanguage\":\"es\",\"@id\":\"https:\\\/\\\/www.ucaldas.edu.co\\\/portal\\\/director-de-telesalud-colombia-de-la-universidad-de-caldas-postulado-a-la-vicepresidencia-de-la-sociedad-espanola-de-epidemiologia\\\/#primaryimage\",\"url\":\"https:\\\/\\\/www.ucaldas.edu.co\\\/portal\\\/wp-content\\\/uploads\\\/2022\\\/07\\\/WhatsApp-Image-2022-07-21-at-4.54.03-PM.jpeg\",\"contentUrl\":\"https:\\\/\\\/www.ucaldas.edu.co\\\/portal\\\/wp-content\\\/uploads\\\/2022\\\/07\\\/WhatsApp-Image-2022-07-21-at-4.54.03-PM.jpeg\",\"width\":700,\"height\":400,\"caption\":\"Telesalud se destaca en el \u00e1mbito mundial\"},{\"@type\":\"BreadcrumbList\",\"@id\":\"https:\\\/\\\/www.ucaldas.edu.co\\\/portal\\\/director-de-telesalud-colombia-de-la-universidad-de-caldas-postulado-a-la-vicepresidencia-de-la-sociedad-espanola-de-epidemiologia\\\/#breadcrumb\",\"itemListElement\":[{\"@type\":\"ListItem\",\"position\":1,\"name\":\"Portada\",\"item\":\"https:\\\/\\\/www.ucaldas.edu.co\\\/portal\\\/\"},{\"@type\":\"ListItem\",\"position\":2,\"name\":\"Director de Telesalud Colombia de la Universidad de Caldas postulado a la vicepresidencia de la Sociedad Espa\u00f1ola de Epidemiolog\u00eda\"}]},{\"@type\":\"WebSite\",\"@id\":\"https:\\\/\\\/www.ucaldas.edu.co\\\/portal\\\/#website\",\"url\":\"https:\\\/\\\/www.ucaldas.edu.co\\\/portal\\\/\",\"name\":\"Universidad de Caldas\",\"description\":\"\",\"publisher\":{\"@id\":\"https:\\\/\\\/www.ucaldas.edu.co\\\/portal\\\/#organization\"},\"alternateName\":\"U. de Caldas\",\"potentialAction\":[{\"@type\":\"SearchAction\",\"target\":{\"@type\":\"EntryPoint\",\"urlTemplate\":\"https:\\\/\\\/www.ucaldas.edu.co\\\/portal\\\/?s={search_term_string}\"},\"query-input\":{\"@type\":\"PropertyValueSpecification\",\"valueRequired\":true,\"valueName\":\"search_term_string\"}}],\"inLanguage\":\"es\"},{\"@type\":\"Organization\",\"@id\":\"https:\\\/\\\/www.ucaldas.edu.co\\\/portal\\\/#organization\",\"name\":\"Universidad de Caldas\",\"alternateName\":\"U. de Caldas\",\"url\":\"https:\\\/\\\/www.ucaldas.edu.co\\\/portal\\\/\",\"logo\":{\"@type\":\"ImageObject\",\"inLanguage\":\"es\",\"@id\":\"https:\\\/\\\/www.ucaldas.edu.co\\\/portal\\\/#\\\/schema\\\/logo\\\/image\\\/\",\"url\":\"https:\\\/\\\/www.ucaldas.edu.co\\\/portal\\\/wp-content\\\/uploads\\\/2023\\\/11\\\/Logo_horizontal_oscuroU-2023.png\",\"contentUrl\":\"https:\\\/\\\/www.ucaldas.edu.co\\\/portal\\\/wp-content\\\/uploads\\\/2023\\\/11\\\/Logo_horizontal_oscuroU-2023.png\",\"width\":263,\"height\":101,\"caption\":\"Universidad de Caldas\"},\"image\":{\"@id\":\"https:\\\/\\\/www.ucaldas.edu.co\\\/portal\\\/#\\\/schema\\\/logo\\\/image\\\/\"},\"sameAs\":[\"https:\\\/\\\/www.facebook.com\\\/udecaldas\",\"https:\\\/\\\/x.com\\\/udecaldas\",\"https:\\\/\\\/www.youtube.com\\\/universidadcaldas\",\"https:\\\/\\\/www.instagram.com\\\/udecaldas\\\/\"]},{\"@type\":\"Person\",\"@id\":\"https:\\\/\\\/www.ucaldas.edu.co\\\/portal\\\/#\\\/schema\\\/person\\\/a1b482e23449158b4bc319926c074fdf\",\"name\":\"ofiprensa\",\"image\":{\"@type\":\"ImageObject\",\"inLanguage\":\"es\",\"@id\":\"https:\\\/\\\/www.ucaldas.edu.co\\\/portal\\\/wp-content\\\/litespeed\\\/avatar\\\/09ea5085e600095a7a811142c6944527.jpg?ver=1777497608\",\"url\":\"https:\\\/\\\/www.ucaldas.edu.co\\\/portal\\\/wp-content\\\/litespeed\\\/avatar\\\/09ea5085e600095a7a811142c6944527.jpg?ver=1777497608\",\"contentUrl\":\"https:\\\/\\\/www.ucaldas.edu.co\\\/portal\\\/wp-content\\\/litespeed\\\/avatar\\\/09ea5085e600095a7a811142c6944527.jpg?ver=1777497608\",\"caption\":\"ofiprensa\"},\"url\":\"https:\\\/\\\/www.ucaldas.edu.co\\\/portal\\\/author\\\/ofiprensa\\\/\"}]}<\/script>\n<!-- \/ Yoast SEO plugin. -->","yoast_head_json":{"title":"Director de Telesalud Colombia de la Universidad de Caldas postulado a la vicepresidencia de la Sociedad Espa\u00f1ola de Epidemiolog\u00eda .","robots":{"index":"index","follow":"follow","max-snippet":"max-snippet:-1","max-image-preview":"max-image-preview:large","max-video-preview":"max-video-preview:-1"},"canonical":"https:\/\/www.ucaldas.edu.co\/portal\/director-de-telesalud-colombia-de-la-universidad-de-caldas-postulado-a-la-vicepresidencia-de-la-sociedad-espanola-de-epidemiologia\/","schema":{"@context":"https:\/\/schema.org","@graph":[{"@type":"Article","@id":"https:\/\/www.ucaldas.edu.co\/portal\/director-de-telesalud-colombia-de-la-universidad-de-caldas-postulado-a-la-vicepresidencia-de-la-sociedad-espanola-de-epidemiologia\/#article","isPartOf":{"@id":"https:\/\/www.ucaldas.edu.co\/portal\/director-de-telesalud-colombia-de-la-universidad-de-caldas-postulado-a-la-vicepresidencia-de-la-sociedad-espanola-de-epidemiologia\/"},"author":{"name":"ofiprensa","@id":"https:\/\/www.ucaldas.edu.co\/portal\/#\/schema\/person\/a1b482e23449158b4bc319926c074fdf"},"headline":"Director de Telesalud Colombia de la Universidad de Caldas postulado a la vicepresidencia de la Sociedad Espa\u00f1ola de Epidemiolog\u00eda","datePublished":"2022-07-21T21:56:04+00:00","mainEntityOfPage":{"@id":"https:\/\/www.ucaldas.edu.co\/portal\/director-de-telesalud-colombia-de-la-universidad-de-caldas-postulado-a-la-vicepresidencia-de-la-sociedad-espanola-de-epidemiologia\/"},"wordCount":235,"publisher":{"@id":"https:\/\/www.ucaldas.edu.co\/portal\/#organization"},"image":{"@id":"https:\/\/www.ucaldas.edu.co\/portal\/director-de-telesalud-colombia-de-la-universidad-de-caldas-postulado-a-la-vicepresidencia-de-la-sociedad-espanola-de-epidemiologia\/#primaryimage"},"thumbnailUrl":"https:\/\/www.ucaldas.edu.co\/portal\/wp-content\/uploads\/2022\/07\/WhatsApp-Image-2022-07-21-at-4.54.03-PM.jpeg","keywords":["Telesalud","Espa\u00f1a","experiencia exitosa","epidemiolog\u00eda","Portugal"],"articleSection":["Actualidad","Universidad al D\u00eda","Ucaldas Internacional"],"inLanguage":"es"},{"@type":"WebPage","@id":"https:\/\/www.ucaldas.edu.co\/portal\/director-de-telesalud-colombia-de-la-universidad-de-caldas-postulado-a-la-vicepresidencia-de-la-sociedad-espanola-de-epidemiologia\/","url":"https:\/\/www.ucaldas.edu.co\/portal\/director-de-telesalud-colombia-de-la-universidad-de-caldas-postulado-a-la-vicepresidencia-de-la-sociedad-espanola-de-epidemiologia\/","name":"Director de Telesalud Colombia de la Universidad de Caldas postulado a la vicepresidencia de la Sociedad Espa\u00f1ola de Epidemiolog\u00eda .","isPartOf":{"@id":"https:\/\/www.ucaldas.edu.co\/portal\/#website"},"primaryImageOfPage":{"@id":"https:\/\/www.ucaldas.edu.co\/portal\/director-de-telesalud-colombia-de-la-universidad-de-caldas-postulado-a-la-vicepresidencia-de-la-sociedad-espanola-de-epidemiologia\/#primaryimage"},"image":{"@id":"https:\/\/www.ucaldas.edu.co\/portal\/director-de-telesalud-colombia-de-la-universidad-de-caldas-postulado-a-la-vicepresidencia-de-la-sociedad-espanola-de-epidemiologia\/#primaryimage"},"thumbnailUrl":"https:\/\/www.ucaldas.edu.co\/portal\/wp-content\/uploads\/2022\/07\/WhatsApp-Image-2022-07-21-at-4.54.03-PM.jpeg","datePublished":"2022-07-21T21:56:04+00:00","breadcrumb":{"@id":"https:\/\/www.ucaldas.edu.co\/portal\/director-de-telesalud-colombia-de-la-universidad-de-caldas-postulado-a-la-vicepresidencia-de-la-sociedad-espanola-de-epidemiologia\/#breadcrumb"},"inLanguage":"es","potentialAction":[{"@type":"ReadAction","target":["https:\/\/www.ucaldas.edu.co\/portal\/director-de-telesalud-colombia-de-la-universidad-de-caldas-postulado-a-la-vicepresidencia-de-la-sociedad-espanola-de-epidemiologia\/"]}]},{"@type":"ImageObject","inLanguage":"es","@id":"https:\/\/www.ucaldas.edu.co\/portal\/director-de-telesalud-colombia-de-la-universidad-de-caldas-postulado-a-la-vicepresidencia-de-la-sociedad-espanola-de-epidemiologia\/#primaryimage","url":"https:\/\/www.ucaldas.edu.co\/portal\/wp-content\/uploads\/2022\/07\/WhatsApp-Image-2022-07-21-at-4.54.03-PM.jpeg","contentUrl":"https:\/\/www.ucaldas.edu.co\/portal\/wp-content\/uploads\/2022\/07\/WhatsApp-Image-2022-07-21-at-4.54.03-PM.jpeg","width":700,"height":400,"caption":"Telesalud se destaca en el \u00e1mbito mundial"},{"@type":"BreadcrumbList","@id":"https:\/\/www.ucaldas.edu.co\/portal\/director-de-telesalud-colombia-de-la-universidad-de-caldas-postulado-a-la-vicepresidencia-de-la-sociedad-espanola-de-epidemiologia\/#breadcrumb","itemListElement":[{"@type":"ListItem","position":1,"name":"Portada","item":"https:\/\/www.ucaldas.edu.co\/portal\/"},{"@type":"ListItem","position":2,"name":"Director de Telesalud Colombia de la Universidad de Caldas postulado a la vicepresidencia de la Sociedad Espa\u00f1ola de Epidemiolog\u00eda"}]},{"@type":"WebSite","@id":"https:\/\/www.ucaldas.edu.co\/portal\/#website","url":"https:\/\/www.ucaldas.edu.co\/portal\/","name":"Universidad de Caldas","description":"","publisher":{"@id":"https:\/\/www.ucaldas.edu.co\/portal\/#organization"},"alternateName":"U. de Caldas","potentialAction":[{"@type":"SearchAction","target":{"@type":"EntryPoint","urlTemplate":"https:\/\/www.ucaldas.edu.co\/portal\/?s={search_term_string}"},"query-input":{"@type":"PropertyValueSpecification","valueRequired":true,"valueName":"search_term_string"}}],"inLanguage":"es"},{"@type":"Organization","@id":"https:\/\/www.ucaldas.edu.co\/portal\/#organization","name":"Universidad de Caldas","alternateName":"U. de Caldas","url":"https:\/\/www.ucaldas.edu.co\/portal\/","logo":{"@type":"ImageObject","inLanguage":"es","@id":"https:\/\/www.ucaldas.edu.co\/portal\/#\/schema\/logo\/image\/","url":"https:\/\/www.ucaldas.edu.co\/portal\/wp-content\/uploads\/2023\/11\/Logo_horizontal_oscuroU-2023.png","contentUrl":"https:\/\/www.ucaldas.edu.co\/portal\/wp-content\/uploads\/2023\/11\/Logo_horizontal_oscuroU-2023.png","width":263,"height":101,"caption":"Universidad de Caldas"},"image":{"@id":"https:\/\/www.ucaldas.edu.co\/portal\/#\/schema\/logo\/image\/"},"sameAs":["https:\/\/www.facebook.com\/udecaldas","https:\/\/x.com\/udecaldas","https:\/\/www.youtube.com\/universidadcaldas","https:\/\/www.instagram.com\/udecaldas\/"]},{"@type":"Person","@id":"https:\/\/www.ucaldas.edu.co\/portal\/#\/schema\/person\/a1b482e23449158b4bc319926c074fdf","name":"ofiprensa","image":{"@type":"ImageObject","inLanguage":"es","@id":"https:\/\/www.ucaldas.edu.co\/portal\/wp-content\/litespeed\/avatar\/09ea5085e600095a7a811142c6944527.jpg?ver=1777497608","url":"https:\/\/www.ucaldas.edu.co\/portal\/wp-content\/litespeed\/avatar\/09ea5085e600095a7a811142c6944527.jpg?ver=1777497608","contentUrl":"https:\/\/www.ucaldas.edu.co\/portal\/wp-content\/litespeed\/avatar\/09ea5085e600095a7a811142c6944527.jpg?ver=1777497608","caption":"ofiprensa"},"url":"https:\/\/www.ucaldas.edu.co\/portal\/author\/ofiprensa\/"}]}},"_links":{"self":[{"href":"https:\/\/www.ucaldas.edu.co\/portal\/wp-json\/wp\/v2\/posts\/70881","targetHints":{"allow":["GET"]}}],"collection":[{"href":"https:\/\/www.ucaldas.edu.co\/portal\/wp-json\/wp\/v2\/posts"}],"about":[{"href":"https:\/\/www.ucaldas.edu.co\/portal\/wp-json\/wp\/v2\/types\/post"}],"author":[{"embeddable":true,"href":"https:\/\/www.ucaldas.edu.co\/portal\/wp-json\/wp\/v2\/users\/2"}],"replies":[{"embeddable":true,"href":"https:\/\/www.ucaldas.edu.co\/portal\/wp-json\/wp\/v2\/comments?post=70881"}],"version-history":[{"count":0,"href":"https:\/\/www.ucaldas.edu.co\/portal\/wp-json\/wp\/v2\/posts\/70881\/revisions"}],"wp:featuredmedia":[{"embeddable":true,"href":"https:\/\/www.ucaldas.edu.co\/portal\/wp-json\/wp\/v2\/media\/70882"}],"wp:attachment":[{"href":"https:\/\/www.ucaldas.edu.co\/portal\/wp-json\/wp\/v2\/media?parent=70881"}],"wp:term":[{"taxonomy":"category","embeddable":true,"href":"https:\/\/www.ucaldas.edu.co\/portal\/wp-json\/wp\/v2\/categories?post=70881"},{"taxonomy":"post_tag","embeddable":true,"href":"https:\/\/www.ucaldas.edu.co\/portal\/wp-json\/wp\/v2\/tags?post=70881"}],"curies":[{"name":"wp","href":"https:\/\/api.w.org\/{rel}","templated":true}]}}