{"id":7073,"date":"2011-07-28T17:11:28","date_gmt":"2011-07-28T22:11:28","guid":{"rendered":"https:\/\/www.ucaldas.edu.co\/portal\/?p=7073"},"modified":"2011-07-28T17:11:28","modified_gmt":"2011-07-28T22:11:28","slug":"u-de-caldas-inaugurara-la-exposicion-futbol-historia-de-una-pasion","status":"publish","type":"post","link":"https:\/\/www.ucaldas.edu.co\/portal\/u-de-caldas-inaugurara-la-exposicion-futbol-historia-de-una-pasion\/","title":{"rendered":"U. de Caldas inaugurar\u00e1 la exposici\u00f3n F\u00fatbol, historia de una pasi\u00f3n"},"content":{"rendered":"<p>Este jueves 28 de julio del 2011<\/p>\n<hr \/>\n<p align=\"center\">\n<p align=\"right\"><b>28\/07\/2011<\/b><\/p>\n<table border=\"0\">\n<tbody>\n<tr>\n<td><img loading=\"lazy\" decoding=\"async\" style=\"border: 0px\" alt=\"Futbol\" src=\"http:\/\/www.ucaldas.edu.co\/images\/tmp\/EXPOSICION_FUTBOL_CENTRO_MUSEOS.jpg\" width=\"240\" height=\"150\" border=\"0\" \/><\/td>\n<td><b><i>F\u00fatbol, historia de una pasi\u00f3n<\/i><\/b><i> <\/i>es la <b>exposici\u00f3n<\/b> que el <b>Centro de Museos<\/b> de la <b>Universidad de Caldas<\/b>\u00a0<b>inaugurar\u00e1<\/b> este <b>jueves 28<\/b> de <b>julio<\/b> del 2011. Se trata de un <b>montaje especial<\/b> que representa un\u00a0<b>recorrido visual<\/b> y <b>sensorial<\/b> por los <b>hechos<\/b> y <b>personajes<\/b>\u00a0m\u00e1s <b>importantes<\/b> de este deporte,\u00a0que ahora se vive con m\u00e1s intensidad gracias al\u00a0Mundial Sub20.<\/td>\n<\/tr>\n<\/tbody>\n<\/table>\n<p>El evento ser\u00e1 a las 7:00 p.m.\u00a0en el Centro de Museos de la Instituci\u00f3n.<\/p>\n<p>&nbsp;<\/p>\n<p>\u201cAprovechamos este certamen para tener presencia y ser part\u00edcipe de estos eventos. El futbol es una fiesta y queremos mostrarle a la gente otros aspectos de este deporte, pues es un fen\u00f3meno social que cuenta la historia de la ciudad\u201d, coment\u00f3 Mar\u00eda Cristina Moreno Moreno, Directora del Centro de Museos de la U. de Caldas.<\/p>\n<p>&nbsp;<\/p>\n<p>Los asistentes conocer\u00e1n los trofeos locales del Once Caldas, entre ellos el de la Copa Toyota Libertadores 2004. La exposici\u00f3n estar\u00e1 hasta el 30 de septiembre del 2011.<\/p>\n<p>&nbsp;<\/p>\n<p>\u201cLa funci\u00f3n del museo es estar presente en las situaciones importantes de la ciudad y queremos que los asistentes recreen el estadio, con sus aspectos y vivencias. La exposici\u00f3n muestra los or\u00edgenes y desarrollo del futbol en Manizales\u201d, expres\u00f3 Moreno Moreno.<\/p>\n<p>&nbsp;<\/p>\n<p>Adem\u00e1s, parte de la colecci\u00f3n del Centro de Museos de la U. de Caldas se expondr\u00e1 en la Alianza Francesa de Manizales. Se trata del trabajo del maestro David Mansur sobre El martirio de San Sebasti\u00e1n, un\u00a0 homenaje al futbolista Andr\u00e9s Escobar, futbolista asesinado en 1994.<\/p>\n<p>&nbsp;<\/p>\n<p><b>Jornada acad\u00e9mica<\/b><\/p>\n<p>El Coloquio Futbol y Sociedad es un escenario para averiguar c\u00f3mo un deporte como el futbol, lejos de excluir el mundo de la reflexi\u00f3n, puede ser objeto de discurso y estudio sociopol\u00edtico, literario y filos\u00f3fico.<\/p>\n<p>&nbsp;<\/p>\n<p>Ser\u00e1 desde el lunes 8 hasta el mi\u00e9rcoles 10 de agosto del 2011, en las universidades de Caldas, del Quind\u00edo y Tecnol\u00f3gica de Pereira (UTP).<\/p>\n<p>&nbsp;<\/p>\n<p>Esta es una iniciativa del Centro de Museos de la U. de Caldas, la Red Alma Mater, la Alianza Francesa de Manizales, la Red de Alianzas Francesas del Eje Cafetero, la Liga Risaraldense de Futbol, la Asociaci\u00f3n Colombiana de Redactores Deportivos (Acord) y las universidades del Quind\u00edo y la UTP.<\/p>\n<p>&nbsp;<\/p>\n<p>Conozca el <a href=\"http:\/\/www.facebook.com\/media\/set\/?set=a.190803747648165.47689.107054166023124\" target=\"_blank\">\u00e1lbum en Facebook.<\/a><\/p>\n<p>&nbsp;<\/p>\n<p><b>Informes: <\/b>en el Centro de Museos de la U. de Caldas. Tel\u00e9fono: 886 27 20, extensi\u00f3n 24 132 o 24 133.<\/p>\n<p><b>\u00a0<\/b><\/p>\n","protected":false},"excerpt":{"rendered":"<p>Este jueves 28 de julio del 2011 28\/07\/2011 F\u00fatbol, historia de una pasi\u00f3n es la exposici\u00f3n que el Centro de Museos de la Universidad de Caldas\u00a0inaugurar\u00e1 este jueves 28 de julio del 2011. Se trata de un montaje especial que representa un\u00a0recorrido visual y sensorial por los hechos y personajes\u00a0m\u00e1s importantes de este deporte,\u00a0que ahora [&hellip;]<\/p>\n","protected":false},"author":2,"featured_media":0,"comment_status":"closed","ping_status":"closed","sticky":false,"template":"","format":"standard","meta":{"footnotes":""},"categories":[48,53],"tags":[],"class_list":["post-7073","post","type-post","status-publish","format-standard","hentry","category-actualidad","category-universidad-al-dia"],"yoast_head":"<!-- This site is optimized with the Yoast SEO plugin v27.5 - https:\/\/yoast.com\/product\/yoast-seo-wordpress\/ -->\n<title>U. de Caldas inaugurar\u00e1 la exposici\u00f3n F\u00fatbol, historia de una pasi\u00f3n .<\/title>\n<meta name=\"robots\" content=\"index, follow, max-snippet:-1, max-image-preview:large, max-video-preview:-1\" \/>\n<link rel=\"canonical\" href=\"https:\/\/www.ucaldas.edu.co\/portal\/u-de-caldas-inaugurara-la-exposicion-futbol-historia-de-una-pasion\/\" \/>\n<script type=\"application\/ld+json\" class=\"yoast-schema-graph\">{\"@context\":\"https:\\\/\\\/schema.org\",\"@graph\":[{\"@type\":\"Article\",\"@id\":\"https:\\\/\\\/www.ucaldas.edu.co\\\/portal\\\/u-de-caldas-inaugurara-la-exposicion-futbol-historia-de-una-pasion\\\/#article\",\"isPartOf\":{\"@id\":\"https:\\\/\\\/www.ucaldas.edu.co\\\/portal\\\/u-de-caldas-inaugurara-la-exposicion-futbol-historia-de-una-pasion\\\/\"},\"author\":{\"name\":\"ofiprensa\",\"@id\":\"https:\\\/\\\/www.ucaldas.edu.co\\\/portal\\\/#\\\/schema\\\/person\\\/a1b482e23449158b4bc319926c074fdf\"},\"headline\":\"U. de Caldas inaugurar\u00e1 la exposici\u00f3n F\u00fatbol, historia de una pasi\u00f3n\",\"datePublished\":\"2011-07-28T22:11:28+00:00\",\"mainEntityOfPage\":{\"@id\":\"https:\\\/\\\/www.ucaldas.edu.co\\\/portal\\\/u-de-caldas-inaugurara-la-exposicion-futbol-historia-de-una-pasion\\\/\"},\"wordCount\":425,\"publisher\":{\"@id\":\"https:\\\/\\\/www.ucaldas.edu.co\\\/portal\\\/#organization\"},\"image\":{\"@id\":\"https:\\\/\\\/www.ucaldas.edu.co\\\/portal\\\/u-de-caldas-inaugurara-la-exposicion-futbol-historia-de-una-pasion\\\/#primaryimage\"},\"thumbnailUrl\":\"http:\\\/\\\/www.ucaldas.edu.co\\\/images\\\/tmp\\\/EXPOSICION_FUTBOL_CENTRO_MUSEOS.jpg\",\"articleSection\":[\"Actualidad\",\"Universidad al D\u00eda\"],\"inLanguage\":\"es\"},{\"@type\":\"WebPage\",\"@id\":\"https:\\\/\\\/www.ucaldas.edu.co\\\/portal\\\/u-de-caldas-inaugurara-la-exposicion-futbol-historia-de-una-pasion\\\/\",\"url\":\"https:\\\/\\\/www.ucaldas.edu.co\\\/portal\\\/u-de-caldas-inaugurara-la-exposicion-futbol-historia-de-una-pasion\\\/\",\"name\":\"U. de Caldas inaugurar\u00e1 la exposici\u00f3n F\u00fatbol, historia de una pasi\u00f3n .\",\"isPartOf\":{\"@id\":\"https:\\\/\\\/www.ucaldas.edu.co\\\/portal\\\/#website\"},\"primaryImageOfPage\":{\"@id\":\"https:\\\/\\\/www.ucaldas.edu.co\\\/portal\\\/u-de-caldas-inaugurara-la-exposicion-futbol-historia-de-una-pasion\\\/#primaryimage\"},\"image\":{\"@id\":\"https:\\\/\\\/www.ucaldas.edu.co\\\/portal\\\/u-de-caldas-inaugurara-la-exposicion-futbol-historia-de-una-pasion\\\/#primaryimage\"},\"thumbnailUrl\":\"http:\\\/\\\/www.ucaldas.edu.co\\\/images\\\/tmp\\\/EXPOSICION_FUTBOL_CENTRO_MUSEOS.jpg\",\"datePublished\":\"2011-07-28T22:11:28+00:00\",\"breadcrumb\":{\"@id\":\"https:\\\/\\\/www.ucaldas.edu.co\\\/portal\\\/u-de-caldas-inaugurara-la-exposicion-futbol-historia-de-una-pasion\\\/#breadcrumb\"},\"inLanguage\":\"es\",\"potentialAction\":[{\"@type\":\"ReadAction\",\"target\":[\"https:\\\/\\\/www.ucaldas.edu.co\\\/portal\\\/u-de-caldas-inaugurara-la-exposicion-futbol-historia-de-una-pasion\\\/\"]}]},{\"@type\":\"ImageObject\",\"inLanguage\":\"es\",\"@id\":\"https:\\\/\\\/www.ucaldas.edu.co\\\/portal\\\/u-de-caldas-inaugurara-la-exposicion-futbol-historia-de-una-pasion\\\/#primaryimage\",\"url\":\"http:\\\/\\\/www.ucaldas.edu.co\\\/images\\\/tmp\\\/EXPOSICION_FUTBOL_CENTRO_MUSEOS.jpg\",\"contentUrl\":\"http:\\\/\\\/www.ucaldas.edu.co\\\/images\\\/tmp\\\/EXPOSICION_FUTBOL_CENTRO_MUSEOS.jpg\"},{\"@type\":\"BreadcrumbList\",\"@id\":\"https:\\\/\\\/www.ucaldas.edu.co\\\/portal\\\/u-de-caldas-inaugurara-la-exposicion-futbol-historia-de-una-pasion\\\/#breadcrumb\",\"itemListElement\":[{\"@type\":\"ListItem\",\"position\":1,\"name\":\"Portada\",\"item\":\"https:\\\/\\\/www.ucaldas.edu.co\\\/portal\\\/\"},{\"@type\":\"ListItem\",\"position\":2,\"name\":\"U. de Caldas inaugurar\u00e1 la exposici\u00f3n F\u00fatbol, historia de una pasi\u00f3n\"}]},{\"@type\":\"WebSite\",\"@id\":\"https:\\\/\\\/www.ucaldas.edu.co\\\/portal\\\/#website\",\"url\":\"https:\\\/\\\/www.ucaldas.edu.co\\\/portal\\\/\",\"name\":\"Universidad de Caldas\",\"description\":\"\",\"publisher\":{\"@id\":\"https:\\\/\\\/www.ucaldas.edu.co\\\/portal\\\/#organization\"},\"alternateName\":\"U. de Caldas\",\"potentialAction\":[{\"@type\":\"SearchAction\",\"target\":{\"@type\":\"EntryPoint\",\"urlTemplate\":\"https:\\\/\\\/www.ucaldas.edu.co\\\/portal\\\/?s={search_term_string}\"},\"query-input\":{\"@type\":\"PropertyValueSpecification\",\"valueRequired\":true,\"valueName\":\"search_term_string\"}}],\"inLanguage\":\"es\"},{\"@type\":\"Organization\",\"@id\":\"https:\\\/\\\/www.ucaldas.edu.co\\\/portal\\\/#organization\",\"name\":\"Universidad de Caldas\",\"alternateName\":\"U. de Caldas\",\"url\":\"https:\\\/\\\/www.ucaldas.edu.co\\\/portal\\\/\",\"logo\":{\"@type\":\"ImageObject\",\"inLanguage\":\"es\",\"@id\":\"https:\\\/\\\/www.ucaldas.edu.co\\\/portal\\\/#\\\/schema\\\/logo\\\/image\\\/\",\"url\":\"https:\\\/\\\/www.ucaldas.edu.co\\\/portal\\\/wp-content\\\/uploads\\\/2023\\\/11\\\/Logo_horizontal_oscuroU-2023.png\",\"contentUrl\":\"https:\\\/\\\/www.ucaldas.edu.co\\\/portal\\\/wp-content\\\/uploads\\\/2023\\\/11\\\/Logo_horizontal_oscuroU-2023.png\",\"width\":263,\"height\":101,\"caption\":\"Universidad de Caldas\"},\"image\":{\"@id\":\"https:\\\/\\\/www.ucaldas.edu.co\\\/portal\\\/#\\\/schema\\\/logo\\\/image\\\/\"},\"sameAs\":[\"https:\\\/\\\/www.facebook.com\\\/udecaldas\",\"https:\\\/\\\/x.com\\\/udecaldas\",\"https:\\\/\\\/www.youtube.com\\\/universidadcaldas\",\"https:\\\/\\\/www.instagram.com\\\/udecaldas\\\/\"]},{\"@type\":\"Person\",\"@id\":\"https:\\\/\\\/www.ucaldas.edu.co\\\/portal\\\/#\\\/schema\\\/person\\\/a1b482e23449158b4bc319926c074fdf\",\"name\":\"ofiprensa\",\"image\":{\"@type\":\"ImageObject\",\"inLanguage\":\"es\",\"@id\":\"https:\\\/\\\/www.ucaldas.edu.co\\\/portal\\\/wp-content\\\/litespeed\\\/avatar\\\/09ea5085e600095a7a811142c6944527.jpg?ver=1777497608\",\"url\":\"https:\\\/\\\/www.ucaldas.edu.co\\\/portal\\\/wp-content\\\/litespeed\\\/avatar\\\/09ea5085e600095a7a811142c6944527.jpg?ver=1777497608\",\"contentUrl\":\"https:\\\/\\\/www.ucaldas.edu.co\\\/portal\\\/wp-content\\\/litespeed\\\/avatar\\\/09ea5085e600095a7a811142c6944527.jpg?ver=1777497608\",\"caption\":\"ofiprensa\"},\"url\":\"https:\\\/\\\/www.ucaldas.edu.co\\\/portal\\\/author\\\/ofiprensa\\\/\"}]}<\/script>\n<!-- \/ Yoast SEO plugin. -->","yoast_head_json":{"title":"U. de Caldas inaugurar\u00e1 la exposici\u00f3n F\u00fatbol, historia de una pasi\u00f3n .","robots":{"index":"index","follow":"follow","max-snippet":"max-snippet:-1","max-image-preview":"max-image-preview:large","max-video-preview":"max-video-preview:-1"},"canonical":"https:\/\/www.ucaldas.edu.co\/portal\/u-de-caldas-inaugurara-la-exposicion-futbol-historia-de-una-pasion\/","schema":{"@context":"https:\/\/schema.org","@graph":[{"@type":"Article","@id":"https:\/\/www.ucaldas.edu.co\/portal\/u-de-caldas-inaugurara-la-exposicion-futbol-historia-de-una-pasion\/#article","isPartOf":{"@id":"https:\/\/www.ucaldas.edu.co\/portal\/u-de-caldas-inaugurara-la-exposicion-futbol-historia-de-una-pasion\/"},"author":{"name":"ofiprensa","@id":"https:\/\/www.ucaldas.edu.co\/portal\/#\/schema\/person\/a1b482e23449158b4bc319926c074fdf"},"headline":"U. de Caldas inaugurar\u00e1 la exposici\u00f3n F\u00fatbol, historia de una pasi\u00f3n","datePublished":"2011-07-28T22:11:28+00:00","mainEntityOfPage":{"@id":"https:\/\/www.ucaldas.edu.co\/portal\/u-de-caldas-inaugurara-la-exposicion-futbol-historia-de-una-pasion\/"},"wordCount":425,"publisher":{"@id":"https:\/\/www.ucaldas.edu.co\/portal\/#organization"},"image":{"@id":"https:\/\/www.ucaldas.edu.co\/portal\/u-de-caldas-inaugurara-la-exposicion-futbol-historia-de-una-pasion\/#primaryimage"},"thumbnailUrl":"http:\/\/www.ucaldas.edu.co\/images\/tmp\/EXPOSICION_FUTBOL_CENTRO_MUSEOS.jpg","articleSection":["Actualidad","Universidad al D\u00eda"],"inLanguage":"es"},{"@type":"WebPage","@id":"https:\/\/www.ucaldas.edu.co\/portal\/u-de-caldas-inaugurara-la-exposicion-futbol-historia-de-una-pasion\/","url":"https:\/\/www.ucaldas.edu.co\/portal\/u-de-caldas-inaugurara-la-exposicion-futbol-historia-de-una-pasion\/","name":"U. de Caldas inaugurar\u00e1 la exposici\u00f3n F\u00fatbol, historia de una pasi\u00f3n .","isPartOf":{"@id":"https:\/\/www.ucaldas.edu.co\/portal\/#website"},"primaryImageOfPage":{"@id":"https:\/\/www.ucaldas.edu.co\/portal\/u-de-caldas-inaugurara-la-exposicion-futbol-historia-de-una-pasion\/#primaryimage"},"image":{"@id":"https:\/\/www.ucaldas.edu.co\/portal\/u-de-caldas-inaugurara-la-exposicion-futbol-historia-de-una-pasion\/#primaryimage"},"thumbnailUrl":"http:\/\/www.ucaldas.edu.co\/images\/tmp\/EXPOSICION_FUTBOL_CENTRO_MUSEOS.jpg","datePublished":"2011-07-28T22:11:28+00:00","breadcrumb":{"@id":"https:\/\/www.ucaldas.edu.co\/portal\/u-de-caldas-inaugurara-la-exposicion-futbol-historia-de-una-pasion\/#breadcrumb"},"inLanguage":"es","potentialAction":[{"@type":"ReadAction","target":["https:\/\/www.ucaldas.edu.co\/portal\/u-de-caldas-inaugurara-la-exposicion-futbol-historia-de-una-pasion\/"]}]},{"@type":"ImageObject","inLanguage":"es","@id":"https:\/\/www.ucaldas.edu.co\/portal\/u-de-caldas-inaugurara-la-exposicion-futbol-historia-de-una-pasion\/#primaryimage","url":"http:\/\/www.ucaldas.edu.co\/images\/tmp\/EXPOSICION_FUTBOL_CENTRO_MUSEOS.jpg","contentUrl":"http:\/\/www.ucaldas.edu.co\/images\/tmp\/EXPOSICION_FUTBOL_CENTRO_MUSEOS.jpg"},{"@type":"BreadcrumbList","@id":"https:\/\/www.ucaldas.edu.co\/portal\/u-de-caldas-inaugurara-la-exposicion-futbol-historia-de-una-pasion\/#breadcrumb","itemListElement":[{"@type":"ListItem","position":1,"name":"Portada","item":"https:\/\/www.ucaldas.edu.co\/portal\/"},{"@type":"ListItem","position":2,"name":"U. de Caldas inaugurar\u00e1 la exposici\u00f3n F\u00fatbol, historia de una pasi\u00f3n"}]},{"@type":"WebSite","@id":"https:\/\/www.ucaldas.edu.co\/portal\/#website","url":"https:\/\/www.ucaldas.edu.co\/portal\/","name":"Universidad de Caldas","description":"","publisher":{"@id":"https:\/\/www.ucaldas.edu.co\/portal\/#organization"},"alternateName":"U. de Caldas","potentialAction":[{"@type":"SearchAction","target":{"@type":"EntryPoint","urlTemplate":"https:\/\/www.ucaldas.edu.co\/portal\/?s={search_term_string}"},"query-input":{"@type":"PropertyValueSpecification","valueRequired":true,"valueName":"search_term_string"}}],"inLanguage":"es"},{"@type":"Organization","@id":"https:\/\/www.ucaldas.edu.co\/portal\/#organization","name":"Universidad de Caldas","alternateName":"U. de Caldas","url":"https:\/\/www.ucaldas.edu.co\/portal\/","logo":{"@type":"ImageObject","inLanguage":"es","@id":"https:\/\/www.ucaldas.edu.co\/portal\/#\/schema\/logo\/image\/","url":"https:\/\/www.ucaldas.edu.co\/portal\/wp-content\/uploads\/2023\/11\/Logo_horizontal_oscuroU-2023.png","contentUrl":"https:\/\/www.ucaldas.edu.co\/portal\/wp-content\/uploads\/2023\/11\/Logo_horizontal_oscuroU-2023.png","width":263,"height":101,"caption":"Universidad de Caldas"},"image":{"@id":"https:\/\/www.ucaldas.edu.co\/portal\/#\/schema\/logo\/image\/"},"sameAs":["https:\/\/www.facebook.com\/udecaldas","https:\/\/x.com\/udecaldas","https:\/\/www.youtube.com\/universidadcaldas","https:\/\/www.instagram.com\/udecaldas\/"]},{"@type":"Person","@id":"https:\/\/www.ucaldas.edu.co\/portal\/#\/schema\/person\/a1b482e23449158b4bc319926c074fdf","name":"ofiprensa","image":{"@type":"ImageObject","inLanguage":"es","@id":"https:\/\/www.ucaldas.edu.co\/portal\/wp-content\/litespeed\/avatar\/09ea5085e600095a7a811142c6944527.jpg?ver=1777497608","url":"https:\/\/www.ucaldas.edu.co\/portal\/wp-content\/litespeed\/avatar\/09ea5085e600095a7a811142c6944527.jpg?ver=1777497608","contentUrl":"https:\/\/www.ucaldas.edu.co\/portal\/wp-content\/litespeed\/avatar\/09ea5085e600095a7a811142c6944527.jpg?ver=1777497608","caption":"ofiprensa"},"url":"https:\/\/www.ucaldas.edu.co\/portal\/author\/ofiprensa\/"}]}},"_links":{"self":[{"href":"https:\/\/www.ucaldas.edu.co\/portal\/wp-json\/wp\/v2\/posts\/7073","targetHints":{"allow":["GET"]}}],"collection":[{"href":"https:\/\/www.ucaldas.edu.co\/portal\/wp-json\/wp\/v2\/posts"}],"about":[{"href":"https:\/\/www.ucaldas.edu.co\/portal\/wp-json\/wp\/v2\/types\/post"}],"author":[{"embeddable":true,"href":"https:\/\/www.ucaldas.edu.co\/portal\/wp-json\/wp\/v2\/users\/2"}],"replies":[{"embeddable":true,"href":"https:\/\/www.ucaldas.edu.co\/portal\/wp-json\/wp\/v2\/comments?post=7073"}],"version-history":[{"count":0,"href":"https:\/\/www.ucaldas.edu.co\/portal\/wp-json\/wp\/v2\/posts\/7073\/revisions"}],"wp:attachment":[{"href":"https:\/\/www.ucaldas.edu.co\/portal\/wp-json\/wp\/v2\/media?parent=7073"}],"wp:term":[{"taxonomy":"category","embeddable":true,"href":"https:\/\/www.ucaldas.edu.co\/portal\/wp-json\/wp\/v2\/categories?post=7073"},{"taxonomy":"post_tag","embeddable":true,"href":"https:\/\/www.ucaldas.edu.co\/portal\/wp-json\/wp\/v2\/tags?post=7073"}],"curies":[{"name":"wp","href":"https:\/\/api.w.org\/{rel}","templated":true}]}}