{"id":70697,"date":"2022-07-08T21:30:17","date_gmt":"2022-07-08T21:30:17","guid":{"rendered":"https:\/\/www.ucaldas.edu.co\/portal\/?p=70697"},"modified":"2022-07-08T21:30:17","modified_gmt":"2022-07-08T21:30:17","slug":"premio-jose-francisco-socarras-en-la-categoria-mejor-docente-investigador-2","status":"publish","type":"post","link":"https:\/\/www.ucaldas.edu.co\/portal\/premio-jose-francisco-socarras-en-la-categoria-mejor-docente-investigador-2\/","title":{"rendered":"Premio Jos\u00e9 Francisco Socarr\u00e1s en la categor\u00eda mejor docente investigador"},"content":{"rendered":"<p>&nbsp;<\/p>\n<p><img loading=\"lazy\" decoding=\"async\" class=\"aligncenter size-full wp-image-70698\" src=\"https:\/\/www.ucaldas.edu.co\/portal\/wp-content\/uploads\/2022\/07\/Diseno-sin-titulo-3.jpg\" alt=\"Premio Minciencias a docentes afrocolombianos\" width=\"700\" height=\"400\" srcset=\"https:\/\/www.ucaldas.edu.co\/portal\/wp-content\/uploads\/2022\/07\/Diseno-sin-titulo-3.jpg 700w, https:\/\/www.ucaldas.edu.co\/portal\/wp-content\/uploads\/2022\/07\/Diseno-sin-titulo-3-300x171.jpg 300w\" sizes=\"auto, (max-width: 700px) 100vw, 700px\" \/><\/p>\n<p>Hasta el 30 de septiembre de 2022 estar\u00e1n abiertas las postulaciones al premio Jos\u00e9 Francisco Socarr\u00e1s al m\u00e9rito afrocolombiano, en la Educaci\u00f3n, la Medicina, la Ciencia, la Cultura y la Pol\u00edtica.<\/p>\n<p><!--more--><\/p>\n<p>El premio se otorgar\u00e1 al docente investigador afrocolombiano de instituciones de educaci\u00f3n superior en cada una de las siguientes \u00e1reas del conocimiento:<\/p>\n<ol>\n<li>Medicina.<\/li>\n<li>Educaci\u00f3n<\/li>\n<li>Ciencias Exactas F\u00edsicas y Naturales.<\/li>\n<li>Artes.<\/li>\n<li>Humanidades.<\/li>\n<\/ol>\n<p>La convocatoria est\u00e1 dirigida a docentes investigadores afrocolombianos que durante el a\u00f1o 2021, se hayan destacado en el ejercicio de su profesi\u00f3n o por su liderazgo.<\/p>\n<p>El objetivo de este reconocimiento es identificar los candidatos que cumplen con las caracter\u00edsticas definidas seg\u00fan la categor\u00eda y est\u00e1ndares del Ministerio de Ciencia, Tecnolog\u00eda e Innovaci\u00f3n para ser reconocidos como docente investigador en cada una de las \u00e1reas del conocimiento indicadas.<\/p>\n<p>Requisitos:<\/p>\n<ol>\n<li>Enviar carta remisoria donde relacione su trayectoria como docente investigador, indicando \u00e1rea en la que se desea postular y anexando los soportes que respalden las actividades por las que se considere el ejercicio de su profesi\u00f3n destacable as\u00ed como las que evidencien su liderazgo durante el a\u00f1o 2021 al correo: \u00a0<a href=\"atencionalciudadano@minciencias.gov.co.\">atencionalciudadano@minciencias.gov.co.<\/a><\/li>\n<li>Tener en curso o terminadas las actividades por las que se considere el ejercicio de su profesi\u00f3n destacable as\u00ed como las que evidencien su liderazgo.<\/li>\n<li>Constancia de su vinculaci\u00f3n como docente en una Instituci\u00f3n de Educaci\u00f3n Superior.<\/li>\n<li>Ajustarse a la descripci\u00f3n de la categor\u00eda: Docente investigador, con categor\u00eda reconocida por MINCIENCIAS (Investigador, Junior, Asociado, S\u00e9nior o Em\u00e9rito) se tendr\u00e1n en cuenta los resultados de la convocatoria 894 de 2021.<\/li>\n<li>Tener certificaci\u00f3n de auto reconocimiento otorgada por el Ministerio del Interior como miembro de comunidades afrocolombianas: <a href=\"http:\/\/dacn.mininterior.gov.co\/solicitar-certificacion-de-autorreconocimiento%20al%2030%20de%20septiembre%20de%202022.\">http:\/\/dacn.mininterior.gov.co\/solicitar-certificacion-de-autorreconocimiento al 30 de septiembre de 2022.<\/a><\/li>\n<li>Tener la informaci\u00f3n completamente diligenciada y actualizada al 30 de septiembre de 2022, en el aplicativo CvLAC (plataforma ScienTI-Colombia <a href=\"https:\/\/minciencias.gov.co\/scienti\">https:\/\/minciencias.gov.co\/scienti<\/a><\/li>\n<li>No podr\u00e1n ser premiados docentes que hayan recibido el reconocimiento el a\u00f1o inmediatamente anterior.<\/li>\n<\/ol>\n<p>El premio Jos\u00e9 Francisco Socarr\u00e1s \u00a0fue reglamentado mediante cap\u00edtulo 11 del decreto 1295 de 2016 del Ministerio de Educaci\u00f3n Nacional y se entregar\u00e1 anualmente desde el a\u00f1o 2016.<\/p>\n<p>&nbsp;<\/p>\n<p><strong>Informes: <\/strong>Oficina de Comunicaciones y Prensa Universidad de Caldas.<br \/>\n<strong>Redacci\u00f3n:<\/strong> Adriana Salazar Villegas<\/p>\n<p>&nbsp;<\/p>\n","protected":false},"excerpt":{"rendered":"<p>&nbsp; Hasta el 30 de septiembre de 2022 estar\u00e1n abiertas las postulaciones al premio Jos\u00e9 Francisco Socarr\u00e1s al m\u00e9rito afrocolombiano, en la Educaci\u00f3n, la Medicina, la Ciencia, la Cultura y la Pol\u00edtica.<\/p>\n","protected":false},"author":2,"featured_media":70698,"comment_status":"closed","ping_status":"open","sticky":false,"template":"","format":"standard","meta":{"footnotes":""},"categories":[48,53,620],"tags":[81,191,4543,8705,8706],"class_list":["post-70697","post","type-post","status-publish","format-standard","has-post-thumbnail","hentry","category-actualidad","category-universidad-al-dia","category-ucaldas-transparente","tag-premio","tag-investigacion","tag-minciencias","tag-jose-francisco-socarras","tag-afrocolombianos"],"yoast_head":"<!-- This site is optimized with the Yoast SEO plugin v27.5 - https:\/\/yoast.com\/product\/yoast-seo-wordpress\/ -->\n<title>Premio Jos\u00e9 Francisco Socarr\u00e1s en la categor\u00eda mejor docente investigador .<\/title>\n<meta name=\"robots\" content=\"index, follow, max-snippet:-1, max-image-preview:large, max-video-preview:-1\" \/>\n<link rel=\"canonical\" href=\"https:\/\/www.ucaldas.edu.co\/portal\/premio-jose-francisco-socarras-en-la-categoria-mejor-docente-investigador-2\/\" \/>\n<script type=\"application\/ld+json\" class=\"yoast-schema-graph\">{\"@context\":\"https:\\\/\\\/schema.org\",\"@graph\":[{\"@type\":\"Article\",\"@id\":\"https:\\\/\\\/www.ucaldas.edu.co\\\/portal\\\/premio-jose-francisco-socarras-en-la-categoria-mejor-docente-investigador-2\\\/#article\",\"isPartOf\":{\"@id\":\"https:\\\/\\\/www.ucaldas.edu.co\\\/portal\\\/premio-jose-francisco-socarras-en-la-categoria-mejor-docente-investigador-2\\\/\"},\"author\":{\"name\":\"ofiprensa\",\"@id\":\"https:\\\/\\\/www.ucaldas.edu.co\\\/portal\\\/#\\\/schema\\\/person\\\/a1b482e23449158b4bc319926c074fdf\"},\"headline\":\"Premio Jos\u00e9 Francisco Socarr\u00e1s en la categor\u00eda mejor docente investigador\",\"datePublished\":\"2022-07-08T21:30:17+00:00\",\"mainEntityOfPage\":{\"@id\":\"https:\\\/\\\/www.ucaldas.edu.co\\\/portal\\\/premio-jose-francisco-socarras-en-la-categoria-mejor-docente-investigador-2\\\/\"},\"wordCount\":399,\"publisher\":{\"@id\":\"https:\\\/\\\/www.ucaldas.edu.co\\\/portal\\\/#organization\"},\"image\":{\"@id\":\"https:\\\/\\\/www.ucaldas.edu.co\\\/portal\\\/premio-jose-francisco-socarras-en-la-categoria-mejor-docente-investigador-2\\\/#primaryimage\"},\"thumbnailUrl\":\"https:\\\/\\\/www.ucaldas.edu.co\\\/portal\\\/wp-content\\\/uploads\\\/2022\\\/07\\\/Diseno-sin-titulo-3.jpg\",\"keywords\":[\"premio\",\"investigaci\u00f3n\",\"Minciencias\",\"Jos\u00e9 francisco Socarr\u00e1s\",\"afrocolombianos\"],\"articleSection\":[\"Actualidad\",\"Universidad al D\u00eda\",\"UCaldas Transparente\"],\"inLanguage\":\"es\"},{\"@type\":\"WebPage\",\"@id\":\"https:\\\/\\\/www.ucaldas.edu.co\\\/portal\\\/premio-jose-francisco-socarras-en-la-categoria-mejor-docente-investigador-2\\\/\",\"url\":\"https:\\\/\\\/www.ucaldas.edu.co\\\/portal\\\/premio-jose-francisco-socarras-en-la-categoria-mejor-docente-investigador-2\\\/\",\"name\":\"Premio Jos\u00e9 Francisco Socarr\u00e1s en la categor\u00eda mejor docente investigador .\",\"isPartOf\":{\"@id\":\"https:\\\/\\\/www.ucaldas.edu.co\\\/portal\\\/#website\"},\"primaryImageOfPage\":{\"@id\":\"https:\\\/\\\/www.ucaldas.edu.co\\\/portal\\\/premio-jose-francisco-socarras-en-la-categoria-mejor-docente-investigador-2\\\/#primaryimage\"},\"image\":{\"@id\":\"https:\\\/\\\/www.ucaldas.edu.co\\\/portal\\\/premio-jose-francisco-socarras-en-la-categoria-mejor-docente-investigador-2\\\/#primaryimage\"},\"thumbnailUrl\":\"https:\\\/\\\/www.ucaldas.edu.co\\\/portal\\\/wp-content\\\/uploads\\\/2022\\\/07\\\/Diseno-sin-titulo-3.jpg\",\"datePublished\":\"2022-07-08T21:30:17+00:00\",\"breadcrumb\":{\"@id\":\"https:\\\/\\\/www.ucaldas.edu.co\\\/portal\\\/premio-jose-francisco-socarras-en-la-categoria-mejor-docente-investigador-2\\\/#breadcrumb\"},\"inLanguage\":\"es\",\"potentialAction\":[{\"@type\":\"ReadAction\",\"target\":[\"https:\\\/\\\/www.ucaldas.edu.co\\\/portal\\\/premio-jose-francisco-socarras-en-la-categoria-mejor-docente-investigador-2\\\/\"]}]},{\"@type\":\"ImageObject\",\"inLanguage\":\"es\",\"@id\":\"https:\\\/\\\/www.ucaldas.edu.co\\\/portal\\\/premio-jose-francisco-socarras-en-la-categoria-mejor-docente-investigador-2\\\/#primaryimage\",\"url\":\"https:\\\/\\\/www.ucaldas.edu.co\\\/portal\\\/wp-content\\\/uploads\\\/2022\\\/07\\\/Diseno-sin-titulo-3.jpg\",\"contentUrl\":\"https:\\\/\\\/www.ucaldas.edu.co\\\/portal\\\/wp-content\\\/uploads\\\/2022\\\/07\\\/Diseno-sin-titulo-3.jpg\",\"width\":700,\"height\":400,\"caption\":\"Premio Minciencias a docentes afrocolombianos\"},{\"@type\":\"BreadcrumbList\",\"@id\":\"https:\\\/\\\/www.ucaldas.edu.co\\\/portal\\\/premio-jose-francisco-socarras-en-la-categoria-mejor-docente-investigador-2\\\/#breadcrumb\",\"itemListElement\":[{\"@type\":\"ListItem\",\"position\":1,\"name\":\"Portada\",\"item\":\"https:\\\/\\\/www.ucaldas.edu.co\\\/portal\\\/\"},{\"@type\":\"ListItem\",\"position\":2,\"name\":\"Premio Jos\u00e9 Francisco Socarr\u00e1s en la categor\u00eda mejor docente investigador\"}]},{\"@type\":\"WebSite\",\"@id\":\"https:\\\/\\\/www.ucaldas.edu.co\\\/portal\\\/#website\",\"url\":\"https:\\\/\\\/www.ucaldas.edu.co\\\/portal\\\/\",\"name\":\"Universidad de Caldas\",\"description\":\"\",\"publisher\":{\"@id\":\"https:\\\/\\\/www.ucaldas.edu.co\\\/portal\\\/#organization\"},\"alternateName\":\"U. de Caldas\",\"potentialAction\":[{\"@type\":\"SearchAction\",\"target\":{\"@type\":\"EntryPoint\",\"urlTemplate\":\"https:\\\/\\\/www.ucaldas.edu.co\\\/portal\\\/?s={search_term_string}\"},\"query-input\":{\"@type\":\"PropertyValueSpecification\",\"valueRequired\":true,\"valueName\":\"search_term_string\"}}],\"inLanguage\":\"es\"},{\"@type\":\"Organization\",\"@id\":\"https:\\\/\\\/www.ucaldas.edu.co\\\/portal\\\/#organization\",\"name\":\"Universidad de Caldas\",\"alternateName\":\"U. de Caldas\",\"url\":\"https:\\\/\\\/www.ucaldas.edu.co\\\/portal\\\/\",\"logo\":{\"@type\":\"ImageObject\",\"inLanguage\":\"es\",\"@id\":\"https:\\\/\\\/www.ucaldas.edu.co\\\/portal\\\/#\\\/schema\\\/logo\\\/image\\\/\",\"url\":\"https:\\\/\\\/www.ucaldas.edu.co\\\/portal\\\/wp-content\\\/uploads\\\/2023\\\/11\\\/Logo_horizontal_oscuroU-2023.png\",\"contentUrl\":\"https:\\\/\\\/www.ucaldas.edu.co\\\/portal\\\/wp-content\\\/uploads\\\/2023\\\/11\\\/Logo_horizontal_oscuroU-2023.png\",\"width\":263,\"height\":101,\"caption\":\"Universidad de Caldas\"},\"image\":{\"@id\":\"https:\\\/\\\/www.ucaldas.edu.co\\\/portal\\\/#\\\/schema\\\/logo\\\/image\\\/\"},\"sameAs\":[\"https:\\\/\\\/www.facebook.com\\\/udecaldas\",\"https:\\\/\\\/x.com\\\/udecaldas\",\"https:\\\/\\\/www.youtube.com\\\/universidadcaldas\",\"https:\\\/\\\/www.instagram.com\\\/udecaldas\\\/\"]},{\"@type\":\"Person\",\"@id\":\"https:\\\/\\\/www.ucaldas.edu.co\\\/portal\\\/#\\\/schema\\\/person\\\/a1b482e23449158b4bc319926c074fdf\",\"name\":\"ofiprensa\",\"image\":{\"@type\":\"ImageObject\",\"inLanguage\":\"es\",\"@id\":\"https:\\\/\\\/www.ucaldas.edu.co\\\/portal\\\/wp-content\\\/litespeed\\\/avatar\\\/09ea5085e600095a7a811142c6944527.jpg?ver=1777497608\",\"url\":\"https:\\\/\\\/www.ucaldas.edu.co\\\/portal\\\/wp-content\\\/litespeed\\\/avatar\\\/09ea5085e600095a7a811142c6944527.jpg?ver=1777497608\",\"contentUrl\":\"https:\\\/\\\/www.ucaldas.edu.co\\\/portal\\\/wp-content\\\/litespeed\\\/avatar\\\/09ea5085e600095a7a811142c6944527.jpg?ver=1777497608\",\"caption\":\"ofiprensa\"},\"url\":\"https:\\\/\\\/www.ucaldas.edu.co\\\/portal\\\/author\\\/ofiprensa\\\/\"}]}<\/script>\n<!-- \/ Yoast SEO plugin. -->","yoast_head_json":{"title":"Premio Jos\u00e9 Francisco Socarr\u00e1s en la categor\u00eda mejor docente investigador .","robots":{"index":"index","follow":"follow","max-snippet":"max-snippet:-1","max-image-preview":"max-image-preview:large","max-video-preview":"max-video-preview:-1"},"canonical":"https:\/\/www.ucaldas.edu.co\/portal\/premio-jose-francisco-socarras-en-la-categoria-mejor-docente-investigador-2\/","schema":{"@context":"https:\/\/schema.org","@graph":[{"@type":"Article","@id":"https:\/\/www.ucaldas.edu.co\/portal\/premio-jose-francisco-socarras-en-la-categoria-mejor-docente-investigador-2\/#article","isPartOf":{"@id":"https:\/\/www.ucaldas.edu.co\/portal\/premio-jose-francisco-socarras-en-la-categoria-mejor-docente-investigador-2\/"},"author":{"name":"ofiprensa","@id":"https:\/\/www.ucaldas.edu.co\/portal\/#\/schema\/person\/a1b482e23449158b4bc319926c074fdf"},"headline":"Premio Jos\u00e9 Francisco Socarr\u00e1s en la categor\u00eda mejor docente investigador","datePublished":"2022-07-08T21:30:17+00:00","mainEntityOfPage":{"@id":"https:\/\/www.ucaldas.edu.co\/portal\/premio-jose-francisco-socarras-en-la-categoria-mejor-docente-investigador-2\/"},"wordCount":399,"publisher":{"@id":"https:\/\/www.ucaldas.edu.co\/portal\/#organization"},"image":{"@id":"https:\/\/www.ucaldas.edu.co\/portal\/premio-jose-francisco-socarras-en-la-categoria-mejor-docente-investigador-2\/#primaryimage"},"thumbnailUrl":"https:\/\/www.ucaldas.edu.co\/portal\/wp-content\/uploads\/2022\/07\/Diseno-sin-titulo-3.jpg","keywords":["premio","investigaci\u00f3n","Minciencias","Jos\u00e9 francisco Socarr\u00e1s","afrocolombianos"],"articleSection":["Actualidad","Universidad al D\u00eda","UCaldas Transparente"],"inLanguage":"es"},{"@type":"WebPage","@id":"https:\/\/www.ucaldas.edu.co\/portal\/premio-jose-francisco-socarras-en-la-categoria-mejor-docente-investigador-2\/","url":"https:\/\/www.ucaldas.edu.co\/portal\/premio-jose-francisco-socarras-en-la-categoria-mejor-docente-investigador-2\/","name":"Premio Jos\u00e9 Francisco Socarr\u00e1s en la categor\u00eda mejor docente investigador .","isPartOf":{"@id":"https:\/\/www.ucaldas.edu.co\/portal\/#website"},"primaryImageOfPage":{"@id":"https:\/\/www.ucaldas.edu.co\/portal\/premio-jose-francisco-socarras-en-la-categoria-mejor-docente-investigador-2\/#primaryimage"},"image":{"@id":"https:\/\/www.ucaldas.edu.co\/portal\/premio-jose-francisco-socarras-en-la-categoria-mejor-docente-investigador-2\/#primaryimage"},"thumbnailUrl":"https:\/\/www.ucaldas.edu.co\/portal\/wp-content\/uploads\/2022\/07\/Diseno-sin-titulo-3.jpg","datePublished":"2022-07-08T21:30:17+00:00","breadcrumb":{"@id":"https:\/\/www.ucaldas.edu.co\/portal\/premio-jose-francisco-socarras-en-la-categoria-mejor-docente-investigador-2\/#breadcrumb"},"inLanguage":"es","potentialAction":[{"@type":"ReadAction","target":["https:\/\/www.ucaldas.edu.co\/portal\/premio-jose-francisco-socarras-en-la-categoria-mejor-docente-investigador-2\/"]}]},{"@type":"ImageObject","inLanguage":"es","@id":"https:\/\/www.ucaldas.edu.co\/portal\/premio-jose-francisco-socarras-en-la-categoria-mejor-docente-investigador-2\/#primaryimage","url":"https:\/\/www.ucaldas.edu.co\/portal\/wp-content\/uploads\/2022\/07\/Diseno-sin-titulo-3.jpg","contentUrl":"https:\/\/www.ucaldas.edu.co\/portal\/wp-content\/uploads\/2022\/07\/Diseno-sin-titulo-3.jpg","width":700,"height":400,"caption":"Premio Minciencias a docentes afrocolombianos"},{"@type":"BreadcrumbList","@id":"https:\/\/www.ucaldas.edu.co\/portal\/premio-jose-francisco-socarras-en-la-categoria-mejor-docente-investigador-2\/#breadcrumb","itemListElement":[{"@type":"ListItem","position":1,"name":"Portada","item":"https:\/\/www.ucaldas.edu.co\/portal\/"},{"@type":"ListItem","position":2,"name":"Premio Jos\u00e9 Francisco Socarr\u00e1s en la categor\u00eda mejor docente investigador"}]},{"@type":"WebSite","@id":"https:\/\/www.ucaldas.edu.co\/portal\/#website","url":"https:\/\/www.ucaldas.edu.co\/portal\/","name":"Universidad de Caldas","description":"","publisher":{"@id":"https:\/\/www.ucaldas.edu.co\/portal\/#organization"},"alternateName":"U. de Caldas","potentialAction":[{"@type":"SearchAction","target":{"@type":"EntryPoint","urlTemplate":"https:\/\/www.ucaldas.edu.co\/portal\/?s={search_term_string}"},"query-input":{"@type":"PropertyValueSpecification","valueRequired":true,"valueName":"search_term_string"}}],"inLanguage":"es"},{"@type":"Organization","@id":"https:\/\/www.ucaldas.edu.co\/portal\/#organization","name":"Universidad de Caldas","alternateName":"U. de Caldas","url":"https:\/\/www.ucaldas.edu.co\/portal\/","logo":{"@type":"ImageObject","inLanguage":"es","@id":"https:\/\/www.ucaldas.edu.co\/portal\/#\/schema\/logo\/image\/","url":"https:\/\/www.ucaldas.edu.co\/portal\/wp-content\/uploads\/2023\/11\/Logo_horizontal_oscuroU-2023.png","contentUrl":"https:\/\/www.ucaldas.edu.co\/portal\/wp-content\/uploads\/2023\/11\/Logo_horizontal_oscuroU-2023.png","width":263,"height":101,"caption":"Universidad de Caldas"},"image":{"@id":"https:\/\/www.ucaldas.edu.co\/portal\/#\/schema\/logo\/image\/"},"sameAs":["https:\/\/www.facebook.com\/udecaldas","https:\/\/x.com\/udecaldas","https:\/\/www.youtube.com\/universidadcaldas","https:\/\/www.instagram.com\/udecaldas\/"]},{"@type":"Person","@id":"https:\/\/www.ucaldas.edu.co\/portal\/#\/schema\/person\/a1b482e23449158b4bc319926c074fdf","name":"ofiprensa","image":{"@type":"ImageObject","inLanguage":"es","@id":"https:\/\/www.ucaldas.edu.co\/portal\/wp-content\/litespeed\/avatar\/09ea5085e600095a7a811142c6944527.jpg?ver=1777497608","url":"https:\/\/www.ucaldas.edu.co\/portal\/wp-content\/litespeed\/avatar\/09ea5085e600095a7a811142c6944527.jpg?ver=1777497608","contentUrl":"https:\/\/www.ucaldas.edu.co\/portal\/wp-content\/litespeed\/avatar\/09ea5085e600095a7a811142c6944527.jpg?ver=1777497608","caption":"ofiprensa"},"url":"https:\/\/www.ucaldas.edu.co\/portal\/author\/ofiprensa\/"}]}},"_links":{"self":[{"href":"https:\/\/www.ucaldas.edu.co\/portal\/wp-json\/wp\/v2\/posts\/70697","targetHints":{"allow":["GET"]}}],"collection":[{"href":"https:\/\/www.ucaldas.edu.co\/portal\/wp-json\/wp\/v2\/posts"}],"about":[{"href":"https:\/\/www.ucaldas.edu.co\/portal\/wp-json\/wp\/v2\/types\/post"}],"author":[{"embeddable":true,"href":"https:\/\/www.ucaldas.edu.co\/portal\/wp-json\/wp\/v2\/users\/2"}],"replies":[{"embeddable":true,"href":"https:\/\/www.ucaldas.edu.co\/portal\/wp-json\/wp\/v2\/comments?post=70697"}],"version-history":[{"count":0,"href":"https:\/\/www.ucaldas.edu.co\/portal\/wp-json\/wp\/v2\/posts\/70697\/revisions"}],"wp:featuredmedia":[{"embeddable":true,"href":"https:\/\/www.ucaldas.edu.co\/portal\/wp-json\/wp\/v2\/media\/70698"}],"wp:attachment":[{"href":"https:\/\/www.ucaldas.edu.co\/portal\/wp-json\/wp\/v2\/media?parent=70697"}],"wp:term":[{"taxonomy":"category","embeddable":true,"href":"https:\/\/www.ucaldas.edu.co\/portal\/wp-json\/wp\/v2\/categories?post=70697"},{"taxonomy":"post_tag","embeddable":true,"href":"https:\/\/www.ucaldas.edu.co\/portal\/wp-json\/wp\/v2\/tags?post=70697"}],"curies":[{"name":"wp","href":"https:\/\/api.w.org\/{rel}","templated":true}]}}