{"id":70649,"date":"2022-07-07T22:49:11","date_gmt":"2022-07-07T22:49:11","guid":{"rendered":"https:\/\/www.ucaldas.edu.co\/portal\/?p=70649"},"modified":"2022-07-07T22:49:11","modified_gmt":"2022-07-07T22:49:11","slug":"comunicado-secretaria-general-de-la-universidad-de-caldas-sobre-el-avance-del-proceso-de-eleccion-de-rector","status":"publish","type":"post","link":"https:\/\/www.ucaldas.edu.co\/portal\/comunicado-secretaria-general-de-la-universidad-de-caldas-sobre-el-avance-del-proceso-de-eleccion-de-rector\/","title":{"rendered":"Comunicado Secretaria General de la Universidad de Caldas sobre el avance del proceso de elecci\u00f3n de rector"},"content":{"rendered":"<p><img loading=\"lazy\" decoding=\"async\" class=\"aligncenter size-full wp-image-70650\" src=\"https:\/\/www.ucaldas.edu.co\/portal\/wp-content\/uploads\/2022\/07\/Diseno-sin-titulo.jpg\" alt=\"Comunicado Seccretaria General elecci\u00f3n de rector 2022-2026\" width=\"700\" height=\"400\" srcset=\"https:\/\/www.ucaldas.edu.co\/portal\/wp-content\/uploads\/2022\/07\/Diseno-sin-titulo.jpg 700w, https:\/\/www.ucaldas.edu.co\/portal\/wp-content\/uploads\/2022\/07\/Diseno-sin-titulo-300x171.jpg 300w\" sizes=\"auto, (max-width: 700px) 100vw, 700px\" \/><\/p>\n<p>&nbsp;<\/p>\n<p>Mediante un comunicado dirigido a la comunidad universitaria la Secretar\u00eda General da a conocer el estado del proceso de designaci\u00f3n del rector de la Universidad de Caldas para el periodo 2022-2026.<\/p>\n<p><!--more--><\/p>\n<p>En dicho documento se hace una cronolog\u00eda del proceso y se anuncia que actualmente\u00a0 se est\u00e1 a la espera que la Procuradur\u00eda General de la Naci\u00f3n, decida de fondo sobre los impedimentos y las recusaciones, lo cual permitir\u00e1 continuar con el desarrollo del calendario previsto para la designaci\u00f3n de rector, adem\u00e1s se\u00a0 aclara que la Procuradur\u00eda General de la Naci\u00f3n no tiene injerencia en la designaci\u00f3n del Rector de la Universidad de Caldas, ya que la competencia es exclusivamente de la m\u00e1xima autoridad de la Universidad, esto es, el Consejo Superior.<\/p>\n<p>&nbsp;<\/p>\n<p>Descargue el comunicado completo <strong><a href=\"https:\/\/www.ucaldas.edu.co\/portal\/wp-content\/uploads\/2022\/07\/COMUNICADO-N\u00b0-005-DE-2022-SECRETARIA-GENERAL-2.pdf\">aqu\u00ed<\/a><\/strong><\/p>\n<p><strong>\u00a0<\/strong><\/p>\n<p><strong>\u00a0<\/strong><\/p>\n<p><strong>Informes: <\/strong>Oficina de Comunicaciones y Prensa Universidad de Caldas.<br \/>\n<strong>Redacci\u00f3n:<\/strong> Adriana Salazar Villegas<\/p>\n<p>&nbsp;<\/p>\n","protected":false},"excerpt":{"rendered":"<p>&nbsp; Mediante un comunicado dirigido a la comunidad universitaria la Secretar\u00eda General da a conocer el estado del proceso de designaci\u00f3n del rector de la Universidad de Caldas para el periodo 2022-2026.<\/p>\n","protected":false},"author":2,"featured_media":70650,"comment_status":"closed","ping_status":"open","sticky":false,"template":"","format":"standard","meta":{"footnotes":""},"categories":[48,53,620],"tags":[493,1090,4238,8242],"class_list":["post-70649","post","type-post","status-publish","format-standard","has-post-thumbnail","hentry","category-actualidad","category-universidad-al-dia","category-ucaldas-transparente","tag-secretaria-general","tag-consejo-superior","tag-comunicado-oficial","tag-eleccion-de-rector"],"yoast_head":"<!-- This site is optimized with the Yoast SEO plugin v27.5 - https:\/\/yoast.com\/product\/yoast-seo-wordpress\/ -->\n<title>Comunicado Secretaria General de la Universidad de Caldas sobre el avance del proceso de elecci\u00f3n de rector .<\/title>\n<meta name=\"robots\" content=\"index, follow, max-snippet:-1, max-image-preview:large, max-video-preview:-1\" \/>\n<link rel=\"canonical\" href=\"https:\/\/www.ucaldas.edu.co\/portal\/comunicado-secretaria-general-de-la-universidad-de-caldas-sobre-el-avance-del-proceso-de-eleccion-de-rector\/\" \/>\n<script type=\"application\/ld+json\" class=\"yoast-schema-graph\">{\"@context\":\"https:\\\/\\\/schema.org\",\"@graph\":[{\"@type\":\"Article\",\"@id\":\"https:\\\/\\\/www.ucaldas.edu.co\\\/portal\\\/comunicado-secretaria-general-de-la-universidad-de-caldas-sobre-el-avance-del-proceso-de-eleccion-de-rector\\\/#article\",\"isPartOf\":{\"@id\":\"https:\\\/\\\/www.ucaldas.edu.co\\\/portal\\\/comunicado-secretaria-general-de-la-universidad-de-caldas-sobre-el-avance-del-proceso-de-eleccion-de-rector\\\/\"},\"author\":{\"name\":\"ofiprensa\",\"@id\":\"https:\\\/\\\/www.ucaldas.edu.co\\\/portal\\\/#\\\/schema\\\/person\\\/a1b482e23449158b4bc319926c074fdf\"},\"headline\":\"Comunicado Secretaria General de la Universidad de Caldas sobre el avance del proceso de elecci\u00f3n de rector\",\"datePublished\":\"2022-07-07T22:49:11+00:00\",\"mainEntityOfPage\":{\"@id\":\"https:\\\/\\\/www.ucaldas.edu.co\\\/portal\\\/comunicado-secretaria-general-de-la-universidad-de-caldas-sobre-el-avance-del-proceso-de-eleccion-de-rector\\\/\"},\"wordCount\":173,\"publisher\":{\"@id\":\"https:\\\/\\\/www.ucaldas.edu.co\\\/portal\\\/#organization\"},\"image\":{\"@id\":\"https:\\\/\\\/www.ucaldas.edu.co\\\/portal\\\/comunicado-secretaria-general-de-la-universidad-de-caldas-sobre-el-avance-del-proceso-de-eleccion-de-rector\\\/#primaryimage\"},\"thumbnailUrl\":\"https:\\\/\\\/www.ucaldas.edu.co\\\/portal\\\/wp-content\\\/uploads\\\/2022\\\/07\\\/Diseno-sin-titulo.jpg\",\"keywords\":[\"Secretar\u00eda General\",\"Consejo Superior\",\"Comunicado Oficial\",\"elecci\u00f3n de rector\"],\"articleSection\":[\"Actualidad\",\"Universidad al D\u00eda\",\"UCaldas Transparente\"],\"inLanguage\":\"es\"},{\"@type\":\"WebPage\",\"@id\":\"https:\\\/\\\/www.ucaldas.edu.co\\\/portal\\\/comunicado-secretaria-general-de-la-universidad-de-caldas-sobre-el-avance-del-proceso-de-eleccion-de-rector\\\/\",\"url\":\"https:\\\/\\\/www.ucaldas.edu.co\\\/portal\\\/comunicado-secretaria-general-de-la-universidad-de-caldas-sobre-el-avance-del-proceso-de-eleccion-de-rector\\\/\",\"name\":\"Comunicado Secretaria General de la Universidad de Caldas sobre el avance del proceso de elecci\u00f3n de rector .\",\"isPartOf\":{\"@id\":\"https:\\\/\\\/www.ucaldas.edu.co\\\/portal\\\/#website\"},\"primaryImageOfPage\":{\"@id\":\"https:\\\/\\\/www.ucaldas.edu.co\\\/portal\\\/comunicado-secretaria-general-de-la-universidad-de-caldas-sobre-el-avance-del-proceso-de-eleccion-de-rector\\\/#primaryimage\"},\"image\":{\"@id\":\"https:\\\/\\\/www.ucaldas.edu.co\\\/portal\\\/comunicado-secretaria-general-de-la-universidad-de-caldas-sobre-el-avance-del-proceso-de-eleccion-de-rector\\\/#primaryimage\"},\"thumbnailUrl\":\"https:\\\/\\\/www.ucaldas.edu.co\\\/portal\\\/wp-content\\\/uploads\\\/2022\\\/07\\\/Diseno-sin-titulo.jpg\",\"datePublished\":\"2022-07-07T22:49:11+00:00\",\"breadcrumb\":{\"@id\":\"https:\\\/\\\/www.ucaldas.edu.co\\\/portal\\\/comunicado-secretaria-general-de-la-universidad-de-caldas-sobre-el-avance-del-proceso-de-eleccion-de-rector\\\/#breadcrumb\"},\"inLanguage\":\"es\",\"potentialAction\":[{\"@type\":\"ReadAction\",\"target\":[\"https:\\\/\\\/www.ucaldas.edu.co\\\/portal\\\/comunicado-secretaria-general-de-la-universidad-de-caldas-sobre-el-avance-del-proceso-de-eleccion-de-rector\\\/\"]}]},{\"@type\":\"ImageObject\",\"inLanguage\":\"es\",\"@id\":\"https:\\\/\\\/www.ucaldas.edu.co\\\/portal\\\/comunicado-secretaria-general-de-la-universidad-de-caldas-sobre-el-avance-del-proceso-de-eleccion-de-rector\\\/#primaryimage\",\"url\":\"https:\\\/\\\/www.ucaldas.edu.co\\\/portal\\\/wp-content\\\/uploads\\\/2022\\\/07\\\/Diseno-sin-titulo.jpg\",\"contentUrl\":\"https:\\\/\\\/www.ucaldas.edu.co\\\/portal\\\/wp-content\\\/uploads\\\/2022\\\/07\\\/Diseno-sin-titulo.jpg\",\"width\":700,\"height\":400,\"caption\":\"Comunicado Seccretaria General elecci\u00f3n de rector 2022-2026\"},{\"@type\":\"BreadcrumbList\",\"@id\":\"https:\\\/\\\/www.ucaldas.edu.co\\\/portal\\\/comunicado-secretaria-general-de-la-universidad-de-caldas-sobre-el-avance-del-proceso-de-eleccion-de-rector\\\/#breadcrumb\",\"itemListElement\":[{\"@type\":\"ListItem\",\"position\":1,\"name\":\"Portada\",\"item\":\"https:\\\/\\\/www.ucaldas.edu.co\\\/portal\\\/\"},{\"@type\":\"ListItem\",\"position\":2,\"name\":\"Comunicado Secretaria General de la Universidad de Caldas sobre el avance del proceso de elecci\u00f3n de rector\"}]},{\"@type\":\"WebSite\",\"@id\":\"https:\\\/\\\/www.ucaldas.edu.co\\\/portal\\\/#website\",\"url\":\"https:\\\/\\\/www.ucaldas.edu.co\\\/portal\\\/\",\"name\":\"Universidad de Caldas\",\"description\":\"\",\"publisher\":{\"@id\":\"https:\\\/\\\/www.ucaldas.edu.co\\\/portal\\\/#organization\"},\"alternateName\":\"U. de Caldas\",\"potentialAction\":[{\"@type\":\"SearchAction\",\"target\":{\"@type\":\"EntryPoint\",\"urlTemplate\":\"https:\\\/\\\/www.ucaldas.edu.co\\\/portal\\\/?s={search_term_string}\"},\"query-input\":{\"@type\":\"PropertyValueSpecification\",\"valueRequired\":true,\"valueName\":\"search_term_string\"}}],\"inLanguage\":\"es\"},{\"@type\":\"Organization\",\"@id\":\"https:\\\/\\\/www.ucaldas.edu.co\\\/portal\\\/#organization\",\"name\":\"Universidad de Caldas\",\"alternateName\":\"U. de Caldas\",\"url\":\"https:\\\/\\\/www.ucaldas.edu.co\\\/portal\\\/\",\"logo\":{\"@type\":\"ImageObject\",\"inLanguage\":\"es\",\"@id\":\"https:\\\/\\\/www.ucaldas.edu.co\\\/portal\\\/#\\\/schema\\\/logo\\\/image\\\/\",\"url\":\"https:\\\/\\\/www.ucaldas.edu.co\\\/portal\\\/wp-content\\\/uploads\\\/2023\\\/11\\\/Logo_horizontal_oscuroU-2023.png\",\"contentUrl\":\"https:\\\/\\\/www.ucaldas.edu.co\\\/portal\\\/wp-content\\\/uploads\\\/2023\\\/11\\\/Logo_horizontal_oscuroU-2023.png\",\"width\":263,\"height\":101,\"caption\":\"Universidad de Caldas\"},\"image\":{\"@id\":\"https:\\\/\\\/www.ucaldas.edu.co\\\/portal\\\/#\\\/schema\\\/logo\\\/image\\\/\"},\"sameAs\":[\"https:\\\/\\\/www.facebook.com\\\/udecaldas\",\"https:\\\/\\\/x.com\\\/udecaldas\",\"https:\\\/\\\/www.youtube.com\\\/universidadcaldas\",\"https:\\\/\\\/www.instagram.com\\\/udecaldas\\\/\"]},{\"@type\":\"Person\",\"@id\":\"https:\\\/\\\/www.ucaldas.edu.co\\\/portal\\\/#\\\/schema\\\/person\\\/a1b482e23449158b4bc319926c074fdf\",\"name\":\"ofiprensa\",\"image\":{\"@type\":\"ImageObject\",\"inLanguage\":\"es\",\"@id\":\"https:\\\/\\\/www.ucaldas.edu.co\\\/portal\\\/wp-content\\\/litespeed\\\/avatar\\\/09ea5085e600095a7a811142c6944527.jpg?ver=1777497608\",\"url\":\"https:\\\/\\\/www.ucaldas.edu.co\\\/portal\\\/wp-content\\\/litespeed\\\/avatar\\\/09ea5085e600095a7a811142c6944527.jpg?ver=1777497608\",\"contentUrl\":\"https:\\\/\\\/www.ucaldas.edu.co\\\/portal\\\/wp-content\\\/litespeed\\\/avatar\\\/09ea5085e600095a7a811142c6944527.jpg?ver=1777497608\",\"caption\":\"ofiprensa\"},\"url\":\"https:\\\/\\\/www.ucaldas.edu.co\\\/portal\\\/author\\\/ofiprensa\\\/\"}]}<\/script>\n<!-- \/ Yoast SEO plugin. -->","yoast_head_json":{"title":"Comunicado Secretaria General de la Universidad de Caldas sobre el avance del proceso de elecci\u00f3n de rector .","robots":{"index":"index","follow":"follow","max-snippet":"max-snippet:-1","max-image-preview":"max-image-preview:large","max-video-preview":"max-video-preview:-1"},"canonical":"https:\/\/www.ucaldas.edu.co\/portal\/comunicado-secretaria-general-de-la-universidad-de-caldas-sobre-el-avance-del-proceso-de-eleccion-de-rector\/","schema":{"@context":"https:\/\/schema.org","@graph":[{"@type":"Article","@id":"https:\/\/www.ucaldas.edu.co\/portal\/comunicado-secretaria-general-de-la-universidad-de-caldas-sobre-el-avance-del-proceso-de-eleccion-de-rector\/#article","isPartOf":{"@id":"https:\/\/www.ucaldas.edu.co\/portal\/comunicado-secretaria-general-de-la-universidad-de-caldas-sobre-el-avance-del-proceso-de-eleccion-de-rector\/"},"author":{"name":"ofiprensa","@id":"https:\/\/www.ucaldas.edu.co\/portal\/#\/schema\/person\/a1b482e23449158b4bc319926c074fdf"},"headline":"Comunicado Secretaria General de la Universidad de Caldas sobre el avance del proceso de elecci\u00f3n de rector","datePublished":"2022-07-07T22:49:11+00:00","mainEntityOfPage":{"@id":"https:\/\/www.ucaldas.edu.co\/portal\/comunicado-secretaria-general-de-la-universidad-de-caldas-sobre-el-avance-del-proceso-de-eleccion-de-rector\/"},"wordCount":173,"publisher":{"@id":"https:\/\/www.ucaldas.edu.co\/portal\/#organization"},"image":{"@id":"https:\/\/www.ucaldas.edu.co\/portal\/comunicado-secretaria-general-de-la-universidad-de-caldas-sobre-el-avance-del-proceso-de-eleccion-de-rector\/#primaryimage"},"thumbnailUrl":"https:\/\/www.ucaldas.edu.co\/portal\/wp-content\/uploads\/2022\/07\/Diseno-sin-titulo.jpg","keywords":["Secretar\u00eda General","Consejo Superior","Comunicado Oficial","elecci\u00f3n de rector"],"articleSection":["Actualidad","Universidad al D\u00eda","UCaldas Transparente"],"inLanguage":"es"},{"@type":"WebPage","@id":"https:\/\/www.ucaldas.edu.co\/portal\/comunicado-secretaria-general-de-la-universidad-de-caldas-sobre-el-avance-del-proceso-de-eleccion-de-rector\/","url":"https:\/\/www.ucaldas.edu.co\/portal\/comunicado-secretaria-general-de-la-universidad-de-caldas-sobre-el-avance-del-proceso-de-eleccion-de-rector\/","name":"Comunicado Secretaria General de la Universidad de Caldas sobre el avance del proceso de elecci\u00f3n de rector .","isPartOf":{"@id":"https:\/\/www.ucaldas.edu.co\/portal\/#website"},"primaryImageOfPage":{"@id":"https:\/\/www.ucaldas.edu.co\/portal\/comunicado-secretaria-general-de-la-universidad-de-caldas-sobre-el-avance-del-proceso-de-eleccion-de-rector\/#primaryimage"},"image":{"@id":"https:\/\/www.ucaldas.edu.co\/portal\/comunicado-secretaria-general-de-la-universidad-de-caldas-sobre-el-avance-del-proceso-de-eleccion-de-rector\/#primaryimage"},"thumbnailUrl":"https:\/\/www.ucaldas.edu.co\/portal\/wp-content\/uploads\/2022\/07\/Diseno-sin-titulo.jpg","datePublished":"2022-07-07T22:49:11+00:00","breadcrumb":{"@id":"https:\/\/www.ucaldas.edu.co\/portal\/comunicado-secretaria-general-de-la-universidad-de-caldas-sobre-el-avance-del-proceso-de-eleccion-de-rector\/#breadcrumb"},"inLanguage":"es","potentialAction":[{"@type":"ReadAction","target":["https:\/\/www.ucaldas.edu.co\/portal\/comunicado-secretaria-general-de-la-universidad-de-caldas-sobre-el-avance-del-proceso-de-eleccion-de-rector\/"]}]},{"@type":"ImageObject","inLanguage":"es","@id":"https:\/\/www.ucaldas.edu.co\/portal\/comunicado-secretaria-general-de-la-universidad-de-caldas-sobre-el-avance-del-proceso-de-eleccion-de-rector\/#primaryimage","url":"https:\/\/www.ucaldas.edu.co\/portal\/wp-content\/uploads\/2022\/07\/Diseno-sin-titulo.jpg","contentUrl":"https:\/\/www.ucaldas.edu.co\/portal\/wp-content\/uploads\/2022\/07\/Diseno-sin-titulo.jpg","width":700,"height":400,"caption":"Comunicado Seccretaria General elecci\u00f3n de rector 2022-2026"},{"@type":"BreadcrumbList","@id":"https:\/\/www.ucaldas.edu.co\/portal\/comunicado-secretaria-general-de-la-universidad-de-caldas-sobre-el-avance-del-proceso-de-eleccion-de-rector\/#breadcrumb","itemListElement":[{"@type":"ListItem","position":1,"name":"Portada","item":"https:\/\/www.ucaldas.edu.co\/portal\/"},{"@type":"ListItem","position":2,"name":"Comunicado Secretaria General de la Universidad de Caldas sobre el avance del proceso de elecci\u00f3n de rector"}]},{"@type":"WebSite","@id":"https:\/\/www.ucaldas.edu.co\/portal\/#website","url":"https:\/\/www.ucaldas.edu.co\/portal\/","name":"Universidad de Caldas","description":"","publisher":{"@id":"https:\/\/www.ucaldas.edu.co\/portal\/#organization"},"alternateName":"U. de Caldas","potentialAction":[{"@type":"SearchAction","target":{"@type":"EntryPoint","urlTemplate":"https:\/\/www.ucaldas.edu.co\/portal\/?s={search_term_string}"},"query-input":{"@type":"PropertyValueSpecification","valueRequired":true,"valueName":"search_term_string"}}],"inLanguage":"es"},{"@type":"Organization","@id":"https:\/\/www.ucaldas.edu.co\/portal\/#organization","name":"Universidad de Caldas","alternateName":"U. de Caldas","url":"https:\/\/www.ucaldas.edu.co\/portal\/","logo":{"@type":"ImageObject","inLanguage":"es","@id":"https:\/\/www.ucaldas.edu.co\/portal\/#\/schema\/logo\/image\/","url":"https:\/\/www.ucaldas.edu.co\/portal\/wp-content\/uploads\/2023\/11\/Logo_horizontal_oscuroU-2023.png","contentUrl":"https:\/\/www.ucaldas.edu.co\/portal\/wp-content\/uploads\/2023\/11\/Logo_horizontal_oscuroU-2023.png","width":263,"height":101,"caption":"Universidad de Caldas"},"image":{"@id":"https:\/\/www.ucaldas.edu.co\/portal\/#\/schema\/logo\/image\/"},"sameAs":["https:\/\/www.facebook.com\/udecaldas","https:\/\/x.com\/udecaldas","https:\/\/www.youtube.com\/universidadcaldas","https:\/\/www.instagram.com\/udecaldas\/"]},{"@type":"Person","@id":"https:\/\/www.ucaldas.edu.co\/portal\/#\/schema\/person\/a1b482e23449158b4bc319926c074fdf","name":"ofiprensa","image":{"@type":"ImageObject","inLanguage":"es","@id":"https:\/\/www.ucaldas.edu.co\/portal\/wp-content\/litespeed\/avatar\/09ea5085e600095a7a811142c6944527.jpg?ver=1777497608","url":"https:\/\/www.ucaldas.edu.co\/portal\/wp-content\/litespeed\/avatar\/09ea5085e600095a7a811142c6944527.jpg?ver=1777497608","contentUrl":"https:\/\/www.ucaldas.edu.co\/portal\/wp-content\/litespeed\/avatar\/09ea5085e600095a7a811142c6944527.jpg?ver=1777497608","caption":"ofiprensa"},"url":"https:\/\/www.ucaldas.edu.co\/portal\/author\/ofiprensa\/"}]}},"_links":{"self":[{"href":"https:\/\/www.ucaldas.edu.co\/portal\/wp-json\/wp\/v2\/posts\/70649","targetHints":{"allow":["GET"]}}],"collection":[{"href":"https:\/\/www.ucaldas.edu.co\/portal\/wp-json\/wp\/v2\/posts"}],"about":[{"href":"https:\/\/www.ucaldas.edu.co\/portal\/wp-json\/wp\/v2\/types\/post"}],"author":[{"embeddable":true,"href":"https:\/\/www.ucaldas.edu.co\/portal\/wp-json\/wp\/v2\/users\/2"}],"replies":[{"embeddable":true,"href":"https:\/\/www.ucaldas.edu.co\/portal\/wp-json\/wp\/v2\/comments?post=70649"}],"version-history":[{"count":0,"href":"https:\/\/www.ucaldas.edu.co\/portal\/wp-json\/wp\/v2\/posts\/70649\/revisions"}],"wp:featuredmedia":[{"embeddable":true,"href":"https:\/\/www.ucaldas.edu.co\/portal\/wp-json\/wp\/v2\/media\/70650"}],"wp:attachment":[{"href":"https:\/\/www.ucaldas.edu.co\/portal\/wp-json\/wp\/v2\/media?parent=70649"}],"wp:term":[{"taxonomy":"category","embeddable":true,"href":"https:\/\/www.ucaldas.edu.co\/portal\/wp-json\/wp\/v2\/categories?post=70649"},{"taxonomy":"post_tag","embeddable":true,"href":"https:\/\/www.ucaldas.edu.co\/portal\/wp-json\/wp\/v2\/tags?post=70649"}],"curies":[{"name":"wp","href":"https:\/\/api.w.org\/{rel}","templated":true}]}}