{"id":70372,"date":"2022-06-16T21:57:54","date_gmt":"2022-06-16T21:57:54","guid":{"rendered":"https:\/\/www.ucaldas.edu.co\/portal\/?p=70372"},"modified":"2022-06-16T21:57:54","modified_gmt":"2022-06-16T21:57:54","slug":"participe-en-las-convocatorias-del-festival-internacional-de-musica-cima","status":"publish","type":"post","link":"https:\/\/www.ucaldas.edu.co\/portal\/participe-en-las-convocatorias-del-festival-internacional-de-musica-cima\/","title":{"rendered":"Participe en las convocatorias del Festival Internacional de M\u00fasica CiMa"},"content":{"rendered":"<p>&nbsp;<\/p>\n<p><img loading=\"lazy\" decoding=\"async\" class=\"aligncenter size-full wp-image-70373\" src=\"https:\/\/www.ucaldas.edu.co\/portal\/wp-content\/uploads\/2022\/06\/cima.jpg\" alt=\"El festival de m\u00fasica CiMa tiene este nombre ya que se refiere al Festival de M\u00fasica Ciudad de Manizales.\" width=\"700\" height=\"400\" srcset=\"https:\/\/www.ucaldas.edu.co\/portal\/wp-content\/uploads\/2022\/06\/cima.jpg 700w, https:\/\/www.ucaldas.edu.co\/portal\/wp-content\/uploads\/2022\/06\/cima-300x171.jpg 300w\" sizes=\"auto, (max-width: 700px) 100vw, 700px\" \/><\/p>\n<p>Hasta el 30 de junio se encuentran abiertas las inscripciones a las diferentes convocatorias del Festival Internacional de M\u00fasica CiMa de la Universidad de Caldas, el cual se desarrollar\u00e1 en escenarios virtuales y presenciales del 22 al 27 de agosto.<\/p>\n<p><!--more--><\/p>\n<p>CiMa es un evento desarrollado por el departamento de M\u00fasica de la Universidad de Caldas, el cual busca propiciar el di\u00e1logo pluralista desde la creaci\u00f3n, la interpretaci\u00f3n y la investigaci\u00f3n musical, generando escenarios de inclusi\u00f3n y participaci\u00f3n ciudadana alrededor de la m\u00fasica.<\/p>\n<p>Para esta ocasi\u00f3n el tema central del Festival ser\u00e1 \u2018Latinoam\u00e9rica en el mundo\u2019, donde se pretende resaltar la importancia y el auge de la m\u00fasica latina en los diferentes rincones del planeta, la cual se presenta como un arte tradicional con gran variedad de sonidos y sensaciones de lo que es la historia del nuevo continente.<\/p>\n<p>Las convocatorias son las siguientes:<\/p>\n<ul>\n<li>Conciertos y repertorio: La participaci\u00f3n en este categor\u00eda debe contar adem\u00e1s con una propuesta acad\u00e9mica para clase magistral encaminada a fortalecer los procesos musicales y art\u00edsticos que se llevan a cabo en la Universidad de Caldas.<\/li>\n<li>Mujeres compositoras: CiMa abre por primera vez una convocatoria para mujeres compositoras llamada \u2018Mujeres en la CiMa\u2019. Esta categor\u00eda tiene como fin propiciar espacios y escenarios en donde se divulgue y promueva la m\u00fasica acad\u00e9mica contempor\u00e1nea y experimental hecha por mujeres.<\/li>\n<li>Foro acad\u00e9mico virtual: Se convoca a la comunidad acad\u00e9mica a postular sus trabajos de investigaci\u00f3n y creaci\u00f3n con el fin de presentar los resultados parciales o definitivos de dichos proyectos. Se podr\u00e1n inscribir conferencistas, ponentes o expositores que desarrollen alg\u00fan tema relevante en las diferentes expresiones musicales.<\/li>\n<\/ul>\n<p>Quienes deseen participar, deben tener en cuenta que el Festival no pagar\u00e1 honorarios por la participaci\u00f3n en ninguna de las modalidades ofertadas.<\/p>\n<p>&nbsp;<\/p>\n<table style=\"width: 785px;\">\n<tbody>\n<tr>\n<td style=\"width: 775px;\"><strong>PARA DESTACAR:<\/strong><\/p>\n<p>El festival internacional\u00a0 de m\u00fasica CiMa tiene este nombre ya que se refiere al Festival de M\u00fasica Ciudad de Manizales.<\/td>\n<\/tr>\n<\/tbody>\n<\/table>\n<p>&nbsp;<\/p>\n<p><strong><a href=\"https:\/\/artesyhumanidades.ucaldas.edu.co\/blog\/2020\/09\/26\/festcima\/\">Conozca aqu\u00ed las convocatorias completas.<\/a><\/strong><\/p>\n<p>&nbsp;<\/p>\n<p><strong>Informes: <\/strong>Oficina de Comunicaciones y Prensa Universidad de Caldas.<br \/>\n<strong>Redacci\u00f3n:<\/strong> Mateo Buritic\u00e1 Giraldo<\/p>\n<p>&nbsp;<\/p>\n","protected":false},"excerpt":{"rendered":"<p>&nbsp; Hasta el 30 de junio se encuentran abiertas las inscripciones a las diferentes convocatorias del Festival Internacional de M\u00fasica CiMa de la Universidad de Caldas, el cual se desarrollar\u00e1 en escenarios virtuales y presenciales del 22 al 27 de agosto.<\/p>\n","protected":false},"author":2,"featured_media":70373,"comment_status":"closed","ping_status":"open","sticky":false,"template":"","format":"standard","meta":{"footnotes":""},"categories":[664,48,53],"tags":[3830,7556,8614,187,739],"class_list":["post-70372","post","type-post","status-publish","format-standard","has-post-thumbnail","hentry","category-ucaldas-cultural","category-actualidad","category-universidad-al-dia","tag-festival-cima","tag-festival-internacional-musica","tag-convocatorias-musica","tag-vicerrectoria-de-proyeccion-universitaria","tag-departamento-de-musica"],"yoast_head":"<!-- This site is optimized with the Yoast SEO plugin v27.5 - https:\/\/yoast.com\/product\/yoast-seo-wordpress\/ -->\n<title>Participe en las convocatorias del Festival Internacional de M\u00fasica CiMa .<\/title>\n<meta name=\"robots\" content=\"index, follow, max-snippet:-1, max-image-preview:large, max-video-preview:-1\" \/>\n<link rel=\"canonical\" href=\"https:\/\/www.ucaldas.edu.co\/portal\/participe-en-las-convocatorias-del-festival-internacional-de-musica-cima\/\" \/>\n<script type=\"application\/ld+json\" class=\"yoast-schema-graph\">{\"@context\":\"https:\\\/\\\/schema.org\",\"@graph\":[{\"@type\":\"Article\",\"@id\":\"https:\\\/\\\/www.ucaldas.edu.co\\\/portal\\\/participe-en-las-convocatorias-del-festival-internacional-de-musica-cima\\\/#article\",\"isPartOf\":{\"@id\":\"https:\\\/\\\/www.ucaldas.edu.co\\\/portal\\\/participe-en-las-convocatorias-del-festival-internacional-de-musica-cima\\\/\"},\"author\":{\"name\":\"ofiprensa\",\"@id\":\"https:\\\/\\\/www.ucaldas.edu.co\\\/portal\\\/#\\\/schema\\\/person\\\/a1b482e23449158b4bc319926c074fdf\"},\"headline\":\"Participe en las convocatorias del Festival Internacional de M\u00fasica CiMa\",\"datePublished\":\"2022-06-16T21:57:54+00:00\",\"mainEntityOfPage\":{\"@id\":\"https:\\\/\\\/www.ucaldas.edu.co\\\/portal\\\/participe-en-las-convocatorias-del-festival-internacional-de-musica-cima\\\/\"},\"wordCount\":373,\"publisher\":{\"@id\":\"https:\\\/\\\/www.ucaldas.edu.co\\\/portal\\\/#organization\"},\"image\":{\"@id\":\"https:\\\/\\\/www.ucaldas.edu.co\\\/portal\\\/participe-en-las-convocatorias-del-festival-internacional-de-musica-cima\\\/#primaryimage\"},\"thumbnailUrl\":\"https:\\\/\\\/www.ucaldas.edu.co\\\/portal\\\/wp-content\\\/uploads\\\/2022\\\/06\\\/cima.jpg\",\"keywords\":[\"festival cima\",\"festival internacional m\u00fasica\",\"convocatorias m\u00fasica\",\"vicerrector\u00eda de Proyecci\u00f3n Universitaria\",\"Departamento de M\u00fasica\"],\"articleSection\":[\"UCaldas Cultural\",\"Actualidad\",\"Universidad al D\u00eda\"],\"inLanguage\":\"es\"},{\"@type\":\"WebPage\",\"@id\":\"https:\\\/\\\/www.ucaldas.edu.co\\\/portal\\\/participe-en-las-convocatorias-del-festival-internacional-de-musica-cima\\\/\",\"url\":\"https:\\\/\\\/www.ucaldas.edu.co\\\/portal\\\/participe-en-las-convocatorias-del-festival-internacional-de-musica-cima\\\/\",\"name\":\"Participe en las convocatorias del Festival Internacional de M\u00fasica CiMa .\",\"isPartOf\":{\"@id\":\"https:\\\/\\\/www.ucaldas.edu.co\\\/portal\\\/#website\"},\"primaryImageOfPage\":{\"@id\":\"https:\\\/\\\/www.ucaldas.edu.co\\\/portal\\\/participe-en-las-convocatorias-del-festival-internacional-de-musica-cima\\\/#primaryimage\"},\"image\":{\"@id\":\"https:\\\/\\\/www.ucaldas.edu.co\\\/portal\\\/participe-en-las-convocatorias-del-festival-internacional-de-musica-cima\\\/#primaryimage\"},\"thumbnailUrl\":\"https:\\\/\\\/www.ucaldas.edu.co\\\/portal\\\/wp-content\\\/uploads\\\/2022\\\/06\\\/cima.jpg\",\"datePublished\":\"2022-06-16T21:57:54+00:00\",\"breadcrumb\":{\"@id\":\"https:\\\/\\\/www.ucaldas.edu.co\\\/portal\\\/participe-en-las-convocatorias-del-festival-internacional-de-musica-cima\\\/#breadcrumb\"},\"inLanguage\":\"es\",\"potentialAction\":[{\"@type\":\"ReadAction\",\"target\":[\"https:\\\/\\\/www.ucaldas.edu.co\\\/portal\\\/participe-en-las-convocatorias-del-festival-internacional-de-musica-cima\\\/\"]}]},{\"@type\":\"ImageObject\",\"inLanguage\":\"es\",\"@id\":\"https:\\\/\\\/www.ucaldas.edu.co\\\/portal\\\/participe-en-las-convocatorias-del-festival-internacional-de-musica-cima\\\/#primaryimage\",\"url\":\"https:\\\/\\\/www.ucaldas.edu.co\\\/portal\\\/wp-content\\\/uploads\\\/2022\\\/06\\\/cima.jpg\",\"contentUrl\":\"https:\\\/\\\/www.ucaldas.edu.co\\\/portal\\\/wp-content\\\/uploads\\\/2022\\\/06\\\/cima.jpg\",\"width\":700,\"height\":400,\"caption\":\"El festival de m\u00fasica CiMa tiene este nombre ya que se refiere al Festival de M\u00fasica Ciudad de Manizales.\"},{\"@type\":\"BreadcrumbList\",\"@id\":\"https:\\\/\\\/www.ucaldas.edu.co\\\/portal\\\/participe-en-las-convocatorias-del-festival-internacional-de-musica-cima\\\/#breadcrumb\",\"itemListElement\":[{\"@type\":\"ListItem\",\"position\":1,\"name\":\"Portada\",\"item\":\"https:\\\/\\\/www.ucaldas.edu.co\\\/portal\\\/\"},{\"@type\":\"ListItem\",\"position\":2,\"name\":\"Participe en las convocatorias del Festival Internacional de M\u00fasica CiMa\"}]},{\"@type\":\"WebSite\",\"@id\":\"https:\\\/\\\/www.ucaldas.edu.co\\\/portal\\\/#website\",\"url\":\"https:\\\/\\\/www.ucaldas.edu.co\\\/portal\\\/\",\"name\":\"Universidad de Caldas\",\"description\":\"\",\"publisher\":{\"@id\":\"https:\\\/\\\/www.ucaldas.edu.co\\\/portal\\\/#organization\"},\"alternateName\":\"U. de Caldas\",\"potentialAction\":[{\"@type\":\"SearchAction\",\"target\":{\"@type\":\"EntryPoint\",\"urlTemplate\":\"https:\\\/\\\/www.ucaldas.edu.co\\\/portal\\\/?s={search_term_string}\"},\"query-input\":{\"@type\":\"PropertyValueSpecification\",\"valueRequired\":true,\"valueName\":\"search_term_string\"}}],\"inLanguage\":\"es\"},{\"@type\":\"Organization\",\"@id\":\"https:\\\/\\\/www.ucaldas.edu.co\\\/portal\\\/#organization\",\"name\":\"Universidad de Caldas\",\"alternateName\":\"U. de Caldas\",\"url\":\"https:\\\/\\\/www.ucaldas.edu.co\\\/portal\\\/\",\"logo\":{\"@type\":\"ImageObject\",\"inLanguage\":\"es\",\"@id\":\"https:\\\/\\\/www.ucaldas.edu.co\\\/portal\\\/#\\\/schema\\\/logo\\\/image\\\/\",\"url\":\"https:\\\/\\\/www.ucaldas.edu.co\\\/portal\\\/wp-content\\\/uploads\\\/2023\\\/11\\\/Logo_horizontal_oscuroU-2023.png\",\"contentUrl\":\"https:\\\/\\\/www.ucaldas.edu.co\\\/portal\\\/wp-content\\\/uploads\\\/2023\\\/11\\\/Logo_horizontal_oscuroU-2023.png\",\"width\":263,\"height\":101,\"caption\":\"Universidad de Caldas\"},\"image\":{\"@id\":\"https:\\\/\\\/www.ucaldas.edu.co\\\/portal\\\/#\\\/schema\\\/logo\\\/image\\\/\"},\"sameAs\":[\"https:\\\/\\\/www.facebook.com\\\/udecaldas\",\"https:\\\/\\\/x.com\\\/udecaldas\",\"https:\\\/\\\/www.youtube.com\\\/universidadcaldas\",\"https:\\\/\\\/www.instagram.com\\\/udecaldas\\\/\"]},{\"@type\":\"Person\",\"@id\":\"https:\\\/\\\/www.ucaldas.edu.co\\\/portal\\\/#\\\/schema\\\/person\\\/a1b482e23449158b4bc319926c074fdf\",\"name\":\"ofiprensa\",\"image\":{\"@type\":\"ImageObject\",\"inLanguage\":\"es\",\"@id\":\"https:\\\/\\\/www.ucaldas.edu.co\\\/portal\\\/wp-content\\\/litespeed\\\/avatar\\\/09ea5085e600095a7a811142c6944527.jpg?ver=1777497608\",\"url\":\"https:\\\/\\\/www.ucaldas.edu.co\\\/portal\\\/wp-content\\\/litespeed\\\/avatar\\\/09ea5085e600095a7a811142c6944527.jpg?ver=1777497608\",\"contentUrl\":\"https:\\\/\\\/www.ucaldas.edu.co\\\/portal\\\/wp-content\\\/litespeed\\\/avatar\\\/09ea5085e600095a7a811142c6944527.jpg?ver=1777497608\",\"caption\":\"ofiprensa\"},\"url\":\"https:\\\/\\\/www.ucaldas.edu.co\\\/portal\\\/author\\\/ofiprensa\\\/\"}]}<\/script>\n<!-- \/ Yoast SEO plugin. -->","yoast_head_json":{"title":"Participe en las convocatorias del Festival Internacional de M\u00fasica CiMa .","robots":{"index":"index","follow":"follow","max-snippet":"max-snippet:-1","max-image-preview":"max-image-preview:large","max-video-preview":"max-video-preview:-1"},"canonical":"https:\/\/www.ucaldas.edu.co\/portal\/participe-en-las-convocatorias-del-festival-internacional-de-musica-cima\/","schema":{"@context":"https:\/\/schema.org","@graph":[{"@type":"Article","@id":"https:\/\/www.ucaldas.edu.co\/portal\/participe-en-las-convocatorias-del-festival-internacional-de-musica-cima\/#article","isPartOf":{"@id":"https:\/\/www.ucaldas.edu.co\/portal\/participe-en-las-convocatorias-del-festival-internacional-de-musica-cima\/"},"author":{"name":"ofiprensa","@id":"https:\/\/www.ucaldas.edu.co\/portal\/#\/schema\/person\/a1b482e23449158b4bc319926c074fdf"},"headline":"Participe en las convocatorias del Festival Internacional de M\u00fasica CiMa","datePublished":"2022-06-16T21:57:54+00:00","mainEntityOfPage":{"@id":"https:\/\/www.ucaldas.edu.co\/portal\/participe-en-las-convocatorias-del-festival-internacional-de-musica-cima\/"},"wordCount":373,"publisher":{"@id":"https:\/\/www.ucaldas.edu.co\/portal\/#organization"},"image":{"@id":"https:\/\/www.ucaldas.edu.co\/portal\/participe-en-las-convocatorias-del-festival-internacional-de-musica-cima\/#primaryimage"},"thumbnailUrl":"https:\/\/www.ucaldas.edu.co\/portal\/wp-content\/uploads\/2022\/06\/cima.jpg","keywords":["festival cima","festival internacional m\u00fasica","convocatorias m\u00fasica","vicerrector\u00eda de Proyecci\u00f3n Universitaria","Departamento de M\u00fasica"],"articleSection":["UCaldas Cultural","Actualidad","Universidad al D\u00eda"],"inLanguage":"es"},{"@type":"WebPage","@id":"https:\/\/www.ucaldas.edu.co\/portal\/participe-en-las-convocatorias-del-festival-internacional-de-musica-cima\/","url":"https:\/\/www.ucaldas.edu.co\/portal\/participe-en-las-convocatorias-del-festival-internacional-de-musica-cima\/","name":"Participe en las convocatorias del Festival Internacional de M\u00fasica CiMa .","isPartOf":{"@id":"https:\/\/www.ucaldas.edu.co\/portal\/#website"},"primaryImageOfPage":{"@id":"https:\/\/www.ucaldas.edu.co\/portal\/participe-en-las-convocatorias-del-festival-internacional-de-musica-cima\/#primaryimage"},"image":{"@id":"https:\/\/www.ucaldas.edu.co\/portal\/participe-en-las-convocatorias-del-festival-internacional-de-musica-cima\/#primaryimage"},"thumbnailUrl":"https:\/\/www.ucaldas.edu.co\/portal\/wp-content\/uploads\/2022\/06\/cima.jpg","datePublished":"2022-06-16T21:57:54+00:00","breadcrumb":{"@id":"https:\/\/www.ucaldas.edu.co\/portal\/participe-en-las-convocatorias-del-festival-internacional-de-musica-cima\/#breadcrumb"},"inLanguage":"es","potentialAction":[{"@type":"ReadAction","target":["https:\/\/www.ucaldas.edu.co\/portal\/participe-en-las-convocatorias-del-festival-internacional-de-musica-cima\/"]}]},{"@type":"ImageObject","inLanguage":"es","@id":"https:\/\/www.ucaldas.edu.co\/portal\/participe-en-las-convocatorias-del-festival-internacional-de-musica-cima\/#primaryimage","url":"https:\/\/www.ucaldas.edu.co\/portal\/wp-content\/uploads\/2022\/06\/cima.jpg","contentUrl":"https:\/\/www.ucaldas.edu.co\/portal\/wp-content\/uploads\/2022\/06\/cima.jpg","width":700,"height":400,"caption":"El festival de m\u00fasica CiMa tiene este nombre ya que se refiere al Festival de M\u00fasica Ciudad de Manizales."},{"@type":"BreadcrumbList","@id":"https:\/\/www.ucaldas.edu.co\/portal\/participe-en-las-convocatorias-del-festival-internacional-de-musica-cima\/#breadcrumb","itemListElement":[{"@type":"ListItem","position":1,"name":"Portada","item":"https:\/\/www.ucaldas.edu.co\/portal\/"},{"@type":"ListItem","position":2,"name":"Participe en las convocatorias del Festival Internacional de M\u00fasica CiMa"}]},{"@type":"WebSite","@id":"https:\/\/www.ucaldas.edu.co\/portal\/#website","url":"https:\/\/www.ucaldas.edu.co\/portal\/","name":"Universidad de Caldas","description":"","publisher":{"@id":"https:\/\/www.ucaldas.edu.co\/portal\/#organization"},"alternateName":"U. de Caldas","potentialAction":[{"@type":"SearchAction","target":{"@type":"EntryPoint","urlTemplate":"https:\/\/www.ucaldas.edu.co\/portal\/?s={search_term_string}"},"query-input":{"@type":"PropertyValueSpecification","valueRequired":true,"valueName":"search_term_string"}}],"inLanguage":"es"},{"@type":"Organization","@id":"https:\/\/www.ucaldas.edu.co\/portal\/#organization","name":"Universidad de Caldas","alternateName":"U. de Caldas","url":"https:\/\/www.ucaldas.edu.co\/portal\/","logo":{"@type":"ImageObject","inLanguage":"es","@id":"https:\/\/www.ucaldas.edu.co\/portal\/#\/schema\/logo\/image\/","url":"https:\/\/www.ucaldas.edu.co\/portal\/wp-content\/uploads\/2023\/11\/Logo_horizontal_oscuroU-2023.png","contentUrl":"https:\/\/www.ucaldas.edu.co\/portal\/wp-content\/uploads\/2023\/11\/Logo_horizontal_oscuroU-2023.png","width":263,"height":101,"caption":"Universidad de Caldas"},"image":{"@id":"https:\/\/www.ucaldas.edu.co\/portal\/#\/schema\/logo\/image\/"},"sameAs":["https:\/\/www.facebook.com\/udecaldas","https:\/\/x.com\/udecaldas","https:\/\/www.youtube.com\/universidadcaldas","https:\/\/www.instagram.com\/udecaldas\/"]},{"@type":"Person","@id":"https:\/\/www.ucaldas.edu.co\/portal\/#\/schema\/person\/a1b482e23449158b4bc319926c074fdf","name":"ofiprensa","image":{"@type":"ImageObject","inLanguage":"es","@id":"https:\/\/www.ucaldas.edu.co\/portal\/wp-content\/litespeed\/avatar\/09ea5085e600095a7a811142c6944527.jpg?ver=1777497608","url":"https:\/\/www.ucaldas.edu.co\/portal\/wp-content\/litespeed\/avatar\/09ea5085e600095a7a811142c6944527.jpg?ver=1777497608","contentUrl":"https:\/\/www.ucaldas.edu.co\/portal\/wp-content\/litespeed\/avatar\/09ea5085e600095a7a811142c6944527.jpg?ver=1777497608","caption":"ofiprensa"},"url":"https:\/\/www.ucaldas.edu.co\/portal\/author\/ofiprensa\/"}]}},"_links":{"self":[{"href":"https:\/\/www.ucaldas.edu.co\/portal\/wp-json\/wp\/v2\/posts\/70372","targetHints":{"allow":["GET"]}}],"collection":[{"href":"https:\/\/www.ucaldas.edu.co\/portal\/wp-json\/wp\/v2\/posts"}],"about":[{"href":"https:\/\/www.ucaldas.edu.co\/portal\/wp-json\/wp\/v2\/types\/post"}],"author":[{"embeddable":true,"href":"https:\/\/www.ucaldas.edu.co\/portal\/wp-json\/wp\/v2\/users\/2"}],"replies":[{"embeddable":true,"href":"https:\/\/www.ucaldas.edu.co\/portal\/wp-json\/wp\/v2\/comments?post=70372"}],"version-history":[{"count":0,"href":"https:\/\/www.ucaldas.edu.co\/portal\/wp-json\/wp\/v2\/posts\/70372\/revisions"}],"wp:featuredmedia":[{"embeddable":true,"href":"https:\/\/www.ucaldas.edu.co\/portal\/wp-json\/wp\/v2\/media\/70373"}],"wp:attachment":[{"href":"https:\/\/www.ucaldas.edu.co\/portal\/wp-json\/wp\/v2\/media?parent=70372"}],"wp:term":[{"taxonomy":"category","embeddable":true,"href":"https:\/\/www.ucaldas.edu.co\/portal\/wp-json\/wp\/v2\/categories?post=70372"},{"taxonomy":"post_tag","embeddable":true,"href":"https:\/\/www.ucaldas.edu.co\/portal\/wp-json\/wp\/v2\/tags?post=70372"}],"curies":[{"name":"wp","href":"https:\/\/api.w.org\/{rel}","templated":true}]}}