{"id":70260,"date":"2022-06-10T21:40:07","date_gmt":"2022-06-10T21:40:07","guid":{"rendered":"https:\/\/www.ucaldas.edu.co\/portal\/?p=70260"},"modified":"2022-06-10T21:40:07","modified_gmt":"2022-06-10T21:40:07","slug":"carlos-tellez-orrego-fue-reconocido-como-egresado-destacado-de-la-universidad-de-caldas","status":"publish","type":"post","link":"https:\/\/www.ucaldas.edu.co\/portal\/carlos-tellez-orrego-fue-reconocido-como-egresado-destacado-de-la-universidad-de-caldas\/","title":{"rendered":"Carlos T\u00e9llez Orrego fue reconocido como egresado destacado de la Universidad de Caldas"},"content":{"rendered":"<p><img loading=\"lazy\" decoding=\"async\" class=\"aligncenter size-full wp-image-70261\" src=\"https:\/\/www.ucaldas.edu.co\/portal\/wp-content\/uploads\/2022\/06\/WhatsApp-Image-2022-06-10-at-3.29.21-PM.jpeg\" alt=\"el m\u00e9dico Veterinario y Zootecnista Carlos T\u00e9llez se gradu\u00f3 en 1994 de la Universidad de Caldas.\" width=\"700\" height=\"400\" srcset=\"https:\/\/www.ucaldas.edu.co\/portal\/wp-content\/uploads\/2022\/06\/WhatsApp-Image-2022-06-10-at-3.29.21-PM.jpeg 700w, https:\/\/www.ucaldas.edu.co\/portal\/wp-content\/uploads\/2022\/06\/WhatsApp-Image-2022-06-10-at-3.29.21-PM-300x171.jpeg 300w\" sizes=\"auto, (max-width: 700px) 100vw, 700px\" \/><\/p>\n<p>&nbsp;<\/p>\n<p>Durante la ceremonia de grados institucionales de la Universidad de Caldas, la rectora encargada Luisa Fernanda Giraldo Zuluaga, ofreci\u00f3 un homenaje como egresado destacado al M\u00e9dico Veterinario y Zootecnista Carlos T\u00e9llez Orrego.<\/p>\n<p><!--more--><\/p>\n<p>T\u00e9llez \u00a0Orrego se gradu\u00f3 de la instituci\u00f3n en 1994, es mag\u00edster en Econom\u00eda y Filosof\u00eda de la Universidad de los Andes, adem\u00e1s estudio la Maestr\u00eda Ejecutiva en Administraci\u00f3n de la Northwestern University, tambi\u00e9n es mag\u00edster en Econom\u00eda de la Universidad EAFIT, mag\u00edster en Metodolog\u00eda de Investigaci\u00f3n en Ciencias Empresariales de IE Business School y candidato a Doctor en Administraci\u00f3n de empresas de la mencionada instituci\u00f3n.<\/p>\n<p>Durante su intervenci\u00f3n en la ceremonia de grados, el egresado destacado afirm\u00f3 que es muy especial retornar al lugar donde hace 28 a\u00f1os recibi\u00f3 su t\u00edtulo profesional. Manifest\u00f3 adem\u00e1s que esta es una maravillosa oportunidad para retribuirles a los graduandos algunos consejos desde su experiencia en la vida profesional.<\/p>\n<p>Se ha desempe\u00f1ado como consultor, conferencista y formador en temas de estrategia organizacional y gobierno corporativo, apasionado por el estudio del pensamiento estrat\u00e9gico y su aplicaci\u00f3n pr\u00e1ctica, con m\u00e1s de 20 a\u00f1os de experiencia ejecutiva previa en cargos de primer nivel en distintas organizaciones, dejando en alto el nombre de la Universidad de Caldas.<\/p>\n<p>Actualmente, es miembro de juntas directivas en diversas compa\u00f1\u00edas, rol que ha ejercido desde hace cerca de 15 a\u00f1os en numerosas organizaciones. Es columnista del diario Portafolio de Colombia y catedr\u00e1tico de la Universidad de los Andes.<\/p>\n<p>T\u00e9llez\u00a0 Orrego destac\u00f3 la labor de la Universidad de Caldas en la sociedad como una instituci\u00f3n p\u00fablica que contribuye al desarrollo del pa\u00eds, y fundamentalmente a la construcci\u00f3n de bienestar para todos los colombianos.<\/p>\n<p>&nbsp;<\/p>\n<p><strong>Anexo:<br \/>\n<\/strong><strong><a href=\"https:\/\/go.ivoox.com\/rf\/88306675\">Audio Carlos T\u00e9llez Orrego \u2013 egresado destacado.<\/a><br \/>\n<iframe loading=\"lazy\" src=\"https:\/\/www.ivoox.com\/player_ek_88306675_2_1.html\" width=\"238\" height=\"48\" frameborder=\"0\" scrolling=\"no\" allowfullscreen=\"allowfullscreen\"><\/iframe><\/strong><\/p>\n<p><strong><a href=\"https:\/\/www.youtube.com\/watch?v=aXjH3B3rxwQ\">Ceremonia de grados institucionales 10 de junio de 2022<\/a><\/strong><\/p>\n<p><iframe loading=\"lazy\" title=\"YouTube video player\" src=\"\/\/www.youtube.com\/embed\/aXjH3B3rxwQ\" width=\"360\" height=\"115\" frameborder=\"0\" allowfullscreen=\"allowfullscreen\"><\/iframe><\/p>\n<p>&nbsp;<\/p>\n<p><strong>Informes: <\/strong>Oficina de Comunicaciones y Prensa Universidad de Caldas.<br \/>\n<strong>Redacci\u00f3n:<\/strong> Mateo Buritic\u00e1 Giraldo<\/p>\n<p>&nbsp;<\/p>\n","protected":false},"excerpt":{"rendered":"<p>&nbsp; Durante la ceremonia de grados institucionales de la Universidad de Caldas, la rectora encargada Luisa Fernanda Giraldo Zuluaga, ofreci\u00f3 un homenaje como egresado destacado al M\u00e9dico Veterinario y Zootecnista Carlos T\u00e9llez Orrego.<\/p>\n","protected":false},"author":2,"featured_media":70261,"comment_status":"closed","ping_status":"open","sticky":false,"template":"","format":"standard","meta":{"footnotes":""},"categories":[48,53,62],"tags":[7254,7667,8582],"class_list":["post-70260","post","type-post","status-publish","format-standard","has-post-thumbnail","hentry","category-actualidad","category-universidad-al-dia","category-eventos","tag-grados-universidad-de-caldas","tag-egresado-destacado","tag-homenaje-egresado"],"yoast_head":"<!-- This site is optimized with the Yoast SEO plugin v27.5 - https:\/\/yoast.com\/product\/yoast-seo-wordpress\/ -->\n<title>Carlos T\u00e9llez Orrego fue reconocido como egresado destacado de la Universidad de Caldas .<\/title>\n<meta name=\"robots\" content=\"index, follow, max-snippet:-1, max-image-preview:large, max-video-preview:-1\" \/>\n<link rel=\"canonical\" href=\"https:\/\/www.ucaldas.edu.co\/portal\/carlos-tellez-orrego-fue-reconocido-como-egresado-destacado-de-la-universidad-de-caldas\/\" \/>\n<script type=\"application\/ld+json\" class=\"yoast-schema-graph\">{\"@context\":\"https:\\\/\\\/schema.org\",\"@graph\":[{\"@type\":\"Article\",\"@id\":\"https:\\\/\\\/www.ucaldas.edu.co\\\/portal\\\/carlos-tellez-orrego-fue-reconocido-como-egresado-destacado-de-la-universidad-de-caldas\\\/#article\",\"isPartOf\":{\"@id\":\"https:\\\/\\\/www.ucaldas.edu.co\\\/portal\\\/carlos-tellez-orrego-fue-reconocido-como-egresado-destacado-de-la-universidad-de-caldas\\\/\"},\"author\":{\"name\":\"ofiprensa\",\"@id\":\"https:\\\/\\\/www.ucaldas.edu.co\\\/portal\\\/#\\\/schema\\\/person\\\/a1b482e23449158b4bc319926c074fdf\"},\"headline\":\"Carlos T\u00e9llez Orrego fue reconocido como egresado destacado de la Universidad de Caldas\",\"datePublished\":\"2022-06-10T21:40:07+00:00\",\"mainEntityOfPage\":{\"@id\":\"https:\\\/\\\/www.ucaldas.edu.co\\\/portal\\\/carlos-tellez-orrego-fue-reconocido-como-egresado-destacado-de-la-universidad-de-caldas\\\/\"},\"wordCount\":350,\"publisher\":{\"@id\":\"https:\\\/\\\/www.ucaldas.edu.co\\\/portal\\\/#organization\"},\"image\":{\"@id\":\"https:\\\/\\\/www.ucaldas.edu.co\\\/portal\\\/carlos-tellez-orrego-fue-reconocido-como-egresado-destacado-de-la-universidad-de-caldas\\\/#primaryimage\"},\"thumbnailUrl\":\"https:\\\/\\\/www.ucaldas.edu.co\\\/portal\\\/wp-content\\\/uploads\\\/2022\\\/06\\\/WhatsApp-Image-2022-06-10-at-3.29.21-PM.jpeg\",\"keywords\":[\"grados universidad de caldas\",\"egresado destacado\",\"homenaje egresado\"],\"articleSection\":[\"Actualidad\",\"Universidad al D\u00eda\",\"Eventos\"],\"inLanguage\":\"es\"},{\"@type\":\"WebPage\",\"@id\":\"https:\\\/\\\/www.ucaldas.edu.co\\\/portal\\\/carlos-tellez-orrego-fue-reconocido-como-egresado-destacado-de-la-universidad-de-caldas\\\/\",\"url\":\"https:\\\/\\\/www.ucaldas.edu.co\\\/portal\\\/carlos-tellez-orrego-fue-reconocido-como-egresado-destacado-de-la-universidad-de-caldas\\\/\",\"name\":\"Carlos T\u00e9llez Orrego fue reconocido como egresado destacado de la Universidad de Caldas .\",\"isPartOf\":{\"@id\":\"https:\\\/\\\/www.ucaldas.edu.co\\\/portal\\\/#website\"},\"primaryImageOfPage\":{\"@id\":\"https:\\\/\\\/www.ucaldas.edu.co\\\/portal\\\/carlos-tellez-orrego-fue-reconocido-como-egresado-destacado-de-la-universidad-de-caldas\\\/#primaryimage\"},\"image\":{\"@id\":\"https:\\\/\\\/www.ucaldas.edu.co\\\/portal\\\/carlos-tellez-orrego-fue-reconocido-como-egresado-destacado-de-la-universidad-de-caldas\\\/#primaryimage\"},\"thumbnailUrl\":\"https:\\\/\\\/www.ucaldas.edu.co\\\/portal\\\/wp-content\\\/uploads\\\/2022\\\/06\\\/WhatsApp-Image-2022-06-10-at-3.29.21-PM.jpeg\",\"datePublished\":\"2022-06-10T21:40:07+00:00\",\"breadcrumb\":{\"@id\":\"https:\\\/\\\/www.ucaldas.edu.co\\\/portal\\\/carlos-tellez-orrego-fue-reconocido-como-egresado-destacado-de-la-universidad-de-caldas\\\/#breadcrumb\"},\"inLanguage\":\"es\",\"potentialAction\":[{\"@type\":\"ReadAction\",\"target\":[\"https:\\\/\\\/www.ucaldas.edu.co\\\/portal\\\/carlos-tellez-orrego-fue-reconocido-como-egresado-destacado-de-la-universidad-de-caldas\\\/\"]}]},{\"@type\":\"ImageObject\",\"inLanguage\":\"es\",\"@id\":\"https:\\\/\\\/www.ucaldas.edu.co\\\/portal\\\/carlos-tellez-orrego-fue-reconocido-como-egresado-destacado-de-la-universidad-de-caldas\\\/#primaryimage\",\"url\":\"https:\\\/\\\/www.ucaldas.edu.co\\\/portal\\\/wp-content\\\/uploads\\\/2022\\\/06\\\/WhatsApp-Image-2022-06-10-at-3.29.21-PM.jpeg\",\"contentUrl\":\"https:\\\/\\\/www.ucaldas.edu.co\\\/portal\\\/wp-content\\\/uploads\\\/2022\\\/06\\\/WhatsApp-Image-2022-06-10-at-3.29.21-PM.jpeg\",\"width\":700,\"height\":400,\"caption\":\"el m\u00e9dico Veterinario y Zootecnista Carlos T\u00e9llez se gradu\u00f3 en 1994 de la Universidad de Caldas.\"},{\"@type\":\"BreadcrumbList\",\"@id\":\"https:\\\/\\\/www.ucaldas.edu.co\\\/portal\\\/carlos-tellez-orrego-fue-reconocido-como-egresado-destacado-de-la-universidad-de-caldas\\\/#breadcrumb\",\"itemListElement\":[{\"@type\":\"ListItem\",\"position\":1,\"name\":\"Portada\",\"item\":\"https:\\\/\\\/www.ucaldas.edu.co\\\/portal\\\/\"},{\"@type\":\"ListItem\",\"position\":2,\"name\":\"Carlos T\u00e9llez Orrego fue reconocido como egresado destacado de la Universidad de Caldas\"}]},{\"@type\":\"WebSite\",\"@id\":\"https:\\\/\\\/www.ucaldas.edu.co\\\/portal\\\/#website\",\"url\":\"https:\\\/\\\/www.ucaldas.edu.co\\\/portal\\\/\",\"name\":\"Universidad de Caldas\",\"description\":\"\",\"publisher\":{\"@id\":\"https:\\\/\\\/www.ucaldas.edu.co\\\/portal\\\/#organization\"},\"alternateName\":\"U. de Caldas\",\"potentialAction\":[{\"@type\":\"SearchAction\",\"target\":{\"@type\":\"EntryPoint\",\"urlTemplate\":\"https:\\\/\\\/www.ucaldas.edu.co\\\/portal\\\/?s={search_term_string}\"},\"query-input\":{\"@type\":\"PropertyValueSpecification\",\"valueRequired\":true,\"valueName\":\"search_term_string\"}}],\"inLanguage\":\"es\"},{\"@type\":\"Organization\",\"@id\":\"https:\\\/\\\/www.ucaldas.edu.co\\\/portal\\\/#organization\",\"name\":\"Universidad de Caldas\",\"alternateName\":\"U. de Caldas\",\"url\":\"https:\\\/\\\/www.ucaldas.edu.co\\\/portal\\\/\",\"logo\":{\"@type\":\"ImageObject\",\"inLanguage\":\"es\",\"@id\":\"https:\\\/\\\/www.ucaldas.edu.co\\\/portal\\\/#\\\/schema\\\/logo\\\/image\\\/\",\"url\":\"https:\\\/\\\/www.ucaldas.edu.co\\\/portal\\\/wp-content\\\/uploads\\\/2023\\\/11\\\/Logo_horizontal_oscuroU-2023.png\",\"contentUrl\":\"https:\\\/\\\/www.ucaldas.edu.co\\\/portal\\\/wp-content\\\/uploads\\\/2023\\\/11\\\/Logo_horizontal_oscuroU-2023.png\",\"width\":263,\"height\":101,\"caption\":\"Universidad de Caldas\"},\"image\":{\"@id\":\"https:\\\/\\\/www.ucaldas.edu.co\\\/portal\\\/#\\\/schema\\\/logo\\\/image\\\/\"},\"sameAs\":[\"https:\\\/\\\/www.facebook.com\\\/udecaldas\",\"https:\\\/\\\/x.com\\\/udecaldas\",\"https:\\\/\\\/www.youtube.com\\\/universidadcaldas\",\"https:\\\/\\\/www.instagram.com\\\/udecaldas\\\/\"]},{\"@type\":\"Person\",\"@id\":\"https:\\\/\\\/www.ucaldas.edu.co\\\/portal\\\/#\\\/schema\\\/person\\\/a1b482e23449158b4bc319926c074fdf\",\"name\":\"ofiprensa\",\"image\":{\"@type\":\"ImageObject\",\"inLanguage\":\"es\",\"@id\":\"https:\\\/\\\/www.ucaldas.edu.co\\\/portal\\\/wp-content\\\/litespeed\\\/avatar\\\/09ea5085e600095a7a811142c6944527.jpg?ver=1777497608\",\"url\":\"https:\\\/\\\/www.ucaldas.edu.co\\\/portal\\\/wp-content\\\/litespeed\\\/avatar\\\/09ea5085e600095a7a811142c6944527.jpg?ver=1777497608\",\"contentUrl\":\"https:\\\/\\\/www.ucaldas.edu.co\\\/portal\\\/wp-content\\\/litespeed\\\/avatar\\\/09ea5085e600095a7a811142c6944527.jpg?ver=1777497608\",\"caption\":\"ofiprensa\"},\"url\":\"https:\\\/\\\/www.ucaldas.edu.co\\\/portal\\\/author\\\/ofiprensa\\\/\"}]}<\/script>\n<!-- \/ Yoast SEO plugin. -->","yoast_head_json":{"title":"Carlos T\u00e9llez Orrego fue reconocido como egresado destacado de la Universidad de Caldas .","robots":{"index":"index","follow":"follow","max-snippet":"max-snippet:-1","max-image-preview":"max-image-preview:large","max-video-preview":"max-video-preview:-1"},"canonical":"https:\/\/www.ucaldas.edu.co\/portal\/carlos-tellez-orrego-fue-reconocido-como-egresado-destacado-de-la-universidad-de-caldas\/","schema":{"@context":"https:\/\/schema.org","@graph":[{"@type":"Article","@id":"https:\/\/www.ucaldas.edu.co\/portal\/carlos-tellez-orrego-fue-reconocido-como-egresado-destacado-de-la-universidad-de-caldas\/#article","isPartOf":{"@id":"https:\/\/www.ucaldas.edu.co\/portal\/carlos-tellez-orrego-fue-reconocido-como-egresado-destacado-de-la-universidad-de-caldas\/"},"author":{"name":"ofiprensa","@id":"https:\/\/www.ucaldas.edu.co\/portal\/#\/schema\/person\/a1b482e23449158b4bc319926c074fdf"},"headline":"Carlos T\u00e9llez Orrego fue reconocido como egresado destacado de la Universidad de Caldas","datePublished":"2022-06-10T21:40:07+00:00","mainEntityOfPage":{"@id":"https:\/\/www.ucaldas.edu.co\/portal\/carlos-tellez-orrego-fue-reconocido-como-egresado-destacado-de-la-universidad-de-caldas\/"},"wordCount":350,"publisher":{"@id":"https:\/\/www.ucaldas.edu.co\/portal\/#organization"},"image":{"@id":"https:\/\/www.ucaldas.edu.co\/portal\/carlos-tellez-orrego-fue-reconocido-como-egresado-destacado-de-la-universidad-de-caldas\/#primaryimage"},"thumbnailUrl":"https:\/\/www.ucaldas.edu.co\/portal\/wp-content\/uploads\/2022\/06\/WhatsApp-Image-2022-06-10-at-3.29.21-PM.jpeg","keywords":["grados universidad de caldas","egresado destacado","homenaje egresado"],"articleSection":["Actualidad","Universidad al D\u00eda","Eventos"],"inLanguage":"es"},{"@type":"WebPage","@id":"https:\/\/www.ucaldas.edu.co\/portal\/carlos-tellez-orrego-fue-reconocido-como-egresado-destacado-de-la-universidad-de-caldas\/","url":"https:\/\/www.ucaldas.edu.co\/portal\/carlos-tellez-orrego-fue-reconocido-como-egresado-destacado-de-la-universidad-de-caldas\/","name":"Carlos T\u00e9llez Orrego fue reconocido como egresado destacado de la Universidad de Caldas .","isPartOf":{"@id":"https:\/\/www.ucaldas.edu.co\/portal\/#website"},"primaryImageOfPage":{"@id":"https:\/\/www.ucaldas.edu.co\/portal\/carlos-tellez-orrego-fue-reconocido-como-egresado-destacado-de-la-universidad-de-caldas\/#primaryimage"},"image":{"@id":"https:\/\/www.ucaldas.edu.co\/portal\/carlos-tellez-orrego-fue-reconocido-como-egresado-destacado-de-la-universidad-de-caldas\/#primaryimage"},"thumbnailUrl":"https:\/\/www.ucaldas.edu.co\/portal\/wp-content\/uploads\/2022\/06\/WhatsApp-Image-2022-06-10-at-3.29.21-PM.jpeg","datePublished":"2022-06-10T21:40:07+00:00","breadcrumb":{"@id":"https:\/\/www.ucaldas.edu.co\/portal\/carlos-tellez-orrego-fue-reconocido-como-egresado-destacado-de-la-universidad-de-caldas\/#breadcrumb"},"inLanguage":"es","potentialAction":[{"@type":"ReadAction","target":["https:\/\/www.ucaldas.edu.co\/portal\/carlos-tellez-orrego-fue-reconocido-como-egresado-destacado-de-la-universidad-de-caldas\/"]}]},{"@type":"ImageObject","inLanguage":"es","@id":"https:\/\/www.ucaldas.edu.co\/portal\/carlos-tellez-orrego-fue-reconocido-como-egresado-destacado-de-la-universidad-de-caldas\/#primaryimage","url":"https:\/\/www.ucaldas.edu.co\/portal\/wp-content\/uploads\/2022\/06\/WhatsApp-Image-2022-06-10-at-3.29.21-PM.jpeg","contentUrl":"https:\/\/www.ucaldas.edu.co\/portal\/wp-content\/uploads\/2022\/06\/WhatsApp-Image-2022-06-10-at-3.29.21-PM.jpeg","width":700,"height":400,"caption":"el m\u00e9dico Veterinario y Zootecnista Carlos T\u00e9llez se gradu\u00f3 en 1994 de la Universidad de Caldas."},{"@type":"BreadcrumbList","@id":"https:\/\/www.ucaldas.edu.co\/portal\/carlos-tellez-orrego-fue-reconocido-como-egresado-destacado-de-la-universidad-de-caldas\/#breadcrumb","itemListElement":[{"@type":"ListItem","position":1,"name":"Portada","item":"https:\/\/www.ucaldas.edu.co\/portal\/"},{"@type":"ListItem","position":2,"name":"Carlos T\u00e9llez Orrego fue reconocido como egresado destacado de la Universidad de Caldas"}]},{"@type":"WebSite","@id":"https:\/\/www.ucaldas.edu.co\/portal\/#website","url":"https:\/\/www.ucaldas.edu.co\/portal\/","name":"Universidad de Caldas","description":"","publisher":{"@id":"https:\/\/www.ucaldas.edu.co\/portal\/#organization"},"alternateName":"U. de Caldas","potentialAction":[{"@type":"SearchAction","target":{"@type":"EntryPoint","urlTemplate":"https:\/\/www.ucaldas.edu.co\/portal\/?s={search_term_string}"},"query-input":{"@type":"PropertyValueSpecification","valueRequired":true,"valueName":"search_term_string"}}],"inLanguage":"es"},{"@type":"Organization","@id":"https:\/\/www.ucaldas.edu.co\/portal\/#organization","name":"Universidad de Caldas","alternateName":"U. de Caldas","url":"https:\/\/www.ucaldas.edu.co\/portal\/","logo":{"@type":"ImageObject","inLanguage":"es","@id":"https:\/\/www.ucaldas.edu.co\/portal\/#\/schema\/logo\/image\/","url":"https:\/\/www.ucaldas.edu.co\/portal\/wp-content\/uploads\/2023\/11\/Logo_horizontal_oscuroU-2023.png","contentUrl":"https:\/\/www.ucaldas.edu.co\/portal\/wp-content\/uploads\/2023\/11\/Logo_horizontal_oscuroU-2023.png","width":263,"height":101,"caption":"Universidad de Caldas"},"image":{"@id":"https:\/\/www.ucaldas.edu.co\/portal\/#\/schema\/logo\/image\/"},"sameAs":["https:\/\/www.facebook.com\/udecaldas","https:\/\/x.com\/udecaldas","https:\/\/www.youtube.com\/universidadcaldas","https:\/\/www.instagram.com\/udecaldas\/"]},{"@type":"Person","@id":"https:\/\/www.ucaldas.edu.co\/portal\/#\/schema\/person\/a1b482e23449158b4bc319926c074fdf","name":"ofiprensa","image":{"@type":"ImageObject","inLanguage":"es","@id":"https:\/\/www.ucaldas.edu.co\/portal\/wp-content\/litespeed\/avatar\/09ea5085e600095a7a811142c6944527.jpg?ver=1777497608","url":"https:\/\/www.ucaldas.edu.co\/portal\/wp-content\/litespeed\/avatar\/09ea5085e600095a7a811142c6944527.jpg?ver=1777497608","contentUrl":"https:\/\/www.ucaldas.edu.co\/portal\/wp-content\/litespeed\/avatar\/09ea5085e600095a7a811142c6944527.jpg?ver=1777497608","caption":"ofiprensa"},"url":"https:\/\/www.ucaldas.edu.co\/portal\/author\/ofiprensa\/"}]}},"_links":{"self":[{"href":"https:\/\/www.ucaldas.edu.co\/portal\/wp-json\/wp\/v2\/posts\/70260","targetHints":{"allow":["GET"]}}],"collection":[{"href":"https:\/\/www.ucaldas.edu.co\/portal\/wp-json\/wp\/v2\/posts"}],"about":[{"href":"https:\/\/www.ucaldas.edu.co\/portal\/wp-json\/wp\/v2\/types\/post"}],"author":[{"embeddable":true,"href":"https:\/\/www.ucaldas.edu.co\/portal\/wp-json\/wp\/v2\/users\/2"}],"replies":[{"embeddable":true,"href":"https:\/\/www.ucaldas.edu.co\/portal\/wp-json\/wp\/v2\/comments?post=70260"}],"version-history":[{"count":0,"href":"https:\/\/www.ucaldas.edu.co\/portal\/wp-json\/wp\/v2\/posts\/70260\/revisions"}],"wp:featuredmedia":[{"embeddable":true,"href":"https:\/\/www.ucaldas.edu.co\/portal\/wp-json\/wp\/v2\/media\/70261"}],"wp:attachment":[{"href":"https:\/\/www.ucaldas.edu.co\/portal\/wp-json\/wp\/v2\/media?parent=70260"}],"wp:term":[{"taxonomy":"category","embeddable":true,"href":"https:\/\/www.ucaldas.edu.co\/portal\/wp-json\/wp\/v2\/categories?post=70260"},{"taxonomy":"post_tag","embeddable":true,"href":"https:\/\/www.ucaldas.edu.co\/portal\/wp-json\/wp\/v2\/tags?post=70260"}],"curies":[{"name":"wp","href":"https:\/\/api.w.org\/{rel}","templated":true}]}}