{"id":70234,"date":"2022-06-09T22:26:48","date_gmt":"2022-06-09T22:26:48","guid":{"rendered":"https:\/\/www.ucaldas.edu.co\/portal\/?p=70234"},"modified":"2022-06-10T14:11:24","modified_gmt":"2022-06-10T14:11:24","slug":"investigadores-del-programa-colombia-cientifica-participan-en-clacso-2022","status":"publish","type":"post","link":"https:\/\/www.ucaldas.edu.co\/portal\/investigadores-del-programa-colombia-cientifica-participan-en-clacso-2022\/","title":{"rendered":"Investigadores del programa Colombia Cient\u00edfica participan en CLACSO 2022"},"content":{"rendered":"<p>&nbsp;<\/p>\n<p><img loading=\"lazy\" decoding=\"async\" class=\"aligncenter size-full wp-image-70235\" src=\"https:\/\/www.ucaldas.edu.co\/portal\/wp-content\/uploads\/2022\/06\/con-cientifica.jpg\" alt=\"Uno de los principales prop\u00f3sitos del programa Colombia Cient\u00edfica es incursionar en los escenarios acad\u00e9micos de Colombia y el mundo\" width=\"700\" height=\"400\" srcset=\"https:\/\/www.ucaldas.edu.co\/portal\/wp-content\/uploads\/2022\/06\/con-cientifica.jpg 700w, https:\/\/www.ucaldas.edu.co\/portal\/wp-content\/uploads\/2022\/06\/con-cientifica-300x171.jpg 300w\" sizes=\"auto, (max-width: 700px) 100vw, 700px\" \/><\/p>\n<p>Docentes de la Universidad de Caldas que hacen parte del equipo de investigadores de Colombia Cient\u00edfica, participaron como ponentes en la novena Conferencia Latinoamericana y Caribe\u00f1a de Ciencias Sociales CLACSO 2022 que se lleva a cabo en la Universidad Nacional Aut\u00f3noma de M\u00e9xico.<\/p>\n<p><!--more--><\/p>\n<p>La co-investigadora con enfoque en comunicaci\u00f3n de Colombia Cient\u00edfica Claudia Murillo manifest\u00f3 que la participaci\u00f3n en este espacio es un importante hecho que permitir\u00e1 hablar de la trayectoria acad\u00e9mica y conocimiento cient\u00edfico que se deriva de las acciones desarrolladas al interior del programa con el proyecto \u2018Reconstrucci\u00f3n del tejido social en zonas de posconflicto en Colombia\u2019.<\/p>\n<p>Al encuentro asistieron el director cient\u00edfico del proyecto Javier Gonzaga Valencia, y los investigadores Carlos Gallego, Mario L\u00f3pez y Dolman Rubio, quienes compartir\u00e1n experiencias acad\u00e9micas en diferentes mesas y foros de trabajo, donde el dialogo multidisciplinar buscar\u00e1 enriquecer la actividad del ecosistema cient\u00edfico.<\/p>\n<p>Uno de los principales prop\u00f3sitos del programa Colombia Cient\u00edfica es incursionar en los escenarios acad\u00e9micos de Colombia y el mundo, donde se busca dar una voz a los avances que se realizan en cuento a la investigaci\u00f3n cient\u00edfica.<\/p>\n<p>&nbsp;<\/p>\n<p><strong>Anexo:<br \/>\n<\/strong><strong><a href=\"https:\/\/go.ivoox.com\/rf\/88263415\">Audio Claudia Murillo \u2013 Co-investigadora con enfoque en comunicaci\u00f3n Colombia Cient\u00edfica.<\/a><br \/>\n<iframe loading=\"lazy\" src=\"https:\/\/www.ivoox.com\/player_ek_88263415_2_1.html\" width=\"238\" height=\"48\" frameborder=\"0\" scrolling=\"no\" allowfullscreen=\"allowfullscreen\"><\/iframe> \u00a0<\/strong><\/p>\n<p>&nbsp;<\/p>\n<p><strong>Informes: <\/strong>Oficina de Comunicaciones y Prensa Universidad de Caldas.<br \/>\n<strong>Redacci\u00f3n:<\/strong> Mateo Buritic\u00e1 Giraldo<\/p>\n<p>&nbsp;<\/p>\n","protected":false},"excerpt":{"rendered":"<p>&nbsp; Docentes de la Universidad de Caldas que hacen parte del equipo de investigadores de Colombia Cient\u00edfica, participaron como ponentes en la novena Conferencia Latinoamericana y Caribe\u00f1a de Ciencias Sociales CLACSO 2022 que se lleva a cabo en la Universidad Nacional Aut\u00f3noma de M\u00e9xico.<\/p>\n","protected":false},"author":2,"featured_media":70235,"comment_status":"closed","ping_status":"open","sticky":false,"template":"","format":"standard","meta":{"footnotes":""},"categories":[48,53,614],"tags":[418,431,1633,2766],"class_list":["post-70234","post","type-post","status-publish","format-standard","has-post-thumbnail","hentry","category-actualidad","category-universidad-al-dia","category-ucaldas-internacional","tag-colombia-cientifica","tag-construccion-de-paz","tag-clacso","tag-tejido-social"],"yoast_head":"<!-- This site is optimized with the Yoast SEO plugin v27.5 - https:\/\/yoast.com\/product\/yoast-seo-wordpress\/ -->\n<title>Investigadores del programa Colombia Cient\u00edfica participan en CLACSO 2022 .<\/title>\n<meta name=\"robots\" content=\"index, follow, max-snippet:-1, max-image-preview:large, max-video-preview:-1\" \/>\n<link rel=\"canonical\" href=\"https:\/\/www.ucaldas.edu.co\/portal\/investigadores-del-programa-colombia-cientifica-participan-en-clacso-2022\/\" \/>\n<script type=\"application\/ld+json\" class=\"yoast-schema-graph\">{\"@context\":\"https:\\\/\\\/schema.org\",\"@graph\":[{\"@type\":\"Article\",\"@id\":\"https:\\\/\\\/www.ucaldas.edu.co\\\/portal\\\/investigadores-del-programa-colombia-cientifica-participan-en-clacso-2022\\\/#article\",\"isPartOf\":{\"@id\":\"https:\\\/\\\/www.ucaldas.edu.co\\\/portal\\\/investigadores-del-programa-colombia-cientifica-participan-en-clacso-2022\\\/\"},\"author\":{\"name\":\"ofiprensa\",\"@id\":\"https:\\\/\\\/www.ucaldas.edu.co\\\/portal\\\/#\\\/schema\\\/person\\\/a1b482e23449158b4bc319926c074fdf\"},\"headline\":\"Investigadores del programa Colombia Cient\u00edfica participan en CLACSO 2022\",\"datePublished\":\"2022-06-09T22:26:48+00:00\",\"dateModified\":\"2022-06-10T14:11:24+00:00\",\"mainEntityOfPage\":{\"@id\":\"https:\\\/\\\/www.ucaldas.edu.co\\\/portal\\\/investigadores-del-programa-colombia-cientifica-participan-en-clacso-2022\\\/\"},\"wordCount\":239,\"publisher\":{\"@id\":\"https:\\\/\\\/www.ucaldas.edu.co\\\/portal\\\/#organization\"},\"image\":{\"@id\":\"https:\\\/\\\/www.ucaldas.edu.co\\\/portal\\\/investigadores-del-programa-colombia-cientifica-participan-en-clacso-2022\\\/#primaryimage\"},\"thumbnailUrl\":\"https:\\\/\\\/www.ucaldas.edu.co\\\/portal\\\/wp-content\\\/uploads\\\/2022\\\/06\\\/con-cientifica.jpg\",\"keywords\":[\"Colombia Cient\u00edfica\",\"construcci\u00f3n de paz\",\"Clacso\",\"tejido social\"],\"articleSection\":[\"Actualidad\",\"Universidad al D\u00eda\",\"Ucaldas Internacional\"],\"inLanguage\":\"es\"},{\"@type\":\"WebPage\",\"@id\":\"https:\\\/\\\/www.ucaldas.edu.co\\\/portal\\\/investigadores-del-programa-colombia-cientifica-participan-en-clacso-2022\\\/\",\"url\":\"https:\\\/\\\/www.ucaldas.edu.co\\\/portal\\\/investigadores-del-programa-colombia-cientifica-participan-en-clacso-2022\\\/\",\"name\":\"Investigadores del programa Colombia Cient\u00edfica participan en CLACSO 2022 .\",\"isPartOf\":{\"@id\":\"https:\\\/\\\/www.ucaldas.edu.co\\\/portal\\\/#website\"},\"primaryImageOfPage\":{\"@id\":\"https:\\\/\\\/www.ucaldas.edu.co\\\/portal\\\/investigadores-del-programa-colombia-cientifica-participan-en-clacso-2022\\\/#primaryimage\"},\"image\":{\"@id\":\"https:\\\/\\\/www.ucaldas.edu.co\\\/portal\\\/investigadores-del-programa-colombia-cientifica-participan-en-clacso-2022\\\/#primaryimage\"},\"thumbnailUrl\":\"https:\\\/\\\/www.ucaldas.edu.co\\\/portal\\\/wp-content\\\/uploads\\\/2022\\\/06\\\/con-cientifica.jpg\",\"datePublished\":\"2022-06-09T22:26:48+00:00\",\"dateModified\":\"2022-06-10T14:11:24+00:00\",\"breadcrumb\":{\"@id\":\"https:\\\/\\\/www.ucaldas.edu.co\\\/portal\\\/investigadores-del-programa-colombia-cientifica-participan-en-clacso-2022\\\/#breadcrumb\"},\"inLanguage\":\"es\",\"potentialAction\":[{\"@type\":\"ReadAction\",\"target\":[\"https:\\\/\\\/www.ucaldas.edu.co\\\/portal\\\/investigadores-del-programa-colombia-cientifica-participan-en-clacso-2022\\\/\"]}]},{\"@type\":\"ImageObject\",\"inLanguage\":\"es\",\"@id\":\"https:\\\/\\\/www.ucaldas.edu.co\\\/portal\\\/investigadores-del-programa-colombia-cientifica-participan-en-clacso-2022\\\/#primaryimage\",\"url\":\"https:\\\/\\\/www.ucaldas.edu.co\\\/portal\\\/wp-content\\\/uploads\\\/2022\\\/06\\\/con-cientifica.jpg\",\"contentUrl\":\"https:\\\/\\\/www.ucaldas.edu.co\\\/portal\\\/wp-content\\\/uploads\\\/2022\\\/06\\\/con-cientifica.jpg\",\"width\":700,\"height\":400,\"caption\":\"Uno de los principales prop\u00f3sitos del programa Colombia Cient\u00edfica es incursionar en los escenarios acad\u00e9micos de Colombia y el mundo\"},{\"@type\":\"BreadcrumbList\",\"@id\":\"https:\\\/\\\/www.ucaldas.edu.co\\\/portal\\\/investigadores-del-programa-colombia-cientifica-participan-en-clacso-2022\\\/#breadcrumb\",\"itemListElement\":[{\"@type\":\"ListItem\",\"position\":1,\"name\":\"Portada\",\"item\":\"https:\\\/\\\/www.ucaldas.edu.co\\\/portal\\\/\"},{\"@type\":\"ListItem\",\"position\":2,\"name\":\"Investigadores del programa Colombia Cient\u00edfica participan en CLACSO 2022\"}]},{\"@type\":\"WebSite\",\"@id\":\"https:\\\/\\\/www.ucaldas.edu.co\\\/portal\\\/#website\",\"url\":\"https:\\\/\\\/www.ucaldas.edu.co\\\/portal\\\/\",\"name\":\"Universidad de Caldas\",\"description\":\"\",\"publisher\":{\"@id\":\"https:\\\/\\\/www.ucaldas.edu.co\\\/portal\\\/#organization\"},\"alternateName\":\"U. de Caldas\",\"potentialAction\":[{\"@type\":\"SearchAction\",\"target\":{\"@type\":\"EntryPoint\",\"urlTemplate\":\"https:\\\/\\\/www.ucaldas.edu.co\\\/portal\\\/?s={search_term_string}\"},\"query-input\":{\"@type\":\"PropertyValueSpecification\",\"valueRequired\":true,\"valueName\":\"search_term_string\"}}],\"inLanguage\":\"es\"},{\"@type\":\"Organization\",\"@id\":\"https:\\\/\\\/www.ucaldas.edu.co\\\/portal\\\/#organization\",\"name\":\"Universidad de Caldas\",\"alternateName\":\"U. de Caldas\",\"url\":\"https:\\\/\\\/www.ucaldas.edu.co\\\/portal\\\/\",\"logo\":{\"@type\":\"ImageObject\",\"inLanguage\":\"es\",\"@id\":\"https:\\\/\\\/www.ucaldas.edu.co\\\/portal\\\/#\\\/schema\\\/logo\\\/image\\\/\",\"url\":\"https:\\\/\\\/www.ucaldas.edu.co\\\/portal\\\/wp-content\\\/uploads\\\/2023\\\/11\\\/Logo_horizontal_oscuroU-2023.png\",\"contentUrl\":\"https:\\\/\\\/www.ucaldas.edu.co\\\/portal\\\/wp-content\\\/uploads\\\/2023\\\/11\\\/Logo_horizontal_oscuroU-2023.png\",\"width\":263,\"height\":101,\"caption\":\"Universidad de Caldas\"},\"image\":{\"@id\":\"https:\\\/\\\/www.ucaldas.edu.co\\\/portal\\\/#\\\/schema\\\/logo\\\/image\\\/\"},\"sameAs\":[\"https:\\\/\\\/www.facebook.com\\\/udecaldas\",\"https:\\\/\\\/x.com\\\/udecaldas\",\"https:\\\/\\\/www.youtube.com\\\/universidadcaldas\",\"https:\\\/\\\/www.instagram.com\\\/udecaldas\\\/\"]},{\"@type\":\"Person\",\"@id\":\"https:\\\/\\\/www.ucaldas.edu.co\\\/portal\\\/#\\\/schema\\\/person\\\/a1b482e23449158b4bc319926c074fdf\",\"name\":\"ofiprensa\",\"image\":{\"@type\":\"ImageObject\",\"inLanguage\":\"es\",\"@id\":\"https:\\\/\\\/www.ucaldas.edu.co\\\/portal\\\/wp-content\\\/litespeed\\\/avatar\\\/09ea5085e600095a7a811142c6944527.jpg?ver=1777497608\",\"url\":\"https:\\\/\\\/www.ucaldas.edu.co\\\/portal\\\/wp-content\\\/litespeed\\\/avatar\\\/09ea5085e600095a7a811142c6944527.jpg?ver=1777497608\",\"contentUrl\":\"https:\\\/\\\/www.ucaldas.edu.co\\\/portal\\\/wp-content\\\/litespeed\\\/avatar\\\/09ea5085e600095a7a811142c6944527.jpg?ver=1777497608\",\"caption\":\"ofiprensa\"},\"url\":\"https:\\\/\\\/www.ucaldas.edu.co\\\/portal\\\/author\\\/ofiprensa\\\/\"}]}<\/script>\n<!-- \/ Yoast SEO plugin. -->","yoast_head_json":{"title":"Investigadores del programa Colombia Cient\u00edfica participan en CLACSO 2022 .","robots":{"index":"index","follow":"follow","max-snippet":"max-snippet:-1","max-image-preview":"max-image-preview:large","max-video-preview":"max-video-preview:-1"},"canonical":"https:\/\/www.ucaldas.edu.co\/portal\/investigadores-del-programa-colombia-cientifica-participan-en-clacso-2022\/","schema":{"@context":"https:\/\/schema.org","@graph":[{"@type":"Article","@id":"https:\/\/www.ucaldas.edu.co\/portal\/investigadores-del-programa-colombia-cientifica-participan-en-clacso-2022\/#article","isPartOf":{"@id":"https:\/\/www.ucaldas.edu.co\/portal\/investigadores-del-programa-colombia-cientifica-participan-en-clacso-2022\/"},"author":{"name":"ofiprensa","@id":"https:\/\/www.ucaldas.edu.co\/portal\/#\/schema\/person\/a1b482e23449158b4bc319926c074fdf"},"headline":"Investigadores del programa Colombia Cient\u00edfica participan en CLACSO 2022","datePublished":"2022-06-09T22:26:48+00:00","dateModified":"2022-06-10T14:11:24+00:00","mainEntityOfPage":{"@id":"https:\/\/www.ucaldas.edu.co\/portal\/investigadores-del-programa-colombia-cientifica-participan-en-clacso-2022\/"},"wordCount":239,"publisher":{"@id":"https:\/\/www.ucaldas.edu.co\/portal\/#organization"},"image":{"@id":"https:\/\/www.ucaldas.edu.co\/portal\/investigadores-del-programa-colombia-cientifica-participan-en-clacso-2022\/#primaryimage"},"thumbnailUrl":"https:\/\/www.ucaldas.edu.co\/portal\/wp-content\/uploads\/2022\/06\/con-cientifica.jpg","keywords":["Colombia Cient\u00edfica","construcci\u00f3n de paz","Clacso","tejido social"],"articleSection":["Actualidad","Universidad al D\u00eda","Ucaldas Internacional"],"inLanguage":"es"},{"@type":"WebPage","@id":"https:\/\/www.ucaldas.edu.co\/portal\/investigadores-del-programa-colombia-cientifica-participan-en-clacso-2022\/","url":"https:\/\/www.ucaldas.edu.co\/portal\/investigadores-del-programa-colombia-cientifica-participan-en-clacso-2022\/","name":"Investigadores del programa Colombia Cient\u00edfica participan en CLACSO 2022 .","isPartOf":{"@id":"https:\/\/www.ucaldas.edu.co\/portal\/#website"},"primaryImageOfPage":{"@id":"https:\/\/www.ucaldas.edu.co\/portal\/investigadores-del-programa-colombia-cientifica-participan-en-clacso-2022\/#primaryimage"},"image":{"@id":"https:\/\/www.ucaldas.edu.co\/portal\/investigadores-del-programa-colombia-cientifica-participan-en-clacso-2022\/#primaryimage"},"thumbnailUrl":"https:\/\/www.ucaldas.edu.co\/portal\/wp-content\/uploads\/2022\/06\/con-cientifica.jpg","datePublished":"2022-06-09T22:26:48+00:00","dateModified":"2022-06-10T14:11:24+00:00","breadcrumb":{"@id":"https:\/\/www.ucaldas.edu.co\/portal\/investigadores-del-programa-colombia-cientifica-participan-en-clacso-2022\/#breadcrumb"},"inLanguage":"es","potentialAction":[{"@type":"ReadAction","target":["https:\/\/www.ucaldas.edu.co\/portal\/investigadores-del-programa-colombia-cientifica-participan-en-clacso-2022\/"]}]},{"@type":"ImageObject","inLanguage":"es","@id":"https:\/\/www.ucaldas.edu.co\/portal\/investigadores-del-programa-colombia-cientifica-participan-en-clacso-2022\/#primaryimage","url":"https:\/\/www.ucaldas.edu.co\/portal\/wp-content\/uploads\/2022\/06\/con-cientifica.jpg","contentUrl":"https:\/\/www.ucaldas.edu.co\/portal\/wp-content\/uploads\/2022\/06\/con-cientifica.jpg","width":700,"height":400,"caption":"Uno de los principales prop\u00f3sitos del programa Colombia Cient\u00edfica es incursionar en los escenarios acad\u00e9micos de Colombia y el mundo"},{"@type":"BreadcrumbList","@id":"https:\/\/www.ucaldas.edu.co\/portal\/investigadores-del-programa-colombia-cientifica-participan-en-clacso-2022\/#breadcrumb","itemListElement":[{"@type":"ListItem","position":1,"name":"Portada","item":"https:\/\/www.ucaldas.edu.co\/portal\/"},{"@type":"ListItem","position":2,"name":"Investigadores del programa Colombia Cient\u00edfica participan en CLACSO 2022"}]},{"@type":"WebSite","@id":"https:\/\/www.ucaldas.edu.co\/portal\/#website","url":"https:\/\/www.ucaldas.edu.co\/portal\/","name":"Universidad de Caldas","description":"","publisher":{"@id":"https:\/\/www.ucaldas.edu.co\/portal\/#organization"},"alternateName":"U. de Caldas","potentialAction":[{"@type":"SearchAction","target":{"@type":"EntryPoint","urlTemplate":"https:\/\/www.ucaldas.edu.co\/portal\/?s={search_term_string}"},"query-input":{"@type":"PropertyValueSpecification","valueRequired":true,"valueName":"search_term_string"}}],"inLanguage":"es"},{"@type":"Organization","@id":"https:\/\/www.ucaldas.edu.co\/portal\/#organization","name":"Universidad de Caldas","alternateName":"U. de Caldas","url":"https:\/\/www.ucaldas.edu.co\/portal\/","logo":{"@type":"ImageObject","inLanguage":"es","@id":"https:\/\/www.ucaldas.edu.co\/portal\/#\/schema\/logo\/image\/","url":"https:\/\/www.ucaldas.edu.co\/portal\/wp-content\/uploads\/2023\/11\/Logo_horizontal_oscuroU-2023.png","contentUrl":"https:\/\/www.ucaldas.edu.co\/portal\/wp-content\/uploads\/2023\/11\/Logo_horizontal_oscuroU-2023.png","width":263,"height":101,"caption":"Universidad de Caldas"},"image":{"@id":"https:\/\/www.ucaldas.edu.co\/portal\/#\/schema\/logo\/image\/"},"sameAs":["https:\/\/www.facebook.com\/udecaldas","https:\/\/x.com\/udecaldas","https:\/\/www.youtube.com\/universidadcaldas","https:\/\/www.instagram.com\/udecaldas\/"]},{"@type":"Person","@id":"https:\/\/www.ucaldas.edu.co\/portal\/#\/schema\/person\/a1b482e23449158b4bc319926c074fdf","name":"ofiprensa","image":{"@type":"ImageObject","inLanguage":"es","@id":"https:\/\/www.ucaldas.edu.co\/portal\/wp-content\/litespeed\/avatar\/09ea5085e600095a7a811142c6944527.jpg?ver=1777497608","url":"https:\/\/www.ucaldas.edu.co\/portal\/wp-content\/litespeed\/avatar\/09ea5085e600095a7a811142c6944527.jpg?ver=1777497608","contentUrl":"https:\/\/www.ucaldas.edu.co\/portal\/wp-content\/litespeed\/avatar\/09ea5085e600095a7a811142c6944527.jpg?ver=1777497608","caption":"ofiprensa"},"url":"https:\/\/www.ucaldas.edu.co\/portal\/author\/ofiprensa\/"}]}},"_links":{"self":[{"href":"https:\/\/www.ucaldas.edu.co\/portal\/wp-json\/wp\/v2\/posts\/70234","targetHints":{"allow":["GET"]}}],"collection":[{"href":"https:\/\/www.ucaldas.edu.co\/portal\/wp-json\/wp\/v2\/posts"}],"about":[{"href":"https:\/\/www.ucaldas.edu.co\/portal\/wp-json\/wp\/v2\/types\/post"}],"author":[{"embeddable":true,"href":"https:\/\/www.ucaldas.edu.co\/portal\/wp-json\/wp\/v2\/users\/2"}],"replies":[{"embeddable":true,"href":"https:\/\/www.ucaldas.edu.co\/portal\/wp-json\/wp\/v2\/comments?post=70234"}],"version-history":[{"count":0,"href":"https:\/\/www.ucaldas.edu.co\/portal\/wp-json\/wp\/v2\/posts\/70234\/revisions"}],"wp:featuredmedia":[{"embeddable":true,"href":"https:\/\/www.ucaldas.edu.co\/portal\/wp-json\/wp\/v2\/media\/70235"}],"wp:attachment":[{"href":"https:\/\/www.ucaldas.edu.co\/portal\/wp-json\/wp\/v2\/media?parent=70234"}],"wp:term":[{"taxonomy":"category","embeddable":true,"href":"https:\/\/www.ucaldas.edu.co\/portal\/wp-json\/wp\/v2\/categories?post=70234"},{"taxonomy":"post_tag","embeddable":true,"href":"https:\/\/www.ucaldas.edu.co\/portal\/wp-json\/wp\/v2\/tags?post=70234"}],"curies":[{"name":"wp","href":"https:\/\/api.w.org\/{rel}","templated":true}]}}