{"id":70214,"date":"2022-06-09T01:58:05","date_gmt":"2022-06-09T01:58:05","guid":{"rendered":"https:\/\/www.ucaldas.edu.co\/portal\/?p=70214"},"modified":"2022-06-09T01:58:05","modified_gmt":"2022-06-09T01:58:05","slug":"centro-de-innovacion-para-caldas-un-sueno-hecho-realidad","status":"publish","type":"post","link":"https:\/\/www.ucaldas.edu.co\/portal\/centro-de-innovacion-para-caldas-un-sueno-hecho-realidad\/","title":{"rendered":"Centro de innovaci\u00f3n para Caldas, un sue\u00f1o hecho realidad."},"content":{"rendered":"<p><img loading=\"lazy\" decoding=\"async\" class=\"aligncenter size-full wp-image-70215\" src=\"https:\/\/www.ucaldas.edu.co\/portal\/wp-content\/uploads\/2022\/06\/Diseno-sin-titulo-4.jpg\" alt=\"Lista la obra del Centro de Innovaci\u00f3n de La Dorada\" width=\"700\" height=\"400\" srcset=\"https:\/\/www.ucaldas.edu.co\/portal\/wp-content\/uploads\/2022\/06\/Diseno-sin-titulo-4.jpg 700w, https:\/\/www.ucaldas.edu.co\/portal\/wp-content\/uploads\/2022\/06\/Diseno-sin-titulo-4-300x171.jpg 300w\" sizes=\"auto, (max-width: 700px) 100vw, 700px\" \/><\/p>\n<p>Con la presencia del Presidente de la Rep\u00fablica Iv\u00e1n Duque M\u00e1rquez, se llev\u00f3 a cabo la entrega de las obras de infraestructura del Centro de Innovaci\u00f3n para Caldas, que beneficiar\u00e1 a una poblaci\u00f3n cercana a 1 mill\u00f3n de habitantes del Magdalena centro colombiano.<\/p>\n<p><!--more--><\/p>\n<p>Al evento asistieron los Ministros de Ciencia, Tecnolog\u00eda e Innovaci\u00f3n Tito Crissen Borrero, la Ministra de Educaci\u00f3n Mar\u00eda Victoria Angulo Gonz\u00e1lez, el Gobernador de Caldas, Luis Carlos Vel\u00e1squez Cardona y el Alcalde de La Dorada C\u00e9sar Arturo \u00c1lzate Montes.<\/p>\n<p>La rectora encargada de la Universidad de Caldas Luisa Fernanda Giraldo Zuluaga, acompa\u00f1\u00f3 la visita y record\u00f3 que este centro est\u00e1 dise\u00f1ado para potenciar la biotecnolog\u00eda y los desarrollos en los sectores agropecuarios y ganaderos; adem\u00e1s, contar\u00e1 con aulas para clases de algunos de los 20 programas con registro calificado que ofrece la Universidad en esta zona del pa\u00eds.<\/p>\n<p>Los proyectos piloto que se desarrollan actualmente en \u00a0\u00a0el Centro de Innovaci\u00f3n para Caldas son: bioprospecci\u00f3n y transferencia tecnol\u00f3gica de un aceite esencial con potencial bioinsecticida, validaci\u00f3n del aprovechamiento solar mediante paneles bifaciales en el municipio de La Dorada, aprovechamiento de residuos en el municipio de La Dorada, e implementaci\u00f3n del laboratorio de creatividad e innovaci\u00f3n.<\/p>\n<p>El proyecto tuvo un costo de 19.000 millones de pesos, fue construido en un predio de 4.8 hect\u00e1reas donado por la Alcald\u00eda de La Dorada cerca a la Charca de Guarinocito, sitio escogido porque all\u00ed convergen los departamentos de Caldas, Tolima, Cundinamarca, Boyac\u00e1 y Antioquia.<\/p>\n<p>El prop\u00f3sito del Centro de Innovaci\u00f3n es incrementar la productividad y aprovechar el potencial agroindustrial y ha incorporado diferentes estrategias para articular el ecosistema de innovaci\u00f3n involucrando con mayor determinaci\u00f3n a las empresas, est\u00e1 centrado en aprovechar la biotecnolog\u00eda y la bioinform\u00e1tica para el desarrollo de bionegocios.<\/p>\n<p>&nbsp;<\/p>\n<p><strong>Anexos:<\/strong><\/p>\n<p><strong><a href=\"https:\/\/go.ivoox.com\/rf\/88234081\">Audio Presidente de la Rep\u00fablica, Iv\u00e1n Duque M\u00e1rquez<\/a><br \/>\n<iframe loading=\"lazy\" src=\"https:\/\/www.ivoox.com\/player_ek_88234081_2_1.html\" width=\"238\" height=\"48\" frameborder=\"0\" scrolling=\"no\" allowfullscreen=\"allowfullscreen\"><\/iframe><\/strong><\/p>\n<p><strong><a href=\"https:\/\/go.ivoox.com\/rf\/88234091\">Audio Ministra de Educaci\u00f3n, Mar\u00eda Victoria Angulo Gonz\u00e1lez<\/a><br \/>\n<iframe loading=\"lazy\" src=\"https:\/\/www.ivoox.com\/player_ek_88234103_2_1.html\" width=\"238\" height=\"48\" frameborder=\"0\" scrolling=\"no\" allowfullscreen=\"allowfullscreen\"><\/iframe><br \/>\n<\/strong><\/p>\n<p><strong><a href=\"https:\/\/go.ivoox.com\/rf\/88234103\">Audio Ministro de Ciencia Tecnolog\u00eda e Innovaci\u00f3n, Tito Crissen Borrero<\/a><br \/>\n<iframe loading=\"lazy\" src=\"https:\/\/www.ivoox.com\/player_ek_88234091_2_1.html\" width=\"238\" height=\"48\" frameborder=\"0\" scrolling=\"no\" allowfullscreen=\"allowfullscreen\"><\/iframe><\/strong><\/p>\n<p><strong><a href=\"https:\/\/go.ivoox.com\/rf\/88234069\">Audio rectora encargada Universidad de Caldas, Luisa Fernanda Giraldo Zuluaga<\/a><br \/>\n<iframe loading=\"lazy\" src=\"https:\/\/www.ivoox.com\/player_ek_88234069_2_1.html\" width=\"238\" height=\"48\" frameborder=\"0\" scrolling=\"no\" allowfullscreen=\"allowfullscreen\"><\/iframe><br \/>\n<\/strong><\/p>\n<p><strong><a href=\"https:\/\/www.youtube.com\/watch?v=jI3WiPtEedc&amp;t=5s\">Video acto de entrega de las obras del Centro de Innovaci\u00f3n para Caldas<\/a><\/strong><\/p>\n<p><iframe loading=\"lazy\" title=\"YouTube video player\" src=\"\/\/www.youtube.com\/embed\/jI3WiPtEedc\" width=\"360\" height=\"115\" frameborder=\"0\" allowfullscreen=\"allowfullscreen\"><\/iframe><\/p>\n<p>&nbsp;<\/p>\n<p><strong>Informes: <\/strong>Oficina de Comunicaciones y Prensa Universidad de Caldas.<br \/>\n<strong>Redacci\u00f3n:<\/strong> Adriana Salazar Villegas<\/p>\n<p>&nbsp;<\/p>\n","protected":false},"excerpt":{"rendered":"<p>Con la presencia del Presidente de la Rep\u00fablica Iv\u00e1n Duque M\u00e1rquez, se llev\u00f3 a cabo la entrega de las obras de infraestructura del Centro de Innovaci\u00f3n para Caldas, que beneficiar\u00e1 a una poblaci\u00f3n cercana a 1 mill\u00f3n de habitantes del Magdalena centro colombiano.<\/p>\n","protected":false},"author":2,"featured_media":70215,"comment_status":"closed","ping_status":"open","sticky":false,"template":"","format":"standard","meta":{"footnotes":""},"categories":[48,53],"tags":[130,486,3046,5836],"class_list":["post-70214","post","type-post","status-publish","format-standard","has-post-thumbnail","hentry","category-actualidad","category-universidad-al-dia","tag-ciencia","tag-la-dorada","tag-centro-de-innovacion","tag-tecnologia-e-innovacion"],"yoast_head":"<!-- This site is optimized with the Yoast SEO plugin v27.5 - https:\/\/yoast.com\/product\/yoast-seo-wordpress\/ -->\n<title>Centro de innovaci\u00f3n para Caldas, un sue\u00f1o hecho realidad. .<\/title>\n<meta name=\"robots\" content=\"index, follow, max-snippet:-1, max-image-preview:large, max-video-preview:-1\" \/>\n<link rel=\"canonical\" href=\"https:\/\/www.ucaldas.edu.co\/portal\/centro-de-innovacion-para-caldas-un-sueno-hecho-realidad\/\" \/>\n<script type=\"application\/ld+json\" class=\"yoast-schema-graph\">{\"@context\":\"https:\\\/\\\/schema.org\",\"@graph\":[{\"@type\":\"Article\",\"@id\":\"https:\\\/\\\/www.ucaldas.edu.co\\\/portal\\\/centro-de-innovacion-para-caldas-un-sueno-hecho-realidad\\\/#article\",\"isPartOf\":{\"@id\":\"https:\\\/\\\/www.ucaldas.edu.co\\\/portal\\\/centro-de-innovacion-para-caldas-un-sueno-hecho-realidad\\\/\"},\"author\":{\"name\":\"ofiprensa\",\"@id\":\"https:\\\/\\\/www.ucaldas.edu.co\\\/portal\\\/#\\\/schema\\\/person\\\/a1b482e23449158b4bc319926c074fdf\"},\"headline\":\"Centro de innovaci\u00f3n para Caldas, un sue\u00f1o hecho realidad.\",\"datePublished\":\"2022-06-09T01:58:05+00:00\",\"mainEntityOfPage\":{\"@id\":\"https:\\\/\\\/www.ucaldas.edu.co\\\/portal\\\/centro-de-innovacion-para-caldas-un-sueno-hecho-realidad\\\/\"},\"wordCount\":403,\"publisher\":{\"@id\":\"https:\\\/\\\/www.ucaldas.edu.co\\\/portal\\\/#organization\"},\"image\":{\"@id\":\"https:\\\/\\\/www.ucaldas.edu.co\\\/portal\\\/centro-de-innovacion-para-caldas-un-sueno-hecho-realidad\\\/#primaryimage\"},\"thumbnailUrl\":\"https:\\\/\\\/www.ucaldas.edu.co\\\/portal\\\/wp-content\\\/uploads\\\/2022\\\/06\\\/Diseno-sin-titulo-4.jpg\",\"keywords\":[\"ciencia\",\"La Dorada\",\"centro de innovaci\u00f3n\",\"tecnolog\u00eda e innovaci\u00f3n\"],\"articleSection\":[\"Actualidad\",\"Universidad al D\u00eda\"],\"inLanguage\":\"es\"},{\"@type\":\"WebPage\",\"@id\":\"https:\\\/\\\/www.ucaldas.edu.co\\\/portal\\\/centro-de-innovacion-para-caldas-un-sueno-hecho-realidad\\\/\",\"url\":\"https:\\\/\\\/www.ucaldas.edu.co\\\/portal\\\/centro-de-innovacion-para-caldas-un-sueno-hecho-realidad\\\/\",\"name\":\"Centro de innovaci\u00f3n para Caldas, un sue\u00f1o hecho realidad. .\",\"isPartOf\":{\"@id\":\"https:\\\/\\\/www.ucaldas.edu.co\\\/portal\\\/#website\"},\"primaryImageOfPage\":{\"@id\":\"https:\\\/\\\/www.ucaldas.edu.co\\\/portal\\\/centro-de-innovacion-para-caldas-un-sueno-hecho-realidad\\\/#primaryimage\"},\"image\":{\"@id\":\"https:\\\/\\\/www.ucaldas.edu.co\\\/portal\\\/centro-de-innovacion-para-caldas-un-sueno-hecho-realidad\\\/#primaryimage\"},\"thumbnailUrl\":\"https:\\\/\\\/www.ucaldas.edu.co\\\/portal\\\/wp-content\\\/uploads\\\/2022\\\/06\\\/Diseno-sin-titulo-4.jpg\",\"datePublished\":\"2022-06-09T01:58:05+00:00\",\"breadcrumb\":{\"@id\":\"https:\\\/\\\/www.ucaldas.edu.co\\\/portal\\\/centro-de-innovacion-para-caldas-un-sueno-hecho-realidad\\\/#breadcrumb\"},\"inLanguage\":\"es\",\"potentialAction\":[{\"@type\":\"ReadAction\",\"target\":[\"https:\\\/\\\/www.ucaldas.edu.co\\\/portal\\\/centro-de-innovacion-para-caldas-un-sueno-hecho-realidad\\\/\"]}]},{\"@type\":\"ImageObject\",\"inLanguage\":\"es\",\"@id\":\"https:\\\/\\\/www.ucaldas.edu.co\\\/portal\\\/centro-de-innovacion-para-caldas-un-sueno-hecho-realidad\\\/#primaryimage\",\"url\":\"https:\\\/\\\/www.ucaldas.edu.co\\\/portal\\\/wp-content\\\/uploads\\\/2022\\\/06\\\/Diseno-sin-titulo-4.jpg\",\"contentUrl\":\"https:\\\/\\\/www.ucaldas.edu.co\\\/portal\\\/wp-content\\\/uploads\\\/2022\\\/06\\\/Diseno-sin-titulo-4.jpg\",\"width\":700,\"height\":400,\"caption\":\"Lista la obra del Centro de Innovaci\u00f3n de La Dorada\"},{\"@type\":\"BreadcrumbList\",\"@id\":\"https:\\\/\\\/www.ucaldas.edu.co\\\/portal\\\/centro-de-innovacion-para-caldas-un-sueno-hecho-realidad\\\/#breadcrumb\",\"itemListElement\":[{\"@type\":\"ListItem\",\"position\":1,\"name\":\"Portada\",\"item\":\"https:\\\/\\\/www.ucaldas.edu.co\\\/portal\\\/\"},{\"@type\":\"ListItem\",\"position\":2,\"name\":\"Centro de innovaci\u00f3n para Caldas, un sue\u00f1o hecho realidad.\"}]},{\"@type\":\"WebSite\",\"@id\":\"https:\\\/\\\/www.ucaldas.edu.co\\\/portal\\\/#website\",\"url\":\"https:\\\/\\\/www.ucaldas.edu.co\\\/portal\\\/\",\"name\":\"Universidad de Caldas\",\"description\":\"\",\"publisher\":{\"@id\":\"https:\\\/\\\/www.ucaldas.edu.co\\\/portal\\\/#organization\"},\"alternateName\":\"U. de Caldas\",\"potentialAction\":[{\"@type\":\"SearchAction\",\"target\":{\"@type\":\"EntryPoint\",\"urlTemplate\":\"https:\\\/\\\/www.ucaldas.edu.co\\\/portal\\\/?s={search_term_string}\"},\"query-input\":{\"@type\":\"PropertyValueSpecification\",\"valueRequired\":true,\"valueName\":\"search_term_string\"}}],\"inLanguage\":\"es\"},{\"@type\":\"Organization\",\"@id\":\"https:\\\/\\\/www.ucaldas.edu.co\\\/portal\\\/#organization\",\"name\":\"Universidad de Caldas\",\"alternateName\":\"U. de Caldas\",\"url\":\"https:\\\/\\\/www.ucaldas.edu.co\\\/portal\\\/\",\"logo\":{\"@type\":\"ImageObject\",\"inLanguage\":\"es\",\"@id\":\"https:\\\/\\\/www.ucaldas.edu.co\\\/portal\\\/#\\\/schema\\\/logo\\\/image\\\/\",\"url\":\"https:\\\/\\\/www.ucaldas.edu.co\\\/portal\\\/wp-content\\\/uploads\\\/2023\\\/11\\\/Logo_horizontal_oscuroU-2023.png\",\"contentUrl\":\"https:\\\/\\\/www.ucaldas.edu.co\\\/portal\\\/wp-content\\\/uploads\\\/2023\\\/11\\\/Logo_horizontal_oscuroU-2023.png\",\"width\":263,\"height\":101,\"caption\":\"Universidad de Caldas\"},\"image\":{\"@id\":\"https:\\\/\\\/www.ucaldas.edu.co\\\/portal\\\/#\\\/schema\\\/logo\\\/image\\\/\"},\"sameAs\":[\"https:\\\/\\\/www.facebook.com\\\/udecaldas\",\"https:\\\/\\\/x.com\\\/udecaldas\",\"https:\\\/\\\/www.youtube.com\\\/universidadcaldas\",\"https:\\\/\\\/www.instagram.com\\\/udecaldas\\\/\"]},{\"@type\":\"Person\",\"@id\":\"https:\\\/\\\/www.ucaldas.edu.co\\\/portal\\\/#\\\/schema\\\/person\\\/a1b482e23449158b4bc319926c074fdf\",\"name\":\"ofiprensa\",\"image\":{\"@type\":\"ImageObject\",\"inLanguage\":\"es\",\"@id\":\"https:\\\/\\\/www.ucaldas.edu.co\\\/portal\\\/wp-content\\\/litespeed\\\/avatar\\\/09ea5085e600095a7a811142c6944527.jpg?ver=1777497608\",\"url\":\"https:\\\/\\\/www.ucaldas.edu.co\\\/portal\\\/wp-content\\\/litespeed\\\/avatar\\\/09ea5085e600095a7a811142c6944527.jpg?ver=1777497608\",\"contentUrl\":\"https:\\\/\\\/www.ucaldas.edu.co\\\/portal\\\/wp-content\\\/litespeed\\\/avatar\\\/09ea5085e600095a7a811142c6944527.jpg?ver=1777497608\",\"caption\":\"ofiprensa\"},\"url\":\"https:\\\/\\\/www.ucaldas.edu.co\\\/portal\\\/author\\\/ofiprensa\\\/\"}]}<\/script>\n<!-- \/ Yoast SEO plugin. -->","yoast_head_json":{"title":"Centro de innovaci\u00f3n para Caldas, un sue\u00f1o hecho realidad. .","robots":{"index":"index","follow":"follow","max-snippet":"max-snippet:-1","max-image-preview":"max-image-preview:large","max-video-preview":"max-video-preview:-1"},"canonical":"https:\/\/www.ucaldas.edu.co\/portal\/centro-de-innovacion-para-caldas-un-sueno-hecho-realidad\/","schema":{"@context":"https:\/\/schema.org","@graph":[{"@type":"Article","@id":"https:\/\/www.ucaldas.edu.co\/portal\/centro-de-innovacion-para-caldas-un-sueno-hecho-realidad\/#article","isPartOf":{"@id":"https:\/\/www.ucaldas.edu.co\/portal\/centro-de-innovacion-para-caldas-un-sueno-hecho-realidad\/"},"author":{"name":"ofiprensa","@id":"https:\/\/www.ucaldas.edu.co\/portal\/#\/schema\/person\/a1b482e23449158b4bc319926c074fdf"},"headline":"Centro de innovaci\u00f3n para Caldas, un sue\u00f1o hecho realidad.","datePublished":"2022-06-09T01:58:05+00:00","mainEntityOfPage":{"@id":"https:\/\/www.ucaldas.edu.co\/portal\/centro-de-innovacion-para-caldas-un-sueno-hecho-realidad\/"},"wordCount":403,"publisher":{"@id":"https:\/\/www.ucaldas.edu.co\/portal\/#organization"},"image":{"@id":"https:\/\/www.ucaldas.edu.co\/portal\/centro-de-innovacion-para-caldas-un-sueno-hecho-realidad\/#primaryimage"},"thumbnailUrl":"https:\/\/www.ucaldas.edu.co\/portal\/wp-content\/uploads\/2022\/06\/Diseno-sin-titulo-4.jpg","keywords":["ciencia","La Dorada","centro de innovaci\u00f3n","tecnolog\u00eda e innovaci\u00f3n"],"articleSection":["Actualidad","Universidad al D\u00eda"],"inLanguage":"es"},{"@type":"WebPage","@id":"https:\/\/www.ucaldas.edu.co\/portal\/centro-de-innovacion-para-caldas-un-sueno-hecho-realidad\/","url":"https:\/\/www.ucaldas.edu.co\/portal\/centro-de-innovacion-para-caldas-un-sueno-hecho-realidad\/","name":"Centro de innovaci\u00f3n para Caldas, un sue\u00f1o hecho realidad. .","isPartOf":{"@id":"https:\/\/www.ucaldas.edu.co\/portal\/#website"},"primaryImageOfPage":{"@id":"https:\/\/www.ucaldas.edu.co\/portal\/centro-de-innovacion-para-caldas-un-sueno-hecho-realidad\/#primaryimage"},"image":{"@id":"https:\/\/www.ucaldas.edu.co\/portal\/centro-de-innovacion-para-caldas-un-sueno-hecho-realidad\/#primaryimage"},"thumbnailUrl":"https:\/\/www.ucaldas.edu.co\/portal\/wp-content\/uploads\/2022\/06\/Diseno-sin-titulo-4.jpg","datePublished":"2022-06-09T01:58:05+00:00","breadcrumb":{"@id":"https:\/\/www.ucaldas.edu.co\/portal\/centro-de-innovacion-para-caldas-un-sueno-hecho-realidad\/#breadcrumb"},"inLanguage":"es","potentialAction":[{"@type":"ReadAction","target":["https:\/\/www.ucaldas.edu.co\/portal\/centro-de-innovacion-para-caldas-un-sueno-hecho-realidad\/"]}]},{"@type":"ImageObject","inLanguage":"es","@id":"https:\/\/www.ucaldas.edu.co\/portal\/centro-de-innovacion-para-caldas-un-sueno-hecho-realidad\/#primaryimage","url":"https:\/\/www.ucaldas.edu.co\/portal\/wp-content\/uploads\/2022\/06\/Diseno-sin-titulo-4.jpg","contentUrl":"https:\/\/www.ucaldas.edu.co\/portal\/wp-content\/uploads\/2022\/06\/Diseno-sin-titulo-4.jpg","width":700,"height":400,"caption":"Lista la obra del Centro de Innovaci\u00f3n de La Dorada"},{"@type":"BreadcrumbList","@id":"https:\/\/www.ucaldas.edu.co\/portal\/centro-de-innovacion-para-caldas-un-sueno-hecho-realidad\/#breadcrumb","itemListElement":[{"@type":"ListItem","position":1,"name":"Portada","item":"https:\/\/www.ucaldas.edu.co\/portal\/"},{"@type":"ListItem","position":2,"name":"Centro de innovaci\u00f3n para Caldas, un sue\u00f1o hecho realidad."}]},{"@type":"WebSite","@id":"https:\/\/www.ucaldas.edu.co\/portal\/#website","url":"https:\/\/www.ucaldas.edu.co\/portal\/","name":"Universidad de Caldas","description":"","publisher":{"@id":"https:\/\/www.ucaldas.edu.co\/portal\/#organization"},"alternateName":"U. de Caldas","potentialAction":[{"@type":"SearchAction","target":{"@type":"EntryPoint","urlTemplate":"https:\/\/www.ucaldas.edu.co\/portal\/?s={search_term_string}"},"query-input":{"@type":"PropertyValueSpecification","valueRequired":true,"valueName":"search_term_string"}}],"inLanguage":"es"},{"@type":"Organization","@id":"https:\/\/www.ucaldas.edu.co\/portal\/#organization","name":"Universidad de Caldas","alternateName":"U. de Caldas","url":"https:\/\/www.ucaldas.edu.co\/portal\/","logo":{"@type":"ImageObject","inLanguage":"es","@id":"https:\/\/www.ucaldas.edu.co\/portal\/#\/schema\/logo\/image\/","url":"https:\/\/www.ucaldas.edu.co\/portal\/wp-content\/uploads\/2023\/11\/Logo_horizontal_oscuroU-2023.png","contentUrl":"https:\/\/www.ucaldas.edu.co\/portal\/wp-content\/uploads\/2023\/11\/Logo_horizontal_oscuroU-2023.png","width":263,"height":101,"caption":"Universidad de Caldas"},"image":{"@id":"https:\/\/www.ucaldas.edu.co\/portal\/#\/schema\/logo\/image\/"},"sameAs":["https:\/\/www.facebook.com\/udecaldas","https:\/\/x.com\/udecaldas","https:\/\/www.youtube.com\/universidadcaldas","https:\/\/www.instagram.com\/udecaldas\/"]},{"@type":"Person","@id":"https:\/\/www.ucaldas.edu.co\/portal\/#\/schema\/person\/a1b482e23449158b4bc319926c074fdf","name":"ofiprensa","image":{"@type":"ImageObject","inLanguage":"es","@id":"https:\/\/www.ucaldas.edu.co\/portal\/wp-content\/litespeed\/avatar\/09ea5085e600095a7a811142c6944527.jpg?ver=1777497608","url":"https:\/\/www.ucaldas.edu.co\/portal\/wp-content\/litespeed\/avatar\/09ea5085e600095a7a811142c6944527.jpg?ver=1777497608","contentUrl":"https:\/\/www.ucaldas.edu.co\/portal\/wp-content\/litespeed\/avatar\/09ea5085e600095a7a811142c6944527.jpg?ver=1777497608","caption":"ofiprensa"},"url":"https:\/\/www.ucaldas.edu.co\/portal\/author\/ofiprensa\/"}]}},"_links":{"self":[{"href":"https:\/\/www.ucaldas.edu.co\/portal\/wp-json\/wp\/v2\/posts\/70214","targetHints":{"allow":["GET"]}}],"collection":[{"href":"https:\/\/www.ucaldas.edu.co\/portal\/wp-json\/wp\/v2\/posts"}],"about":[{"href":"https:\/\/www.ucaldas.edu.co\/portal\/wp-json\/wp\/v2\/types\/post"}],"author":[{"embeddable":true,"href":"https:\/\/www.ucaldas.edu.co\/portal\/wp-json\/wp\/v2\/users\/2"}],"replies":[{"embeddable":true,"href":"https:\/\/www.ucaldas.edu.co\/portal\/wp-json\/wp\/v2\/comments?post=70214"}],"version-history":[{"count":0,"href":"https:\/\/www.ucaldas.edu.co\/portal\/wp-json\/wp\/v2\/posts\/70214\/revisions"}],"wp:featuredmedia":[{"embeddable":true,"href":"https:\/\/www.ucaldas.edu.co\/portal\/wp-json\/wp\/v2\/media\/70215"}],"wp:attachment":[{"href":"https:\/\/www.ucaldas.edu.co\/portal\/wp-json\/wp\/v2\/media?parent=70214"}],"wp:term":[{"taxonomy":"category","embeddable":true,"href":"https:\/\/www.ucaldas.edu.co\/portal\/wp-json\/wp\/v2\/categories?post=70214"},{"taxonomy":"post_tag","embeddable":true,"href":"https:\/\/www.ucaldas.edu.co\/portal\/wp-json\/wp\/v2\/tags?post=70214"}],"curies":[{"name":"wp","href":"https:\/\/api.w.org\/{rel}","templated":true}]}}