{"id":70166,"date":"2022-06-03T21:30:30","date_gmt":"2022-06-03T21:30:30","guid":{"rendered":"https:\/\/www.ucaldas.edu.co\/portal\/?p=70166"},"modified":"2022-06-03T21:30:30","modified_gmt":"2022-06-03T21:30:30","slug":"centro-de-innovacion-para-caldas-sera-sede-del-46-salon-nacional-de-artistas","status":"publish","type":"post","link":"https:\/\/www.ucaldas.edu.co\/portal\/centro-de-innovacion-para-caldas-sera-sede-del-46-salon-nacional-de-artistas\/","title":{"rendered":"Centro de innovaci\u00f3n para Caldas ser\u00e1 sede del 46 Sal\u00f3n Nacional de artistas."},"content":{"rendered":"<p>&nbsp;<\/p>\n<p><img loading=\"lazy\" decoding=\"async\" class=\"aligncenter size-full wp-image-70167\" src=\"https:\/\/www.ucaldas.edu.co\/portal\/wp-content\/uploads\/2022\/06\/Diseno-sin-titulo-1.jpg\" alt=\"Visita del Sal\u00f3n Nacional de Artistas\" width=\"700\" height=\"400\" srcset=\"https:\/\/www.ucaldas.edu.co\/portal\/wp-content\/uploads\/2022\/06\/Diseno-sin-titulo-1.jpg 700w, https:\/\/www.ucaldas.edu.co\/portal\/wp-content\/uploads\/2022\/06\/Diseno-sin-titulo-1-300x171.jpg 300w\" sizes=\"auto, (max-width: 700px) 100vw, 700px\" \/><\/p>\n<p>El Sal\u00f3n Nacional de Artistas eligi\u00f3 al Centro de Innovaci\u00f3n para Caldas, ubicado en La Dorada como una \u00a0de las residencias para la instalaci\u00f3n durante el segundo semestre de 2022, del programa de exposiciones y proyectos de Inaudito Magdalena se llevar\u00e1 a cabo en diferentes territorios de la cuenca del R\u00edo Magdalena \u00a0y estar\u00e1 compuesto de exposiciones en sala, estaciones puerto, obras en espacio p\u00fablico y un programa alterno audible y de publicaciones.<\/p>\n<p><!--more--><\/p>\n<p>De acuerdo con los curadores de la exposici\u00f3n \u201cInaudito Magdalena\u201d es una apuesta para explorar el impacto de nuestra relaci\u00f3n con la naturaleza, sus consecuencias y c\u00f3mo ha moldeado nuestros cuerpos, nuestro lenguaje y la vida cotidiana y se constituye en un un ejercicio de\u00a0 imaginaci\u00f3n de nuevas mitolog\u00edas, unas\u00a0 que puedan ser capaces de abordar no solo las\u00a0 complejidades que estructuran a Colombia como naci\u00f3n y como sociedad, sino otras ecol\u00f3gicas, sociales y econ\u00f3micas que suceden en todo el\u00a0 planeta.<\/p>\n<p>\u201cQueremos que esta exposici\u00f3n sea muy exitosa y nos permita posicionar no s\u00f3lo los temas planteados en el centro de innovaci\u00f3n, sino tambi\u00e9n los temas culturales y art\u00edsticos\u201d, indic\u00f3 la vicerrectora de proyecci\u00f3n universitaria Patricia Salazar Villegas.<\/p>\n<p>El Sal\u00f3n Nacional de Artistas es uno de los eventos culturales m\u00e1s antiguos del pa\u00eds, creado en 1940 como un espacio de encuentro entre los artistas y los p\u00fablicos. A comienzos del siglo XXI se reformul\u00f3 su estructura de manera que desde la versi\u00f3n 40 ha sido el resultado de procesos de investigaci\u00f3n curatorial que han involucrado componentes de formaci\u00f3n as\u00ed como publicaciones diversas.<\/p>\n<p>&nbsp;<\/p>\n<p><strong>Anexo:<br \/>\n<\/strong><strong><a href=\"https:\/\/go.ivoox.com\/rf\/88017842\">Audio vicerrectora de proyecci\u00f3n universitaria, Patricia Salazar Villegas<\/a><br \/>\n<iframe loading=\"lazy\" src=\"https:\/\/www.ivoox.com\/player_ek_88017842_2_1.html\" width=\"238\" height=\"48\" frameborder=\"0\" scrolling=\"no\" allowfullscreen=\"allowfullscreen\"><\/iframe><br \/>\n<\/strong><\/p>\n<p><strong>\u00a0<\/strong><\/p>\n<p><strong>Informes: <\/strong>Oficina de Comunicaciones y Prensa Universidad de Caldas.<br \/>\n<strong>Redacci\u00f3n:<\/strong> Adriana Salazar Villegas<\/p>\n<p>&nbsp;<\/p>\n","protected":false},"excerpt":{"rendered":"<p>&nbsp; El Sal\u00f3n Nacional de Artistas eligi\u00f3 al Centro de Innovaci\u00f3n para Caldas, ubicado en La Dorada como una \u00a0de las residencias para la instalaci\u00f3n durante el segundo semestre de 2022, del programa de exposiciones y proyectos de Inaudito Magdalena se llevar\u00e1 a cabo en diferentes territorios de la cuenca del R\u00edo Magdalena \u00a0y estar\u00e1 [&hellip;]<\/p>\n","protected":false},"author":2,"featured_media":70167,"comment_status":"closed","ping_status":"open","sticky":false,"template":"","format":"standard","meta":{"footnotes":""},"categories":[48,53,62],"tags":[8559,229,233,486],"class_list":["post-70166","post","type-post","status-publish","format-standard","has-post-thumbnail","hentry","category-actualidad","category-universidad-al-dia","category-eventos","tag-salon-nacional-de-artistas","tag-exposicion","tag-visita","tag-la-dorada"],"yoast_head":"<!-- This site is optimized with the Yoast SEO plugin v27.5 - https:\/\/yoast.com\/product\/yoast-seo-wordpress\/ -->\n<title>Centro de innovaci\u00f3n para Caldas ser\u00e1 sede del 46 Sal\u00f3n Nacional de artistas. .<\/title>\n<meta name=\"robots\" content=\"index, follow, max-snippet:-1, max-image-preview:large, max-video-preview:-1\" \/>\n<link rel=\"canonical\" href=\"https:\/\/www.ucaldas.edu.co\/portal\/centro-de-innovacion-para-caldas-sera-sede-del-46-salon-nacional-de-artistas\/\" \/>\n<script type=\"application\/ld+json\" class=\"yoast-schema-graph\">{\"@context\":\"https:\\\/\\\/schema.org\",\"@graph\":[{\"@type\":\"Article\",\"@id\":\"https:\\\/\\\/www.ucaldas.edu.co\\\/portal\\\/centro-de-innovacion-para-caldas-sera-sede-del-46-salon-nacional-de-artistas\\\/#article\",\"isPartOf\":{\"@id\":\"https:\\\/\\\/www.ucaldas.edu.co\\\/portal\\\/centro-de-innovacion-para-caldas-sera-sede-del-46-salon-nacional-de-artistas\\\/\"},\"author\":{\"name\":\"ofiprensa\",\"@id\":\"https:\\\/\\\/www.ucaldas.edu.co\\\/portal\\\/#\\\/schema\\\/person\\\/a1b482e23449158b4bc319926c074fdf\"},\"headline\":\"Centro de innovaci\u00f3n para Caldas ser\u00e1 sede del 46 Sal\u00f3n Nacional de artistas.\",\"datePublished\":\"2022-06-03T21:30:30+00:00\",\"mainEntityOfPage\":{\"@id\":\"https:\\\/\\\/www.ucaldas.edu.co\\\/portal\\\/centro-de-innovacion-para-caldas-sera-sede-del-46-salon-nacional-de-artistas\\\/\"},\"wordCount\":319,\"publisher\":{\"@id\":\"https:\\\/\\\/www.ucaldas.edu.co\\\/portal\\\/#organization\"},\"image\":{\"@id\":\"https:\\\/\\\/www.ucaldas.edu.co\\\/portal\\\/centro-de-innovacion-para-caldas-sera-sede-del-46-salon-nacional-de-artistas\\\/#primaryimage\"},\"thumbnailUrl\":\"https:\\\/\\\/www.ucaldas.edu.co\\\/portal\\\/wp-content\\\/uploads\\\/2022\\\/06\\\/Diseno-sin-titulo-1.jpg\",\"keywords\":[\"sal\u00f3n nacional de artistas\",\"exposici\u00f3n\",\"visita\",\"La Dorada\"],\"articleSection\":[\"Actualidad\",\"Universidad al D\u00eda\",\"Eventos\"],\"inLanguage\":\"es\"},{\"@type\":\"WebPage\",\"@id\":\"https:\\\/\\\/www.ucaldas.edu.co\\\/portal\\\/centro-de-innovacion-para-caldas-sera-sede-del-46-salon-nacional-de-artistas\\\/\",\"url\":\"https:\\\/\\\/www.ucaldas.edu.co\\\/portal\\\/centro-de-innovacion-para-caldas-sera-sede-del-46-salon-nacional-de-artistas\\\/\",\"name\":\"Centro de innovaci\u00f3n para Caldas ser\u00e1 sede del 46 Sal\u00f3n Nacional de artistas. .\",\"isPartOf\":{\"@id\":\"https:\\\/\\\/www.ucaldas.edu.co\\\/portal\\\/#website\"},\"primaryImageOfPage\":{\"@id\":\"https:\\\/\\\/www.ucaldas.edu.co\\\/portal\\\/centro-de-innovacion-para-caldas-sera-sede-del-46-salon-nacional-de-artistas\\\/#primaryimage\"},\"image\":{\"@id\":\"https:\\\/\\\/www.ucaldas.edu.co\\\/portal\\\/centro-de-innovacion-para-caldas-sera-sede-del-46-salon-nacional-de-artistas\\\/#primaryimage\"},\"thumbnailUrl\":\"https:\\\/\\\/www.ucaldas.edu.co\\\/portal\\\/wp-content\\\/uploads\\\/2022\\\/06\\\/Diseno-sin-titulo-1.jpg\",\"datePublished\":\"2022-06-03T21:30:30+00:00\",\"breadcrumb\":{\"@id\":\"https:\\\/\\\/www.ucaldas.edu.co\\\/portal\\\/centro-de-innovacion-para-caldas-sera-sede-del-46-salon-nacional-de-artistas\\\/#breadcrumb\"},\"inLanguage\":\"es\",\"potentialAction\":[{\"@type\":\"ReadAction\",\"target\":[\"https:\\\/\\\/www.ucaldas.edu.co\\\/portal\\\/centro-de-innovacion-para-caldas-sera-sede-del-46-salon-nacional-de-artistas\\\/\"]}]},{\"@type\":\"ImageObject\",\"inLanguage\":\"es\",\"@id\":\"https:\\\/\\\/www.ucaldas.edu.co\\\/portal\\\/centro-de-innovacion-para-caldas-sera-sede-del-46-salon-nacional-de-artistas\\\/#primaryimage\",\"url\":\"https:\\\/\\\/www.ucaldas.edu.co\\\/portal\\\/wp-content\\\/uploads\\\/2022\\\/06\\\/Diseno-sin-titulo-1.jpg\",\"contentUrl\":\"https:\\\/\\\/www.ucaldas.edu.co\\\/portal\\\/wp-content\\\/uploads\\\/2022\\\/06\\\/Diseno-sin-titulo-1.jpg\",\"width\":700,\"height\":400,\"caption\":\"Visita del Sal\u00f3n Nacional de Artistas\"},{\"@type\":\"BreadcrumbList\",\"@id\":\"https:\\\/\\\/www.ucaldas.edu.co\\\/portal\\\/centro-de-innovacion-para-caldas-sera-sede-del-46-salon-nacional-de-artistas\\\/#breadcrumb\",\"itemListElement\":[{\"@type\":\"ListItem\",\"position\":1,\"name\":\"Portada\",\"item\":\"https:\\\/\\\/www.ucaldas.edu.co\\\/portal\\\/\"},{\"@type\":\"ListItem\",\"position\":2,\"name\":\"Centro de innovaci\u00f3n para Caldas ser\u00e1 sede del 46 Sal\u00f3n Nacional de artistas.\"}]},{\"@type\":\"WebSite\",\"@id\":\"https:\\\/\\\/www.ucaldas.edu.co\\\/portal\\\/#website\",\"url\":\"https:\\\/\\\/www.ucaldas.edu.co\\\/portal\\\/\",\"name\":\"Universidad de Caldas\",\"description\":\"\",\"publisher\":{\"@id\":\"https:\\\/\\\/www.ucaldas.edu.co\\\/portal\\\/#organization\"},\"alternateName\":\"U. de Caldas\",\"potentialAction\":[{\"@type\":\"SearchAction\",\"target\":{\"@type\":\"EntryPoint\",\"urlTemplate\":\"https:\\\/\\\/www.ucaldas.edu.co\\\/portal\\\/?s={search_term_string}\"},\"query-input\":{\"@type\":\"PropertyValueSpecification\",\"valueRequired\":true,\"valueName\":\"search_term_string\"}}],\"inLanguage\":\"es\"},{\"@type\":\"Organization\",\"@id\":\"https:\\\/\\\/www.ucaldas.edu.co\\\/portal\\\/#organization\",\"name\":\"Universidad de Caldas\",\"alternateName\":\"U. de Caldas\",\"url\":\"https:\\\/\\\/www.ucaldas.edu.co\\\/portal\\\/\",\"logo\":{\"@type\":\"ImageObject\",\"inLanguage\":\"es\",\"@id\":\"https:\\\/\\\/www.ucaldas.edu.co\\\/portal\\\/#\\\/schema\\\/logo\\\/image\\\/\",\"url\":\"https:\\\/\\\/www.ucaldas.edu.co\\\/portal\\\/wp-content\\\/uploads\\\/2023\\\/11\\\/Logo_horizontal_oscuroU-2023.png\",\"contentUrl\":\"https:\\\/\\\/www.ucaldas.edu.co\\\/portal\\\/wp-content\\\/uploads\\\/2023\\\/11\\\/Logo_horizontal_oscuroU-2023.png\",\"width\":263,\"height\":101,\"caption\":\"Universidad de Caldas\"},\"image\":{\"@id\":\"https:\\\/\\\/www.ucaldas.edu.co\\\/portal\\\/#\\\/schema\\\/logo\\\/image\\\/\"},\"sameAs\":[\"https:\\\/\\\/www.facebook.com\\\/udecaldas\",\"https:\\\/\\\/x.com\\\/udecaldas\",\"https:\\\/\\\/www.youtube.com\\\/universidadcaldas\",\"https:\\\/\\\/www.instagram.com\\\/udecaldas\\\/\"]},{\"@type\":\"Person\",\"@id\":\"https:\\\/\\\/www.ucaldas.edu.co\\\/portal\\\/#\\\/schema\\\/person\\\/a1b482e23449158b4bc319926c074fdf\",\"name\":\"ofiprensa\",\"image\":{\"@type\":\"ImageObject\",\"inLanguage\":\"es\",\"@id\":\"https:\\\/\\\/www.ucaldas.edu.co\\\/portal\\\/wp-content\\\/litespeed\\\/avatar\\\/09ea5085e600095a7a811142c6944527.jpg?ver=1777497608\",\"url\":\"https:\\\/\\\/www.ucaldas.edu.co\\\/portal\\\/wp-content\\\/litespeed\\\/avatar\\\/09ea5085e600095a7a811142c6944527.jpg?ver=1777497608\",\"contentUrl\":\"https:\\\/\\\/www.ucaldas.edu.co\\\/portal\\\/wp-content\\\/litespeed\\\/avatar\\\/09ea5085e600095a7a811142c6944527.jpg?ver=1777497608\",\"caption\":\"ofiprensa\"},\"url\":\"https:\\\/\\\/www.ucaldas.edu.co\\\/portal\\\/author\\\/ofiprensa\\\/\"}]}<\/script>\n<!-- \/ Yoast SEO plugin. -->","yoast_head_json":{"title":"Centro de innovaci\u00f3n para Caldas ser\u00e1 sede del 46 Sal\u00f3n Nacional de artistas. .","robots":{"index":"index","follow":"follow","max-snippet":"max-snippet:-1","max-image-preview":"max-image-preview:large","max-video-preview":"max-video-preview:-1"},"canonical":"https:\/\/www.ucaldas.edu.co\/portal\/centro-de-innovacion-para-caldas-sera-sede-del-46-salon-nacional-de-artistas\/","schema":{"@context":"https:\/\/schema.org","@graph":[{"@type":"Article","@id":"https:\/\/www.ucaldas.edu.co\/portal\/centro-de-innovacion-para-caldas-sera-sede-del-46-salon-nacional-de-artistas\/#article","isPartOf":{"@id":"https:\/\/www.ucaldas.edu.co\/portal\/centro-de-innovacion-para-caldas-sera-sede-del-46-salon-nacional-de-artistas\/"},"author":{"name":"ofiprensa","@id":"https:\/\/www.ucaldas.edu.co\/portal\/#\/schema\/person\/a1b482e23449158b4bc319926c074fdf"},"headline":"Centro de innovaci\u00f3n para Caldas ser\u00e1 sede del 46 Sal\u00f3n Nacional de artistas.","datePublished":"2022-06-03T21:30:30+00:00","mainEntityOfPage":{"@id":"https:\/\/www.ucaldas.edu.co\/portal\/centro-de-innovacion-para-caldas-sera-sede-del-46-salon-nacional-de-artistas\/"},"wordCount":319,"publisher":{"@id":"https:\/\/www.ucaldas.edu.co\/portal\/#organization"},"image":{"@id":"https:\/\/www.ucaldas.edu.co\/portal\/centro-de-innovacion-para-caldas-sera-sede-del-46-salon-nacional-de-artistas\/#primaryimage"},"thumbnailUrl":"https:\/\/www.ucaldas.edu.co\/portal\/wp-content\/uploads\/2022\/06\/Diseno-sin-titulo-1.jpg","keywords":["sal\u00f3n nacional de artistas","exposici\u00f3n","visita","La Dorada"],"articleSection":["Actualidad","Universidad al D\u00eda","Eventos"],"inLanguage":"es"},{"@type":"WebPage","@id":"https:\/\/www.ucaldas.edu.co\/portal\/centro-de-innovacion-para-caldas-sera-sede-del-46-salon-nacional-de-artistas\/","url":"https:\/\/www.ucaldas.edu.co\/portal\/centro-de-innovacion-para-caldas-sera-sede-del-46-salon-nacional-de-artistas\/","name":"Centro de innovaci\u00f3n para Caldas ser\u00e1 sede del 46 Sal\u00f3n Nacional de artistas. .","isPartOf":{"@id":"https:\/\/www.ucaldas.edu.co\/portal\/#website"},"primaryImageOfPage":{"@id":"https:\/\/www.ucaldas.edu.co\/portal\/centro-de-innovacion-para-caldas-sera-sede-del-46-salon-nacional-de-artistas\/#primaryimage"},"image":{"@id":"https:\/\/www.ucaldas.edu.co\/portal\/centro-de-innovacion-para-caldas-sera-sede-del-46-salon-nacional-de-artistas\/#primaryimage"},"thumbnailUrl":"https:\/\/www.ucaldas.edu.co\/portal\/wp-content\/uploads\/2022\/06\/Diseno-sin-titulo-1.jpg","datePublished":"2022-06-03T21:30:30+00:00","breadcrumb":{"@id":"https:\/\/www.ucaldas.edu.co\/portal\/centro-de-innovacion-para-caldas-sera-sede-del-46-salon-nacional-de-artistas\/#breadcrumb"},"inLanguage":"es","potentialAction":[{"@type":"ReadAction","target":["https:\/\/www.ucaldas.edu.co\/portal\/centro-de-innovacion-para-caldas-sera-sede-del-46-salon-nacional-de-artistas\/"]}]},{"@type":"ImageObject","inLanguage":"es","@id":"https:\/\/www.ucaldas.edu.co\/portal\/centro-de-innovacion-para-caldas-sera-sede-del-46-salon-nacional-de-artistas\/#primaryimage","url":"https:\/\/www.ucaldas.edu.co\/portal\/wp-content\/uploads\/2022\/06\/Diseno-sin-titulo-1.jpg","contentUrl":"https:\/\/www.ucaldas.edu.co\/portal\/wp-content\/uploads\/2022\/06\/Diseno-sin-titulo-1.jpg","width":700,"height":400,"caption":"Visita del Sal\u00f3n Nacional de Artistas"},{"@type":"BreadcrumbList","@id":"https:\/\/www.ucaldas.edu.co\/portal\/centro-de-innovacion-para-caldas-sera-sede-del-46-salon-nacional-de-artistas\/#breadcrumb","itemListElement":[{"@type":"ListItem","position":1,"name":"Portada","item":"https:\/\/www.ucaldas.edu.co\/portal\/"},{"@type":"ListItem","position":2,"name":"Centro de innovaci\u00f3n para Caldas ser\u00e1 sede del 46 Sal\u00f3n Nacional de artistas."}]},{"@type":"WebSite","@id":"https:\/\/www.ucaldas.edu.co\/portal\/#website","url":"https:\/\/www.ucaldas.edu.co\/portal\/","name":"Universidad de Caldas","description":"","publisher":{"@id":"https:\/\/www.ucaldas.edu.co\/portal\/#organization"},"alternateName":"U. de Caldas","potentialAction":[{"@type":"SearchAction","target":{"@type":"EntryPoint","urlTemplate":"https:\/\/www.ucaldas.edu.co\/portal\/?s={search_term_string}"},"query-input":{"@type":"PropertyValueSpecification","valueRequired":true,"valueName":"search_term_string"}}],"inLanguage":"es"},{"@type":"Organization","@id":"https:\/\/www.ucaldas.edu.co\/portal\/#organization","name":"Universidad de Caldas","alternateName":"U. de Caldas","url":"https:\/\/www.ucaldas.edu.co\/portal\/","logo":{"@type":"ImageObject","inLanguage":"es","@id":"https:\/\/www.ucaldas.edu.co\/portal\/#\/schema\/logo\/image\/","url":"https:\/\/www.ucaldas.edu.co\/portal\/wp-content\/uploads\/2023\/11\/Logo_horizontal_oscuroU-2023.png","contentUrl":"https:\/\/www.ucaldas.edu.co\/portal\/wp-content\/uploads\/2023\/11\/Logo_horizontal_oscuroU-2023.png","width":263,"height":101,"caption":"Universidad de Caldas"},"image":{"@id":"https:\/\/www.ucaldas.edu.co\/portal\/#\/schema\/logo\/image\/"},"sameAs":["https:\/\/www.facebook.com\/udecaldas","https:\/\/x.com\/udecaldas","https:\/\/www.youtube.com\/universidadcaldas","https:\/\/www.instagram.com\/udecaldas\/"]},{"@type":"Person","@id":"https:\/\/www.ucaldas.edu.co\/portal\/#\/schema\/person\/a1b482e23449158b4bc319926c074fdf","name":"ofiprensa","image":{"@type":"ImageObject","inLanguage":"es","@id":"https:\/\/www.ucaldas.edu.co\/portal\/wp-content\/litespeed\/avatar\/09ea5085e600095a7a811142c6944527.jpg?ver=1777497608","url":"https:\/\/www.ucaldas.edu.co\/portal\/wp-content\/litespeed\/avatar\/09ea5085e600095a7a811142c6944527.jpg?ver=1777497608","contentUrl":"https:\/\/www.ucaldas.edu.co\/portal\/wp-content\/litespeed\/avatar\/09ea5085e600095a7a811142c6944527.jpg?ver=1777497608","caption":"ofiprensa"},"url":"https:\/\/www.ucaldas.edu.co\/portal\/author\/ofiprensa\/"}]}},"_links":{"self":[{"href":"https:\/\/www.ucaldas.edu.co\/portal\/wp-json\/wp\/v2\/posts\/70166","targetHints":{"allow":["GET"]}}],"collection":[{"href":"https:\/\/www.ucaldas.edu.co\/portal\/wp-json\/wp\/v2\/posts"}],"about":[{"href":"https:\/\/www.ucaldas.edu.co\/portal\/wp-json\/wp\/v2\/types\/post"}],"author":[{"embeddable":true,"href":"https:\/\/www.ucaldas.edu.co\/portal\/wp-json\/wp\/v2\/users\/2"}],"replies":[{"embeddable":true,"href":"https:\/\/www.ucaldas.edu.co\/portal\/wp-json\/wp\/v2\/comments?post=70166"}],"version-history":[{"count":0,"href":"https:\/\/www.ucaldas.edu.co\/portal\/wp-json\/wp\/v2\/posts\/70166\/revisions"}],"wp:featuredmedia":[{"embeddable":true,"href":"https:\/\/www.ucaldas.edu.co\/portal\/wp-json\/wp\/v2\/media\/70167"}],"wp:attachment":[{"href":"https:\/\/www.ucaldas.edu.co\/portal\/wp-json\/wp\/v2\/media?parent=70166"}],"wp:term":[{"taxonomy":"category","embeddable":true,"href":"https:\/\/www.ucaldas.edu.co\/portal\/wp-json\/wp\/v2\/categories?post=70166"},{"taxonomy":"post_tag","embeddable":true,"href":"https:\/\/www.ucaldas.edu.co\/portal\/wp-json\/wp\/v2\/tags?post=70166"}],"curies":[{"name":"wp","href":"https:\/\/api.w.org\/{rel}","templated":true}]}}