{"id":70085,"date":"2022-05-31T22:36:38","date_gmt":"2022-05-31T22:36:38","guid":{"rendered":"https:\/\/www.ucaldas.edu.co\/portal\/?p=70085"},"modified":"2022-05-31T22:36:38","modified_gmt":"2022-05-31T22:36:38","slug":"la-catedra-pais-llega-a-la-universidad-de-caldas-brasil-el-invitado-de-honor","status":"publish","type":"post","link":"https:\/\/www.ucaldas.edu.co\/portal\/la-catedra-pais-llega-a-la-universidad-de-caldas-brasil-el-invitado-de-honor\/","title":{"rendered":"La c\u00e1tedra pa\u00eds llega a la Universidad de Caldas, Brasil el invitado de honor"},"content":{"rendered":"<p><img loading=\"lazy\" decoding=\"async\" class=\"aligncenter size-full wp-image-70086\" src=\"https:\/\/www.ucaldas.edu.co\/portal\/wp-content\/uploads\/2022\/05\/Diseno-sin-titulo-9.jpg\" alt=\"La Universidad de Caldas ser\u00e1 sede de la C\u00e1tedra Pa\u00eds\" width=\"700\" height=\"400\" srcset=\"https:\/\/www.ucaldas.edu.co\/portal\/wp-content\/uploads\/2022\/05\/Diseno-sin-titulo-9.jpg 700w, https:\/\/www.ucaldas.edu.co\/portal\/wp-content\/uploads\/2022\/05\/Diseno-sin-titulo-9-300x171.jpg 300w\" sizes=\"auto, (max-width: 700px) 100vw, 700px\" \/><\/p>\n<p>&nbsp;<\/p>\n<p>La c\u00e1tedra pa\u00eds sigue su recorrido por Colombia y ma\u00f1ana llegar\u00e1 a la Universidad de Caldas con Brasil como pa\u00eds participante.<\/p>\n<p><!--more--><\/p>\n<p>Durante la jornada se abordar\u00e1n temas como el papel de la econom\u00eda brasile\u00f1a en la econom\u00eda mundial, en el tratamiento multilateral de temas como la paz y la seguridad internacionales, investigaci\u00f3n conjunta en caf\u00e9 as\u00ed como la experiencia del biling\u00fcismo portugu\u00e9s-espa\u00f1ol, el trabajo del gigante suramericano en favor del medio ambiente, el desarrollo de la industria creativa, el futuro de la relaci\u00f3n bilateral, entre otros.<\/p>\n<p>El evento contar\u00e1 con la participaci\u00f3n del Embajador de Brasil en Colombia, Lu\u00eds Balduino; el Viceministro de Relaciones Exteriores, Francisco Echeverri; la Ministra Gilda Motta Santos, Directora del Departamento de Naciones Unidas, entre otros expertos y acad\u00e9micos brasile\u00f1os y colombianos. La Vicepresidente y Canciller Marta Luc\u00eda Ram\u00edrez participar\u00e1 de forma virtual.<\/p>\n<p>Brasil es el quinto destino de las exportaciones colombianas y, en la actualidad, m\u00e1s de 100 empresas brasile\u00f1as operan en nuestro pa\u00eds. As\u00ed mismo, el gigante suramericano es el destino n\u00famero 10 de inversi\u00f3n colombiana en el exterior y el tercero en Am\u00e9rica del Sur.<\/p>\n<p>La C\u00e1tedra Pa\u00eds tiene como principal protagonista a las misiones diplom\u00e1ticas acreditadas en Colombia y pretenden ser un espacio de di\u00e1logo abierto sobre la pol\u00edtica exterior de los pa\u00edses participantes, sus grandes apuestas en materia de integraci\u00f3n econ\u00f3mica, pol\u00edtica y cultural, su diplomacia ambiental, cient\u00edfica y cultura y la importancia de su relaci\u00f3n con nuestro pa\u00eds.<\/p>\n<p>Esta iniciativa tiene un formato h\u00edbrido (presencial y virtual) y cuenta con la colaboraci\u00f3n de la Asociaci\u00f3n Colombiana de Universidades (ASCUN), lo que permitir\u00e1 llegar a diferentes ciudades del pa\u00eds durante su desarrollo en 2022.<\/p>\n<p>&nbsp;<\/p>\n<p><strong>Informes: <\/strong>Oficina de Comunicaciones y Prensa Universidad de Caldas.<br \/>\n<strong>Redacci\u00f3n:<\/strong> Adriana Salazar Villegas <em>*con informaci\u00f3n de la Canciller\u00eda de Colombia<\/em><\/p>\n<p>&nbsp;<\/p>\n<p>&nbsp;<\/p>\n<p>&nbsp;<\/p>\n<p><strong>\u00a0<\/strong><\/p>\n","protected":false},"excerpt":{"rendered":"<p>&nbsp; La c\u00e1tedra pa\u00eds sigue su recorrido por Colombia y ma\u00f1ana llegar\u00e1 a la Universidad de Caldas con Brasil como pa\u00eds participante.<\/p>\n","protected":false},"author":2,"featured_media":70086,"comment_status":"closed","ping_status":"open","sticky":false,"template":"","format":"standard","meta":{"footnotes":""},"categories":[48,53,62],"tags":[4449,105,420,1094,1622,4279],"class_list":["post-70085","post","type-post","status-publish","format-standard","has-post-thumbnail","hentry","category-actualidad","category-universidad-al-dia","category-eventos","tag-eventos","tag-ascun","tag-catedra-2","tag-brasil","tag-cancilleria","tag-ccu-salmona"],"yoast_head":"<!-- This site is optimized with the Yoast SEO plugin v27.5 - https:\/\/yoast.com\/product\/yoast-seo-wordpress\/ -->\n<title>La c\u00e1tedra pa\u00eds llega a la Universidad de Caldas, Brasil el invitado de honor .<\/title>\n<meta name=\"robots\" content=\"index, follow, max-snippet:-1, max-image-preview:large, max-video-preview:-1\" \/>\n<link rel=\"canonical\" href=\"https:\/\/www.ucaldas.edu.co\/portal\/la-catedra-pais-llega-a-la-universidad-de-caldas-brasil-el-invitado-de-honor\/\" \/>\n<script type=\"application\/ld+json\" class=\"yoast-schema-graph\">{\"@context\":\"https:\\\/\\\/schema.org\",\"@graph\":[{\"@type\":\"Article\",\"@id\":\"https:\\\/\\\/www.ucaldas.edu.co\\\/portal\\\/la-catedra-pais-llega-a-la-universidad-de-caldas-brasil-el-invitado-de-honor\\\/#article\",\"isPartOf\":{\"@id\":\"https:\\\/\\\/www.ucaldas.edu.co\\\/portal\\\/la-catedra-pais-llega-a-la-universidad-de-caldas-brasil-el-invitado-de-honor\\\/\"},\"author\":{\"name\":\"ofiprensa\",\"@id\":\"https:\\\/\\\/www.ucaldas.edu.co\\\/portal\\\/#\\\/schema\\\/person\\\/a1b482e23449158b4bc319926c074fdf\"},\"headline\":\"La c\u00e1tedra pa\u00eds llega a la Universidad de Caldas, Brasil el invitado de honor\",\"datePublished\":\"2022-05-31T22:36:38+00:00\",\"mainEntityOfPage\":{\"@id\":\"https:\\\/\\\/www.ucaldas.edu.co\\\/portal\\\/la-catedra-pais-llega-a-la-universidad-de-caldas-brasil-el-invitado-de-honor\\\/\"},\"wordCount\":355,\"publisher\":{\"@id\":\"https:\\\/\\\/www.ucaldas.edu.co\\\/portal\\\/#organization\"},\"image\":{\"@id\":\"https:\\\/\\\/www.ucaldas.edu.co\\\/portal\\\/la-catedra-pais-llega-a-la-universidad-de-caldas-brasil-el-invitado-de-honor\\\/#primaryimage\"},\"thumbnailUrl\":\"https:\\\/\\\/www.ucaldas.edu.co\\\/portal\\\/wp-content\\\/uploads\\\/2022\\\/05\\\/Diseno-sin-titulo-9.jpg\",\"keywords\":[\"eventos\",\"ASCUN\",\"catedra\",\"Brasil\",\"Canciller\u00eda\",\"CCU Salmona\"],\"articleSection\":[\"Actualidad\",\"Universidad al D\u00eda\",\"Eventos\"],\"inLanguage\":\"es\"},{\"@type\":\"WebPage\",\"@id\":\"https:\\\/\\\/www.ucaldas.edu.co\\\/portal\\\/la-catedra-pais-llega-a-la-universidad-de-caldas-brasil-el-invitado-de-honor\\\/\",\"url\":\"https:\\\/\\\/www.ucaldas.edu.co\\\/portal\\\/la-catedra-pais-llega-a-la-universidad-de-caldas-brasil-el-invitado-de-honor\\\/\",\"name\":\"La c\u00e1tedra pa\u00eds llega a la Universidad de Caldas, Brasil el invitado de honor .\",\"isPartOf\":{\"@id\":\"https:\\\/\\\/www.ucaldas.edu.co\\\/portal\\\/#website\"},\"primaryImageOfPage\":{\"@id\":\"https:\\\/\\\/www.ucaldas.edu.co\\\/portal\\\/la-catedra-pais-llega-a-la-universidad-de-caldas-brasil-el-invitado-de-honor\\\/#primaryimage\"},\"image\":{\"@id\":\"https:\\\/\\\/www.ucaldas.edu.co\\\/portal\\\/la-catedra-pais-llega-a-la-universidad-de-caldas-brasil-el-invitado-de-honor\\\/#primaryimage\"},\"thumbnailUrl\":\"https:\\\/\\\/www.ucaldas.edu.co\\\/portal\\\/wp-content\\\/uploads\\\/2022\\\/05\\\/Diseno-sin-titulo-9.jpg\",\"datePublished\":\"2022-05-31T22:36:38+00:00\",\"breadcrumb\":{\"@id\":\"https:\\\/\\\/www.ucaldas.edu.co\\\/portal\\\/la-catedra-pais-llega-a-la-universidad-de-caldas-brasil-el-invitado-de-honor\\\/#breadcrumb\"},\"inLanguage\":\"es\",\"potentialAction\":[{\"@type\":\"ReadAction\",\"target\":[\"https:\\\/\\\/www.ucaldas.edu.co\\\/portal\\\/la-catedra-pais-llega-a-la-universidad-de-caldas-brasil-el-invitado-de-honor\\\/\"]}]},{\"@type\":\"ImageObject\",\"inLanguage\":\"es\",\"@id\":\"https:\\\/\\\/www.ucaldas.edu.co\\\/portal\\\/la-catedra-pais-llega-a-la-universidad-de-caldas-brasil-el-invitado-de-honor\\\/#primaryimage\",\"url\":\"https:\\\/\\\/www.ucaldas.edu.co\\\/portal\\\/wp-content\\\/uploads\\\/2022\\\/05\\\/Diseno-sin-titulo-9.jpg\",\"contentUrl\":\"https:\\\/\\\/www.ucaldas.edu.co\\\/portal\\\/wp-content\\\/uploads\\\/2022\\\/05\\\/Diseno-sin-titulo-9.jpg\",\"width\":700,\"height\":400,\"caption\":\"La Universidad de Caldas ser\u00e1 sede de la C\u00e1tedra Pa\u00eds\"},{\"@type\":\"BreadcrumbList\",\"@id\":\"https:\\\/\\\/www.ucaldas.edu.co\\\/portal\\\/la-catedra-pais-llega-a-la-universidad-de-caldas-brasil-el-invitado-de-honor\\\/#breadcrumb\",\"itemListElement\":[{\"@type\":\"ListItem\",\"position\":1,\"name\":\"Portada\",\"item\":\"https:\\\/\\\/www.ucaldas.edu.co\\\/portal\\\/\"},{\"@type\":\"ListItem\",\"position\":2,\"name\":\"La c\u00e1tedra pa\u00eds llega a la Universidad de Caldas, Brasil el invitado de honor\"}]},{\"@type\":\"WebSite\",\"@id\":\"https:\\\/\\\/www.ucaldas.edu.co\\\/portal\\\/#website\",\"url\":\"https:\\\/\\\/www.ucaldas.edu.co\\\/portal\\\/\",\"name\":\"Universidad de Caldas\",\"description\":\"\",\"publisher\":{\"@id\":\"https:\\\/\\\/www.ucaldas.edu.co\\\/portal\\\/#organization\"},\"alternateName\":\"U. de Caldas\",\"potentialAction\":[{\"@type\":\"SearchAction\",\"target\":{\"@type\":\"EntryPoint\",\"urlTemplate\":\"https:\\\/\\\/www.ucaldas.edu.co\\\/portal\\\/?s={search_term_string}\"},\"query-input\":{\"@type\":\"PropertyValueSpecification\",\"valueRequired\":true,\"valueName\":\"search_term_string\"}}],\"inLanguage\":\"es\"},{\"@type\":\"Organization\",\"@id\":\"https:\\\/\\\/www.ucaldas.edu.co\\\/portal\\\/#organization\",\"name\":\"Universidad de Caldas\",\"alternateName\":\"U. de Caldas\",\"url\":\"https:\\\/\\\/www.ucaldas.edu.co\\\/portal\\\/\",\"logo\":{\"@type\":\"ImageObject\",\"inLanguage\":\"es\",\"@id\":\"https:\\\/\\\/www.ucaldas.edu.co\\\/portal\\\/#\\\/schema\\\/logo\\\/image\\\/\",\"url\":\"https:\\\/\\\/www.ucaldas.edu.co\\\/portal\\\/wp-content\\\/uploads\\\/2023\\\/11\\\/Logo_horizontal_oscuroU-2023.png\",\"contentUrl\":\"https:\\\/\\\/www.ucaldas.edu.co\\\/portal\\\/wp-content\\\/uploads\\\/2023\\\/11\\\/Logo_horizontal_oscuroU-2023.png\",\"width\":263,\"height\":101,\"caption\":\"Universidad de Caldas\"},\"image\":{\"@id\":\"https:\\\/\\\/www.ucaldas.edu.co\\\/portal\\\/#\\\/schema\\\/logo\\\/image\\\/\"},\"sameAs\":[\"https:\\\/\\\/www.facebook.com\\\/udecaldas\",\"https:\\\/\\\/x.com\\\/udecaldas\",\"https:\\\/\\\/www.youtube.com\\\/universidadcaldas\",\"https:\\\/\\\/www.instagram.com\\\/udecaldas\\\/\"]},{\"@type\":\"Person\",\"@id\":\"https:\\\/\\\/www.ucaldas.edu.co\\\/portal\\\/#\\\/schema\\\/person\\\/a1b482e23449158b4bc319926c074fdf\",\"name\":\"ofiprensa\",\"image\":{\"@type\":\"ImageObject\",\"inLanguage\":\"es\",\"@id\":\"https:\\\/\\\/www.ucaldas.edu.co\\\/portal\\\/wp-content\\\/litespeed\\\/avatar\\\/09ea5085e600095a7a811142c6944527.jpg?ver=1777497608\",\"url\":\"https:\\\/\\\/www.ucaldas.edu.co\\\/portal\\\/wp-content\\\/litespeed\\\/avatar\\\/09ea5085e600095a7a811142c6944527.jpg?ver=1777497608\",\"contentUrl\":\"https:\\\/\\\/www.ucaldas.edu.co\\\/portal\\\/wp-content\\\/litespeed\\\/avatar\\\/09ea5085e600095a7a811142c6944527.jpg?ver=1777497608\",\"caption\":\"ofiprensa\"},\"url\":\"https:\\\/\\\/www.ucaldas.edu.co\\\/portal\\\/author\\\/ofiprensa\\\/\"}]}<\/script>\n<!-- \/ Yoast SEO plugin. -->","yoast_head_json":{"title":"La c\u00e1tedra pa\u00eds llega a la Universidad de Caldas, Brasil el invitado de honor .","robots":{"index":"index","follow":"follow","max-snippet":"max-snippet:-1","max-image-preview":"max-image-preview:large","max-video-preview":"max-video-preview:-1"},"canonical":"https:\/\/www.ucaldas.edu.co\/portal\/la-catedra-pais-llega-a-la-universidad-de-caldas-brasil-el-invitado-de-honor\/","schema":{"@context":"https:\/\/schema.org","@graph":[{"@type":"Article","@id":"https:\/\/www.ucaldas.edu.co\/portal\/la-catedra-pais-llega-a-la-universidad-de-caldas-brasil-el-invitado-de-honor\/#article","isPartOf":{"@id":"https:\/\/www.ucaldas.edu.co\/portal\/la-catedra-pais-llega-a-la-universidad-de-caldas-brasil-el-invitado-de-honor\/"},"author":{"name":"ofiprensa","@id":"https:\/\/www.ucaldas.edu.co\/portal\/#\/schema\/person\/a1b482e23449158b4bc319926c074fdf"},"headline":"La c\u00e1tedra pa\u00eds llega a la Universidad de Caldas, Brasil el invitado de honor","datePublished":"2022-05-31T22:36:38+00:00","mainEntityOfPage":{"@id":"https:\/\/www.ucaldas.edu.co\/portal\/la-catedra-pais-llega-a-la-universidad-de-caldas-brasil-el-invitado-de-honor\/"},"wordCount":355,"publisher":{"@id":"https:\/\/www.ucaldas.edu.co\/portal\/#organization"},"image":{"@id":"https:\/\/www.ucaldas.edu.co\/portal\/la-catedra-pais-llega-a-la-universidad-de-caldas-brasil-el-invitado-de-honor\/#primaryimage"},"thumbnailUrl":"https:\/\/www.ucaldas.edu.co\/portal\/wp-content\/uploads\/2022\/05\/Diseno-sin-titulo-9.jpg","keywords":["eventos","ASCUN","catedra","Brasil","Canciller\u00eda","CCU Salmona"],"articleSection":["Actualidad","Universidad al D\u00eda","Eventos"],"inLanguage":"es"},{"@type":"WebPage","@id":"https:\/\/www.ucaldas.edu.co\/portal\/la-catedra-pais-llega-a-la-universidad-de-caldas-brasil-el-invitado-de-honor\/","url":"https:\/\/www.ucaldas.edu.co\/portal\/la-catedra-pais-llega-a-la-universidad-de-caldas-brasil-el-invitado-de-honor\/","name":"La c\u00e1tedra pa\u00eds llega a la Universidad de Caldas, Brasil el invitado de honor .","isPartOf":{"@id":"https:\/\/www.ucaldas.edu.co\/portal\/#website"},"primaryImageOfPage":{"@id":"https:\/\/www.ucaldas.edu.co\/portal\/la-catedra-pais-llega-a-la-universidad-de-caldas-brasil-el-invitado-de-honor\/#primaryimage"},"image":{"@id":"https:\/\/www.ucaldas.edu.co\/portal\/la-catedra-pais-llega-a-la-universidad-de-caldas-brasil-el-invitado-de-honor\/#primaryimage"},"thumbnailUrl":"https:\/\/www.ucaldas.edu.co\/portal\/wp-content\/uploads\/2022\/05\/Diseno-sin-titulo-9.jpg","datePublished":"2022-05-31T22:36:38+00:00","breadcrumb":{"@id":"https:\/\/www.ucaldas.edu.co\/portal\/la-catedra-pais-llega-a-la-universidad-de-caldas-brasil-el-invitado-de-honor\/#breadcrumb"},"inLanguage":"es","potentialAction":[{"@type":"ReadAction","target":["https:\/\/www.ucaldas.edu.co\/portal\/la-catedra-pais-llega-a-la-universidad-de-caldas-brasil-el-invitado-de-honor\/"]}]},{"@type":"ImageObject","inLanguage":"es","@id":"https:\/\/www.ucaldas.edu.co\/portal\/la-catedra-pais-llega-a-la-universidad-de-caldas-brasil-el-invitado-de-honor\/#primaryimage","url":"https:\/\/www.ucaldas.edu.co\/portal\/wp-content\/uploads\/2022\/05\/Diseno-sin-titulo-9.jpg","contentUrl":"https:\/\/www.ucaldas.edu.co\/portal\/wp-content\/uploads\/2022\/05\/Diseno-sin-titulo-9.jpg","width":700,"height":400,"caption":"La Universidad de Caldas ser\u00e1 sede de la C\u00e1tedra Pa\u00eds"},{"@type":"BreadcrumbList","@id":"https:\/\/www.ucaldas.edu.co\/portal\/la-catedra-pais-llega-a-la-universidad-de-caldas-brasil-el-invitado-de-honor\/#breadcrumb","itemListElement":[{"@type":"ListItem","position":1,"name":"Portada","item":"https:\/\/www.ucaldas.edu.co\/portal\/"},{"@type":"ListItem","position":2,"name":"La c\u00e1tedra pa\u00eds llega a la Universidad de Caldas, Brasil el invitado de honor"}]},{"@type":"WebSite","@id":"https:\/\/www.ucaldas.edu.co\/portal\/#website","url":"https:\/\/www.ucaldas.edu.co\/portal\/","name":"Universidad de Caldas","description":"","publisher":{"@id":"https:\/\/www.ucaldas.edu.co\/portal\/#organization"},"alternateName":"U. de Caldas","potentialAction":[{"@type":"SearchAction","target":{"@type":"EntryPoint","urlTemplate":"https:\/\/www.ucaldas.edu.co\/portal\/?s={search_term_string}"},"query-input":{"@type":"PropertyValueSpecification","valueRequired":true,"valueName":"search_term_string"}}],"inLanguage":"es"},{"@type":"Organization","@id":"https:\/\/www.ucaldas.edu.co\/portal\/#organization","name":"Universidad de Caldas","alternateName":"U. de Caldas","url":"https:\/\/www.ucaldas.edu.co\/portal\/","logo":{"@type":"ImageObject","inLanguage":"es","@id":"https:\/\/www.ucaldas.edu.co\/portal\/#\/schema\/logo\/image\/","url":"https:\/\/www.ucaldas.edu.co\/portal\/wp-content\/uploads\/2023\/11\/Logo_horizontal_oscuroU-2023.png","contentUrl":"https:\/\/www.ucaldas.edu.co\/portal\/wp-content\/uploads\/2023\/11\/Logo_horizontal_oscuroU-2023.png","width":263,"height":101,"caption":"Universidad de Caldas"},"image":{"@id":"https:\/\/www.ucaldas.edu.co\/portal\/#\/schema\/logo\/image\/"},"sameAs":["https:\/\/www.facebook.com\/udecaldas","https:\/\/x.com\/udecaldas","https:\/\/www.youtube.com\/universidadcaldas","https:\/\/www.instagram.com\/udecaldas\/"]},{"@type":"Person","@id":"https:\/\/www.ucaldas.edu.co\/portal\/#\/schema\/person\/a1b482e23449158b4bc319926c074fdf","name":"ofiprensa","image":{"@type":"ImageObject","inLanguage":"es","@id":"https:\/\/www.ucaldas.edu.co\/portal\/wp-content\/litespeed\/avatar\/09ea5085e600095a7a811142c6944527.jpg?ver=1777497608","url":"https:\/\/www.ucaldas.edu.co\/portal\/wp-content\/litespeed\/avatar\/09ea5085e600095a7a811142c6944527.jpg?ver=1777497608","contentUrl":"https:\/\/www.ucaldas.edu.co\/portal\/wp-content\/litespeed\/avatar\/09ea5085e600095a7a811142c6944527.jpg?ver=1777497608","caption":"ofiprensa"},"url":"https:\/\/www.ucaldas.edu.co\/portal\/author\/ofiprensa\/"}]}},"_links":{"self":[{"href":"https:\/\/www.ucaldas.edu.co\/portal\/wp-json\/wp\/v2\/posts\/70085","targetHints":{"allow":["GET"]}}],"collection":[{"href":"https:\/\/www.ucaldas.edu.co\/portal\/wp-json\/wp\/v2\/posts"}],"about":[{"href":"https:\/\/www.ucaldas.edu.co\/portal\/wp-json\/wp\/v2\/types\/post"}],"author":[{"embeddable":true,"href":"https:\/\/www.ucaldas.edu.co\/portal\/wp-json\/wp\/v2\/users\/2"}],"replies":[{"embeddable":true,"href":"https:\/\/www.ucaldas.edu.co\/portal\/wp-json\/wp\/v2\/comments?post=70085"}],"version-history":[{"count":0,"href":"https:\/\/www.ucaldas.edu.co\/portal\/wp-json\/wp\/v2\/posts\/70085\/revisions"}],"wp:featuredmedia":[{"embeddable":true,"href":"https:\/\/www.ucaldas.edu.co\/portal\/wp-json\/wp\/v2\/media\/70086"}],"wp:attachment":[{"href":"https:\/\/www.ucaldas.edu.co\/portal\/wp-json\/wp\/v2\/media?parent=70085"}],"wp:term":[{"taxonomy":"category","embeddable":true,"href":"https:\/\/www.ucaldas.edu.co\/portal\/wp-json\/wp\/v2\/categories?post=70085"},{"taxonomy":"post_tag","embeddable":true,"href":"https:\/\/www.ucaldas.edu.co\/portal\/wp-json\/wp\/v2\/tags?post=70085"}],"curies":[{"name":"wp","href":"https:\/\/api.w.org\/{rel}","templated":true}]}}