{"id":70073,"date":"2022-05-31T22:17:50","date_gmt":"2022-05-31T22:17:50","guid":{"rendered":"https:\/\/www.ucaldas.edu.co\/portal\/?p=70073"},"modified":"2022-05-31T22:17:50","modified_gmt":"2022-05-31T22:17:50","slug":"estudiante-de-antropologia-participo-en-el-vigesimo-octavo-congreso-aen-2022-en-barcelona","status":"publish","type":"post","link":"https:\/\/www.ucaldas.edu.co\/portal\/estudiante-de-antropologia-participo-en-el-vigesimo-octavo-congreso-aen-2022-en-barcelona\/","title":{"rendered":"Estudiante de Antropolog\u00eda particip\u00f3 en el vig\u00e9simo octavo \u00a0Congreso AEN 2022 en Barcelona"},"content":{"rendered":"<p>&nbsp;<\/p>\n<p><img loading=\"lazy\" decoding=\"async\" class=\"aligncenter size-full wp-image-70074\" src=\"https:\/\/www.ucaldas.edu.co\/portal\/wp-content\/uploads\/2022\/05\/estudiante-congreso.jpg\" alt=\"estudiante de la Universidad de Caldas presenta sus resultados de investigaci\u00f3n en Espa\u00f1a\" width=\"700\" height=\"400\" srcset=\"https:\/\/www.ucaldas.edu.co\/portal\/wp-content\/uploads\/2022\/05\/estudiante-congreso.jpg 700w, https:\/\/www.ucaldas.edu.co\/portal\/wp-content\/uploads\/2022\/05\/estudiante-congreso-300x171.jpg 300w\" sizes=\"auto, (max-width: 700px) 100vw, 700px\" \/><\/p>\n<p>El estudiante del programa de Antropolog\u00eda e integrante del semillero de investigaci\u00f3n Derecho a la Salud Juan Jos\u00e9 Le\u00f3n G\u00f3mez, particip\u00f3 en el vig\u00e9simo octavo Congreso de la Asociaci\u00f3n Espa\u00f1ola de Neuropsiquiatr\u00eda en Barcelona, Espa\u00f1a.<\/p>\n<p><!--more--><\/p>\n<p>El estudiante participo con el p\u00f3ster resultado de la investigaci\u00f3n denominada \u201cUna cuarentena de 6 meses: estudio desde la antropolog\u00eda de las emociones en el contexto de Covid-19 en universitarios. Caso Manizales, Colombia 2020-2021.<\/p>\n<p>La investigaci\u00f3n estudia desde la antropolog\u00eda de las emociones la forma como estudiantes universitarios de Manizales vivieron la pandemia, desde experiencias como el confinamiento y la transformaci\u00f3n de las actividades cotidianas, buscando con los resultados a portar al desarrollo de pol\u00edticas universitarias.<\/p>\n<p>Para este a\u00f1o el Congreso abord\u00f3 la tem\u00e1tica \u201cTransiciones y el subt\u00edtulo de Salud Mental, comunidad y cambio social\u201d, en el que se pretend\u00eda exponer los avances y estudios en cuanto al cambio social y las capacidades de transformaci\u00f3n de las comunidades.<\/p>\n<p>&nbsp;<\/p>\n<p><strong>Informes: <\/strong>Oficina de Comunicaciones y Prensa Universidad de Caldas.<br \/>\n<strong>Redacci\u00f3n:<\/strong> Mateo Buritic\u00e1 Giraldo<\/p>\n<p>&nbsp;<\/p>\n","protected":false},"excerpt":{"rendered":"<p>&nbsp; El estudiante del programa de Antropolog\u00eda e integrante del semillero de investigaci\u00f3n Derecho a la Salud Juan Jos\u00e9 Le\u00f3n G\u00f3mez, particip\u00f3 en el vig\u00e9simo octavo Congreso de la Asociaci\u00f3n Espa\u00f1ola de Neuropsiquiatr\u00eda en Barcelona, Espa\u00f1a.<\/p>\n","protected":false},"author":2,"featured_media":70074,"comment_status":"closed","ping_status":"open","sticky":false,"template":"","format":"standard","meta":{"footnotes":""},"categories":[48,53,614],"tags":[7819,8524,8525],"class_list":["post-70073","post","type-post","status-publish","format-standard","has-post-thumbnail","hentry","category-actualidad","category-universidad-al-dia","category-ucaldas-internacional","tag-antropologia-de-las-emociones","tag-congreso-espana","tag-estudiantes-destacados"],"yoast_head":"<!-- This site is optimized with the Yoast SEO plugin v27.5 - https:\/\/yoast.com\/product\/yoast-seo-wordpress\/ -->\n<title>Estudiante de Antropolog\u00eda particip\u00f3 en el vig\u00e9simo octavo \u00a0Congreso AEN 2022 en Barcelona .<\/title>\n<meta name=\"robots\" content=\"index, follow, max-snippet:-1, max-image-preview:large, max-video-preview:-1\" \/>\n<link rel=\"canonical\" href=\"https:\/\/www.ucaldas.edu.co\/portal\/estudiante-de-antropologia-participo-en-el-vigesimo-octavo-congreso-aen-2022-en-barcelona\/\" \/>\n<script type=\"application\/ld+json\" class=\"yoast-schema-graph\">{\"@context\":\"https:\\\/\\\/schema.org\",\"@graph\":[{\"@type\":\"Article\",\"@id\":\"https:\\\/\\\/www.ucaldas.edu.co\\\/portal\\\/estudiante-de-antropologia-participo-en-el-vigesimo-octavo-congreso-aen-2022-en-barcelona\\\/#article\",\"isPartOf\":{\"@id\":\"https:\\\/\\\/www.ucaldas.edu.co\\\/portal\\\/estudiante-de-antropologia-participo-en-el-vigesimo-octavo-congreso-aen-2022-en-barcelona\\\/\"},\"author\":{\"name\":\"ofiprensa\",\"@id\":\"https:\\\/\\\/www.ucaldas.edu.co\\\/portal\\\/#\\\/schema\\\/person\\\/a1b482e23449158b4bc319926c074fdf\"},\"headline\":\"Estudiante de Antropolog\u00eda particip\u00f3 en el vig\u00e9simo octavo \u00a0Congreso AEN 2022 en Barcelona\",\"datePublished\":\"2022-05-31T22:17:50+00:00\",\"mainEntityOfPage\":{\"@id\":\"https:\\\/\\\/www.ucaldas.edu.co\\\/portal\\\/estudiante-de-antropologia-participo-en-el-vigesimo-octavo-congreso-aen-2022-en-barcelona\\\/\"},\"wordCount\":204,\"publisher\":{\"@id\":\"https:\\\/\\\/www.ucaldas.edu.co\\\/portal\\\/#organization\"},\"image\":{\"@id\":\"https:\\\/\\\/www.ucaldas.edu.co\\\/portal\\\/estudiante-de-antropologia-participo-en-el-vigesimo-octavo-congreso-aen-2022-en-barcelona\\\/#primaryimage\"},\"thumbnailUrl\":\"https:\\\/\\\/www.ucaldas.edu.co\\\/portal\\\/wp-content\\\/uploads\\\/2022\\\/05\\\/estudiante-congreso.jpg\",\"keywords\":[\"antropolog\u00eda de las emociones\",\"congreso Espa\u00f1a\",\"estudiantes destacados\"],\"articleSection\":[\"Actualidad\",\"Universidad al D\u00eda\",\"Ucaldas Internacional\"],\"inLanguage\":\"es\"},{\"@type\":\"WebPage\",\"@id\":\"https:\\\/\\\/www.ucaldas.edu.co\\\/portal\\\/estudiante-de-antropologia-participo-en-el-vigesimo-octavo-congreso-aen-2022-en-barcelona\\\/\",\"url\":\"https:\\\/\\\/www.ucaldas.edu.co\\\/portal\\\/estudiante-de-antropologia-participo-en-el-vigesimo-octavo-congreso-aen-2022-en-barcelona\\\/\",\"name\":\"Estudiante de Antropolog\u00eda particip\u00f3 en el vig\u00e9simo octavo \u00a0Congreso AEN 2022 en Barcelona .\",\"isPartOf\":{\"@id\":\"https:\\\/\\\/www.ucaldas.edu.co\\\/portal\\\/#website\"},\"primaryImageOfPage\":{\"@id\":\"https:\\\/\\\/www.ucaldas.edu.co\\\/portal\\\/estudiante-de-antropologia-participo-en-el-vigesimo-octavo-congreso-aen-2022-en-barcelona\\\/#primaryimage\"},\"image\":{\"@id\":\"https:\\\/\\\/www.ucaldas.edu.co\\\/portal\\\/estudiante-de-antropologia-participo-en-el-vigesimo-octavo-congreso-aen-2022-en-barcelona\\\/#primaryimage\"},\"thumbnailUrl\":\"https:\\\/\\\/www.ucaldas.edu.co\\\/portal\\\/wp-content\\\/uploads\\\/2022\\\/05\\\/estudiante-congreso.jpg\",\"datePublished\":\"2022-05-31T22:17:50+00:00\",\"breadcrumb\":{\"@id\":\"https:\\\/\\\/www.ucaldas.edu.co\\\/portal\\\/estudiante-de-antropologia-participo-en-el-vigesimo-octavo-congreso-aen-2022-en-barcelona\\\/#breadcrumb\"},\"inLanguage\":\"es\",\"potentialAction\":[{\"@type\":\"ReadAction\",\"target\":[\"https:\\\/\\\/www.ucaldas.edu.co\\\/portal\\\/estudiante-de-antropologia-participo-en-el-vigesimo-octavo-congreso-aen-2022-en-barcelona\\\/\"]}]},{\"@type\":\"ImageObject\",\"inLanguage\":\"es\",\"@id\":\"https:\\\/\\\/www.ucaldas.edu.co\\\/portal\\\/estudiante-de-antropologia-participo-en-el-vigesimo-octavo-congreso-aen-2022-en-barcelona\\\/#primaryimage\",\"url\":\"https:\\\/\\\/www.ucaldas.edu.co\\\/portal\\\/wp-content\\\/uploads\\\/2022\\\/05\\\/estudiante-congreso.jpg\",\"contentUrl\":\"https:\\\/\\\/www.ucaldas.edu.co\\\/portal\\\/wp-content\\\/uploads\\\/2022\\\/05\\\/estudiante-congreso.jpg\",\"width\":700,\"height\":400,\"caption\":\"estudiante de la Universidad de Caldas presenta sus resultados de investigaci\u00f3n en Espa\u00f1a\"},{\"@type\":\"BreadcrumbList\",\"@id\":\"https:\\\/\\\/www.ucaldas.edu.co\\\/portal\\\/estudiante-de-antropologia-participo-en-el-vigesimo-octavo-congreso-aen-2022-en-barcelona\\\/#breadcrumb\",\"itemListElement\":[{\"@type\":\"ListItem\",\"position\":1,\"name\":\"Portada\",\"item\":\"https:\\\/\\\/www.ucaldas.edu.co\\\/portal\\\/\"},{\"@type\":\"ListItem\",\"position\":2,\"name\":\"Estudiante de Antropolog\u00eda particip\u00f3 en el vig\u00e9simo octavo \u00a0Congreso AEN 2022 en Barcelona\"}]},{\"@type\":\"WebSite\",\"@id\":\"https:\\\/\\\/www.ucaldas.edu.co\\\/portal\\\/#website\",\"url\":\"https:\\\/\\\/www.ucaldas.edu.co\\\/portal\\\/\",\"name\":\"Universidad de Caldas\",\"description\":\"\",\"publisher\":{\"@id\":\"https:\\\/\\\/www.ucaldas.edu.co\\\/portal\\\/#organization\"},\"alternateName\":\"U. de Caldas\",\"potentialAction\":[{\"@type\":\"SearchAction\",\"target\":{\"@type\":\"EntryPoint\",\"urlTemplate\":\"https:\\\/\\\/www.ucaldas.edu.co\\\/portal\\\/?s={search_term_string}\"},\"query-input\":{\"@type\":\"PropertyValueSpecification\",\"valueRequired\":true,\"valueName\":\"search_term_string\"}}],\"inLanguage\":\"es\"},{\"@type\":\"Organization\",\"@id\":\"https:\\\/\\\/www.ucaldas.edu.co\\\/portal\\\/#organization\",\"name\":\"Universidad de Caldas\",\"alternateName\":\"U. de Caldas\",\"url\":\"https:\\\/\\\/www.ucaldas.edu.co\\\/portal\\\/\",\"logo\":{\"@type\":\"ImageObject\",\"inLanguage\":\"es\",\"@id\":\"https:\\\/\\\/www.ucaldas.edu.co\\\/portal\\\/#\\\/schema\\\/logo\\\/image\\\/\",\"url\":\"https:\\\/\\\/www.ucaldas.edu.co\\\/portal\\\/wp-content\\\/uploads\\\/2023\\\/11\\\/Logo_horizontal_oscuroU-2023.png\",\"contentUrl\":\"https:\\\/\\\/www.ucaldas.edu.co\\\/portal\\\/wp-content\\\/uploads\\\/2023\\\/11\\\/Logo_horizontal_oscuroU-2023.png\",\"width\":263,\"height\":101,\"caption\":\"Universidad de Caldas\"},\"image\":{\"@id\":\"https:\\\/\\\/www.ucaldas.edu.co\\\/portal\\\/#\\\/schema\\\/logo\\\/image\\\/\"},\"sameAs\":[\"https:\\\/\\\/www.facebook.com\\\/udecaldas\",\"https:\\\/\\\/x.com\\\/udecaldas\",\"https:\\\/\\\/www.youtube.com\\\/universidadcaldas\",\"https:\\\/\\\/www.instagram.com\\\/udecaldas\\\/\"]},{\"@type\":\"Person\",\"@id\":\"https:\\\/\\\/www.ucaldas.edu.co\\\/portal\\\/#\\\/schema\\\/person\\\/a1b482e23449158b4bc319926c074fdf\",\"name\":\"ofiprensa\",\"image\":{\"@type\":\"ImageObject\",\"inLanguage\":\"es\",\"@id\":\"https:\\\/\\\/www.ucaldas.edu.co\\\/portal\\\/wp-content\\\/litespeed\\\/avatar\\\/09ea5085e600095a7a811142c6944527.jpg?ver=1777497608\",\"url\":\"https:\\\/\\\/www.ucaldas.edu.co\\\/portal\\\/wp-content\\\/litespeed\\\/avatar\\\/09ea5085e600095a7a811142c6944527.jpg?ver=1777497608\",\"contentUrl\":\"https:\\\/\\\/www.ucaldas.edu.co\\\/portal\\\/wp-content\\\/litespeed\\\/avatar\\\/09ea5085e600095a7a811142c6944527.jpg?ver=1777497608\",\"caption\":\"ofiprensa\"},\"url\":\"https:\\\/\\\/www.ucaldas.edu.co\\\/portal\\\/author\\\/ofiprensa\\\/\"}]}<\/script>\n<!-- \/ Yoast SEO plugin. -->","yoast_head_json":{"title":"Estudiante de Antropolog\u00eda particip\u00f3 en el vig\u00e9simo octavo \u00a0Congreso AEN 2022 en Barcelona .","robots":{"index":"index","follow":"follow","max-snippet":"max-snippet:-1","max-image-preview":"max-image-preview:large","max-video-preview":"max-video-preview:-1"},"canonical":"https:\/\/www.ucaldas.edu.co\/portal\/estudiante-de-antropologia-participo-en-el-vigesimo-octavo-congreso-aen-2022-en-barcelona\/","schema":{"@context":"https:\/\/schema.org","@graph":[{"@type":"Article","@id":"https:\/\/www.ucaldas.edu.co\/portal\/estudiante-de-antropologia-participo-en-el-vigesimo-octavo-congreso-aen-2022-en-barcelona\/#article","isPartOf":{"@id":"https:\/\/www.ucaldas.edu.co\/portal\/estudiante-de-antropologia-participo-en-el-vigesimo-octavo-congreso-aen-2022-en-barcelona\/"},"author":{"name":"ofiprensa","@id":"https:\/\/www.ucaldas.edu.co\/portal\/#\/schema\/person\/a1b482e23449158b4bc319926c074fdf"},"headline":"Estudiante de Antropolog\u00eda particip\u00f3 en el vig\u00e9simo octavo \u00a0Congreso AEN 2022 en Barcelona","datePublished":"2022-05-31T22:17:50+00:00","mainEntityOfPage":{"@id":"https:\/\/www.ucaldas.edu.co\/portal\/estudiante-de-antropologia-participo-en-el-vigesimo-octavo-congreso-aen-2022-en-barcelona\/"},"wordCount":204,"publisher":{"@id":"https:\/\/www.ucaldas.edu.co\/portal\/#organization"},"image":{"@id":"https:\/\/www.ucaldas.edu.co\/portal\/estudiante-de-antropologia-participo-en-el-vigesimo-octavo-congreso-aen-2022-en-barcelona\/#primaryimage"},"thumbnailUrl":"https:\/\/www.ucaldas.edu.co\/portal\/wp-content\/uploads\/2022\/05\/estudiante-congreso.jpg","keywords":["antropolog\u00eda de las emociones","congreso Espa\u00f1a","estudiantes destacados"],"articleSection":["Actualidad","Universidad al D\u00eda","Ucaldas Internacional"],"inLanguage":"es"},{"@type":"WebPage","@id":"https:\/\/www.ucaldas.edu.co\/portal\/estudiante-de-antropologia-participo-en-el-vigesimo-octavo-congreso-aen-2022-en-barcelona\/","url":"https:\/\/www.ucaldas.edu.co\/portal\/estudiante-de-antropologia-participo-en-el-vigesimo-octavo-congreso-aen-2022-en-barcelona\/","name":"Estudiante de Antropolog\u00eda particip\u00f3 en el vig\u00e9simo octavo \u00a0Congreso AEN 2022 en Barcelona .","isPartOf":{"@id":"https:\/\/www.ucaldas.edu.co\/portal\/#website"},"primaryImageOfPage":{"@id":"https:\/\/www.ucaldas.edu.co\/portal\/estudiante-de-antropologia-participo-en-el-vigesimo-octavo-congreso-aen-2022-en-barcelona\/#primaryimage"},"image":{"@id":"https:\/\/www.ucaldas.edu.co\/portal\/estudiante-de-antropologia-participo-en-el-vigesimo-octavo-congreso-aen-2022-en-barcelona\/#primaryimage"},"thumbnailUrl":"https:\/\/www.ucaldas.edu.co\/portal\/wp-content\/uploads\/2022\/05\/estudiante-congreso.jpg","datePublished":"2022-05-31T22:17:50+00:00","breadcrumb":{"@id":"https:\/\/www.ucaldas.edu.co\/portal\/estudiante-de-antropologia-participo-en-el-vigesimo-octavo-congreso-aen-2022-en-barcelona\/#breadcrumb"},"inLanguage":"es","potentialAction":[{"@type":"ReadAction","target":["https:\/\/www.ucaldas.edu.co\/portal\/estudiante-de-antropologia-participo-en-el-vigesimo-octavo-congreso-aen-2022-en-barcelona\/"]}]},{"@type":"ImageObject","inLanguage":"es","@id":"https:\/\/www.ucaldas.edu.co\/portal\/estudiante-de-antropologia-participo-en-el-vigesimo-octavo-congreso-aen-2022-en-barcelona\/#primaryimage","url":"https:\/\/www.ucaldas.edu.co\/portal\/wp-content\/uploads\/2022\/05\/estudiante-congreso.jpg","contentUrl":"https:\/\/www.ucaldas.edu.co\/portal\/wp-content\/uploads\/2022\/05\/estudiante-congreso.jpg","width":700,"height":400,"caption":"estudiante de la Universidad de Caldas presenta sus resultados de investigaci\u00f3n en Espa\u00f1a"},{"@type":"BreadcrumbList","@id":"https:\/\/www.ucaldas.edu.co\/portal\/estudiante-de-antropologia-participo-en-el-vigesimo-octavo-congreso-aen-2022-en-barcelona\/#breadcrumb","itemListElement":[{"@type":"ListItem","position":1,"name":"Portada","item":"https:\/\/www.ucaldas.edu.co\/portal\/"},{"@type":"ListItem","position":2,"name":"Estudiante de Antropolog\u00eda particip\u00f3 en el vig\u00e9simo octavo \u00a0Congreso AEN 2022 en Barcelona"}]},{"@type":"WebSite","@id":"https:\/\/www.ucaldas.edu.co\/portal\/#website","url":"https:\/\/www.ucaldas.edu.co\/portal\/","name":"Universidad de Caldas","description":"","publisher":{"@id":"https:\/\/www.ucaldas.edu.co\/portal\/#organization"},"alternateName":"U. de Caldas","potentialAction":[{"@type":"SearchAction","target":{"@type":"EntryPoint","urlTemplate":"https:\/\/www.ucaldas.edu.co\/portal\/?s={search_term_string}"},"query-input":{"@type":"PropertyValueSpecification","valueRequired":true,"valueName":"search_term_string"}}],"inLanguage":"es"},{"@type":"Organization","@id":"https:\/\/www.ucaldas.edu.co\/portal\/#organization","name":"Universidad de Caldas","alternateName":"U. de Caldas","url":"https:\/\/www.ucaldas.edu.co\/portal\/","logo":{"@type":"ImageObject","inLanguage":"es","@id":"https:\/\/www.ucaldas.edu.co\/portal\/#\/schema\/logo\/image\/","url":"https:\/\/www.ucaldas.edu.co\/portal\/wp-content\/uploads\/2023\/11\/Logo_horizontal_oscuroU-2023.png","contentUrl":"https:\/\/www.ucaldas.edu.co\/portal\/wp-content\/uploads\/2023\/11\/Logo_horizontal_oscuroU-2023.png","width":263,"height":101,"caption":"Universidad de Caldas"},"image":{"@id":"https:\/\/www.ucaldas.edu.co\/portal\/#\/schema\/logo\/image\/"},"sameAs":["https:\/\/www.facebook.com\/udecaldas","https:\/\/x.com\/udecaldas","https:\/\/www.youtube.com\/universidadcaldas","https:\/\/www.instagram.com\/udecaldas\/"]},{"@type":"Person","@id":"https:\/\/www.ucaldas.edu.co\/portal\/#\/schema\/person\/a1b482e23449158b4bc319926c074fdf","name":"ofiprensa","image":{"@type":"ImageObject","inLanguage":"es","@id":"https:\/\/www.ucaldas.edu.co\/portal\/wp-content\/litespeed\/avatar\/09ea5085e600095a7a811142c6944527.jpg?ver=1777497608","url":"https:\/\/www.ucaldas.edu.co\/portal\/wp-content\/litespeed\/avatar\/09ea5085e600095a7a811142c6944527.jpg?ver=1777497608","contentUrl":"https:\/\/www.ucaldas.edu.co\/portal\/wp-content\/litespeed\/avatar\/09ea5085e600095a7a811142c6944527.jpg?ver=1777497608","caption":"ofiprensa"},"url":"https:\/\/www.ucaldas.edu.co\/portal\/author\/ofiprensa\/"}]}},"_links":{"self":[{"href":"https:\/\/www.ucaldas.edu.co\/portal\/wp-json\/wp\/v2\/posts\/70073","targetHints":{"allow":["GET"]}}],"collection":[{"href":"https:\/\/www.ucaldas.edu.co\/portal\/wp-json\/wp\/v2\/posts"}],"about":[{"href":"https:\/\/www.ucaldas.edu.co\/portal\/wp-json\/wp\/v2\/types\/post"}],"author":[{"embeddable":true,"href":"https:\/\/www.ucaldas.edu.co\/portal\/wp-json\/wp\/v2\/users\/2"}],"replies":[{"embeddable":true,"href":"https:\/\/www.ucaldas.edu.co\/portal\/wp-json\/wp\/v2\/comments?post=70073"}],"version-history":[{"count":0,"href":"https:\/\/www.ucaldas.edu.co\/portal\/wp-json\/wp\/v2\/posts\/70073\/revisions"}],"wp:featuredmedia":[{"embeddable":true,"href":"https:\/\/www.ucaldas.edu.co\/portal\/wp-json\/wp\/v2\/media\/70074"}],"wp:attachment":[{"href":"https:\/\/www.ucaldas.edu.co\/portal\/wp-json\/wp\/v2\/media?parent=70073"}],"wp:term":[{"taxonomy":"category","embeddable":true,"href":"https:\/\/www.ucaldas.edu.co\/portal\/wp-json\/wp\/v2\/categories?post=70073"},{"taxonomy":"post_tag","embeddable":true,"href":"https:\/\/www.ucaldas.edu.co\/portal\/wp-json\/wp\/v2\/tags?post=70073"}],"curies":[{"name":"wp","href":"https:\/\/api.w.org\/{rel}","templated":true}]}}