{"id":69625,"date":"2022-05-09T21:29:34","date_gmt":"2022-05-09T21:29:34","guid":{"rendered":"https:\/\/www.ucaldas.edu.co\/portal\/?p=69625"},"modified":"2022-05-09T21:29:34","modified_gmt":"2022-05-09T21:29:34","slug":"con-mas-de-5-mil-estudiantes-despego-mision-tic-2022-en-la-universidad-de-caldas","status":"publish","type":"post","link":"https:\/\/www.ucaldas.edu.co\/portal\/con-mas-de-5-mil-estudiantes-despego-mision-tic-2022-en-la-universidad-de-caldas\/","title":{"rendered":"Con m\u00e1s de 5 mil estudiantes despeg\u00f3 Misi\u00f3n TIC 2022 en la Universidad de Caldas"},"content":{"rendered":"<p>&nbsp;<\/p>\n<p><img loading=\"lazy\" decoding=\"async\" class=\"aligncenter size-full wp-image-69123\" src=\"https:\/\/www.ucaldas.edu.co\/portal\/wp-content\/uploads\/2022\/04\/mision-tic-2.jpg\" alt=\"los beneficiarios recibir\u00e1n una formaci\u00f3n integral con clases de ingl\u00e9s, desarrollo de habilidades personales, acompa\u00f1amiento psicosocial, manejo de plataforma, acercamiento laboral con empresarios y emprendedores del sector TIC y planes de bienestar e incentivos.\" width=\"700\" height=\"400\" srcset=\"https:\/\/www.ucaldas.edu.co\/portal\/wp-content\/uploads\/2022\/04\/mision-tic-2.jpg 700w, https:\/\/www.ucaldas.edu.co\/portal\/wp-content\/uploads\/2022\/04\/mision-tic-2-300x171.jpg 300w\" sizes=\"auto, (max-width: 700px) 100vw, 700px\" \/><\/p>\n<p>La Universidad de Caldas hace parte de las cinco universidades p\u00fablicas de todo el pa\u00eds para ejecutar el programa Misi\u00f3n TIC, una apuesta del Ministerio de las Tecnolog\u00edas de la Informaci\u00f3n y las Comunicaciones (MinTIC) para la promoci\u00f3n y el desarrollo del talento TI en los colombianos. Con este proyecto el Gobierno Nacional espera desarrollar habilidades en programaci\u00f3n en 40 mil colombianos de todas las regiones del pa\u00eds.<\/p>\n<p><!--more--><\/p>\n<p>La directora del proyecto Luz Stella Cardona Meza, afirma que la Universidad de Caldas fue elegida nuevamente debido a su acreditaci\u00f3n institucional de alta calidad, su capacidad e infraestructura tecnol\u00f3gica y la gran experiencia en proceso de formaci\u00f3n.\u00a0 \u201cPara este a\u00f1o volvemos a ser seleccionados como Universidad de Caldas, para lo cual estamos preparados con la mejor tecnolog\u00eda, equipo humano de alta calidad y formadores con todas las competencias necesarias\u201d, expresa Cardona Meza.<\/p>\n<p>En 2021, la Universidad de Caldas recibi\u00f3 alrededor de 4758 beneficiarios para formarlos en competencias digitales y espec\u00edficamente en las \u00e1reas de la programaci\u00f3n. El reto de este a\u00f1o es formar m\u00e1s de 5 mil colombianos en estas mismas competencias con el objetivo de marcar un hito en el pa\u00eds, mejorar sus oportunidades de empleabilidad y calidad de vida.<\/p>\n<p>Misi\u00f3n TIC 2022 es un programa compuesto por ciclos de formaci\u00f3n b\u00e1sica y un cuarto ciclo de especializaci\u00f3n en el que los beneficiarios podr\u00e1n elegir entre desarrollo de aplicaciones m\u00f3viles o desarrollo de aplicaciones web. Adem\u00e1s, los beneficiarios recibir\u00e1n una formaci\u00f3n integral con clases de ingl\u00e9s, desarrollo de habilidades personales, acompa\u00f1amiento psicosocial, manejo de plataforma, acercamiento laboral con empresarios y emprendedores del sector TIC y planes de bienestar e incentivos.<\/p>\n<p>Isabel Cristina Gonz\u00e1lez, l\u00edder de bienestar y seguimiento del proyecto, destaca la importancia del factor humano para el desarrollo de futuros programadores con alto sentido social. \u201cEn Misi\u00f3n TIC 2022 pensamos en un programa integral donde se acompa\u00f1a al beneficiario con herramientas de desarrollo para la vida, fomentamos el entrenamiento de la inteligencia emocional, hacemos todo lo posible por brindarles medios, espacios y recursos de bienestar, adem\u00e1s de entrenarlos para enfrentarse a las nuevas din\u00e1micas laborales.<\/p>\n<p>Las clases de Misi\u00f3n TIC 2022 comenzaron en el mes de \u00a0abril y son 100% virtuales por lo que el proceso de formaci\u00f3n desarrollado por la Universidad de Caldas tiene impacto en todo el territorio nacional, lo que facilitar\u00e1 crear una comunidad de profesionales en habilidades tecnol\u00f3gicas altamente competentes y potenciar la empleabilidad del sector TI de Colombia.<\/p>\n<p>&nbsp;<\/p>\n<p><strong>\u00a0<\/strong><\/p>\n<p><strong>Informes: <\/strong>Oficina de Comunicaciones y Prensa Universidad de Caldas.<br \/>\n<strong>Redacci\u00f3n:<\/strong> Juan Pablo Ospina Valencia<\/p>\n<p>&nbsp;<\/p>\n","protected":false},"excerpt":{"rendered":"<p>&nbsp; La Universidad de Caldas hace parte de las cinco universidades p\u00fablicas de todo el pa\u00eds para ejecutar el programa Misi\u00f3n TIC, una apuesta del Ministerio de las Tecnolog\u00edas de la Informaci\u00f3n y las Comunicaciones (MinTIC) para la promoci\u00f3n y el desarrollo del talento TI en los colombianos. Con este proyecto el Gobierno Nacional espera [&hellip;]<\/p>\n","protected":false},"author":2,"featured_media":69123,"comment_status":"closed","ping_status":"open","sticky":false,"template":"","format":"standard","meta":{"footnotes":""},"categories":[48,53,682],"tags":[350,2890,6174,8383,8384],"class_list":["post-69625","post","type-post","status-publish","format-standard","has-post-thumbnail","hentry","category-actualidad","category-universidad-al-dia","category-ucaldas-virtual","tag-formacion","tag-virtual","tag-mision-tic","tag-aplicaciones-moviles","tag-aplicaciones-web"],"yoast_head":"<!-- This site is optimized with the Yoast SEO plugin v27.5 - https:\/\/yoast.com\/product\/yoast-seo-wordpress\/ -->\n<title>Con m\u00e1s de 5 mil estudiantes despeg\u00f3 Misi\u00f3n TIC 2022 en la Universidad de Caldas .<\/title>\n<meta name=\"robots\" content=\"index, follow, max-snippet:-1, max-image-preview:large, max-video-preview:-1\" \/>\n<link rel=\"canonical\" href=\"https:\/\/www.ucaldas.edu.co\/portal\/con-mas-de-5-mil-estudiantes-despego-mision-tic-2022-en-la-universidad-de-caldas\/\" \/>\n<script type=\"application\/ld+json\" class=\"yoast-schema-graph\">{\"@context\":\"https:\\\/\\\/schema.org\",\"@graph\":[{\"@type\":\"Article\",\"@id\":\"https:\\\/\\\/www.ucaldas.edu.co\\\/portal\\\/con-mas-de-5-mil-estudiantes-despego-mision-tic-2022-en-la-universidad-de-caldas\\\/#article\",\"isPartOf\":{\"@id\":\"https:\\\/\\\/www.ucaldas.edu.co\\\/portal\\\/con-mas-de-5-mil-estudiantes-despego-mision-tic-2022-en-la-universidad-de-caldas\\\/\"},\"author\":{\"name\":\"ofiprensa\",\"@id\":\"https:\\\/\\\/www.ucaldas.edu.co\\\/portal\\\/#\\\/schema\\\/person\\\/a1b482e23449158b4bc319926c074fdf\"},\"headline\":\"Con m\u00e1s de 5 mil estudiantes despeg\u00f3 Misi\u00f3n TIC 2022 en la Universidad de Caldas\",\"datePublished\":\"2022-05-09T21:29:34+00:00\",\"mainEntityOfPage\":{\"@id\":\"https:\\\/\\\/www.ucaldas.edu.co\\\/portal\\\/con-mas-de-5-mil-estudiantes-despego-mision-tic-2022-en-la-universidad-de-caldas\\\/\"},\"wordCount\":467,\"publisher\":{\"@id\":\"https:\\\/\\\/www.ucaldas.edu.co\\\/portal\\\/#organization\"},\"image\":{\"@id\":\"https:\\\/\\\/www.ucaldas.edu.co\\\/portal\\\/con-mas-de-5-mil-estudiantes-despego-mision-tic-2022-en-la-universidad-de-caldas\\\/#primaryimage\"},\"thumbnailUrl\":\"https:\\\/\\\/www.ucaldas.edu.co\\\/portal\\\/wp-content\\\/uploads\\\/2022\\\/04\\\/mision-tic-2.jpg\",\"keywords\":[\"formaci\u00f3n\",\"virtual\",\"misi\u00f3n tic\",\"aplicaciones m\u00f3viles\",\"aplicaciones web\"],\"articleSection\":[\"Actualidad\",\"Universidad al D\u00eda\",\"UCaldas Virtual\"],\"inLanguage\":\"es\"},{\"@type\":\"WebPage\",\"@id\":\"https:\\\/\\\/www.ucaldas.edu.co\\\/portal\\\/con-mas-de-5-mil-estudiantes-despego-mision-tic-2022-en-la-universidad-de-caldas\\\/\",\"url\":\"https:\\\/\\\/www.ucaldas.edu.co\\\/portal\\\/con-mas-de-5-mil-estudiantes-despego-mision-tic-2022-en-la-universidad-de-caldas\\\/\",\"name\":\"Con m\u00e1s de 5 mil estudiantes despeg\u00f3 Misi\u00f3n TIC 2022 en la Universidad de Caldas .\",\"isPartOf\":{\"@id\":\"https:\\\/\\\/www.ucaldas.edu.co\\\/portal\\\/#website\"},\"primaryImageOfPage\":{\"@id\":\"https:\\\/\\\/www.ucaldas.edu.co\\\/portal\\\/con-mas-de-5-mil-estudiantes-despego-mision-tic-2022-en-la-universidad-de-caldas\\\/#primaryimage\"},\"image\":{\"@id\":\"https:\\\/\\\/www.ucaldas.edu.co\\\/portal\\\/con-mas-de-5-mil-estudiantes-despego-mision-tic-2022-en-la-universidad-de-caldas\\\/#primaryimage\"},\"thumbnailUrl\":\"https:\\\/\\\/www.ucaldas.edu.co\\\/portal\\\/wp-content\\\/uploads\\\/2022\\\/04\\\/mision-tic-2.jpg\",\"datePublished\":\"2022-05-09T21:29:34+00:00\",\"breadcrumb\":{\"@id\":\"https:\\\/\\\/www.ucaldas.edu.co\\\/portal\\\/con-mas-de-5-mil-estudiantes-despego-mision-tic-2022-en-la-universidad-de-caldas\\\/#breadcrumb\"},\"inLanguage\":\"es\",\"potentialAction\":[{\"@type\":\"ReadAction\",\"target\":[\"https:\\\/\\\/www.ucaldas.edu.co\\\/portal\\\/con-mas-de-5-mil-estudiantes-despego-mision-tic-2022-en-la-universidad-de-caldas\\\/\"]}]},{\"@type\":\"ImageObject\",\"inLanguage\":\"es\",\"@id\":\"https:\\\/\\\/www.ucaldas.edu.co\\\/portal\\\/con-mas-de-5-mil-estudiantes-despego-mision-tic-2022-en-la-universidad-de-caldas\\\/#primaryimage\",\"url\":\"https:\\\/\\\/www.ucaldas.edu.co\\\/portal\\\/wp-content\\\/uploads\\\/2022\\\/04\\\/mision-tic-2.jpg\",\"contentUrl\":\"https:\\\/\\\/www.ucaldas.edu.co\\\/portal\\\/wp-content\\\/uploads\\\/2022\\\/04\\\/mision-tic-2.jpg\",\"width\":700,\"height\":400,\"caption\":\"los beneficiarios recibir\u00e1n una formaci\u00f3n integral con clases de ingl\u00e9s, desarrollo de habilidades personales, acompa\u00f1amiento psicosocial, manejo de plataforma, acercamiento laboral con empresarios y emprendedores del sector TIC y planes de bienestar e incentivos.\"},{\"@type\":\"BreadcrumbList\",\"@id\":\"https:\\\/\\\/www.ucaldas.edu.co\\\/portal\\\/con-mas-de-5-mil-estudiantes-despego-mision-tic-2022-en-la-universidad-de-caldas\\\/#breadcrumb\",\"itemListElement\":[{\"@type\":\"ListItem\",\"position\":1,\"name\":\"Portada\",\"item\":\"https:\\\/\\\/www.ucaldas.edu.co\\\/portal\\\/\"},{\"@type\":\"ListItem\",\"position\":2,\"name\":\"Con m\u00e1s de 5 mil estudiantes despeg\u00f3 Misi\u00f3n TIC 2022 en la Universidad de Caldas\"}]},{\"@type\":\"WebSite\",\"@id\":\"https:\\\/\\\/www.ucaldas.edu.co\\\/portal\\\/#website\",\"url\":\"https:\\\/\\\/www.ucaldas.edu.co\\\/portal\\\/\",\"name\":\"Universidad de Caldas\",\"description\":\"\",\"publisher\":{\"@id\":\"https:\\\/\\\/www.ucaldas.edu.co\\\/portal\\\/#organization\"},\"alternateName\":\"U. de Caldas\",\"potentialAction\":[{\"@type\":\"SearchAction\",\"target\":{\"@type\":\"EntryPoint\",\"urlTemplate\":\"https:\\\/\\\/www.ucaldas.edu.co\\\/portal\\\/?s={search_term_string}\"},\"query-input\":{\"@type\":\"PropertyValueSpecification\",\"valueRequired\":true,\"valueName\":\"search_term_string\"}}],\"inLanguage\":\"es\"},{\"@type\":\"Organization\",\"@id\":\"https:\\\/\\\/www.ucaldas.edu.co\\\/portal\\\/#organization\",\"name\":\"Universidad de Caldas\",\"alternateName\":\"U. de Caldas\",\"url\":\"https:\\\/\\\/www.ucaldas.edu.co\\\/portal\\\/\",\"logo\":{\"@type\":\"ImageObject\",\"inLanguage\":\"es\",\"@id\":\"https:\\\/\\\/www.ucaldas.edu.co\\\/portal\\\/#\\\/schema\\\/logo\\\/image\\\/\",\"url\":\"https:\\\/\\\/www.ucaldas.edu.co\\\/portal\\\/wp-content\\\/uploads\\\/2023\\\/11\\\/Logo_horizontal_oscuroU-2023.png\",\"contentUrl\":\"https:\\\/\\\/www.ucaldas.edu.co\\\/portal\\\/wp-content\\\/uploads\\\/2023\\\/11\\\/Logo_horizontal_oscuroU-2023.png\",\"width\":263,\"height\":101,\"caption\":\"Universidad de Caldas\"},\"image\":{\"@id\":\"https:\\\/\\\/www.ucaldas.edu.co\\\/portal\\\/#\\\/schema\\\/logo\\\/image\\\/\"},\"sameAs\":[\"https:\\\/\\\/www.facebook.com\\\/udecaldas\",\"https:\\\/\\\/x.com\\\/udecaldas\",\"https:\\\/\\\/www.youtube.com\\\/universidadcaldas\",\"https:\\\/\\\/www.instagram.com\\\/udecaldas\\\/\"]},{\"@type\":\"Person\",\"@id\":\"https:\\\/\\\/www.ucaldas.edu.co\\\/portal\\\/#\\\/schema\\\/person\\\/a1b482e23449158b4bc319926c074fdf\",\"name\":\"ofiprensa\",\"image\":{\"@type\":\"ImageObject\",\"inLanguage\":\"es\",\"@id\":\"https:\\\/\\\/www.ucaldas.edu.co\\\/portal\\\/wp-content\\\/litespeed\\\/avatar\\\/09ea5085e600095a7a811142c6944527.jpg?ver=1777497608\",\"url\":\"https:\\\/\\\/www.ucaldas.edu.co\\\/portal\\\/wp-content\\\/litespeed\\\/avatar\\\/09ea5085e600095a7a811142c6944527.jpg?ver=1777497608\",\"contentUrl\":\"https:\\\/\\\/www.ucaldas.edu.co\\\/portal\\\/wp-content\\\/litespeed\\\/avatar\\\/09ea5085e600095a7a811142c6944527.jpg?ver=1777497608\",\"caption\":\"ofiprensa\"},\"url\":\"https:\\\/\\\/www.ucaldas.edu.co\\\/portal\\\/author\\\/ofiprensa\\\/\"}]}<\/script>\n<!-- \/ Yoast SEO plugin. -->","yoast_head_json":{"title":"Con m\u00e1s de 5 mil estudiantes despeg\u00f3 Misi\u00f3n TIC 2022 en la Universidad de Caldas .","robots":{"index":"index","follow":"follow","max-snippet":"max-snippet:-1","max-image-preview":"max-image-preview:large","max-video-preview":"max-video-preview:-1"},"canonical":"https:\/\/www.ucaldas.edu.co\/portal\/con-mas-de-5-mil-estudiantes-despego-mision-tic-2022-en-la-universidad-de-caldas\/","schema":{"@context":"https:\/\/schema.org","@graph":[{"@type":"Article","@id":"https:\/\/www.ucaldas.edu.co\/portal\/con-mas-de-5-mil-estudiantes-despego-mision-tic-2022-en-la-universidad-de-caldas\/#article","isPartOf":{"@id":"https:\/\/www.ucaldas.edu.co\/portal\/con-mas-de-5-mil-estudiantes-despego-mision-tic-2022-en-la-universidad-de-caldas\/"},"author":{"name":"ofiprensa","@id":"https:\/\/www.ucaldas.edu.co\/portal\/#\/schema\/person\/a1b482e23449158b4bc319926c074fdf"},"headline":"Con m\u00e1s de 5 mil estudiantes despeg\u00f3 Misi\u00f3n TIC 2022 en la Universidad de Caldas","datePublished":"2022-05-09T21:29:34+00:00","mainEntityOfPage":{"@id":"https:\/\/www.ucaldas.edu.co\/portal\/con-mas-de-5-mil-estudiantes-despego-mision-tic-2022-en-la-universidad-de-caldas\/"},"wordCount":467,"publisher":{"@id":"https:\/\/www.ucaldas.edu.co\/portal\/#organization"},"image":{"@id":"https:\/\/www.ucaldas.edu.co\/portal\/con-mas-de-5-mil-estudiantes-despego-mision-tic-2022-en-la-universidad-de-caldas\/#primaryimage"},"thumbnailUrl":"https:\/\/www.ucaldas.edu.co\/portal\/wp-content\/uploads\/2022\/04\/mision-tic-2.jpg","keywords":["formaci\u00f3n","virtual","misi\u00f3n tic","aplicaciones m\u00f3viles","aplicaciones web"],"articleSection":["Actualidad","Universidad al D\u00eda","UCaldas Virtual"],"inLanguage":"es"},{"@type":"WebPage","@id":"https:\/\/www.ucaldas.edu.co\/portal\/con-mas-de-5-mil-estudiantes-despego-mision-tic-2022-en-la-universidad-de-caldas\/","url":"https:\/\/www.ucaldas.edu.co\/portal\/con-mas-de-5-mil-estudiantes-despego-mision-tic-2022-en-la-universidad-de-caldas\/","name":"Con m\u00e1s de 5 mil estudiantes despeg\u00f3 Misi\u00f3n TIC 2022 en la Universidad de Caldas .","isPartOf":{"@id":"https:\/\/www.ucaldas.edu.co\/portal\/#website"},"primaryImageOfPage":{"@id":"https:\/\/www.ucaldas.edu.co\/portal\/con-mas-de-5-mil-estudiantes-despego-mision-tic-2022-en-la-universidad-de-caldas\/#primaryimage"},"image":{"@id":"https:\/\/www.ucaldas.edu.co\/portal\/con-mas-de-5-mil-estudiantes-despego-mision-tic-2022-en-la-universidad-de-caldas\/#primaryimage"},"thumbnailUrl":"https:\/\/www.ucaldas.edu.co\/portal\/wp-content\/uploads\/2022\/04\/mision-tic-2.jpg","datePublished":"2022-05-09T21:29:34+00:00","breadcrumb":{"@id":"https:\/\/www.ucaldas.edu.co\/portal\/con-mas-de-5-mil-estudiantes-despego-mision-tic-2022-en-la-universidad-de-caldas\/#breadcrumb"},"inLanguage":"es","potentialAction":[{"@type":"ReadAction","target":["https:\/\/www.ucaldas.edu.co\/portal\/con-mas-de-5-mil-estudiantes-despego-mision-tic-2022-en-la-universidad-de-caldas\/"]}]},{"@type":"ImageObject","inLanguage":"es","@id":"https:\/\/www.ucaldas.edu.co\/portal\/con-mas-de-5-mil-estudiantes-despego-mision-tic-2022-en-la-universidad-de-caldas\/#primaryimage","url":"https:\/\/www.ucaldas.edu.co\/portal\/wp-content\/uploads\/2022\/04\/mision-tic-2.jpg","contentUrl":"https:\/\/www.ucaldas.edu.co\/portal\/wp-content\/uploads\/2022\/04\/mision-tic-2.jpg","width":700,"height":400,"caption":"los beneficiarios recibir\u00e1n una formaci\u00f3n integral con clases de ingl\u00e9s, desarrollo de habilidades personales, acompa\u00f1amiento psicosocial, manejo de plataforma, acercamiento laboral con empresarios y emprendedores del sector TIC y planes de bienestar e incentivos."},{"@type":"BreadcrumbList","@id":"https:\/\/www.ucaldas.edu.co\/portal\/con-mas-de-5-mil-estudiantes-despego-mision-tic-2022-en-la-universidad-de-caldas\/#breadcrumb","itemListElement":[{"@type":"ListItem","position":1,"name":"Portada","item":"https:\/\/www.ucaldas.edu.co\/portal\/"},{"@type":"ListItem","position":2,"name":"Con m\u00e1s de 5 mil estudiantes despeg\u00f3 Misi\u00f3n TIC 2022 en la Universidad de Caldas"}]},{"@type":"WebSite","@id":"https:\/\/www.ucaldas.edu.co\/portal\/#website","url":"https:\/\/www.ucaldas.edu.co\/portal\/","name":"Universidad de Caldas","description":"","publisher":{"@id":"https:\/\/www.ucaldas.edu.co\/portal\/#organization"},"alternateName":"U. de Caldas","potentialAction":[{"@type":"SearchAction","target":{"@type":"EntryPoint","urlTemplate":"https:\/\/www.ucaldas.edu.co\/portal\/?s={search_term_string}"},"query-input":{"@type":"PropertyValueSpecification","valueRequired":true,"valueName":"search_term_string"}}],"inLanguage":"es"},{"@type":"Organization","@id":"https:\/\/www.ucaldas.edu.co\/portal\/#organization","name":"Universidad de Caldas","alternateName":"U. de Caldas","url":"https:\/\/www.ucaldas.edu.co\/portal\/","logo":{"@type":"ImageObject","inLanguage":"es","@id":"https:\/\/www.ucaldas.edu.co\/portal\/#\/schema\/logo\/image\/","url":"https:\/\/www.ucaldas.edu.co\/portal\/wp-content\/uploads\/2023\/11\/Logo_horizontal_oscuroU-2023.png","contentUrl":"https:\/\/www.ucaldas.edu.co\/portal\/wp-content\/uploads\/2023\/11\/Logo_horizontal_oscuroU-2023.png","width":263,"height":101,"caption":"Universidad de Caldas"},"image":{"@id":"https:\/\/www.ucaldas.edu.co\/portal\/#\/schema\/logo\/image\/"},"sameAs":["https:\/\/www.facebook.com\/udecaldas","https:\/\/x.com\/udecaldas","https:\/\/www.youtube.com\/universidadcaldas","https:\/\/www.instagram.com\/udecaldas\/"]},{"@type":"Person","@id":"https:\/\/www.ucaldas.edu.co\/portal\/#\/schema\/person\/a1b482e23449158b4bc319926c074fdf","name":"ofiprensa","image":{"@type":"ImageObject","inLanguage":"es","@id":"https:\/\/www.ucaldas.edu.co\/portal\/wp-content\/litespeed\/avatar\/09ea5085e600095a7a811142c6944527.jpg?ver=1777497608","url":"https:\/\/www.ucaldas.edu.co\/portal\/wp-content\/litespeed\/avatar\/09ea5085e600095a7a811142c6944527.jpg?ver=1777497608","contentUrl":"https:\/\/www.ucaldas.edu.co\/portal\/wp-content\/litespeed\/avatar\/09ea5085e600095a7a811142c6944527.jpg?ver=1777497608","caption":"ofiprensa"},"url":"https:\/\/www.ucaldas.edu.co\/portal\/author\/ofiprensa\/"}]}},"_links":{"self":[{"href":"https:\/\/www.ucaldas.edu.co\/portal\/wp-json\/wp\/v2\/posts\/69625","targetHints":{"allow":["GET"]}}],"collection":[{"href":"https:\/\/www.ucaldas.edu.co\/portal\/wp-json\/wp\/v2\/posts"}],"about":[{"href":"https:\/\/www.ucaldas.edu.co\/portal\/wp-json\/wp\/v2\/types\/post"}],"author":[{"embeddable":true,"href":"https:\/\/www.ucaldas.edu.co\/portal\/wp-json\/wp\/v2\/users\/2"}],"replies":[{"embeddable":true,"href":"https:\/\/www.ucaldas.edu.co\/portal\/wp-json\/wp\/v2\/comments?post=69625"}],"version-history":[{"count":0,"href":"https:\/\/www.ucaldas.edu.co\/portal\/wp-json\/wp\/v2\/posts\/69625\/revisions"}],"wp:featuredmedia":[{"embeddable":true,"href":"https:\/\/www.ucaldas.edu.co\/portal\/wp-json\/wp\/v2\/media\/69123"}],"wp:attachment":[{"href":"https:\/\/www.ucaldas.edu.co\/portal\/wp-json\/wp\/v2\/media?parent=69625"}],"wp:term":[{"taxonomy":"category","embeddable":true,"href":"https:\/\/www.ucaldas.edu.co\/portal\/wp-json\/wp\/v2\/categories?post=69625"},{"taxonomy":"post_tag","embeddable":true,"href":"https:\/\/www.ucaldas.edu.co\/portal\/wp-json\/wp\/v2\/tags?post=69625"}],"curies":[{"name":"wp","href":"https:\/\/api.w.org\/{rel}","templated":true}]}}