{"id":69543,"date":"2022-05-04T22:06:05","date_gmt":"2022-05-04T22:06:05","guid":{"rendered":"https:\/\/www.ucaldas.edu.co\/portal\/?p=69543"},"modified":"2022-05-04T22:06:05","modified_gmt":"2022-05-04T22:06:05","slug":"participe-en-la-convocatoria-jovenes-innovadores-en-el-marco-de-la-reactivacion-economica","status":"publish","type":"post","link":"https:\/\/www.ucaldas.edu.co\/portal\/participe-en-la-convocatoria-jovenes-innovadores-en-el-marco-de-la-reactivacion-economica\/","title":{"rendered":"Participe en la convocatoria \u201cJ\u00f3venes Innovadores en el marco de la reactivaci\u00f3n econ\u00f3mica\u201d"},"content":{"rendered":"<p><img loading=\"lazy\" decoding=\"async\" class=\"aligncenter size-full wp-image-69544\" src=\"https:\/\/www.ucaldas.edu.co\/portal\/wp-content\/uploads\/2022\/05\/convocatoria-minciencias.jpg\" alt=\"La duraci\u00f3n de la beca pasant\u00eda del Joven Innovador ser\u00e1 de 6 meses\" width=\"700\" height=\"400\" srcset=\"https:\/\/www.ucaldas.edu.co\/portal\/wp-content\/uploads\/2022\/05\/convocatoria-minciencias.jpg 700w, https:\/\/www.ucaldas.edu.co\/portal\/wp-content\/uploads\/2022\/05\/convocatoria-minciencias-300x171.jpg 300w\" sizes=\"auto, (max-width: 700px) 100vw, 700px\" \/><\/p>\n<p>&nbsp;<\/p>\n<p>La Vicerrector\u00eda de Investigaciones y Posgrados de la Universidad de Caldas, invita a j\u00f3venes estudiantes de programas t\u00e9cnicos, tecnol\u00f3gicos y de pregrado a participar en la convocatoria \u201cJ\u00f3venes Innovadores en el marco de la reactivaci\u00f3n econ\u00f3mica\u201d, desarrollada por el Ministerio de Ciencia, Tecnolog\u00eda e Innovaci\u00f3n.<\/p>\n<p><!--more--><\/p>\n<p>La convocatoria destinar\u00e1 recursos del Ministerio para incentivar la formaci\u00f3n investigativa incluyendo a j\u00f3venes de \u00faltimos semestres para el desarrollo de su pr\u00e1ctica, durante 6 meses en la ejecuci\u00f3n de actividades espec\u00edficas en proyectos de investigaci\u00f3n aprobados o en ejecuci\u00f3n.<\/p>\n<p>Los requisitos de participaci\u00f3n son:<\/p>\n<ul>\n<li>Estudiante activo de programas t\u00e9cnicos, tecnol\u00f3gicos o pregrado en etapa de pasant\u00eda.<\/li>\n<li>No tener m\u00e1s de 28 a\u00f1os al 31 de diciembre de 2022.<\/li>\n<li>Promedio acad\u00e9mico general de 3,8.<\/li>\n<li>Experiencia en investigaci\u00f3n demostrable en grupos o semilleros de investigaci\u00f3n.<\/li>\n<\/ul>\n<p>Los beneficiarios deben desarrollar las actividades definidas en la propuesta aprobada, de acuerdo con el plan de actividades presentado en la convocatoria; adem\u00e1s cumplir con el cronograma de actividades establecidas; y entregar a la entidad que lo aval\u00f3, un informe t\u00e9cnico final de las actividades de CTeI desarrolladas y los resultados obtenidos.<\/p>\n<p>La duraci\u00f3n de la beca pasant\u00eda del Joven Innovador ser\u00e1 de 6 meses con una asignaci\u00f3n salarial de un mill\u00f3n de pesos.<\/p>\n<p>&nbsp;<\/p>\n<p>Plazo m\u00e1ximo de inscripci\u00f3n: 12 de mayo de 2022.<\/p>\n<p>&nbsp;<\/p>\n<p><strong><a href=\"https:\/\/docs.google.com\/forms\/d\/e\/1FAIpQLSflfwTzuuUAIQ8B6psZntWpL-cude1CPZzC7wSRDz0N0ihKMw\/viewform\">Inscripciones y m\u00e1s informaci\u00f3n.<\/a><\/strong><\/p>\n<p><strong>\u00a0<\/strong><\/p>\n<p><strong>Informes: <\/strong>Oficina de Comunicaciones y Prensa Universidad de Caldas.<\/p>\n<p><strong>Redacci\u00f3n:<\/strong> Mateo Buritic\u00e1 Giraldo<\/p>\n<p>&nbsp;<\/p>\n","protected":false},"excerpt":{"rendered":"<p>&nbsp; La Vicerrector\u00eda de Investigaciones y Posgrados de la Universidad de Caldas, invita a j\u00f3venes estudiantes de programas t\u00e9cnicos, tecnol\u00f3gicos y de pregrado a participar en la convocatoria \u201cJ\u00f3venes Innovadores en el marco de la reactivaci\u00f3n econ\u00f3mica\u201d, desarrollada por el Ministerio de Ciencia, Tecnolog\u00eda e Innovaci\u00f3n.<\/p>\n","protected":false},"author":2,"featured_media":69544,"comment_status":"closed","ping_status":"open","sticky":false,"template":"","format":"standard","meta":{"footnotes":""},"categories":[48,53],"tags":[4543,8358,8359],"class_list":["post-69543","post","type-post","status-publish","format-standard","has-post-thumbnail","hentry","category-actualidad","category-universidad-al-dia","tag-minciencias","tag-jovenes-innovadores","tag-convocatoria-innovacion"],"yoast_head":"<!-- This site is optimized with the Yoast SEO plugin v27.5 - https:\/\/yoast.com\/product\/yoast-seo-wordpress\/ -->\n<title>Participe en la convocatoria \u201cJ\u00f3venes Innovadores en el marco de la reactivaci\u00f3n econ\u00f3mica\u201d .<\/title>\n<meta name=\"robots\" content=\"index, follow, max-snippet:-1, max-image-preview:large, max-video-preview:-1\" \/>\n<link rel=\"canonical\" href=\"https:\/\/www.ucaldas.edu.co\/portal\/participe-en-la-convocatoria-jovenes-innovadores-en-el-marco-de-la-reactivacion-economica\/\" \/>\n<script type=\"application\/ld+json\" class=\"yoast-schema-graph\">{\"@context\":\"https:\\\/\\\/schema.org\",\"@graph\":[{\"@type\":\"Article\",\"@id\":\"https:\\\/\\\/www.ucaldas.edu.co\\\/portal\\\/participe-en-la-convocatoria-jovenes-innovadores-en-el-marco-de-la-reactivacion-economica\\\/#article\",\"isPartOf\":{\"@id\":\"https:\\\/\\\/www.ucaldas.edu.co\\\/portal\\\/participe-en-la-convocatoria-jovenes-innovadores-en-el-marco-de-la-reactivacion-economica\\\/\"},\"author\":{\"name\":\"ofiprensa\",\"@id\":\"https:\\\/\\\/www.ucaldas.edu.co\\\/portal\\\/#\\\/schema\\\/person\\\/a1b482e23449158b4bc319926c074fdf\"},\"headline\":\"Participe en la convocatoria \u201cJ\u00f3venes Innovadores en el marco de la reactivaci\u00f3n econ\u00f3mica\u201d\",\"datePublished\":\"2022-05-04T22:06:05+00:00\",\"mainEntityOfPage\":{\"@id\":\"https:\\\/\\\/www.ucaldas.edu.co\\\/portal\\\/participe-en-la-convocatoria-jovenes-innovadores-en-el-marco-de-la-reactivacion-economica\\\/\"},\"wordCount\":277,\"publisher\":{\"@id\":\"https:\\\/\\\/www.ucaldas.edu.co\\\/portal\\\/#organization\"},\"image\":{\"@id\":\"https:\\\/\\\/www.ucaldas.edu.co\\\/portal\\\/participe-en-la-convocatoria-jovenes-innovadores-en-el-marco-de-la-reactivacion-economica\\\/#primaryimage\"},\"thumbnailUrl\":\"https:\\\/\\\/www.ucaldas.edu.co\\\/portal\\\/wp-content\\\/uploads\\\/2022\\\/05\\\/convocatoria-minciencias.jpg\",\"keywords\":[\"Minciencias\",\"j\u00f3venes innovadores\",\"convocatoria innovaci\u00f3n\"],\"articleSection\":[\"Actualidad\",\"Universidad al D\u00eda\"],\"inLanguage\":\"es\"},{\"@type\":\"WebPage\",\"@id\":\"https:\\\/\\\/www.ucaldas.edu.co\\\/portal\\\/participe-en-la-convocatoria-jovenes-innovadores-en-el-marco-de-la-reactivacion-economica\\\/\",\"url\":\"https:\\\/\\\/www.ucaldas.edu.co\\\/portal\\\/participe-en-la-convocatoria-jovenes-innovadores-en-el-marco-de-la-reactivacion-economica\\\/\",\"name\":\"Participe en la convocatoria \u201cJ\u00f3venes Innovadores en el marco de la reactivaci\u00f3n econ\u00f3mica\u201d .\",\"isPartOf\":{\"@id\":\"https:\\\/\\\/www.ucaldas.edu.co\\\/portal\\\/#website\"},\"primaryImageOfPage\":{\"@id\":\"https:\\\/\\\/www.ucaldas.edu.co\\\/portal\\\/participe-en-la-convocatoria-jovenes-innovadores-en-el-marco-de-la-reactivacion-economica\\\/#primaryimage\"},\"image\":{\"@id\":\"https:\\\/\\\/www.ucaldas.edu.co\\\/portal\\\/participe-en-la-convocatoria-jovenes-innovadores-en-el-marco-de-la-reactivacion-economica\\\/#primaryimage\"},\"thumbnailUrl\":\"https:\\\/\\\/www.ucaldas.edu.co\\\/portal\\\/wp-content\\\/uploads\\\/2022\\\/05\\\/convocatoria-minciencias.jpg\",\"datePublished\":\"2022-05-04T22:06:05+00:00\",\"breadcrumb\":{\"@id\":\"https:\\\/\\\/www.ucaldas.edu.co\\\/portal\\\/participe-en-la-convocatoria-jovenes-innovadores-en-el-marco-de-la-reactivacion-economica\\\/#breadcrumb\"},\"inLanguage\":\"es\",\"potentialAction\":[{\"@type\":\"ReadAction\",\"target\":[\"https:\\\/\\\/www.ucaldas.edu.co\\\/portal\\\/participe-en-la-convocatoria-jovenes-innovadores-en-el-marco-de-la-reactivacion-economica\\\/\"]}]},{\"@type\":\"ImageObject\",\"inLanguage\":\"es\",\"@id\":\"https:\\\/\\\/www.ucaldas.edu.co\\\/portal\\\/participe-en-la-convocatoria-jovenes-innovadores-en-el-marco-de-la-reactivacion-economica\\\/#primaryimage\",\"url\":\"https:\\\/\\\/www.ucaldas.edu.co\\\/portal\\\/wp-content\\\/uploads\\\/2022\\\/05\\\/convocatoria-minciencias.jpg\",\"contentUrl\":\"https:\\\/\\\/www.ucaldas.edu.co\\\/portal\\\/wp-content\\\/uploads\\\/2022\\\/05\\\/convocatoria-minciencias.jpg\",\"width\":700,\"height\":400,\"caption\":\"La duraci\u00f3n de la beca pasant\u00eda del Joven Innovador ser\u00e1 de 6 meses\"},{\"@type\":\"BreadcrumbList\",\"@id\":\"https:\\\/\\\/www.ucaldas.edu.co\\\/portal\\\/participe-en-la-convocatoria-jovenes-innovadores-en-el-marco-de-la-reactivacion-economica\\\/#breadcrumb\",\"itemListElement\":[{\"@type\":\"ListItem\",\"position\":1,\"name\":\"Portada\",\"item\":\"https:\\\/\\\/www.ucaldas.edu.co\\\/portal\\\/\"},{\"@type\":\"ListItem\",\"position\":2,\"name\":\"Participe en la convocatoria \u201cJ\u00f3venes Innovadores en el marco de la reactivaci\u00f3n econ\u00f3mica\u201d\"}]},{\"@type\":\"WebSite\",\"@id\":\"https:\\\/\\\/www.ucaldas.edu.co\\\/portal\\\/#website\",\"url\":\"https:\\\/\\\/www.ucaldas.edu.co\\\/portal\\\/\",\"name\":\"Universidad de Caldas\",\"description\":\"\",\"publisher\":{\"@id\":\"https:\\\/\\\/www.ucaldas.edu.co\\\/portal\\\/#organization\"},\"alternateName\":\"U. de Caldas\",\"potentialAction\":[{\"@type\":\"SearchAction\",\"target\":{\"@type\":\"EntryPoint\",\"urlTemplate\":\"https:\\\/\\\/www.ucaldas.edu.co\\\/portal\\\/?s={search_term_string}\"},\"query-input\":{\"@type\":\"PropertyValueSpecification\",\"valueRequired\":true,\"valueName\":\"search_term_string\"}}],\"inLanguage\":\"es\"},{\"@type\":\"Organization\",\"@id\":\"https:\\\/\\\/www.ucaldas.edu.co\\\/portal\\\/#organization\",\"name\":\"Universidad de Caldas\",\"alternateName\":\"U. de Caldas\",\"url\":\"https:\\\/\\\/www.ucaldas.edu.co\\\/portal\\\/\",\"logo\":{\"@type\":\"ImageObject\",\"inLanguage\":\"es\",\"@id\":\"https:\\\/\\\/www.ucaldas.edu.co\\\/portal\\\/#\\\/schema\\\/logo\\\/image\\\/\",\"url\":\"https:\\\/\\\/www.ucaldas.edu.co\\\/portal\\\/wp-content\\\/uploads\\\/2023\\\/11\\\/Logo_horizontal_oscuroU-2023.png\",\"contentUrl\":\"https:\\\/\\\/www.ucaldas.edu.co\\\/portal\\\/wp-content\\\/uploads\\\/2023\\\/11\\\/Logo_horizontal_oscuroU-2023.png\",\"width\":263,\"height\":101,\"caption\":\"Universidad de Caldas\"},\"image\":{\"@id\":\"https:\\\/\\\/www.ucaldas.edu.co\\\/portal\\\/#\\\/schema\\\/logo\\\/image\\\/\"},\"sameAs\":[\"https:\\\/\\\/www.facebook.com\\\/udecaldas\",\"https:\\\/\\\/x.com\\\/udecaldas\",\"https:\\\/\\\/www.youtube.com\\\/universidadcaldas\",\"https:\\\/\\\/www.instagram.com\\\/udecaldas\\\/\"]},{\"@type\":\"Person\",\"@id\":\"https:\\\/\\\/www.ucaldas.edu.co\\\/portal\\\/#\\\/schema\\\/person\\\/a1b482e23449158b4bc319926c074fdf\",\"name\":\"ofiprensa\",\"image\":{\"@type\":\"ImageObject\",\"inLanguage\":\"es\",\"@id\":\"https:\\\/\\\/www.ucaldas.edu.co\\\/portal\\\/wp-content\\\/litespeed\\\/avatar\\\/09ea5085e600095a7a811142c6944527.jpg?ver=1777497608\",\"url\":\"https:\\\/\\\/www.ucaldas.edu.co\\\/portal\\\/wp-content\\\/litespeed\\\/avatar\\\/09ea5085e600095a7a811142c6944527.jpg?ver=1777497608\",\"contentUrl\":\"https:\\\/\\\/www.ucaldas.edu.co\\\/portal\\\/wp-content\\\/litespeed\\\/avatar\\\/09ea5085e600095a7a811142c6944527.jpg?ver=1777497608\",\"caption\":\"ofiprensa\"},\"url\":\"https:\\\/\\\/www.ucaldas.edu.co\\\/portal\\\/author\\\/ofiprensa\\\/\"}]}<\/script>\n<!-- \/ Yoast SEO plugin. -->","yoast_head_json":{"title":"Participe en la convocatoria \u201cJ\u00f3venes Innovadores en el marco de la reactivaci\u00f3n econ\u00f3mica\u201d .","robots":{"index":"index","follow":"follow","max-snippet":"max-snippet:-1","max-image-preview":"max-image-preview:large","max-video-preview":"max-video-preview:-1"},"canonical":"https:\/\/www.ucaldas.edu.co\/portal\/participe-en-la-convocatoria-jovenes-innovadores-en-el-marco-de-la-reactivacion-economica\/","schema":{"@context":"https:\/\/schema.org","@graph":[{"@type":"Article","@id":"https:\/\/www.ucaldas.edu.co\/portal\/participe-en-la-convocatoria-jovenes-innovadores-en-el-marco-de-la-reactivacion-economica\/#article","isPartOf":{"@id":"https:\/\/www.ucaldas.edu.co\/portal\/participe-en-la-convocatoria-jovenes-innovadores-en-el-marco-de-la-reactivacion-economica\/"},"author":{"name":"ofiprensa","@id":"https:\/\/www.ucaldas.edu.co\/portal\/#\/schema\/person\/a1b482e23449158b4bc319926c074fdf"},"headline":"Participe en la convocatoria \u201cJ\u00f3venes Innovadores en el marco de la reactivaci\u00f3n econ\u00f3mica\u201d","datePublished":"2022-05-04T22:06:05+00:00","mainEntityOfPage":{"@id":"https:\/\/www.ucaldas.edu.co\/portal\/participe-en-la-convocatoria-jovenes-innovadores-en-el-marco-de-la-reactivacion-economica\/"},"wordCount":277,"publisher":{"@id":"https:\/\/www.ucaldas.edu.co\/portal\/#organization"},"image":{"@id":"https:\/\/www.ucaldas.edu.co\/portal\/participe-en-la-convocatoria-jovenes-innovadores-en-el-marco-de-la-reactivacion-economica\/#primaryimage"},"thumbnailUrl":"https:\/\/www.ucaldas.edu.co\/portal\/wp-content\/uploads\/2022\/05\/convocatoria-minciencias.jpg","keywords":["Minciencias","j\u00f3venes innovadores","convocatoria innovaci\u00f3n"],"articleSection":["Actualidad","Universidad al D\u00eda"],"inLanguage":"es"},{"@type":"WebPage","@id":"https:\/\/www.ucaldas.edu.co\/portal\/participe-en-la-convocatoria-jovenes-innovadores-en-el-marco-de-la-reactivacion-economica\/","url":"https:\/\/www.ucaldas.edu.co\/portal\/participe-en-la-convocatoria-jovenes-innovadores-en-el-marco-de-la-reactivacion-economica\/","name":"Participe en la convocatoria \u201cJ\u00f3venes Innovadores en el marco de la reactivaci\u00f3n econ\u00f3mica\u201d .","isPartOf":{"@id":"https:\/\/www.ucaldas.edu.co\/portal\/#website"},"primaryImageOfPage":{"@id":"https:\/\/www.ucaldas.edu.co\/portal\/participe-en-la-convocatoria-jovenes-innovadores-en-el-marco-de-la-reactivacion-economica\/#primaryimage"},"image":{"@id":"https:\/\/www.ucaldas.edu.co\/portal\/participe-en-la-convocatoria-jovenes-innovadores-en-el-marco-de-la-reactivacion-economica\/#primaryimage"},"thumbnailUrl":"https:\/\/www.ucaldas.edu.co\/portal\/wp-content\/uploads\/2022\/05\/convocatoria-minciencias.jpg","datePublished":"2022-05-04T22:06:05+00:00","breadcrumb":{"@id":"https:\/\/www.ucaldas.edu.co\/portal\/participe-en-la-convocatoria-jovenes-innovadores-en-el-marco-de-la-reactivacion-economica\/#breadcrumb"},"inLanguage":"es","potentialAction":[{"@type":"ReadAction","target":["https:\/\/www.ucaldas.edu.co\/portal\/participe-en-la-convocatoria-jovenes-innovadores-en-el-marco-de-la-reactivacion-economica\/"]}]},{"@type":"ImageObject","inLanguage":"es","@id":"https:\/\/www.ucaldas.edu.co\/portal\/participe-en-la-convocatoria-jovenes-innovadores-en-el-marco-de-la-reactivacion-economica\/#primaryimage","url":"https:\/\/www.ucaldas.edu.co\/portal\/wp-content\/uploads\/2022\/05\/convocatoria-minciencias.jpg","contentUrl":"https:\/\/www.ucaldas.edu.co\/portal\/wp-content\/uploads\/2022\/05\/convocatoria-minciencias.jpg","width":700,"height":400,"caption":"La duraci\u00f3n de la beca pasant\u00eda del Joven Innovador ser\u00e1 de 6 meses"},{"@type":"BreadcrumbList","@id":"https:\/\/www.ucaldas.edu.co\/portal\/participe-en-la-convocatoria-jovenes-innovadores-en-el-marco-de-la-reactivacion-economica\/#breadcrumb","itemListElement":[{"@type":"ListItem","position":1,"name":"Portada","item":"https:\/\/www.ucaldas.edu.co\/portal\/"},{"@type":"ListItem","position":2,"name":"Participe en la convocatoria \u201cJ\u00f3venes Innovadores en el marco de la reactivaci\u00f3n econ\u00f3mica\u201d"}]},{"@type":"WebSite","@id":"https:\/\/www.ucaldas.edu.co\/portal\/#website","url":"https:\/\/www.ucaldas.edu.co\/portal\/","name":"Universidad de Caldas","description":"","publisher":{"@id":"https:\/\/www.ucaldas.edu.co\/portal\/#organization"},"alternateName":"U. de Caldas","potentialAction":[{"@type":"SearchAction","target":{"@type":"EntryPoint","urlTemplate":"https:\/\/www.ucaldas.edu.co\/portal\/?s={search_term_string}"},"query-input":{"@type":"PropertyValueSpecification","valueRequired":true,"valueName":"search_term_string"}}],"inLanguage":"es"},{"@type":"Organization","@id":"https:\/\/www.ucaldas.edu.co\/portal\/#organization","name":"Universidad de Caldas","alternateName":"U. de Caldas","url":"https:\/\/www.ucaldas.edu.co\/portal\/","logo":{"@type":"ImageObject","inLanguage":"es","@id":"https:\/\/www.ucaldas.edu.co\/portal\/#\/schema\/logo\/image\/","url":"https:\/\/www.ucaldas.edu.co\/portal\/wp-content\/uploads\/2023\/11\/Logo_horizontal_oscuroU-2023.png","contentUrl":"https:\/\/www.ucaldas.edu.co\/portal\/wp-content\/uploads\/2023\/11\/Logo_horizontal_oscuroU-2023.png","width":263,"height":101,"caption":"Universidad de Caldas"},"image":{"@id":"https:\/\/www.ucaldas.edu.co\/portal\/#\/schema\/logo\/image\/"},"sameAs":["https:\/\/www.facebook.com\/udecaldas","https:\/\/x.com\/udecaldas","https:\/\/www.youtube.com\/universidadcaldas","https:\/\/www.instagram.com\/udecaldas\/"]},{"@type":"Person","@id":"https:\/\/www.ucaldas.edu.co\/portal\/#\/schema\/person\/a1b482e23449158b4bc319926c074fdf","name":"ofiprensa","image":{"@type":"ImageObject","inLanguage":"es","@id":"https:\/\/www.ucaldas.edu.co\/portal\/wp-content\/litespeed\/avatar\/09ea5085e600095a7a811142c6944527.jpg?ver=1777497608","url":"https:\/\/www.ucaldas.edu.co\/portal\/wp-content\/litespeed\/avatar\/09ea5085e600095a7a811142c6944527.jpg?ver=1777497608","contentUrl":"https:\/\/www.ucaldas.edu.co\/portal\/wp-content\/litespeed\/avatar\/09ea5085e600095a7a811142c6944527.jpg?ver=1777497608","caption":"ofiprensa"},"url":"https:\/\/www.ucaldas.edu.co\/portal\/author\/ofiprensa\/"}]}},"_links":{"self":[{"href":"https:\/\/www.ucaldas.edu.co\/portal\/wp-json\/wp\/v2\/posts\/69543","targetHints":{"allow":["GET"]}}],"collection":[{"href":"https:\/\/www.ucaldas.edu.co\/portal\/wp-json\/wp\/v2\/posts"}],"about":[{"href":"https:\/\/www.ucaldas.edu.co\/portal\/wp-json\/wp\/v2\/types\/post"}],"author":[{"embeddable":true,"href":"https:\/\/www.ucaldas.edu.co\/portal\/wp-json\/wp\/v2\/users\/2"}],"replies":[{"embeddable":true,"href":"https:\/\/www.ucaldas.edu.co\/portal\/wp-json\/wp\/v2\/comments?post=69543"}],"version-history":[{"count":0,"href":"https:\/\/www.ucaldas.edu.co\/portal\/wp-json\/wp\/v2\/posts\/69543\/revisions"}],"wp:featuredmedia":[{"embeddable":true,"href":"https:\/\/www.ucaldas.edu.co\/portal\/wp-json\/wp\/v2\/media\/69544"}],"wp:attachment":[{"href":"https:\/\/www.ucaldas.edu.co\/portal\/wp-json\/wp\/v2\/media?parent=69543"}],"wp:term":[{"taxonomy":"category","embeddable":true,"href":"https:\/\/www.ucaldas.edu.co\/portal\/wp-json\/wp\/v2\/categories?post=69543"},{"taxonomy":"post_tag","embeddable":true,"href":"https:\/\/www.ucaldas.edu.co\/portal\/wp-json\/wp\/v2\/tags?post=69543"}],"curies":[{"name":"wp","href":"https:\/\/api.w.org\/{rel}","templated":true}]}}