{"id":69359,"date":"2022-04-26T23:45:23","date_gmt":"2022-04-26T23:45:23","guid":{"rendered":"https:\/\/www.ucaldas.edu.co\/portal\/?p=69359"},"modified":"2022-04-27T13:24:09","modified_gmt":"2022-04-27T13:24:09","slug":"telesalud-colombia-de-la-universidad-de-caldas-celebra-21-anos-salvando-vidas-a-traves-de-la-tecnologia","status":"publish","type":"post","link":"https:\/\/www.ucaldas.edu.co\/portal\/telesalud-colombia-de-la-universidad-de-caldas-celebra-21-anos-salvando-vidas-a-traves-de-la-tecnologia\/","title":{"rendered":"Telesalud Colombia de la Universidad de Caldas celebra 21 a\u00f1os salvando vidas a trav\u00e9s de la tecnolog\u00eda"},"content":{"rendered":"<p><img loading=\"lazy\" decoding=\"async\" class=\"aligncenter wp-image-69360 size-full\" src=\"https:\/\/www.ucaldas.edu.co\/portal\/wp-content\/uploads\/2022\/04\/Diseno-sin-titulo-6.jpg\" alt=\"Equipo de colaboradores de telesalud\" width=\"700\" height=\"400\" srcset=\"https:\/\/www.ucaldas.edu.co\/portal\/wp-content\/uploads\/2022\/04\/Diseno-sin-titulo-6.jpg 700w, https:\/\/www.ucaldas.edu.co\/portal\/wp-content\/uploads\/2022\/04\/Diseno-sin-titulo-6-300x171.jpg 300w\" sizes=\"auto, (max-width: 700px) 100vw, 700px\" \/>Este a\u00f1o Telesalud Colombia de la Universidad de Caldas celebra 21 a\u00f1os salvando vidas a trav\u00e9s de la tecnolog\u00eda con sus l\u00edneas de investigaci\u00f3n, educaci\u00f3n virtual y telemedicina.<\/p>\n<p><!--more--><\/p>\n<p>En 2001 naci\u00f3 con la implementaci\u00f3n de la telemedicina en las regiones m\u00e1s alejadas del territorio colombiano con el apoyo del Gobierno Nacional y Departamental y hoy es referente en el \u00e1mbito nacional e internacional.<\/p>\n<p>En 2010 Telesalud lanza su plataforma de educaci\u00f3n virtual en la que se capacitaron miles de profesionales de la salud de todo el territorio nacional en la Estrategia AIEPI (Atenci\u00f3n Integrada a las enfermedades prevalentes de la infancia). A la fecha cuenta con m\u00e1s 110.000 \u00a0profesionales de la salud capacitados en el mundo.<\/p>\n<p>Seg\u00fan el director de Telesalud Esteban Granada Aguirre gracias al \u00a0compromiso del talento humano y de las instituciones aliadas, Telesalud se consolida como un referente para Colombia y el mundo \u00a0en sus l\u00edneas de educaci\u00f3n virtual y telemedicina recibiendo reconocimientos de organizaciones internacionales gracias a su aporte social en temas de formaci\u00f3n a los actores de la salud.<\/p>\n<p>Reconocimientos:<\/p>\n<ul>\n<li>2018\u00a0recibe reconocimiento en el marco del evento internacional TICAL 2018, por el proyecto \u00abImpacto de la Educaci\u00f3n Virtual en Colombia\u201d.<\/li>\n<li>2019\u00a0recibe por segunda vez consecutiva el reconocimiento en el marco del evento internacional TICAL 2019 por el proyecto, Inteligencia artificial en la educaci\u00f3n virtual asociada a los bajos niveles de deserci\u00f3n\u00a0es ganador de los Premios CONDOR 2019 al reconocimiento por ser \u00abEmprendimiento Altamente Innovador\u201d<\/li>\n<\/ul>\n<p>Con la llegada de la pandemia por la \u00a0COVID-19 en \u00a02020,\u00a0 Telesalud Universidad de Caldas se ubica en la primera l\u00ednea de contenci\u00f3n y atenci\u00f3n de la poblaci\u00f3n frente a la contingencia, a trav\u00e9s de la implementaci\u00f3n gratuita de la Telemedicina \u00a0logrando la atenci\u00f3n de cerca de \u00a02.380.000 personas en Colombia, Latinoam\u00e9rica y Europa.<\/p>\n<p>En 2021 Telesalud implementa con \u00e9xito la Telemedicina en el continente Europeo recibiendo reconocimiento de la sociedad espa\u00f1ola de epidemiolog\u00eda y la Universidad Paul Valery\u00a0Montpellier III de Francia.<\/p>\n<p>Este a\u00f1o la instituci\u00f3n asume el compromiso de\u00a0enfrentar la pandemia de salud mental a trav\u00e9s de su programa de atenci\u00f3n en salud mental \u201cvirtualmente\u201d que ofrece servicios gratuitos de atenci\u00f3n en salud mental a la poblaci\u00f3n m\u00e1s vulnerable de Colombia, Latinoam\u00e9rica y Europa.<\/p>\n<p>&nbsp;<\/p>\n<p><strong>Anexo:<br \/>\n<\/strong><strong><a href=\"https:\/\/go.ivoox.com\/rf\/86276317\">Audio director de Telesalud, Esteban Granada Aguirre<\/a><br \/>\n<iframe loading=\"lazy\" src=\"https:\/\/www.ivoox.com\/player_ek_86276317_2_1.html\" width=\"238\" height=\"48\" frameborder=\"0\" scrolling=\"no\" allowfullscreen=\"allowfullscreen\"><\/iframe><\/strong><\/p>\n<p>&nbsp;<\/p>\n<p><strong>Informes:<\/strong> Oficina de Prensa de la Universidad de Caldas<\/p>\n<p><strong>Redacci\u00f3n:<\/strong> Julieth Osorio Torres<\/p>\n<p>&nbsp;<\/p>\n","protected":false},"excerpt":{"rendered":"<p>Este a\u00f1o Telesalud Colombia de la Universidad de Caldas celebra 21 a\u00f1os salvando vidas a trav\u00e9s de la tecnolog\u00eda con sus l\u00edneas de investigaci\u00f3n, educaci\u00f3n virtual y telemedicina.<\/p>\n","protected":false},"author":2,"featured_media":69360,"comment_status":"closed","ping_status":"open","sticky":false,"template":"","format":"standard","meta":{"footnotes":""},"categories":[48,53],"tags":[196,275,2830,8302],"class_list":["post-69359","post","type-post","status-publish","format-standard","has-post-thumbnail","hentry","category-actualidad","category-universidad-al-dia","tag-conmemoracion","tag-telesalud","tag-telemedicina","tag-21-anos"],"yoast_head":"<!-- This site is optimized with the Yoast SEO plugin v27.5 - https:\/\/yoast.com\/product\/yoast-seo-wordpress\/ -->\n<title>Telesalud Colombia de la Universidad de Caldas celebra 21 a\u00f1os salvando vidas a trav\u00e9s de la tecnolog\u00eda .<\/title>\n<meta name=\"robots\" content=\"index, follow, max-snippet:-1, max-image-preview:large, max-video-preview:-1\" \/>\n<link rel=\"canonical\" href=\"https:\/\/www.ucaldas.edu.co\/portal\/telesalud-colombia-de-la-universidad-de-caldas-celebra-21-anos-salvando-vidas-a-traves-de-la-tecnologia\/\" \/>\n<script type=\"application\/ld+json\" class=\"yoast-schema-graph\">{\"@context\":\"https:\\\/\\\/schema.org\",\"@graph\":[{\"@type\":\"Article\",\"@id\":\"https:\\\/\\\/www.ucaldas.edu.co\\\/portal\\\/telesalud-colombia-de-la-universidad-de-caldas-celebra-21-anos-salvando-vidas-a-traves-de-la-tecnologia\\\/#article\",\"isPartOf\":{\"@id\":\"https:\\\/\\\/www.ucaldas.edu.co\\\/portal\\\/telesalud-colombia-de-la-universidad-de-caldas-celebra-21-anos-salvando-vidas-a-traves-de-la-tecnologia\\\/\"},\"author\":{\"name\":\"ofiprensa\",\"@id\":\"https:\\\/\\\/www.ucaldas.edu.co\\\/portal\\\/#\\\/schema\\\/person\\\/a1b482e23449158b4bc319926c074fdf\"},\"headline\":\"Telesalud Colombia de la Universidad de Caldas celebra 21 a\u00f1os salvando vidas a trav\u00e9s de la tecnolog\u00eda\",\"datePublished\":\"2022-04-26T23:45:23+00:00\",\"dateModified\":\"2022-04-27T13:24:09+00:00\",\"mainEntityOfPage\":{\"@id\":\"https:\\\/\\\/www.ucaldas.edu.co\\\/portal\\\/telesalud-colombia-de-la-universidad-de-caldas-celebra-21-anos-salvando-vidas-a-traves-de-la-tecnologia\\\/\"},\"wordCount\":438,\"publisher\":{\"@id\":\"https:\\\/\\\/www.ucaldas.edu.co\\\/portal\\\/#organization\"},\"image\":{\"@id\":\"https:\\\/\\\/www.ucaldas.edu.co\\\/portal\\\/telesalud-colombia-de-la-universidad-de-caldas-celebra-21-anos-salvando-vidas-a-traves-de-la-tecnologia\\\/#primaryimage\"},\"thumbnailUrl\":\"https:\\\/\\\/www.ucaldas.edu.co\\\/portal\\\/wp-content\\\/uploads\\\/2022\\\/04\\\/Diseno-sin-titulo-6.jpg\",\"keywords\":[\"conmemoraci\u00f3n\",\"Telesalud\",\"telemedicina\",\"21 a\u00f1os\"],\"articleSection\":[\"Actualidad\",\"Universidad al D\u00eda\"],\"inLanguage\":\"es\"},{\"@type\":\"WebPage\",\"@id\":\"https:\\\/\\\/www.ucaldas.edu.co\\\/portal\\\/telesalud-colombia-de-la-universidad-de-caldas-celebra-21-anos-salvando-vidas-a-traves-de-la-tecnologia\\\/\",\"url\":\"https:\\\/\\\/www.ucaldas.edu.co\\\/portal\\\/telesalud-colombia-de-la-universidad-de-caldas-celebra-21-anos-salvando-vidas-a-traves-de-la-tecnologia\\\/\",\"name\":\"Telesalud Colombia de la Universidad de Caldas celebra 21 a\u00f1os salvando vidas a trav\u00e9s de la tecnolog\u00eda .\",\"isPartOf\":{\"@id\":\"https:\\\/\\\/www.ucaldas.edu.co\\\/portal\\\/#website\"},\"primaryImageOfPage\":{\"@id\":\"https:\\\/\\\/www.ucaldas.edu.co\\\/portal\\\/telesalud-colombia-de-la-universidad-de-caldas-celebra-21-anos-salvando-vidas-a-traves-de-la-tecnologia\\\/#primaryimage\"},\"image\":{\"@id\":\"https:\\\/\\\/www.ucaldas.edu.co\\\/portal\\\/telesalud-colombia-de-la-universidad-de-caldas-celebra-21-anos-salvando-vidas-a-traves-de-la-tecnologia\\\/#primaryimage\"},\"thumbnailUrl\":\"https:\\\/\\\/www.ucaldas.edu.co\\\/portal\\\/wp-content\\\/uploads\\\/2022\\\/04\\\/Diseno-sin-titulo-6.jpg\",\"datePublished\":\"2022-04-26T23:45:23+00:00\",\"dateModified\":\"2022-04-27T13:24:09+00:00\",\"breadcrumb\":{\"@id\":\"https:\\\/\\\/www.ucaldas.edu.co\\\/portal\\\/telesalud-colombia-de-la-universidad-de-caldas-celebra-21-anos-salvando-vidas-a-traves-de-la-tecnologia\\\/#breadcrumb\"},\"inLanguage\":\"es\",\"potentialAction\":[{\"@type\":\"ReadAction\",\"target\":[\"https:\\\/\\\/www.ucaldas.edu.co\\\/portal\\\/telesalud-colombia-de-la-universidad-de-caldas-celebra-21-anos-salvando-vidas-a-traves-de-la-tecnologia\\\/\"]}]},{\"@type\":\"ImageObject\",\"inLanguage\":\"es\",\"@id\":\"https:\\\/\\\/www.ucaldas.edu.co\\\/portal\\\/telesalud-colombia-de-la-universidad-de-caldas-celebra-21-anos-salvando-vidas-a-traves-de-la-tecnologia\\\/#primaryimage\",\"url\":\"https:\\\/\\\/www.ucaldas.edu.co\\\/portal\\\/wp-content\\\/uploads\\\/2022\\\/04\\\/Diseno-sin-titulo-6.jpg\",\"contentUrl\":\"https:\\\/\\\/www.ucaldas.edu.co\\\/portal\\\/wp-content\\\/uploads\\\/2022\\\/04\\\/Diseno-sin-titulo-6.jpg\",\"width\":700,\"height\":400,\"caption\":\"Equipo de colaboradores de telesalud\"},{\"@type\":\"BreadcrumbList\",\"@id\":\"https:\\\/\\\/www.ucaldas.edu.co\\\/portal\\\/telesalud-colombia-de-la-universidad-de-caldas-celebra-21-anos-salvando-vidas-a-traves-de-la-tecnologia\\\/#breadcrumb\",\"itemListElement\":[{\"@type\":\"ListItem\",\"position\":1,\"name\":\"Portada\",\"item\":\"https:\\\/\\\/www.ucaldas.edu.co\\\/portal\\\/\"},{\"@type\":\"ListItem\",\"position\":2,\"name\":\"Telesalud Colombia de la Universidad de Caldas celebra 21 a\u00f1os salvando vidas a trav\u00e9s de la tecnolog\u00eda\"}]},{\"@type\":\"WebSite\",\"@id\":\"https:\\\/\\\/www.ucaldas.edu.co\\\/portal\\\/#website\",\"url\":\"https:\\\/\\\/www.ucaldas.edu.co\\\/portal\\\/\",\"name\":\"Universidad de Caldas\",\"description\":\"\",\"publisher\":{\"@id\":\"https:\\\/\\\/www.ucaldas.edu.co\\\/portal\\\/#organization\"},\"alternateName\":\"U. de Caldas\",\"potentialAction\":[{\"@type\":\"SearchAction\",\"target\":{\"@type\":\"EntryPoint\",\"urlTemplate\":\"https:\\\/\\\/www.ucaldas.edu.co\\\/portal\\\/?s={search_term_string}\"},\"query-input\":{\"@type\":\"PropertyValueSpecification\",\"valueRequired\":true,\"valueName\":\"search_term_string\"}}],\"inLanguage\":\"es\"},{\"@type\":\"Organization\",\"@id\":\"https:\\\/\\\/www.ucaldas.edu.co\\\/portal\\\/#organization\",\"name\":\"Universidad de Caldas\",\"alternateName\":\"U. de Caldas\",\"url\":\"https:\\\/\\\/www.ucaldas.edu.co\\\/portal\\\/\",\"logo\":{\"@type\":\"ImageObject\",\"inLanguage\":\"es\",\"@id\":\"https:\\\/\\\/www.ucaldas.edu.co\\\/portal\\\/#\\\/schema\\\/logo\\\/image\\\/\",\"url\":\"https:\\\/\\\/www.ucaldas.edu.co\\\/portal\\\/wp-content\\\/uploads\\\/2023\\\/11\\\/Logo_horizontal_oscuroU-2023.png\",\"contentUrl\":\"https:\\\/\\\/www.ucaldas.edu.co\\\/portal\\\/wp-content\\\/uploads\\\/2023\\\/11\\\/Logo_horizontal_oscuroU-2023.png\",\"width\":263,\"height\":101,\"caption\":\"Universidad de Caldas\"},\"image\":{\"@id\":\"https:\\\/\\\/www.ucaldas.edu.co\\\/portal\\\/#\\\/schema\\\/logo\\\/image\\\/\"},\"sameAs\":[\"https:\\\/\\\/www.facebook.com\\\/udecaldas\",\"https:\\\/\\\/x.com\\\/udecaldas\",\"https:\\\/\\\/www.youtube.com\\\/universidadcaldas\",\"https:\\\/\\\/www.instagram.com\\\/udecaldas\\\/\"]},{\"@type\":\"Person\",\"@id\":\"https:\\\/\\\/www.ucaldas.edu.co\\\/portal\\\/#\\\/schema\\\/person\\\/a1b482e23449158b4bc319926c074fdf\",\"name\":\"ofiprensa\",\"image\":{\"@type\":\"ImageObject\",\"inLanguage\":\"es\",\"@id\":\"https:\\\/\\\/www.ucaldas.edu.co\\\/portal\\\/wp-content\\\/litespeed\\\/avatar\\\/09ea5085e600095a7a811142c6944527.jpg?ver=1777497608\",\"url\":\"https:\\\/\\\/www.ucaldas.edu.co\\\/portal\\\/wp-content\\\/litespeed\\\/avatar\\\/09ea5085e600095a7a811142c6944527.jpg?ver=1777497608\",\"contentUrl\":\"https:\\\/\\\/www.ucaldas.edu.co\\\/portal\\\/wp-content\\\/litespeed\\\/avatar\\\/09ea5085e600095a7a811142c6944527.jpg?ver=1777497608\",\"caption\":\"ofiprensa\"},\"url\":\"https:\\\/\\\/www.ucaldas.edu.co\\\/portal\\\/author\\\/ofiprensa\\\/\"}]}<\/script>\n<!-- \/ Yoast SEO plugin. -->","yoast_head_json":{"title":"Telesalud Colombia de la Universidad de Caldas celebra 21 a\u00f1os salvando vidas a trav\u00e9s de la tecnolog\u00eda .","robots":{"index":"index","follow":"follow","max-snippet":"max-snippet:-1","max-image-preview":"max-image-preview:large","max-video-preview":"max-video-preview:-1"},"canonical":"https:\/\/www.ucaldas.edu.co\/portal\/telesalud-colombia-de-la-universidad-de-caldas-celebra-21-anos-salvando-vidas-a-traves-de-la-tecnologia\/","schema":{"@context":"https:\/\/schema.org","@graph":[{"@type":"Article","@id":"https:\/\/www.ucaldas.edu.co\/portal\/telesalud-colombia-de-la-universidad-de-caldas-celebra-21-anos-salvando-vidas-a-traves-de-la-tecnologia\/#article","isPartOf":{"@id":"https:\/\/www.ucaldas.edu.co\/portal\/telesalud-colombia-de-la-universidad-de-caldas-celebra-21-anos-salvando-vidas-a-traves-de-la-tecnologia\/"},"author":{"name":"ofiprensa","@id":"https:\/\/www.ucaldas.edu.co\/portal\/#\/schema\/person\/a1b482e23449158b4bc319926c074fdf"},"headline":"Telesalud Colombia de la Universidad de Caldas celebra 21 a\u00f1os salvando vidas a trav\u00e9s de la tecnolog\u00eda","datePublished":"2022-04-26T23:45:23+00:00","dateModified":"2022-04-27T13:24:09+00:00","mainEntityOfPage":{"@id":"https:\/\/www.ucaldas.edu.co\/portal\/telesalud-colombia-de-la-universidad-de-caldas-celebra-21-anos-salvando-vidas-a-traves-de-la-tecnologia\/"},"wordCount":438,"publisher":{"@id":"https:\/\/www.ucaldas.edu.co\/portal\/#organization"},"image":{"@id":"https:\/\/www.ucaldas.edu.co\/portal\/telesalud-colombia-de-la-universidad-de-caldas-celebra-21-anos-salvando-vidas-a-traves-de-la-tecnologia\/#primaryimage"},"thumbnailUrl":"https:\/\/www.ucaldas.edu.co\/portal\/wp-content\/uploads\/2022\/04\/Diseno-sin-titulo-6.jpg","keywords":["conmemoraci\u00f3n","Telesalud","telemedicina","21 a\u00f1os"],"articleSection":["Actualidad","Universidad al D\u00eda"],"inLanguage":"es"},{"@type":"WebPage","@id":"https:\/\/www.ucaldas.edu.co\/portal\/telesalud-colombia-de-la-universidad-de-caldas-celebra-21-anos-salvando-vidas-a-traves-de-la-tecnologia\/","url":"https:\/\/www.ucaldas.edu.co\/portal\/telesalud-colombia-de-la-universidad-de-caldas-celebra-21-anos-salvando-vidas-a-traves-de-la-tecnologia\/","name":"Telesalud Colombia de la Universidad de Caldas celebra 21 a\u00f1os salvando vidas a trav\u00e9s de la tecnolog\u00eda .","isPartOf":{"@id":"https:\/\/www.ucaldas.edu.co\/portal\/#website"},"primaryImageOfPage":{"@id":"https:\/\/www.ucaldas.edu.co\/portal\/telesalud-colombia-de-la-universidad-de-caldas-celebra-21-anos-salvando-vidas-a-traves-de-la-tecnologia\/#primaryimage"},"image":{"@id":"https:\/\/www.ucaldas.edu.co\/portal\/telesalud-colombia-de-la-universidad-de-caldas-celebra-21-anos-salvando-vidas-a-traves-de-la-tecnologia\/#primaryimage"},"thumbnailUrl":"https:\/\/www.ucaldas.edu.co\/portal\/wp-content\/uploads\/2022\/04\/Diseno-sin-titulo-6.jpg","datePublished":"2022-04-26T23:45:23+00:00","dateModified":"2022-04-27T13:24:09+00:00","breadcrumb":{"@id":"https:\/\/www.ucaldas.edu.co\/portal\/telesalud-colombia-de-la-universidad-de-caldas-celebra-21-anos-salvando-vidas-a-traves-de-la-tecnologia\/#breadcrumb"},"inLanguage":"es","potentialAction":[{"@type":"ReadAction","target":["https:\/\/www.ucaldas.edu.co\/portal\/telesalud-colombia-de-la-universidad-de-caldas-celebra-21-anos-salvando-vidas-a-traves-de-la-tecnologia\/"]}]},{"@type":"ImageObject","inLanguage":"es","@id":"https:\/\/www.ucaldas.edu.co\/portal\/telesalud-colombia-de-la-universidad-de-caldas-celebra-21-anos-salvando-vidas-a-traves-de-la-tecnologia\/#primaryimage","url":"https:\/\/www.ucaldas.edu.co\/portal\/wp-content\/uploads\/2022\/04\/Diseno-sin-titulo-6.jpg","contentUrl":"https:\/\/www.ucaldas.edu.co\/portal\/wp-content\/uploads\/2022\/04\/Diseno-sin-titulo-6.jpg","width":700,"height":400,"caption":"Equipo de colaboradores de telesalud"},{"@type":"BreadcrumbList","@id":"https:\/\/www.ucaldas.edu.co\/portal\/telesalud-colombia-de-la-universidad-de-caldas-celebra-21-anos-salvando-vidas-a-traves-de-la-tecnologia\/#breadcrumb","itemListElement":[{"@type":"ListItem","position":1,"name":"Portada","item":"https:\/\/www.ucaldas.edu.co\/portal\/"},{"@type":"ListItem","position":2,"name":"Telesalud Colombia de la Universidad de Caldas celebra 21 a\u00f1os salvando vidas a trav\u00e9s de la tecnolog\u00eda"}]},{"@type":"WebSite","@id":"https:\/\/www.ucaldas.edu.co\/portal\/#website","url":"https:\/\/www.ucaldas.edu.co\/portal\/","name":"Universidad de Caldas","description":"","publisher":{"@id":"https:\/\/www.ucaldas.edu.co\/portal\/#organization"},"alternateName":"U. de Caldas","potentialAction":[{"@type":"SearchAction","target":{"@type":"EntryPoint","urlTemplate":"https:\/\/www.ucaldas.edu.co\/portal\/?s={search_term_string}"},"query-input":{"@type":"PropertyValueSpecification","valueRequired":true,"valueName":"search_term_string"}}],"inLanguage":"es"},{"@type":"Organization","@id":"https:\/\/www.ucaldas.edu.co\/portal\/#organization","name":"Universidad de Caldas","alternateName":"U. de Caldas","url":"https:\/\/www.ucaldas.edu.co\/portal\/","logo":{"@type":"ImageObject","inLanguage":"es","@id":"https:\/\/www.ucaldas.edu.co\/portal\/#\/schema\/logo\/image\/","url":"https:\/\/www.ucaldas.edu.co\/portal\/wp-content\/uploads\/2023\/11\/Logo_horizontal_oscuroU-2023.png","contentUrl":"https:\/\/www.ucaldas.edu.co\/portal\/wp-content\/uploads\/2023\/11\/Logo_horizontal_oscuroU-2023.png","width":263,"height":101,"caption":"Universidad de Caldas"},"image":{"@id":"https:\/\/www.ucaldas.edu.co\/portal\/#\/schema\/logo\/image\/"},"sameAs":["https:\/\/www.facebook.com\/udecaldas","https:\/\/x.com\/udecaldas","https:\/\/www.youtube.com\/universidadcaldas","https:\/\/www.instagram.com\/udecaldas\/"]},{"@type":"Person","@id":"https:\/\/www.ucaldas.edu.co\/portal\/#\/schema\/person\/a1b482e23449158b4bc319926c074fdf","name":"ofiprensa","image":{"@type":"ImageObject","inLanguage":"es","@id":"https:\/\/www.ucaldas.edu.co\/portal\/wp-content\/litespeed\/avatar\/09ea5085e600095a7a811142c6944527.jpg?ver=1777497608","url":"https:\/\/www.ucaldas.edu.co\/portal\/wp-content\/litespeed\/avatar\/09ea5085e600095a7a811142c6944527.jpg?ver=1777497608","contentUrl":"https:\/\/www.ucaldas.edu.co\/portal\/wp-content\/litespeed\/avatar\/09ea5085e600095a7a811142c6944527.jpg?ver=1777497608","caption":"ofiprensa"},"url":"https:\/\/www.ucaldas.edu.co\/portal\/author\/ofiprensa\/"}]}},"_links":{"self":[{"href":"https:\/\/www.ucaldas.edu.co\/portal\/wp-json\/wp\/v2\/posts\/69359","targetHints":{"allow":["GET"]}}],"collection":[{"href":"https:\/\/www.ucaldas.edu.co\/portal\/wp-json\/wp\/v2\/posts"}],"about":[{"href":"https:\/\/www.ucaldas.edu.co\/portal\/wp-json\/wp\/v2\/types\/post"}],"author":[{"embeddable":true,"href":"https:\/\/www.ucaldas.edu.co\/portal\/wp-json\/wp\/v2\/users\/2"}],"replies":[{"embeddable":true,"href":"https:\/\/www.ucaldas.edu.co\/portal\/wp-json\/wp\/v2\/comments?post=69359"}],"version-history":[{"count":0,"href":"https:\/\/www.ucaldas.edu.co\/portal\/wp-json\/wp\/v2\/posts\/69359\/revisions"}],"wp:featuredmedia":[{"embeddable":true,"href":"https:\/\/www.ucaldas.edu.co\/portal\/wp-json\/wp\/v2\/media\/69360"}],"wp:attachment":[{"href":"https:\/\/www.ucaldas.edu.co\/portal\/wp-json\/wp\/v2\/media?parent=69359"}],"wp:term":[{"taxonomy":"category","embeddable":true,"href":"https:\/\/www.ucaldas.edu.co\/portal\/wp-json\/wp\/v2\/categories?post=69359"},{"taxonomy":"post_tag","embeddable":true,"href":"https:\/\/www.ucaldas.edu.co\/portal\/wp-json\/wp\/v2\/tags?post=69359"}],"curies":[{"name":"wp","href":"https:\/\/api.w.org\/{rel}","templated":true}]}}