{"id":69308,"date":"2022-04-22T20:51:28","date_gmt":"2022-04-22T20:51:28","guid":{"rendered":"https:\/\/www.ucaldas.edu.co\/portal\/?p=69308"},"modified":"2022-04-22T20:51:28","modified_gmt":"2022-04-22T20:51:28","slug":"simposio-ontologia-social-y-la-intencionalidad-colectiva-en-las-instituciones-suramericanas","status":"publish","type":"post","link":"https:\/\/www.ucaldas.edu.co\/portal\/simposio-ontologia-social-y-la-intencionalidad-colectiva-en-las-instituciones-suramericanas\/","title":{"rendered":"Simposio \u2018Ontolog\u00eda social y la intencionalidad colectiva en las instituciones suramericanas\u2019"},"content":{"rendered":"<p><img loading=\"lazy\" decoding=\"async\" class=\"aligncenter size-full wp-image-69309\" src=\"https:\/\/www.ucaldas.edu.co\/portal\/wp-content\/uploads\/2022\/04\/simposio-ontologia.jpg\" alt=\"El espacio tendr\u00e1 como prop\u00f3sito reunir a expertos y acercarlos a la comunidad universitaria en general en torno a la ontolog\u00eda socia\" width=\"700\" height=\"400\" srcset=\"https:\/\/www.ucaldas.edu.co\/portal\/wp-content\/uploads\/2022\/04\/simposio-ontologia.jpg 700w, https:\/\/www.ucaldas.edu.co\/portal\/wp-content\/uploads\/2022\/04\/simposio-ontologia-300x171.jpg 300w\" sizes=\"auto, (max-width: 700px) 100vw, 700px\" \/><\/p>\n<p>&nbsp;<\/p>\n<p>Del 28 al 29 de abril se llevar\u00e1 a cabo a trav\u00e9s de Facebook Live el simposio: \u2018Ontolog\u00eda social y la intencionalidad colectiva en las instituciones suramericanas\u2019, organizado\u00a0 por el departamento de Filosof\u00eda de la Universidad de Caldas.<\/p>\n<p><!--more--><\/p>\n<p>El espacio tendr\u00e1 como prop\u00f3sito reunir a expertos y acercarlos a la comunidad universitaria en general en torno a la ontolog\u00eda social en la filosof\u00eda contempor\u00e1nea, su aplicaci\u00f3n y discusi\u00f3n en las instituciones suramericanas, siendo esta una iniciativa que consiste en llevar la rigurosidad del an\u00e1lisis filos\u00f3fico al campo del an\u00e1lisis y la toma de decisiones gerenciales.<\/p>\n<p>Los asistentes contar\u00e1n con la oportunidad de aprovechar las teor\u00edas filos\u00f3ficas de John Searle y Kirk Ludwig con el prop\u00f3sito de construir una intersecci\u00f3n entre la ontolog\u00eda social y el campo de la administraci\u00f3n. Adem\u00e1s por medio de la teor\u00eda de la intencionalidad colectiva, analizar\u00e1n y obtendr\u00e1n mayor comprensi\u00f3n de los procesos asociados a la toma de decisiones gerenciales en el contexto empresarial.<\/p>\n<p>El simposio concluir\u00e1 con la presentaci\u00f3n de recomendaciones, con las cuales se muestre c\u00f3mo el nuevo entendimiento alcanzado a partir del an\u00e1lisis filos\u00f3fico puede generar mejoras en la ejecuci\u00f3n de algunos procesos corporativos, inspirando otras investigaciones similares.<\/p>\n<p>&nbsp;<\/p>\n<p><strong><a href=\"https:\/\/artesyhumanidades.ucaldas.edu.co\/blog\/2022\/03\/18\/simposio-sobre-ontologia-social\/\">Programaci\u00f3n.<\/a><\/strong><\/p>\n<p><strong>\u00a0<\/strong><\/p>\n<p><strong>Informes: <\/strong>Oficina de Comunicaciones y Prensa Universidad de Caldas.<\/p>\n<p><strong>Redacci\u00f3n:<\/strong> Mateo Buritic\u00e1 Giraldo<\/p>\n<p>&nbsp;<\/p>\n","protected":false},"excerpt":{"rendered":"<p>&nbsp; Del 28 al 29 de abril se llevar\u00e1 a cabo a trav\u00e9s de Facebook Live el simposio: \u2018Ontolog\u00eda social y la intencionalidad colectiva en las instituciones suramericanas\u2019, organizado\u00a0 por el departamento de Filosof\u00eda de la Universidad de Caldas.<\/p>\n","protected":false},"author":2,"featured_media":69309,"comment_status":"closed","ping_status":"open","sticky":false,"template":"","format":"standard","meta":{"footnotes":""},"categories":[48,53,62],"tags":[4791,8282,8283],"class_list":["post-69308","post","type-post","status-publish","format-standard","has-post-thumbnail","hentry","category-actualidad","category-universidad-al-dia","category-eventos","tag-simposio-virtual","tag-ontologia-social","tag-intencionalidad-colectiva"],"yoast_head":"<!-- This site is optimized with the Yoast SEO plugin v27.5 - https:\/\/yoast.com\/product\/yoast-seo-wordpress\/ -->\n<title>Simposio \u2018Ontolog\u00eda social y la intencionalidad colectiva en las instituciones suramericanas\u2019 .<\/title>\n<meta name=\"robots\" content=\"index, follow, max-snippet:-1, max-image-preview:large, max-video-preview:-1\" \/>\n<link rel=\"canonical\" href=\"https:\/\/www.ucaldas.edu.co\/portal\/simposio-ontologia-social-y-la-intencionalidad-colectiva-en-las-instituciones-suramericanas\/\" \/>\n<script type=\"application\/ld+json\" class=\"yoast-schema-graph\">{\"@context\":\"https:\\\/\\\/schema.org\",\"@graph\":[{\"@type\":\"Article\",\"@id\":\"https:\\\/\\\/www.ucaldas.edu.co\\\/portal\\\/simposio-ontologia-social-y-la-intencionalidad-colectiva-en-las-instituciones-suramericanas\\\/#article\",\"isPartOf\":{\"@id\":\"https:\\\/\\\/www.ucaldas.edu.co\\\/portal\\\/simposio-ontologia-social-y-la-intencionalidad-colectiva-en-las-instituciones-suramericanas\\\/\"},\"author\":{\"name\":\"ofiprensa\",\"@id\":\"https:\\\/\\\/www.ucaldas.edu.co\\\/portal\\\/#\\\/schema\\\/person\\\/a1b482e23449158b4bc319926c074fdf\"},\"headline\":\"Simposio \u2018Ontolog\u00eda social y la intencionalidad colectiva en las instituciones suramericanas\u2019\",\"datePublished\":\"2022-04-22T20:51:28+00:00\",\"mainEntityOfPage\":{\"@id\":\"https:\\\/\\\/www.ucaldas.edu.co\\\/portal\\\/simposio-ontologia-social-y-la-intencionalidad-colectiva-en-las-instituciones-suramericanas\\\/\"},\"wordCount\":253,\"publisher\":{\"@id\":\"https:\\\/\\\/www.ucaldas.edu.co\\\/portal\\\/#organization\"},\"image\":{\"@id\":\"https:\\\/\\\/www.ucaldas.edu.co\\\/portal\\\/simposio-ontologia-social-y-la-intencionalidad-colectiva-en-las-instituciones-suramericanas\\\/#primaryimage\"},\"thumbnailUrl\":\"https:\\\/\\\/www.ucaldas.edu.co\\\/portal\\\/wp-content\\\/uploads\\\/2022\\\/04\\\/simposio-ontologia.jpg\",\"keywords\":[\"simposio virtual\",\"ontolog\u00eda social\",\"intencionalidad colectiva\"],\"articleSection\":[\"Actualidad\",\"Universidad al D\u00eda\",\"Eventos\"],\"inLanguage\":\"es\"},{\"@type\":\"WebPage\",\"@id\":\"https:\\\/\\\/www.ucaldas.edu.co\\\/portal\\\/simposio-ontologia-social-y-la-intencionalidad-colectiva-en-las-instituciones-suramericanas\\\/\",\"url\":\"https:\\\/\\\/www.ucaldas.edu.co\\\/portal\\\/simposio-ontologia-social-y-la-intencionalidad-colectiva-en-las-instituciones-suramericanas\\\/\",\"name\":\"Simposio \u2018Ontolog\u00eda social y la intencionalidad colectiva en las instituciones suramericanas\u2019 .\",\"isPartOf\":{\"@id\":\"https:\\\/\\\/www.ucaldas.edu.co\\\/portal\\\/#website\"},\"primaryImageOfPage\":{\"@id\":\"https:\\\/\\\/www.ucaldas.edu.co\\\/portal\\\/simposio-ontologia-social-y-la-intencionalidad-colectiva-en-las-instituciones-suramericanas\\\/#primaryimage\"},\"image\":{\"@id\":\"https:\\\/\\\/www.ucaldas.edu.co\\\/portal\\\/simposio-ontologia-social-y-la-intencionalidad-colectiva-en-las-instituciones-suramericanas\\\/#primaryimage\"},\"thumbnailUrl\":\"https:\\\/\\\/www.ucaldas.edu.co\\\/portal\\\/wp-content\\\/uploads\\\/2022\\\/04\\\/simposio-ontologia.jpg\",\"datePublished\":\"2022-04-22T20:51:28+00:00\",\"breadcrumb\":{\"@id\":\"https:\\\/\\\/www.ucaldas.edu.co\\\/portal\\\/simposio-ontologia-social-y-la-intencionalidad-colectiva-en-las-instituciones-suramericanas\\\/#breadcrumb\"},\"inLanguage\":\"es\",\"potentialAction\":[{\"@type\":\"ReadAction\",\"target\":[\"https:\\\/\\\/www.ucaldas.edu.co\\\/portal\\\/simposio-ontologia-social-y-la-intencionalidad-colectiva-en-las-instituciones-suramericanas\\\/\"]}]},{\"@type\":\"ImageObject\",\"inLanguage\":\"es\",\"@id\":\"https:\\\/\\\/www.ucaldas.edu.co\\\/portal\\\/simposio-ontologia-social-y-la-intencionalidad-colectiva-en-las-instituciones-suramericanas\\\/#primaryimage\",\"url\":\"https:\\\/\\\/www.ucaldas.edu.co\\\/portal\\\/wp-content\\\/uploads\\\/2022\\\/04\\\/simposio-ontologia.jpg\",\"contentUrl\":\"https:\\\/\\\/www.ucaldas.edu.co\\\/portal\\\/wp-content\\\/uploads\\\/2022\\\/04\\\/simposio-ontologia.jpg\",\"width\":700,\"height\":400,\"caption\":\"El espacio tendr\u00e1 como prop\u00f3sito reunir a expertos y acercarlos a la comunidad universitaria en general en torno a la ontolog\u00eda socia\"},{\"@type\":\"BreadcrumbList\",\"@id\":\"https:\\\/\\\/www.ucaldas.edu.co\\\/portal\\\/simposio-ontologia-social-y-la-intencionalidad-colectiva-en-las-instituciones-suramericanas\\\/#breadcrumb\",\"itemListElement\":[{\"@type\":\"ListItem\",\"position\":1,\"name\":\"Portada\",\"item\":\"https:\\\/\\\/www.ucaldas.edu.co\\\/portal\\\/\"},{\"@type\":\"ListItem\",\"position\":2,\"name\":\"Simposio \u2018Ontolog\u00eda social y la intencionalidad colectiva en las instituciones suramericanas\u2019\"}]},{\"@type\":\"WebSite\",\"@id\":\"https:\\\/\\\/www.ucaldas.edu.co\\\/portal\\\/#website\",\"url\":\"https:\\\/\\\/www.ucaldas.edu.co\\\/portal\\\/\",\"name\":\"Universidad de Caldas\",\"description\":\"\",\"publisher\":{\"@id\":\"https:\\\/\\\/www.ucaldas.edu.co\\\/portal\\\/#organization\"},\"alternateName\":\"U. de Caldas\",\"potentialAction\":[{\"@type\":\"SearchAction\",\"target\":{\"@type\":\"EntryPoint\",\"urlTemplate\":\"https:\\\/\\\/www.ucaldas.edu.co\\\/portal\\\/?s={search_term_string}\"},\"query-input\":{\"@type\":\"PropertyValueSpecification\",\"valueRequired\":true,\"valueName\":\"search_term_string\"}}],\"inLanguage\":\"es\"},{\"@type\":\"Organization\",\"@id\":\"https:\\\/\\\/www.ucaldas.edu.co\\\/portal\\\/#organization\",\"name\":\"Universidad de Caldas\",\"alternateName\":\"U. de Caldas\",\"url\":\"https:\\\/\\\/www.ucaldas.edu.co\\\/portal\\\/\",\"logo\":{\"@type\":\"ImageObject\",\"inLanguage\":\"es\",\"@id\":\"https:\\\/\\\/www.ucaldas.edu.co\\\/portal\\\/#\\\/schema\\\/logo\\\/image\\\/\",\"url\":\"https:\\\/\\\/www.ucaldas.edu.co\\\/portal\\\/wp-content\\\/uploads\\\/2023\\\/11\\\/Logo_horizontal_oscuroU-2023.png\",\"contentUrl\":\"https:\\\/\\\/www.ucaldas.edu.co\\\/portal\\\/wp-content\\\/uploads\\\/2023\\\/11\\\/Logo_horizontal_oscuroU-2023.png\",\"width\":263,\"height\":101,\"caption\":\"Universidad de Caldas\"},\"image\":{\"@id\":\"https:\\\/\\\/www.ucaldas.edu.co\\\/portal\\\/#\\\/schema\\\/logo\\\/image\\\/\"},\"sameAs\":[\"https:\\\/\\\/www.facebook.com\\\/udecaldas\",\"https:\\\/\\\/x.com\\\/udecaldas\",\"https:\\\/\\\/www.youtube.com\\\/universidadcaldas\",\"https:\\\/\\\/www.instagram.com\\\/udecaldas\\\/\"]},{\"@type\":\"Person\",\"@id\":\"https:\\\/\\\/www.ucaldas.edu.co\\\/portal\\\/#\\\/schema\\\/person\\\/a1b482e23449158b4bc319926c074fdf\",\"name\":\"ofiprensa\",\"image\":{\"@type\":\"ImageObject\",\"inLanguage\":\"es\",\"@id\":\"https:\\\/\\\/www.ucaldas.edu.co\\\/portal\\\/wp-content\\\/litespeed\\\/avatar\\\/09ea5085e600095a7a811142c6944527.jpg?ver=1777497608\",\"url\":\"https:\\\/\\\/www.ucaldas.edu.co\\\/portal\\\/wp-content\\\/litespeed\\\/avatar\\\/09ea5085e600095a7a811142c6944527.jpg?ver=1777497608\",\"contentUrl\":\"https:\\\/\\\/www.ucaldas.edu.co\\\/portal\\\/wp-content\\\/litespeed\\\/avatar\\\/09ea5085e600095a7a811142c6944527.jpg?ver=1777497608\",\"caption\":\"ofiprensa\"},\"url\":\"https:\\\/\\\/www.ucaldas.edu.co\\\/portal\\\/author\\\/ofiprensa\\\/\"}]}<\/script>\n<!-- \/ Yoast SEO plugin. -->","yoast_head_json":{"title":"Simposio \u2018Ontolog\u00eda social y la intencionalidad colectiva en las instituciones suramericanas\u2019 .","robots":{"index":"index","follow":"follow","max-snippet":"max-snippet:-1","max-image-preview":"max-image-preview:large","max-video-preview":"max-video-preview:-1"},"canonical":"https:\/\/www.ucaldas.edu.co\/portal\/simposio-ontologia-social-y-la-intencionalidad-colectiva-en-las-instituciones-suramericanas\/","schema":{"@context":"https:\/\/schema.org","@graph":[{"@type":"Article","@id":"https:\/\/www.ucaldas.edu.co\/portal\/simposio-ontologia-social-y-la-intencionalidad-colectiva-en-las-instituciones-suramericanas\/#article","isPartOf":{"@id":"https:\/\/www.ucaldas.edu.co\/portal\/simposio-ontologia-social-y-la-intencionalidad-colectiva-en-las-instituciones-suramericanas\/"},"author":{"name":"ofiprensa","@id":"https:\/\/www.ucaldas.edu.co\/portal\/#\/schema\/person\/a1b482e23449158b4bc319926c074fdf"},"headline":"Simposio \u2018Ontolog\u00eda social y la intencionalidad colectiva en las instituciones suramericanas\u2019","datePublished":"2022-04-22T20:51:28+00:00","mainEntityOfPage":{"@id":"https:\/\/www.ucaldas.edu.co\/portal\/simposio-ontologia-social-y-la-intencionalidad-colectiva-en-las-instituciones-suramericanas\/"},"wordCount":253,"publisher":{"@id":"https:\/\/www.ucaldas.edu.co\/portal\/#organization"},"image":{"@id":"https:\/\/www.ucaldas.edu.co\/portal\/simposio-ontologia-social-y-la-intencionalidad-colectiva-en-las-instituciones-suramericanas\/#primaryimage"},"thumbnailUrl":"https:\/\/www.ucaldas.edu.co\/portal\/wp-content\/uploads\/2022\/04\/simposio-ontologia.jpg","keywords":["simposio virtual","ontolog\u00eda social","intencionalidad colectiva"],"articleSection":["Actualidad","Universidad al D\u00eda","Eventos"],"inLanguage":"es"},{"@type":"WebPage","@id":"https:\/\/www.ucaldas.edu.co\/portal\/simposio-ontologia-social-y-la-intencionalidad-colectiva-en-las-instituciones-suramericanas\/","url":"https:\/\/www.ucaldas.edu.co\/portal\/simposio-ontologia-social-y-la-intencionalidad-colectiva-en-las-instituciones-suramericanas\/","name":"Simposio \u2018Ontolog\u00eda social y la intencionalidad colectiva en las instituciones suramericanas\u2019 .","isPartOf":{"@id":"https:\/\/www.ucaldas.edu.co\/portal\/#website"},"primaryImageOfPage":{"@id":"https:\/\/www.ucaldas.edu.co\/portal\/simposio-ontologia-social-y-la-intencionalidad-colectiva-en-las-instituciones-suramericanas\/#primaryimage"},"image":{"@id":"https:\/\/www.ucaldas.edu.co\/portal\/simposio-ontologia-social-y-la-intencionalidad-colectiva-en-las-instituciones-suramericanas\/#primaryimage"},"thumbnailUrl":"https:\/\/www.ucaldas.edu.co\/portal\/wp-content\/uploads\/2022\/04\/simposio-ontologia.jpg","datePublished":"2022-04-22T20:51:28+00:00","breadcrumb":{"@id":"https:\/\/www.ucaldas.edu.co\/portal\/simposio-ontologia-social-y-la-intencionalidad-colectiva-en-las-instituciones-suramericanas\/#breadcrumb"},"inLanguage":"es","potentialAction":[{"@type":"ReadAction","target":["https:\/\/www.ucaldas.edu.co\/portal\/simposio-ontologia-social-y-la-intencionalidad-colectiva-en-las-instituciones-suramericanas\/"]}]},{"@type":"ImageObject","inLanguage":"es","@id":"https:\/\/www.ucaldas.edu.co\/portal\/simposio-ontologia-social-y-la-intencionalidad-colectiva-en-las-instituciones-suramericanas\/#primaryimage","url":"https:\/\/www.ucaldas.edu.co\/portal\/wp-content\/uploads\/2022\/04\/simposio-ontologia.jpg","contentUrl":"https:\/\/www.ucaldas.edu.co\/portal\/wp-content\/uploads\/2022\/04\/simposio-ontologia.jpg","width":700,"height":400,"caption":"El espacio tendr\u00e1 como prop\u00f3sito reunir a expertos y acercarlos a la comunidad universitaria en general en torno a la ontolog\u00eda socia"},{"@type":"BreadcrumbList","@id":"https:\/\/www.ucaldas.edu.co\/portal\/simposio-ontologia-social-y-la-intencionalidad-colectiva-en-las-instituciones-suramericanas\/#breadcrumb","itemListElement":[{"@type":"ListItem","position":1,"name":"Portada","item":"https:\/\/www.ucaldas.edu.co\/portal\/"},{"@type":"ListItem","position":2,"name":"Simposio \u2018Ontolog\u00eda social y la intencionalidad colectiva en las instituciones suramericanas\u2019"}]},{"@type":"WebSite","@id":"https:\/\/www.ucaldas.edu.co\/portal\/#website","url":"https:\/\/www.ucaldas.edu.co\/portal\/","name":"Universidad de Caldas","description":"","publisher":{"@id":"https:\/\/www.ucaldas.edu.co\/portal\/#organization"},"alternateName":"U. de Caldas","potentialAction":[{"@type":"SearchAction","target":{"@type":"EntryPoint","urlTemplate":"https:\/\/www.ucaldas.edu.co\/portal\/?s={search_term_string}"},"query-input":{"@type":"PropertyValueSpecification","valueRequired":true,"valueName":"search_term_string"}}],"inLanguage":"es"},{"@type":"Organization","@id":"https:\/\/www.ucaldas.edu.co\/portal\/#organization","name":"Universidad de Caldas","alternateName":"U. de Caldas","url":"https:\/\/www.ucaldas.edu.co\/portal\/","logo":{"@type":"ImageObject","inLanguage":"es","@id":"https:\/\/www.ucaldas.edu.co\/portal\/#\/schema\/logo\/image\/","url":"https:\/\/www.ucaldas.edu.co\/portal\/wp-content\/uploads\/2023\/11\/Logo_horizontal_oscuroU-2023.png","contentUrl":"https:\/\/www.ucaldas.edu.co\/portal\/wp-content\/uploads\/2023\/11\/Logo_horizontal_oscuroU-2023.png","width":263,"height":101,"caption":"Universidad de Caldas"},"image":{"@id":"https:\/\/www.ucaldas.edu.co\/portal\/#\/schema\/logo\/image\/"},"sameAs":["https:\/\/www.facebook.com\/udecaldas","https:\/\/x.com\/udecaldas","https:\/\/www.youtube.com\/universidadcaldas","https:\/\/www.instagram.com\/udecaldas\/"]},{"@type":"Person","@id":"https:\/\/www.ucaldas.edu.co\/portal\/#\/schema\/person\/a1b482e23449158b4bc319926c074fdf","name":"ofiprensa","image":{"@type":"ImageObject","inLanguage":"es","@id":"https:\/\/www.ucaldas.edu.co\/portal\/wp-content\/litespeed\/avatar\/09ea5085e600095a7a811142c6944527.jpg?ver=1777497608","url":"https:\/\/www.ucaldas.edu.co\/portal\/wp-content\/litespeed\/avatar\/09ea5085e600095a7a811142c6944527.jpg?ver=1777497608","contentUrl":"https:\/\/www.ucaldas.edu.co\/portal\/wp-content\/litespeed\/avatar\/09ea5085e600095a7a811142c6944527.jpg?ver=1777497608","caption":"ofiprensa"},"url":"https:\/\/www.ucaldas.edu.co\/portal\/author\/ofiprensa\/"}]}},"_links":{"self":[{"href":"https:\/\/www.ucaldas.edu.co\/portal\/wp-json\/wp\/v2\/posts\/69308","targetHints":{"allow":["GET"]}}],"collection":[{"href":"https:\/\/www.ucaldas.edu.co\/portal\/wp-json\/wp\/v2\/posts"}],"about":[{"href":"https:\/\/www.ucaldas.edu.co\/portal\/wp-json\/wp\/v2\/types\/post"}],"author":[{"embeddable":true,"href":"https:\/\/www.ucaldas.edu.co\/portal\/wp-json\/wp\/v2\/users\/2"}],"replies":[{"embeddable":true,"href":"https:\/\/www.ucaldas.edu.co\/portal\/wp-json\/wp\/v2\/comments?post=69308"}],"version-history":[{"count":0,"href":"https:\/\/www.ucaldas.edu.co\/portal\/wp-json\/wp\/v2\/posts\/69308\/revisions"}],"wp:featuredmedia":[{"embeddable":true,"href":"https:\/\/www.ucaldas.edu.co\/portal\/wp-json\/wp\/v2\/media\/69309"}],"wp:attachment":[{"href":"https:\/\/www.ucaldas.edu.co\/portal\/wp-json\/wp\/v2\/media?parent=69308"}],"wp:term":[{"taxonomy":"category","embeddable":true,"href":"https:\/\/www.ucaldas.edu.co\/portal\/wp-json\/wp\/v2\/categories?post=69308"},{"taxonomy":"post_tag","embeddable":true,"href":"https:\/\/www.ucaldas.edu.co\/portal\/wp-json\/wp\/v2\/tags?post=69308"}],"curies":[{"name":"wp","href":"https:\/\/api.w.org\/{rel}","templated":true}]}}