{"id":69116,"date":"2022-04-08T21:03:39","date_gmt":"2022-04-08T21:03:39","guid":{"rendered":"https:\/\/www.ucaldas.edu.co\/portal\/?p=69116"},"modified":"2022-04-08T21:03:39","modified_gmt":"2022-04-08T21:03:39","slug":"convocatoria-elecciones-de-representantes-de-docentes-estudiantes-graduados-y-administrativos","status":"publish","type":"post","link":"https:\/\/www.ucaldas.edu.co\/portal\/convocatoria-elecciones-de-representantes-de-docentes-estudiantes-graduados-y-administrativos\/","title":{"rendered":"Convocatoria elecciones de representantes de docentes, estudiantes, graduados y administrativos"},"content":{"rendered":"<p>&nbsp;<\/p>\n<p><img loading=\"lazy\" decoding=\"async\" class=\"aligncenter size-full wp-image-69118\" src=\"https:\/\/www.ucaldas.edu.co\/portal\/wp-content\/uploads\/2022\/04\/Elecciones-cuerpos-colegiados-1.jpg\" alt=\"Elecciones cuerpos colegiados\" width=\"700\" height=\"400\" srcset=\"https:\/\/www.ucaldas.edu.co\/portal\/wp-content\/uploads\/2022\/04\/Elecciones-cuerpos-colegiados-1.jpg 700w, https:\/\/www.ucaldas.edu.co\/portal\/wp-content\/uploads\/2022\/04\/Elecciones-cuerpos-colegiados-1-300x171.jpg 300w\" sizes=\"auto, (max-width: 700px) 100vw, 700px\" \/><\/p>\n<p>La Secretar\u00eda General de la Universidad de Caldas convoca a elecciones de representantes de docentes, estudiantes, graduados y administrativos en los comit\u00e9s, comisiones y dem\u00e1s cuerpos colegiados internos.<\/p>\n<p><!--more--><\/p>\n<p>La convocatoria se realiza en cumplimiento del principio de participaci\u00f3n, seg\u00fan el cual la Universidad de Caldas respetar\u00e1 y garantizar\u00e1 el derecho de la comunidad universitaria a ser parte en la toma de decisiones en asuntos de la vida institucional.<\/p>\n<p>Las postulaciones se realizar\u00e1n ante la Secretar\u00eda General mediante la presentaci\u00f3n de un formato preestablecido, debidamente diligenciado y suscrito por el candidato y el suplente. Se recibir\u00e1n inscripciones del 2 al 13 de mayo hasta las 5:45 p.m. al correo electr\u00f3nico <a href=\"mailto:sgeneral@ucaldas.edu.co\">sgeneral@ucaldas.edu.co<\/a>. Fuera de este t\u00e9rmino se consideran extempor\u00e1neos y no inscritos.<\/p>\n<p>La Secretar\u00eda General verificar\u00e1 el cumplimiento de los requisitos de inscripci\u00f3n de los aspirantes a candidatos, dando a conocer los resultados mediante un acto administrativo que se publicar\u00e1 en la p\u00e1gina web institucional el 23 de mayo.<\/p>\n<p>Las representaciones a las que podr\u00e1n aspirar los inscritos ser\u00e1n: Comit\u00e9 de Convivencia Laboral; Comit\u00e9 Paritario en Seguridad Social y Salud en el Trabajo COPASST; Comit\u00e9 de Bienestar; Comit\u00e9 de Asignaci\u00f3n y Reconocimiento de Puntos Salariales CIARP; Comit\u00e9 para la Prevenci\u00f3n del Uso y Abuso de Sustancias Psicoactivas; Comit\u00e9 de Regionalizaci\u00f3n; Comit\u00e9 Central de Educaci\u00f3n a Distancia; Comit\u00e9 de Gesti\u00f3n Ambiental; Comisi\u00f3n de Personal; Comit\u00e9 de Equidad y No Discriminaci\u00f3n; Comit\u00e9 de Propiedad Intelectual; y Comit\u00e9 de Pol\u00edtica Cultural.<\/p>\n<p>La Oficina de Gesti\u00f3n Humana, Oficina de Admisiones y Registro Acad\u00e9mico, y Oficina de Graduados conformar\u00e1n el censo electoral, seg\u00fan el tipo de representaci\u00f3n, el cual ser\u00e1 remitido a la Oficina de Planeaci\u00f3n y Sistemas para que la informaci\u00f3n sea depurada y posteriormente publicada en la p\u00e1gina web.<\/p>\n<p>La consulta virtual se realizar\u00e1 el 16 de junio de 8:00 a.m. a 8:00 p.m. hora colombiana.<\/p>\n<p>&nbsp;<\/p>\n<p><strong><a href=\"https:\/\/www.ucaldas.edu.co\/portal\/wp-content\/uploads\/2022\/04\/Resolucion-Nro-002-Convocatoria-cuerpos-colegiados-Abril-2022.pdf\">Conozca aqu\u00ed el cronograma completo.<\/a><\/strong><\/p>\n<p><strong>\u00a0<\/strong><\/p>\n<p><strong>Informes: <\/strong>Oficina de Comunicaciones y Prensa Universidad de Caldas.<\/p>\n<p><strong>Redacci\u00f3n:<\/strong> Mateo Buritic\u00e1 Giraldo<\/p>\n<p>&nbsp;<\/p>\n","protected":false},"excerpt":{"rendered":"<p>&nbsp; La Secretar\u00eda General de la Universidad de Caldas convoca a elecciones de representantes de docentes, estudiantes, graduados y administrativos en los comit\u00e9s, comisiones y dem\u00e1s cuerpos colegiados internos.<\/p>\n","protected":false},"author":2,"featured_media":69118,"comment_status":"closed","ping_status":"open","sticky":false,"template":"","format":"standard","meta":{"footnotes":""},"categories":[53,620,48],"tags":[8237,8238,6126],"class_list":["post-69116","post","type-post","status-publish","format-standard","has-post-thumbnail","hentry","category-universidad-al-dia","category-ucaldas-transparente","category-actualidad","tag-cuerpos-colegiados","tag-representantes-comite","tag-elecciones-u-caldas"],"yoast_head":"<!-- This site is optimized with the Yoast SEO plugin v27.4 - https:\/\/yoast.com\/product\/yoast-seo-wordpress\/ -->\n<title>Convocatoria elecciones de representantes de docentes, estudiantes, graduados y administrativos .<\/title>\n<meta name=\"robots\" content=\"index, follow, max-snippet:-1, max-image-preview:large, max-video-preview:-1\" \/>\n<link rel=\"canonical\" href=\"https:\/\/www.ucaldas.edu.co\/portal\/convocatoria-elecciones-de-representantes-de-docentes-estudiantes-graduados-y-administrativos\/\" \/>\n<script type=\"application\/ld+json\" class=\"yoast-schema-graph\">{\"@context\":\"https:\\\/\\\/schema.org\",\"@graph\":[{\"@type\":\"Article\",\"@id\":\"https:\\\/\\\/www.ucaldas.edu.co\\\/portal\\\/convocatoria-elecciones-de-representantes-de-docentes-estudiantes-graduados-y-administrativos\\\/#article\",\"isPartOf\":{\"@id\":\"https:\\\/\\\/www.ucaldas.edu.co\\\/portal\\\/convocatoria-elecciones-de-representantes-de-docentes-estudiantes-graduados-y-administrativos\\\/\"},\"author\":{\"name\":\"ofiprensa\",\"@id\":\"https:\\\/\\\/www.ucaldas.edu.co\\\/portal\\\/#\\\/schema\\\/person\\\/a1b482e23449158b4bc319926c074fdf\"},\"headline\":\"Convocatoria elecciones de representantes de docentes, estudiantes, graduados y administrativos\",\"datePublished\":\"2022-04-08T21:03:39+00:00\",\"mainEntityOfPage\":{\"@id\":\"https:\\\/\\\/www.ucaldas.edu.co\\\/portal\\\/convocatoria-elecciones-de-representantes-de-docentes-estudiantes-graduados-y-administrativos\\\/\"},\"wordCount\":365,\"publisher\":{\"@id\":\"https:\\\/\\\/www.ucaldas.edu.co\\\/portal\\\/#organization\"},\"image\":{\"@id\":\"https:\\\/\\\/www.ucaldas.edu.co\\\/portal\\\/convocatoria-elecciones-de-representantes-de-docentes-estudiantes-graduados-y-administrativos\\\/#primaryimage\"},\"thumbnailUrl\":\"https:\\\/\\\/www.ucaldas.edu.co\\\/portal\\\/wp-content\\\/uploads\\\/2022\\\/04\\\/Elecciones-cuerpos-colegiados-1.jpg\",\"keywords\":[\"cuerpos colegiados\",\"representantes comit\u00e9\",\"elecciones u caldas\"],\"articleSection\":[\"Universidad al D\u00eda\",\"UCaldas Transparente\",\"Actualidad\"],\"inLanguage\":\"es\"},{\"@type\":\"WebPage\",\"@id\":\"https:\\\/\\\/www.ucaldas.edu.co\\\/portal\\\/convocatoria-elecciones-de-representantes-de-docentes-estudiantes-graduados-y-administrativos\\\/\",\"url\":\"https:\\\/\\\/www.ucaldas.edu.co\\\/portal\\\/convocatoria-elecciones-de-representantes-de-docentes-estudiantes-graduados-y-administrativos\\\/\",\"name\":\"Convocatoria elecciones de representantes de docentes, estudiantes, graduados y administrativos .\",\"isPartOf\":{\"@id\":\"https:\\\/\\\/www.ucaldas.edu.co\\\/portal\\\/#website\"},\"primaryImageOfPage\":{\"@id\":\"https:\\\/\\\/www.ucaldas.edu.co\\\/portal\\\/convocatoria-elecciones-de-representantes-de-docentes-estudiantes-graduados-y-administrativos\\\/#primaryimage\"},\"image\":{\"@id\":\"https:\\\/\\\/www.ucaldas.edu.co\\\/portal\\\/convocatoria-elecciones-de-representantes-de-docentes-estudiantes-graduados-y-administrativos\\\/#primaryimage\"},\"thumbnailUrl\":\"https:\\\/\\\/www.ucaldas.edu.co\\\/portal\\\/wp-content\\\/uploads\\\/2022\\\/04\\\/Elecciones-cuerpos-colegiados-1.jpg\",\"datePublished\":\"2022-04-08T21:03:39+00:00\",\"breadcrumb\":{\"@id\":\"https:\\\/\\\/www.ucaldas.edu.co\\\/portal\\\/convocatoria-elecciones-de-representantes-de-docentes-estudiantes-graduados-y-administrativos\\\/#breadcrumb\"},\"inLanguage\":\"es\",\"potentialAction\":[{\"@type\":\"ReadAction\",\"target\":[\"https:\\\/\\\/www.ucaldas.edu.co\\\/portal\\\/convocatoria-elecciones-de-representantes-de-docentes-estudiantes-graduados-y-administrativos\\\/\"]}]},{\"@type\":\"ImageObject\",\"inLanguage\":\"es\",\"@id\":\"https:\\\/\\\/www.ucaldas.edu.co\\\/portal\\\/convocatoria-elecciones-de-representantes-de-docentes-estudiantes-graduados-y-administrativos\\\/#primaryimage\",\"url\":\"https:\\\/\\\/www.ucaldas.edu.co\\\/portal\\\/wp-content\\\/uploads\\\/2022\\\/04\\\/Elecciones-cuerpos-colegiados-1.jpg\",\"contentUrl\":\"https:\\\/\\\/www.ucaldas.edu.co\\\/portal\\\/wp-content\\\/uploads\\\/2022\\\/04\\\/Elecciones-cuerpos-colegiados-1.jpg\",\"width\":700,\"height\":400,\"caption\":\"Elecciones cuerpos colegiados\"},{\"@type\":\"BreadcrumbList\",\"@id\":\"https:\\\/\\\/www.ucaldas.edu.co\\\/portal\\\/convocatoria-elecciones-de-representantes-de-docentes-estudiantes-graduados-y-administrativos\\\/#breadcrumb\",\"itemListElement\":[{\"@type\":\"ListItem\",\"position\":1,\"name\":\"Portada\",\"item\":\"https:\\\/\\\/www.ucaldas.edu.co\\\/portal\\\/\"},{\"@type\":\"ListItem\",\"position\":2,\"name\":\"Convocatoria elecciones de representantes de docentes, estudiantes, graduados y administrativos\"}]},{\"@type\":\"WebSite\",\"@id\":\"https:\\\/\\\/www.ucaldas.edu.co\\\/portal\\\/#website\",\"url\":\"https:\\\/\\\/www.ucaldas.edu.co\\\/portal\\\/\",\"name\":\"Universidad de Caldas\",\"description\":\"\",\"publisher\":{\"@id\":\"https:\\\/\\\/www.ucaldas.edu.co\\\/portal\\\/#organization\"},\"alternateName\":\"U. de Caldas\",\"potentialAction\":[{\"@type\":\"SearchAction\",\"target\":{\"@type\":\"EntryPoint\",\"urlTemplate\":\"https:\\\/\\\/www.ucaldas.edu.co\\\/portal\\\/?s={search_term_string}\"},\"query-input\":{\"@type\":\"PropertyValueSpecification\",\"valueRequired\":true,\"valueName\":\"search_term_string\"}}],\"inLanguage\":\"es\"},{\"@type\":\"Organization\",\"@id\":\"https:\\\/\\\/www.ucaldas.edu.co\\\/portal\\\/#organization\",\"name\":\"Universidad de Caldas\",\"alternateName\":\"U. de Caldas\",\"url\":\"https:\\\/\\\/www.ucaldas.edu.co\\\/portal\\\/\",\"logo\":{\"@type\":\"ImageObject\",\"inLanguage\":\"es\",\"@id\":\"https:\\\/\\\/www.ucaldas.edu.co\\\/portal\\\/#\\\/schema\\\/logo\\\/image\\\/\",\"url\":\"https:\\\/\\\/www.ucaldas.edu.co\\\/portal\\\/wp-content\\\/uploads\\\/2023\\\/11\\\/Logo_horizontal_oscuroU-2023.png\",\"contentUrl\":\"https:\\\/\\\/www.ucaldas.edu.co\\\/portal\\\/wp-content\\\/uploads\\\/2023\\\/11\\\/Logo_horizontal_oscuroU-2023.png\",\"width\":263,\"height\":101,\"caption\":\"Universidad de Caldas\"},\"image\":{\"@id\":\"https:\\\/\\\/www.ucaldas.edu.co\\\/portal\\\/#\\\/schema\\\/logo\\\/image\\\/\"},\"sameAs\":[\"https:\\\/\\\/www.facebook.com\\\/udecaldas\",\"https:\\\/\\\/x.com\\\/udecaldas\",\"https:\\\/\\\/www.youtube.com\\\/universidadcaldas\",\"https:\\\/\\\/www.instagram.com\\\/udecaldas\\\/\"]},{\"@type\":\"Person\",\"@id\":\"https:\\\/\\\/www.ucaldas.edu.co\\\/portal\\\/#\\\/schema\\\/person\\\/a1b482e23449158b4bc319926c074fdf\",\"name\":\"ofiprensa\",\"image\":{\"@type\":\"ImageObject\",\"inLanguage\":\"es\",\"@id\":\"https:\\\/\\\/www.ucaldas.edu.co\\\/portal\\\/wp-content\\\/litespeed\\\/avatar\\\/09ea5085e600095a7a811142c6944527.jpg?ver=1776892805\",\"url\":\"https:\\\/\\\/www.ucaldas.edu.co\\\/portal\\\/wp-content\\\/litespeed\\\/avatar\\\/09ea5085e600095a7a811142c6944527.jpg?ver=1776892805\",\"contentUrl\":\"https:\\\/\\\/www.ucaldas.edu.co\\\/portal\\\/wp-content\\\/litespeed\\\/avatar\\\/09ea5085e600095a7a811142c6944527.jpg?ver=1776892805\",\"caption\":\"ofiprensa\"},\"url\":\"https:\\\/\\\/www.ucaldas.edu.co\\\/portal\\\/author\\\/ofiprensa\\\/\"}]}<\/script>\n<!-- \/ Yoast SEO plugin. -->","yoast_head_json":{"title":"Convocatoria elecciones de representantes de docentes, estudiantes, graduados y administrativos .","robots":{"index":"index","follow":"follow","max-snippet":"max-snippet:-1","max-image-preview":"max-image-preview:large","max-video-preview":"max-video-preview:-1"},"canonical":"https:\/\/www.ucaldas.edu.co\/portal\/convocatoria-elecciones-de-representantes-de-docentes-estudiantes-graduados-y-administrativos\/","schema":{"@context":"https:\/\/schema.org","@graph":[{"@type":"Article","@id":"https:\/\/www.ucaldas.edu.co\/portal\/convocatoria-elecciones-de-representantes-de-docentes-estudiantes-graduados-y-administrativos\/#article","isPartOf":{"@id":"https:\/\/www.ucaldas.edu.co\/portal\/convocatoria-elecciones-de-representantes-de-docentes-estudiantes-graduados-y-administrativos\/"},"author":{"name":"ofiprensa","@id":"https:\/\/www.ucaldas.edu.co\/portal\/#\/schema\/person\/a1b482e23449158b4bc319926c074fdf"},"headline":"Convocatoria elecciones de representantes de docentes, estudiantes, graduados y administrativos","datePublished":"2022-04-08T21:03:39+00:00","mainEntityOfPage":{"@id":"https:\/\/www.ucaldas.edu.co\/portal\/convocatoria-elecciones-de-representantes-de-docentes-estudiantes-graduados-y-administrativos\/"},"wordCount":365,"publisher":{"@id":"https:\/\/www.ucaldas.edu.co\/portal\/#organization"},"image":{"@id":"https:\/\/www.ucaldas.edu.co\/portal\/convocatoria-elecciones-de-representantes-de-docentes-estudiantes-graduados-y-administrativos\/#primaryimage"},"thumbnailUrl":"https:\/\/www.ucaldas.edu.co\/portal\/wp-content\/uploads\/2022\/04\/Elecciones-cuerpos-colegiados-1.jpg","keywords":["cuerpos colegiados","representantes comit\u00e9","elecciones u caldas"],"articleSection":["Universidad al D\u00eda","UCaldas Transparente","Actualidad"],"inLanguage":"es"},{"@type":"WebPage","@id":"https:\/\/www.ucaldas.edu.co\/portal\/convocatoria-elecciones-de-representantes-de-docentes-estudiantes-graduados-y-administrativos\/","url":"https:\/\/www.ucaldas.edu.co\/portal\/convocatoria-elecciones-de-representantes-de-docentes-estudiantes-graduados-y-administrativos\/","name":"Convocatoria elecciones de representantes de docentes, estudiantes, graduados y administrativos .","isPartOf":{"@id":"https:\/\/www.ucaldas.edu.co\/portal\/#website"},"primaryImageOfPage":{"@id":"https:\/\/www.ucaldas.edu.co\/portal\/convocatoria-elecciones-de-representantes-de-docentes-estudiantes-graduados-y-administrativos\/#primaryimage"},"image":{"@id":"https:\/\/www.ucaldas.edu.co\/portal\/convocatoria-elecciones-de-representantes-de-docentes-estudiantes-graduados-y-administrativos\/#primaryimage"},"thumbnailUrl":"https:\/\/www.ucaldas.edu.co\/portal\/wp-content\/uploads\/2022\/04\/Elecciones-cuerpos-colegiados-1.jpg","datePublished":"2022-04-08T21:03:39+00:00","breadcrumb":{"@id":"https:\/\/www.ucaldas.edu.co\/portal\/convocatoria-elecciones-de-representantes-de-docentes-estudiantes-graduados-y-administrativos\/#breadcrumb"},"inLanguage":"es","potentialAction":[{"@type":"ReadAction","target":["https:\/\/www.ucaldas.edu.co\/portal\/convocatoria-elecciones-de-representantes-de-docentes-estudiantes-graduados-y-administrativos\/"]}]},{"@type":"ImageObject","inLanguage":"es","@id":"https:\/\/www.ucaldas.edu.co\/portal\/convocatoria-elecciones-de-representantes-de-docentes-estudiantes-graduados-y-administrativos\/#primaryimage","url":"https:\/\/www.ucaldas.edu.co\/portal\/wp-content\/uploads\/2022\/04\/Elecciones-cuerpos-colegiados-1.jpg","contentUrl":"https:\/\/www.ucaldas.edu.co\/portal\/wp-content\/uploads\/2022\/04\/Elecciones-cuerpos-colegiados-1.jpg","width":700,"height":400,"caption":"Elecciones cuerpos colegiados"},{"@type":"BreadcrumbList","@id":"https:\/\/www.ucaldas.edu.co\/portal\/convocatoria-elecciones-de-representantes-de-docentes-estudiantes-graduados-y-administrativos\/#breadcrumb","itemListElement":[{"@type":"ListItem","position":1,"name":"Portada","item":"https:\/\/www.ucaldas.edu.co\/portal\/"},{"@type":"ListItem","position":2,"name":"Convocatoria elecciones de representantes de docentes, estudiantes, graduados y administrativos"}]},{"@type":"WebSite","@id":"https:\/\/www.ucaldas.edu.co\/portal\/#website","url":"https:\/\/www.ucaldas.edu.co\/portal\/","name":"Universidad de Caldas","description":"","publisher":{"@id":"https:\/\/www.ucaldas.edu.co\/portal\/#organization"},"alternateName":"U. de Caldas","potentialAction":[{"@type":"SearchAction","target":{"@type":"EntryPoint","urlTemplate":"https:\/\/www.ucaldas.edu.co\/portal\/?s={search_term_string}"},"query-input":{"@type":"PropertyValueSpecification","valueRequired":true,"valueName":"search_term_string"}}],"inLanguage":"es"},{"@type":"Organization","@id":"https:\/\/www.ucaldas.edu.co\/portal\/#organization","name":"Universidad de Caldas","alternateName":"U. de Caldas","url":"https:\/\/www.ucaldas.edu.co\/portal\/","logo":{"@type":"ImageObject","inLanguage":"es","@id":"https:\/\/www.ucaldas.edu.co\/portal\/#\/schema\/logo\/image\/","url":"https:\/\/www.ucaldas.edu.co\/portal\/wp-content\/uploads\/2023\/11\/Logo_horizontal_oscuroU-2023.png","contentUrl":"https:\/\/www.ucaldas.edu.co\/portal\/wp-content\/uploads\/2023\/11\/Logo_horizontal_oscuroU-2023.png","width":263,"height":101,"caption":"Universidad de Caldas"},"image":{"@id":"https:\/\/www.ucaldas.edu.co\/portal\/#\/schema\/logo\/image\/"},"sameAs":["https:\/\/www.facebook.com\/udecaldas","https:\/\/x.com\/udecaldas","https:\/\/www.youtube.com\/universidadcaldas","https:\/\/www.instagram.com\/udecaldas\/"]},{"@type":"Person","@id":"https:\/\/www.ucaldas.edu.co\/portal\/#\/schema\/person\/a1b482e23449158b4bc319926c074fdf","name":"ofiprensa","image":{"@type":"ImageObject","inLanguage":"es","@id":"https:\/\/www.ucaldas.edu.co\/portal\/wp-content\/litespeed\/avatar\/09ea5085e600095a7a811142c6944527.jpg?ver=1776892805","url":"https:\/\/www.ucaldas.edu.co\/portal\/wp-content\/litespeed\/avatar\/09ea5085e600095a7a811142c6944527.jpg?ver=1776892805","contentUrl":"https:\/\/www.ucaldas.edu.co\/portal\/wp-content\/litespeed\/avatar\/09ea5085e600095a7a811142c6944527.jpg?ver=1776892805","caption":"ofiprensa"},"url":"https:\/\/www.ucaldas.edu.co\/portal\/author\/ofiprensa\/"}]}},"_links":{"self":[{"href":"https:\/\/www.ucaldas.edu.co\/portal\/wp-json\/wp\/v2\/posts\/69116","targetHints":{"allow":["GET"]}}],"collection":[{"href":"https:\/\/www.ucaldas.edu.co\/portal\/wp-json\/wp\/v2\/posts"}],"about":[{"href":"https:\/\/www.ucaldas.edu.co\/portal\/wp-json\/wp\/v2\/types\/post"}],"author":[{"embeddable":true,"href":"https:\/\/www.ucaldas.edu.co\/portal\/wp-json\/wp\/v2\/users\/2"}],"replies":[{"embeddable":true,"href":"https:\/\/www.ucaldas.edu.co\/portal\/wp-json\/wp\/v2\/comments?post=69116"}],"version-history":[{"count":0,"href":"https:\/\/www.ucaldas.edu.co\/portal\/wp-json\/wp\/v2\/posts\/69116\/revisions"}],"wp:featuredmedia":[{"embeddable":true,"href":"https:\/\/www.ucaldas.edu.co\/portal\/wp-json\/wp\/v2\/media\/69118"}],"wp:attachment":[{"href":"https:\/\/www.ucaldas.edu.co\/portal\/wp-json\/wp\/v2\/media?parent=69116"}],"wp:term":[{"taxonomy":"category","embeddable":true,"href":"https:\/\/www.ucaldas.edu.co\/portal\/wp-json\/wp\/v2\/categories?post=69116"},{"taxonomy":"post_tag","embeddable":true,"href":"https:\/\/www.ucaldas.edu.co\/portal\/wp-json\/wp\/v2\/tags?post=69116"}],"curies":[{"name":"wp","href":"https:\/\/api.w.org\/{rel}","templated":true}]}}