{"id":69106,"date":"2022-04-08T21:43:36","date_gmt":"2022-04-08T21:43:36","guid":{"rendered":"https:\/\/www.ucaldas.edu.co\/portal\/?p=69106"},"modified":"2022-04-08T21:46:19","modified_gmt":"2022-04-08T21:46:19","slug":"69106-2","status":"publish","type":"post","link":"https:\/\/www.ucaldas.edu.co\/portal\/69106-2\/","title":{"rendered":"Borrador de proyecto de acuerdo que se presentar\u00e1 ante las bases profesorales y el Consejo Superior sobre ocasionales en la Universidad de Caldas"},"content":{"rendered":"<p>&nbsp;<\/p>\n<p><strong><img loading=\"lazy\" decoding=\"async\" class=\"aligncenter size-full wp-image-69107\" src=\"https:\/\/www.ucaldas.edu.co\/portal\/wp-content\/uploads\/2022\/04\/Diseno-sin-titulo-3.jpg\" alt=\"mesa de trabajo para la propuesta de la pol\u00edtica de docentes ocasionales en la Universidad de Caldas\" width=\"700\" height=\"400\" srcset=\"https:\/\/www.ucaldas.edu.co\/portal\/wp-content\/uploads\/2022\/04\/Diseno-sin-titulo-3.jpg 700w, https:\/\/www.ucaldas.edu.co\/portal\/wp-content\/uploads\/2022\/04\/Diseno-sin-titulo-3-300x171.jpg 300w\" sizes=\"auto, (max-width: 700px) 100vw, 700px\" \/>\u00a0<\/strong><\/p>\n<p>Mediante un comunicado expedido por la rector\u00eda de la Universidad de Caldas, se anuncia a la comunidad universitaria el \u00a0consenso sobre el texto del proyecto de acuerdo que se presentar\u00e1 ante las bases profesorales y posteriormente ante el Consejo Superior relacionado con la pol\u00edtica de docentes ocasionales.<\/p>\n<p><!--more--><\/p>\n<p>El documento hace relaci\u00f3n al trabajo de los representantes profesorales y \u00a0la administraci\u00f3n universitaria en la construcci\u00f3n de \u00a0una propuesta participativa, \u00a0en la que prim\u00f3 el dialogo y el respeto hacia el otro.<\/p>\n<p>&nbsp;<\/p>\n<p style=\"text-align: center;\"><strong>COMUNICADO A LA COMUNIDAD UNIVERSITARIA<\/strong><\/p>\n<p>Apreciados miembros de la comunidad, reciban un caluroso saludo.<\/p>\n<p>Mediante Resoluci\u00f3n 885 de 2015, modificada por la Resoluci\u00f3n 374 de 2016, se dispuso la creaci\u00f3n de la mesa de trabajo en materia de pol\u00edtica de docentes ocasionales, cuyo objetivo era recomendar al Consejo Superior una pol\u00edtica que regulara la materia y acomodara dicha modalidad de vinculaci\u00f3n a las concepciones contempor\u00e1neas del actuar integral del docente universitario.<\/p>\n<p>Desde el 2015 se trabaj\u00f3 incansablemente para lograr los objetivos propuestos, entre ellos, el fortalecimiento docente, la modificaci\u00f3n de la figura de docentes ocasionales para acoplarla a la realidad institucional y la creaci\u00f3n de una nueva modalidad de vinculaci\u00f3n: docentes provisionales.<\/p>\n<p>Con gran ilusi\u00f3n, hoy nos permitimos anunciar a la comunidad universitaria que hemos llegado a un consenso sobre el texto del proyecto de Acuerdo que se presentar\u00e1 ante las bases profesorales y posteriormente ante el Consejo Superior. Tanto los representantes profesorales como la administraci\u00f3n universitaria construimos una propuesta participativa, donde prim\u00f3 el dialogo y el respeto hacia el otro. Hoy los esfuerzos emprendidos a lo largo de los a\u00f1os est\u00e1n m\u00e1s cerca de hacerse una realidad.<\/p>\n<p>De manera conjunta, los docentes integrantes de la mesa, la Secretaria General, el Vicerrector Acad\u00e9mico (e) y el Rector dieron su aval a la propuesta que se presentar\u00e1 ante la Comunidad Universitaria pr\u00f3ximamente.<\/p>\n<p>Este logro es una muestra irrefutable de que la cohesi\u00f3n, la argumentaci\u00f3n, el respeto y el trabajo mancomunado con objetivos comunes claros son elementos necesarios para construir la Universidad que todos queremos.<\/p>\n<p>Anexamos el proyecto de Acuerdo en lo referente a los t\u00edtulos que ata\u00f1en a los docentes ocasionales.<\/p>\n<p>&nbsp;<\/p>\n<p>Atentamente,<\/p>\n<p>&nbsp;<\/p>\n<p style=\"text-align: center;\">ALEJANDRO CEBALLOS M\u00c1RQUEZ<br \/>\nRector<\/p>\n<p>&nbsp;<\/p>\n<p>YASALDEZ EDER LOAIZA ZULUAGA\u00a0 \u00a0 \u00a0 \u00a0 \u00a0 \u00a0 \u00a0 \u00a0 \u00a0 \u00a0 \u00a0 \u00a0 CAROLINA L\u00d3PEZ S\u00c1NCHEZ<br \/>\nVicerrector Acad\u00e9mico (e)\u00a0 \u00a0 \u00a0 \u00a0 \u00a0 \u00a0 \u00a0 \u00a0 \u00a0 \u00a0 \u00a0 \u00a0 \u00a0 \u00a0 \u00a0 \u00a0 \u00a0 \u00a0 \u00a0 \u00a0 \u00a0 \u00a0 \u00a0 \u00a0Secretaria General<\/p>\n<p>&nbsp;<\/p>\n<p>PAULO C\u00c9SAR GIRALDO BETANCUR\u00a0 \u00a0 \u00a0 \u00a0 \u00a0 \u00a0 \u00a0 \u00a0 \u00a0 \u00a0 \u00a0 \u00a0MARCO EL\u00cdAS OSPINA MURILLO<br \/>\nDocente Ocasional\u00a0 \u00a0 \u00a0 \u00a0 \u00a0 \u00a0 \u00a0 \u00a0 \u00a0 \u00a0 \u00a0 \u00a0 \u00a0 \u00a0 \u00a0 \u00a0 \u00a0 \u00a0 \u00a0 \u00a0 \u00a0 \u00a0 \u00a0 \u00a0 \u00a0 \u00a0 \u00a0 \u00a0 \u00a0 \u00a0 \u00a0Docente Ocasional<\/p>\n<p>&nbsp;<\/p>\n<p>JAVIER SEP\u00daLVEDA R\u00cdOS<br \/>\nDocente Ocasional<\/p>\n<p>&nbsp;<\/p>\n<p><strong>Anexos:<\/strong><\/p>\n<p><a href=\"https:\/\/www.ucaldas.edu.co\/portal\/wp-content\/uploads\/2022\/04\/COMUNICADO-RECTORIA-08042022.pdf\" target=\"_blank\" rel=\"noopener\"><strong>Comunicado rector\u00eda<\/strong><\/a><br \/>\n<a href=\"https:\/\/www.ucaldas.edu.co\/portal\/wp-content\/uploads\/2022\/04\/ACUERDO-MESA-DE-OCASIONALES-VERSION-7-DE-ABRIL-de-2022-FORTALECIMIENTO-DOCENTE-BORRADOR.pdf\"><strong>Borrador proyecto de acuerdo<\/strong><\/a><br \/>\n<strong><a href=\"https:\/\/go.ivoox.com\/rf\/85490603\">Audio rector Universidad de Caldas, Alejandro Ceballos M\u00e1rquez<\/a><br \/>\n<iframe loading=\"lazy\" src=\"https:\/\/www.ivoox.com\/player_ek_85490603_2_1.html\" width=\"238\" height=\"48\" frameborder=\"0\" scrolling=\"no\" allowfullscreen=\"allowfullscreen\"><\/iframe><\/strong><\/p>\n<p><strong><a href=\"https:\/\/www.youtube.com\/watch?v=WRyPG3cXXFM\">Video rector Universidad de Caldas, Alejandro Ceballos M\u00e1rquez<\/a><br \/>\n<iframe loading=\"lazy\" title=\"YouTube video player\" src=\"\/\/www.youtube.com\/embed\/WRyPG3cXXFM\" width=\"360\" height=\"115\" frameborder=\"0\" allowfullscreen=\"allowfullscreen\"><\/iframe><br \/>\n<\/strong><\/p>\n<p><strong>\u00a0<\/strong><\/p>\n<p>&nbsp;<\/p>\n<p><strong>Informes: <\/strong>Oficina de Comunicaciones y Prensa Universidad de Caldas.<\/p>\n<p><strong>Redacci\u00f3n:<\/strong> Adriana Salazar Villegas<\/p>\n<p>&nbsp;<\/p>\n<p>&nbsp;<\/p>\n","protected":false},"excerpt":{"rendered":"<p>&nbsp; \u00a0 Mediante un comunicado expedido por la rector\u00eda de la Universidad de Caldas, se anuncia a la comunidad universitaria el \u00a0consenso sobre el texto del proyecto de acuerdo que se presentar\u00e1 ante las bases profesorales y posteriormente ante el Consejo Superior relacionado con la pol\u00edtica de docentes ocasionales.<\/p>\n","protected":false},"author":2,"featured_media":69107,"comment_status":"closed","ping_status":"open","sticky":false,"template":"","format":"standard","meta":{"footnotes":""},"categories":[48,53],"tags":[1211,1212,3237,8236],"class_list":["post-69106","post","type-post","status-publish","format-standard","has-post-thumbnail","hentry","category-actualidad","category-universidad-al-dia","tag-acuerdo","tag-comunicado","tag-informacion-oficial","tag-politica-de-profesores-ocasionales"],"yoast_head":"<!-- This site is optimized with the Yoast SEO plugin v27.4 - https:\/\/yoast.com\/product\/yoast-seo-wordpress\/ -->\n<title>Borrador de proyecto de acuerdo que se presentar\u00e1 ante las bases profesorales y el Consejo Superior sobre ocasionales en la Universidad de Caldas .<\/title>\n<meta name=\"robots\" content=\"index, follow, max-snippet:-1, max-image-preview:large, max-video-preview:-1\" \/>\n<link rel=\"canonical\" href=\"https:\/\/www.ucaldas.edu.co\/portal\/69106-2\/\" \/>\n<script type=\"application\/ld+json\" class=\"yoast-schema-graph\">{\"@context\":\"https:\\\/\\\/schema.org\",\"@graph\":[{\"@type\":\"Article\",\"@id\":\"https:\\\/\\\/www.ucaldas.edu.co\\\/portal\\\/69106-2\\\/#article\",\"isPartOf\":{\"@id\":\"https:\\\/\\\/www.ucaldas.edu.co\\\/portal\\\/69106-2\\\/\"},\"author\":{\"name\":\"ofiprensa\",\"@id\":\"https:\\\/\\\/www.ucaldas.edu.co\\\/portal\\\/#\\\/schema\\\/person\\\/a1b482e23449158b4bc319926c074fdf\"},\"headline\":\"Borrador de proyecto de acuerdo que se presentar\u00e1 ante las bases profesorales y el Consejo Superior sobre ocasionales en la Universidad de Caldas\",\"datePublished\":\"2022-04-08T21:43:36+00:00\",\"dateModified\":\"2022-04-08T21:46:19+00:00\",\"mainEntityOfPage\":{\"@id\":\"https:\\\/\\\/www.ucaldas.edu.co\\\/portal\\\/69106-2\\\/\"},\"wordCount\":487,\"publisher\":{\"@id\":\"https:\\\/\\\/www.ucaldas.edu.co\\\/portal\\\/#organization\"},\"image\":{\"@id\":\"https:\\\/\\\/www.ucaldas.edu.co\\\/portal\\\/69106-2\\\/#primaryimage\"},\"thumbnailUrl\":\"https:\\\/\\\/www.ucaldas.edu.co\\\/portal\\\/wp-content\\\/uploads\\\/2022\\\/04\\\/Diseno-sin-titulo-3.jpg\",\"keywords\":[\"Acuerdo\",\"Comunicado\",\"Informaci\u00f3n Oficial\",\"pol\u00edtica de profesores ocasionales\"],\"articleSection\":[\"Actualidad\",\"Universidad al D\u00eda\"],\"inLanguage\":\"es\"},{\"@type\":\"WebPage\",\"@id\":\"https:\\\/\\\/www.ucaldas.edu.co\\\/portal\\\/69106-2\\\/\",\"url\":\"https:\\\/\\\/www.ucaldas.edu.co\\\/portal\\\/69106-2\\\/\",\"name\":\"Borrador de proyecto de acuerdo que se presentar\u00e1 ante las bases profesorales y el Consejo Superior sobre ocasionales en la Universidad de Caldas .\",\"isPartOf\":{\"@id\":\"https:\\\/\\\/www.ucaldas.edu.co\\\/portal\\\/#website\"},\"primaryImageOfPage\":{\"@id\":\"https:\\\/\\\/www.ucaldas.edu.co\\\/portal\\\/69106-2\\\/#primaryimage\"},\"image\":{\"@id\":\"https:\\\/\\\/www.ucaldas.edu.co\\\/portal\\\/69106-2\\\/#primaryimage\"},\"thumbnailUrl\":\"https:\\\/\\\/www.ucaldas.edu.co\\\/portal\\\/wp-content\\\/uploads\\\/2022\\\/04\\\/Diseno-sin-titulo-3.jpg\",\"datePublished\":\"2022-04-08T21:43:36+00:00\",\"dateModified\":\"2022-04-08T21:46:19+00:00\",\"breadcrumb\":{\"@id\":\"https:\\\/\\\/www.ucaldas.edu.co\\\/portal\\\/69106-2\\\/#breadcrumb\"},\"inLanguage\":\"es\",\"potentialAction\":[{\"@type\":\"ReadAction\",\"target\":[\"https:\\\/\\\/www.ucaldas.edu.co\\\/portal\\\/69106-2\\\/\"]}]},{\"@type\":\"ImageObject\",\"inLanguage\":\"es\",\"@id\":\"https:\\\/\\\/www.ucaldas.edu.co\\\/portal\\\/69106-2\\\/#primaryimage\",\"url\":\"https:\\\/\\\/www.ucaldas.edu.co\\\/portal\\\/wp-content\\\/uploads\\\/2022\\\/04\\\/Diseno-sin-titulo-3.jpg\",\"contentUrl\":\"https:\\\/\\\/www.ucaldas.edu.co\\\/portal\\\/wp-content\\\/uploads\\\/2022\\\/04\\\/Diseno-sin-titulo-3.jpg\",\"width\":700,\"height\":400,\"caption\":\"mesa de trabajo para la propuesta de la pol\u00edtica de docentes ocasionales en la Universidad de Caldas\"},{\"@type\":\"BreadcrumbList\",\"@id\":\"https:\\\/\\\/www.ucaldas.edu.co\\\/portal\\\/69106-2\\\/#breadcrumb\",\"itemListElement\":[{\"@type\":\"ListItem\",\"position\":1,\"name\":\"Portada\",\"item\":\"https:\\\/\\\/www.ucaldas.edu.co\\\/portal\\\/\"},{\"@type\":\"ListItem\",\"position\":2,\"name\":\"Borrador de proyecto de acuerdo que se presentar\u00e1 ante las bases profesorales y el Consejo Superior sobre ocasionales en la Universidad de Caldas\"}]},{\"@type\":\"WebSite\",\"@id\":\"https:\\\/\\\/www.ucaldas.edu.co\\\/portal\\\/#website\",\"url\":\"https:\\\/\\\/www.ucaldas.edu.co\\\/portal\\\/\",\"name\":\"Universidad de Caldas\",\"description\":\"\",\"publisher\":{\"@id\":\"https:\\\/\\\/www.ucaldas.edu.co\\\/portal\\\/#organization\"},\"alternateName\":\"U. de Caldas\",\"potentialAction\":[{\"@type\":\"SearchAction\",\"target\":{\"@type\":\"EntryPoint\",\"urlTemplate\":\"https:\\\/\\\/www.ucaldas.edu.co\\\/portal\\\/?s={search_term_string}\"},\"query-input\":{\"@type\":\"PropertyValueSpecification\",\"valueRequired\":true,\"valueName\":\"search_term_string\"}}],\"inLanguage\":\"es\"},{\"@type\":\"Organization\",\"@id\":\"https:\\\/\\\/www.ucaldas.edu.co\\\/portal\\\/#organization\",\"name\":\"Universidad de Caldas\",\"alternateName\":\"U. de Caldas\",\"url\":\"https:\\\/\\\/www.ucaldas.edu.co\\\/portal\\\/\",\"logo\":{\"@type\":\"ImageObject\",\"inLanguage\":\"es\",\"@id\":\"https:\\\/\\\/www.ucaldas.edu.co\\\/portal\\\/#\\\/schema\\\/logo\\\/image\\\/\",\"url\":\"https:\\\/\\\/www.ucaldas.edu.co\\\/portal\\\/wp-content\\\/uploads\\\/2023\\\/11\\\/Logo_horizontal_oscuroU-2023.png\",\"contentUrl\":\"https:\\\/\\\/www.ucaldas.edu.co\\\/portal\\\/wp-content\\\/uploads\\\/2023\\\/11\\\/Logo_horizontal_oscuroU-2023.png\",\"width\":263,\"height\":101,\"caption\":\"Universidad de Caldas\"},\"image\":{\"@id\":\"https:\\\/\\\/www.ucaldas.edu.co\\\/portal\\\/#\\\/schema\\\/logo\\\/image\\\/\"},\"sameAs\":[\"https:\\\/\\\/www.facebook.com\\\/udecaldas\",\"https:\\\/\\\/x.com\\\/udecaldas\",\"https:\\\/\\\/www.youtube.com\\\/universidadcaldas\",\"https:\\\/\\\/www.instagram.com\\\/udecaldas\\\/\"]},{\"@type\":\"Person\",\"@id\":\"https:\\\/\\\/www.ucaldas.edu.co\\\/portal\\\/#\\\/schema\\\/person\\\/a1b482e23449158b4bc319926c074fdf\",\"name\":\"ofiprensa\",\"image\":{\"@type\":\"ImageObject\",\"inLanguage\":\"es\",\"@id\":\"https:\\\/\\\/www.ucaldas.edu.co\\\/portal\\\/wp-content\\\/litespeed\\\/avatar\\\/09ea5085e600095a7a811142c6944527.jpg?ver=1776892805\",\"url\":\"https:\\\/\\\/www.ucaldas.edu.co\\\/portal\\\/wp-content\\\/litespeed\\\/avatar\\\/09ea5085e600095a7a811142c6944527.jpg?ver=1776892805\",\"contentUrl\":\"https:\\\/\\\/www.ucaldas.edu.co\\\/portal\\\/wp-content\\\/litespeed\\\/avatar\\\/09ea5085e600095a7a811142c6944527.jpg?ver=1776892805\",\"caption\":\"ofiprensa\"},\"url\":\"https:\\\/\\\/www.ucaldas.edu.co\\\/portal\\\/author\\\/ofiprensa\\\/\"}]}<\/script>\n<!-- \/ Yoast SEO plugin. -->","yoast_head_json":{"title":"Borrador de proyecto de acuerdo que se presentar\u00e1 ante las bases profesorales y el Consejo Superior sobre ocasionales en la Universidad de Caldas .","robots":{"index":"index","follow":"follow","max-snippet":"max-snippet:-1","max-image-preview":"max-image-preview:large","max-video-preview":"max-video-preview:-1"},"canonical":"https:\/\/www.ucaldas.edu.co\/portal\/69106-2\/","schema":{"@context":"https:\/\/schema.org","@graph":[{"@type":"Article","@id":"https:\/\/www.ucaldas.edu.co\/portal\/69106-2\/#article","isPartOf":{"@id":"https:\/\/www.ucaldas.edu.co\/portal\/69106-2\/"},"author":{"name":"ofiprensa","@id":"https:\/\/www.ucaldas.edu.co\/portal\/#\/schema\/person\/a1b482e23449158b4bc319926c074fdf"},"headline":"Borrador de proyecto de acuerdo que se presentar\u00e1 ante las bases profesorales y el Consejo Superior sobre ocasionales en la Universidad de Caldas","datePublished":"2022-04-08T21:43:36+00:00","dateModified":"2022-04-08T21:46:19+00:00","mainEntityOfPage":{"@id":"https:\/\/www.ucaldas.edu.co\/portal\/69106-2\/"},"wordCount":487,"publisher":{"@id":"https:\/\/www.ucaldas.edu.co\/portal\/#organization"},"image":{"@id":"https:\/\/www.ucaldas.edu.co\/portal\/69106-2\/#primaryimage"},"thumbnailUrl":"https:\/\/www.ucaldas.edu.co\/portal\/wp-content\/uploads\/2022\/04\/Diseno-sin-titulo-3.jpg","keywords":["Acuerdo","Comunicado","Informaci\u00f3n Oficial","pol\u00edtica de profesores ocasionales"],"articleSection":["Actualidad","Universidad al D\u00eda"],"inLanguage":"es"},{"@type":"WebPage","@id":"https:\/\/www.ucaldas.edu.co\/portal\/69106-2\/","url":"https:\/\/www.ucaldas.edu.co\/portal\/69106-2\/","name":"Borrador de proyecto de acuerdo que se presentar\u00e1 ante las bases profesorales y el Consejo Superior sobre ocasionales en la Universidad de Caldas .","isPartOf":{"@id":"https:\/\/www.ucaldas.edu.co\/portal\/#website"},"primaryImageOfPage":{"@id":"https:\/\/www.ucaldas.edu.co\/portal\/69106-2\/#primaryimage"},"image":{"@id":"https:\/\/www.ucaldas.edu.co\/portal\/69106-2\/#primaryimage"},"thumbnailUrl":"https:\/\/www.ucaldas.edu.co\/portal\/wp-content\/uploads\/2022\/04\/Diseno-sin-titulo-3.jpg","datePublished":"2022-04-08T21:43:36+00:00","dateModified":"2022-04-08T21:46:19+00:00","breadcrumb":{"@id":"https:\/\/www.ucaldas.edu.co\/portal\/69106-2\/#breadcrumb"},"inLanguage":"es","potentialAction":[{"@type":"ReadAction","target":["https:\/\/www.ucaldas.edu.co\/portal\/69106-2\/"]}]},{"@type":"ImageObject","inLanguage":"es","@id":"https:\/\/www.ucaldas.edu.co\/portal\/69106-2\/#primaryimage","url":"https:\/\/www.ucaldas.edu.co\/portal\/wp-content\/uploads\/2022\/04\/Diseno-sin-titulo-3.jpg","contentUrl":"https:\/\/www.ucaldas.edu.co\/portal\/wp-content\/uploads\/2022\/04\/Diseno-sin-titulo-3.jpg","width":700,"height":400,"caption":"mesa de trabajo para la propuesta de la pol\u00edtica de docentes ocasionales en la Universidad de Caldas"},{"@type":"BreadcrumbList","@id":"https:\/\/www.ucaldas.edu.co\/portal\/69106-2\/#breadcrumb","itemListElement":[{"@type":"ListItem","position":1,"name":"Portada","item":"https:\/\/www.ucaldas.edu.co\/portal\/"},{"@type":"ListItem","position":2,"name":"Borrador de proyecto de acuerdo que se presentar\u00e1 ante las bases profesorales y el Consejo Superior sobre ocasionales en la Universidad de Caldas"}]},{"@type":"WebSite","@id":"https:\/\/www.ucaldas.edu.co\/portal\/#website","url":"https:\/\/www.ucaldas.edu.co\/portal\/","name":"Universidad de Caldas","description":"","publisher":{"@id":"https:\/\/www.ucaldas.edu.co\/portal\/#organization"},"alternateName":"U. de Caldas","potentialAction":[{"@type":"SearchAction","target":{"@type":"EntryPoint","urlTemplate":"https:\/\/www.ucaldas.edu.co\/portal\/?s={search_term_string}"},"query-input":{"@type":"PropertyValueSpecification","valueRequired":true,"valueName":"search_term_string"}}],"inLanguage":"es"},{"@type":"Organization","@id":"https:\/\/www.ucaldas.edu.co\/portal\/#organization","name":"Universidad de Caldas","alternateName":"U. de Caldas","url":"https:\/\/www.ucaldas.edu.co\/portal\/","logo":{"@type":"ImageObject","inLanguage":"es","@id":"https:\/\/www.ucaldas.edu.co\/portal\/#\/schema\/logo\/image\/","url":"https:\/\/www.ucaldas.edu.co\/portal\/wp-content\/uploads\/2023\/11\/Logo_horizontal_oscuroU-2023.png","contentUrl":"https:\/\/www.ucaldas.edu.co\/portal\/wp-content\/uploads\/2023\/11\/Logo_horizontal_oscuroU-2023.png","width":263,"height":101,"caption":"Universidad de Caldas"},"image":{"@id":"https:\/\/www.ucaldas.edu.co\/portal\/#\/schema\/logo\/image\/"},"sameAs":["https:\/\/www.facebook.com\/udecaldas","https:\/\/x.com\/udecaldas","https:\/\/www.youtube.com\/universidadcaldas","https:\/\/www.instagram.com\/udecaldas\/"]},{"@type":"Person","@id":"https:\/\/www.ucaldas.edu.co\/portal\/#\/schema\/person\/a1b482e23449158b4bc319926c074fdf","name":"ofiprensa","image":{"@type":"ImageObject","inLanguage":"es","@id":"https:\/\/www.ucaldas.edu.co\/portal\/wp-content\/litespeed\/avatar\/09ea5085e600095a7a811142c6944527.jpg?ver=1776892805","url":"https:\/\/www.ucaldas.edu.co\/portal\/wp-content\/litespeed\/avatar\/09ea5085e600095a7a811142c6944527.jpg?ver=1776892805","contentUrl":"https:\/\/www.ucaldas.edu.co\/portal\/wp-content\/litespeed\/avatar\/09ea5085e600095a7a811142c6944527.jpg?ver=1776892805","caption":"ofiprensa"},"url":"https:\/\/www.ucaldas.edu.co\/portal\/author\/ofiprensa\/"}]}},"_links":{"self":[{"href":"https:\/\/www.ucaldas.edu.co\/portal\/wp-json\/wp\/v2\/posts\/69106","targetHints":{"allow":["GET"]}}],"collection":[{"href":"https:\/\/www.ucaldas.edu.co\/portal\/wp-json\/wp\/v2\/posts"}],"about":[{"href":"https:\/\/www.ucaldas.edu.co\/portal\/wp-json\/wp\/v2\/types\/post"}],"author":[{"embeddable":true,"href":"https:\/\/www.ucaldas.edu.co\/portal\/wp-json\/wp\/v2\/users\/2"}],"replies":[{"embeddable":true,"href":"https:\/\/www.ucaldas.edu.co\/portal\/wp-json\/wp\/v2\/comments?post=69106"}],"version-history":[{"count":0,"href":"https:\/\/www.ucaldas.edu.co\/portal\/wp-json\/wp\/v2\/posts\/69106\/revisions"}],"wp:featuredmedia":[{"embeddable":true,"href":"https:\/\/www.ucaldas.edu.co\/portal\/wp-json\/wp\/v2\/media\/69107"}],"wp:attachment":[{"href":"https:\/\/www.ucaldas.edu.co\/portal\/wp-json\/wp\/v2\/media?parent=69106"}],"wp:term":[{"taxonomy":"category","embeddable":true,"href":"https:\/\/www.ucaldas.edu.co\/portal\/wp-json\/wp\/v2\/categories?post=69106"},{"taxonomy":"post_tag","embeddable":true,"href":"https:\/\/www.ucaldas.edu.co\/portal\/wp-json\/wp\/v2\/tags?post=69106"}],"curies":[{"name":"wp","href":"https:\/\/api.w.org\/{rel}","templated":true}]}}