{"id":68976,"date":"2022-04-02T00:31:24","date_gmt":"2022-04-02T00:31:24","guid":{"rendered":"https:\/\/www.ucaldas.edu.co\/portal\/?p=68976"},"modified":"2022-04-02T00:33:30","modified_gmt":"2022-04-02T00:33:30","slug":"charla-virtual-importancia-de-la-proteccion-de-marca-y-otros-signos-distintivos","status":"publish","type":"post","link":"https:\/\/www.ucaldas.edu.co\/portal\/charla-virtual-importancia-de-la-proteccion-de-marca-y-otros-signos-distintivos\/","title":{"rendered":"Charla virtual: \u2018Importancia de la protecci\u00f3n de marca y otros signos distintivos\u2019"},"content":{"rendered":"<p>&nbsp;<\/p>\n<p><img loading=\"lazy\" decoding=\"async\" class=\"aligncenter size-full wp-image-68977\" src=\"https:\/\/www.ucaldas.edu.co\/portal\/wp-content\/uploads\/2022\/04\/proteccion-marca.jpg\" alt=\"Charla virtual \u2018Importancia de la protecci\u00f3n de marca y otros signos distintivos\u2019\" width=\"700\" height=\"400\" srcset=\"https:\/\/www.ucaldas.edu.co\/portal\/wp-content\/uploads\/2022\/04\/proteccion-marca.jpg 700w, https:\/\/www.ucaldas.edu.co\/portal\/wp-content\/uploads\/2022\/04\/proteccion-marca-300x171.jpg 300w\" sizes=\"auto, (max-width: 700px) 100vw, 700px\" \/><\/p>\n<p>El 21 de abril a partir de las 10:30 a.m., se llevar\u00e1 a cabo la charla virtual \u2018Importancia de la protecci\u00f3n de marca y otros signos distintivos\u2019, dirigida a estudiantes, docentes, administrativos y egresados de la Universidad de Caldas.<\/p>\n<p><!--more--><\/p>\n<p>Este espacio es coordinado por la Vicerrector\u00eda de Investigaciones y Posgrados, y La Vicerrector\u00eda de Proyecci\u00f3n Universitaria, en asocio con la Superintendencia de Industria y Comercio, y el programa Centro de Apoyo a la Tecnolog\u00eda y a la Innovaci\u00f3n CATI.<\/p>\n<p>El objetivo es que la comunidad universitaria adquiera conocimientos sobre la importancia de proteger las marcas y los signos distintivos, distinguir su valor agregado, conocer procedimiento completo para registrar o renovar el registro de una marca en Colombia y aprender sobre los aspectos claves para diligenciar correctamente la solicitud marcaria en el pa\u00eds.<\/p>\n<p>Los interesados en participar deben diligenciar el siguiente formulario. <strong><a href=\"https:\/\/forms.gle\/jxsmyqG5dX2fM6TB7\">Inscripci\u00f3n.<\/a><\/strong><\/p>\n<p>&nbsp;<\/p>\n<table style=\"width: 790px;\">\n<tbody>\n<tr>\n<td style=\"width: 780px;\"><strong>PARA DESTACAR:<\/strong><\/p>\n<p>M\u00e1s informaci\u00f3n escribir a los correos: <strong><a href=\"propiedad.intelectual@ucaldas.edu.co%20\">propiedad.intelectual@ucaldas.edu.co<\/a><\/strong> y <strong><a href=\"mailto:emprendimiento@ucaldas.edu.co\">emprendimiento@ucaldas.edu.co<\/a><\/strong><\/td>\n<\/tr>\n<\/tbody>\n<\/table>\n<p><strong>\u00a0<\/strong><\/p>\n<p><strong>Informes: <\/strong>Oficina de Comunicaciones y Prensa Universidad de Caldas.<\/p>\n<p><strong>Redacci\u00f3n:<\/strong> Mateo Buritic\u00e1 Giraldo<\/p>\n<p>&nbsp;<\/p>\n<p>&nbsp;<\/p>\n","protected":false},"excerpt":{"rendered":"<p>&nbsp; El 21 de abril a partir de las 10:30 a.m., se llevar\u00e1 a cabo la charla virtual \u2018Importancia de la protecci\u00f3n de marca y otros signos distintivos\u2019, dirigida a estudiantes, docentes, administrativos y egresados de la Universidad de Caldas.<\/p>\n","protected":false},"author":2,"featured_media":68977,"comment_status":"closed","ping_status":"open","sticky":false,"template":"","format":"standard","meta":{"footnotes":""},"categories":[48,53,62],"tags":[429,638,8207],"class_list":["post-68976","post","type-post","status-publish","format-standard","has-post-thumbnail","hentry","category-actualidad","category-universidad-al-dia","category-eventos","tag-emprendimiento","tag-propiedad-intelectual","tag-proteccion-de-marca"],"yoast_head":"<!-- This site is optimized with the Yoast SEO plugin v27.5 - https:\/\/yoast.com\/product\/yoast-seo-wordpress\/ -->\n<title>Charla virtual: \u2018Importancia de la protecci\u00f3n de marca y otros signos distintivos\u2019 .<\/title>\n<meta name=\"robots\" content=\"index, follow, max-snippet:-1, max-image-preview:large, max-video-preview:-1\" \/>\n<link rel=\"canonical\" href=\"https:\/\/www.ucaldas.edu.co\/portal\/charla-virtual-importancia-de-la-proteccion-de-marca-y-otros-signos-distintivos\/\" \/>\n<script type=\"application\/ld+json\" class=\"yoast-schema-graph\">{\"@context\":\"https:\\\/\\\/schema.org\",\"@graph\":[{\"@type\":\"Article\",\"@id\":\"https:\\\/\\\/www.ucaldas.edu.co\\\/portal\\\/charla-virtual-importancia-de-la-proteccion-de-marca-y-otros-signos-distintivos\\\/#article\",\"isPartOf\":{\"@id\":\"https:\\\/\\\/www.ucaldas.edu.co\\\/portal\\\/charla-virtual-importancia-de-la-proteccion-de-marca-y-otros-signos-distintivos\\\/\"},\"author\":{\"name\":\"ofiprensa\",\"@id\":\"https:\\\/\\\/www.ucaldas.edu.co\\\/portal\\\/#\\\/schema\\\/person\\\/a1b482e23449158b4bc319926c074fdf\"},\"headline\":\"Charla virtual: \u2018Importancia de la protecci\u00f3n de marca y otros signos distintivos\u2019\",\"datePublished\":\"2022-04-02T00:31:24+00:00\",\"dateModified\":\"2022-04-02T00:33:30+00:00\",\"mainEntityOfPage\":{\"@id\":\"https:\\\/\\\/www.ucaldas.edu.co\\\/portal\\\/charla-virtual-importancia-de-la-proteccion-de-marca-y-otros-signos-distintivos\\\/\"},\"wordCount\":200,\"publisher\":{\"@id\":\"https:\\\/\\\/www.ucaldas.edu.co\\\/portal\\\/#organization\"},\"image\":{\"@id\":\"https:\\\/\\\/www.ucaldas.edu.co\\\/portal\\\/charla-virtual-importancia-de-la-proteccion-de-marca-y-otros-signos-distintivos\\\/#primaryimage\"},\"thumbnailUrl\":\"https:\\\/\\\/www.ucaldas.edu.co\\\/portal\\\/wp-content\\\/uploads\\\/2022\\\/04\\\/proteccion-marca.jpg\",\"keywords\":[\"Emprendimiento\",\"propiedad intelectual\",\"protecci\u00f3n de marca\"],\"articleSection\":[\"Actualidad\",\"Universidad al D\u00eda\",\"Eventos\"],\"inLanguage\":\"es\"},{\"@type\":\"WebPage\",\"@id\":\"https:\\\/\\\/www.ucaldas.edu.co\\\/portal\\\/charla-virtual-importancia-de-la-proteccion-de-marca-y-otros-signos-distintivos\\\/\",\"url\":\"https:\\\/\\\/www.ucaldas.edu.co\\\/portal\\\/charla-virtual-importancia-de-la-proteccion-de-marca-y-otros-signos-distintivos\\\/\",\"name\":\"Charla virtual: \u2018Importancia de la protecci\u00f3n de marca y otros signos distintivos\u2019 .\",\"isPartOf\":{\"@id\":\"https:\\\/\\\/www.ucaldas.edu.co\\\/portal\\\/#website\"},\"primaryImageOfPage\":{\"@id\":\"https:\\\/\\\/www.ucaldas.edu.co\\\/portal\\\/charla-virtual-importancia-de-la-proteccion-de-marca-y-otros-signos-distintivos\\\/#primaryimage\"},\"image\":{\"@id\":\"https:\\\/\\\/www.ucaldas.edu.co\\\/portal\\\/charla-virtual-importancia-de-la-proteccion-de-marca-y-otros-signos-distintivos\\\/#primaryimage\"},\"thumbnailUrl\":\"https:\\\/\\\/www.ucaldas.edu.co\\\/portal\\\/wp-content\\\/uploads\\\/2022\\\/04\\\/proteccion-marca.jpg\",\"datePublished\":\"2022-04-02T00:31:24+00:00\",\"dateModified\":\"2022-04-02T00:33:30+00:00\",\"breadcrumb\":{\"@id\":\"https:\\\/\\\/www.ucaldas.edu.co\\\/portal\\\/charla-virtual-importancia-de-la-proteccion-de-marca-y-otros-signos-distintivos\\\/#breadcrumb\"},\"inLanguage\":\"es\",\"potentialAction\":[{\"@type\":\"ReadAction\",\"target\":[\"https:\\\/\\\/www.ucaldas.edu.co\\\/portal\\\/charla-virtual-importancia-de-la-proteccion-de-marca-y-otros-signos-distintivos\\\/\"]}]},{\"@type\":\"ImageObject\",\"inLanguage\":\"es\",\"@id\":\"https:\\\/\\\/www.ucaldas.edu.co\\\/portal\\\/charla-virtual-importancia-de-la-proteccion-de-marca-y-otros-signos-distintivos\\\/#primaryimage\",\"url\":\"https:\\\/\\\/www.ucaldas.edu.co\\\/portal\\\/wp-content\\\/uploads\\\/2022\\\/04\\\/proteccion-marca.jpg\",\"contentUrl\":\"https:\\\/\\\/www.ucaldas.edu.co\\\/portal\\\/wp-content\\\/uploads\\\/2022\\\/04\\\/proteccion-marca.jpg\",\"width\":700,\"height\":400,\"caption\":\"Charla virtual \u2018Importancia de la protecci\u00f3n de marca y otros signos distintivos\u2019\"},{\"@type\":\"BreadcrumbList\",\"@id\":\"https:\\\/\\\/www.ucaldas.edu.co\\\/portal\\\/charla-virtual-importancia-de-la-proteccion-de-marca-y-otros-signos-distintivos\\\/#breadcrumb\",\"itemListElement\":[{\"@type\":\"ListItem\",\"position\":1,\"name\":\"Portada\",\"item\":\"https:\\\/\\\/www.ucaldas.edu.co\\\/portal\\\/\"},{\"@type\":\"ListItem\",\"position\":2,\"name\":\"Charla virtual: \u2018Importancia de la protecci\u00f3n de marca y otros signos distintivos\u2019\"}]},{\"@type\":\"WebSite\",\"@id\":\"https:\\\/\\\/www.ucaldas.edu.co\\\/portal\\\/#website\",\"url\":\"https:\\\/\\\/www.ucaldas.edu.co\\\/portal\\\/\",\"name\":\"Universidad de Caldas\",\"description\":\"\",\"publisher\":{\"@id\":\"https:\\\/\\\/www.ucaldas.edu.co\\\/portal\\\/#organization\"},\"alternateName\":\"U. de Caldas\",\"potentialAction\":[{\"@type\":\"SearchAction\",\"target\":{\"@type\":\"EntryPoint\",\"urlTemplate\":\"https:\\\/\\\/www.ucaldas.edu.co\\\/portal\\\/?s={search_term_string}\"},\"query-input\":{\"@type\":\"PropertyValueSpecification\",\"valueRequired\":true,\"valueName\":\"search_term_string\"}}],\"inLanguage\":\"es\"},{\"@type\":\"Organization\",\"@id\":\"https:\\\/\\\/www.ucaldas.edu.co\\\/portal\\\/#organization\",\"name\":\"Universidad de Caldas\",\"alternateName\":\"U. de Caldas\",\"url\":\"https:\\\/\\\/www.ucaldas.edu.co\\\/portal\\\/\",\"logo\":{\"@type\":\"ImageObject\",\"inLanguage\":\"es\",\"@id\":\"https:\\\/\\\/www.ucaldas.edu.co\\\/portal\\\/#\\\/schema\\\/logo\\\/image\\\/\",\"url\":\"https:\\\/\\\/www.ucaldas.edu.co\\\/portal\\\/wp-content\\\/uploads\\\/2023\\\/11\\\/Logo_horizontal_oscuroU-2023.png\",\"contentUrl\":\"https:\\\/\\\/www.ucaldas.edu.co\\\/portal\\\/wp-content\\\/uploads\\\/2023\\\/11\\\/Logo_horizontal_oscuroU-2023.png\",\"width\":263,\"height\":101,\"caption\":\"Universidad de Caldas\"},\"image\":{\"@id\":\"https:\\\/\\\/www.ucaldas.edu.co\\\/portal\\\/#\\\/schema\\\/logo\\\/image\\\/\"},\"sameAs\":[\"https:\\\/\\\/www.facebook.com\\\/udecaldas\",\"https:\\\/\\\/x.com\\\/udecaldas\",\"https:\\\/\\\/www.youtube.com\\\/universidadcaldas\",\"https:\\\/\\\/www.instagram.com\\\/udecaldas\\\/\"]},{\"@type\":\"Person\",\"@id\":\"https:\\\/\\\/www.ucaldas.edu.co\\\/portal\\\/#\\\/schema\\\/person\\\/a1b482e23449158b4bc319926c074fdf\",\"name\":\"ofiprensa\",\"image\":{\"@type\":\"ImageObject\",\"inLanguage\":\"es\",\"@id\":\"https:\\\/\\\/www.ucaldas.edu.co\\\/portal\\\/wp-content\\\/litespeed\\\/avatar\\\/09ea5085e600095a7a811142c6944527.jpg?ver=1777497608\",\"url\":\"https:\\\/\\\/www.ucaldas.edu.co\\\/portal\\\/wp-content\\\/litespeed\\\/avatar\\\/09ea5085e600095a7a811142c6944527.jpg?ver=1777497608\",\"contentUrl\":\"https:\\\/\\\/www.ucaldas.edu.co\\\/portal\\\/wp-content\\\/litespeed\\\/avatar\\\/09ea5085e600095a7a811142c6944527.jpg?ver=1777497608\",\"caption\":\"ofiprensa\"},\"url\":\"https:\\\/\\\/www.ucaldas.edu.co\\\/portal\\\/author\\\/ofiprensa\\\/\"}]}<\/script>\n<!-- \/ Yoast SEO plugin. -->","yoast_head_json":{"title":"Charla virtual: \u2018Importancia de la protecci\u00f3n de marca y otros signos distintivos\u2019 .","robots":{"index":"index","follow":"follow","max-snippet":"max-snippet:-1","max-image-preview":"max-image-preview:large","max-video-preview":"max-video-preview:-1"},"canonical":"https:\/\/www.ucaldas.edu.co\/portal\/charla-virtual-importancia-de-la-proteccion-de-marca-y-otros-signos-distintivos\/","schema":{"@context":"https:\/\/schema.org","@graph":[{"@type":"Article","@id":"https:\/\/www.ucaldas.edu.co\/portal\/charla-virtual-importancia-de-la-proteccion-de-marca-y-otros-signos-distintivos\/#article","isPartOf":{"@id":"https:\/\/www.ucaldas.edu.co\/portal\/charla-virtual-importancia-de-la-proteccion-de-marca-y-otros-signos-distintivos\/"},"author":{"name":"ofiprensa","@id":"https:\/\/www.ucaldas.edu.co\/portal\/#\/schema\/person\/a1b482e23449158b4bc319926c074fdf"},"headline":"Charla virtual: \u2018Importancia de la protecci\u00f3n de marca y otros signos distintivos\u2019","datePublished":"2022-04-02T00:31:24+00:00","dateModified":"2022-04-02T00:33:30+00:00","mainEntityOfPage":{"@id":"https:\/\/www.ucaldas.edu.co\/portal\/charla-virtual-importancia-de-la-proteccion-de-marca-y-otros-signos-distintivos\/"},"wordCount":200,"publisher":{"@id":"https:\/\/www.ucaldas.edu.co\/portal\/#organization"},"image":{"@id":"https:\/\/www.ucaldas.edu.co\/portal\/charla-virtual-importancia-de-la-proteccion-de-marca-y-otros-signos-distintivos\/#primaryimage"},"thumbnailUrl":"https:\/\/www.ucaldas.edu.co\/portal\/wp-content\/uploads\/2022\/04\/proteccion-marca.jpg","keywords":["Emprendimiento","propiedad intelectual","protecci\u00f3n de marca"],"articleSection":["Actualidad","Universidad al D\u00eda","Eventos"],"inLanguage":"es"},{"@type":"WebPage","@id":"https:\/\/www.ucaldas.edu.co\/portal\/charla-virtual-importancia-de-la-proteccion-de-marca-y-otros-signos-distintivos\/","url":"https:\/\/www.ucaldas.edu.co\/portal\/charla-virtual-importancia-de-la-proteccion-de-marca-y-otros-signos-distintivos\/","name":"Charla virtual: \u2018Importancia de la protecci\u00f3n de marca y otros signos distintivos\u2019 .","isPartOf":{"@id":"https:\/\/www.ucaldas.edu.co\/portal\/#website"},"primaryImageOfPage":{"@id":"https:\/\/www.ucaldas.edu.co\/portal\/charla-virtual-importancia-de-la-proteccion-de-marca-y-otros-signos-distintivos\/#primaryimage"},"image":{"@id":"https:\/\/www.ucaldas.edu.co\/portal\/charla-virtual-importancia-de-la-proteccion-de-marca-y-otros-signos-distintivos\/#primaryimage"},"thumbnailUrl":"https:\/\/www.ucaldas.edu.co\/portal\/wp-content\/uploads\/2022\/04\/proteccion-marca.jpg","datePublished":"2022-04-02T00:31:24+00:00","dateModified":"2022-04-02T00:33:30+00:00","breadcrumb":{"@id":"https:\/\/www.ucaldas.edu.co\/portal\/charla-virtual-importancia-de-la-proteccion-de-marca-y-otros-signos-distintivos\/#breadcrumb"},"inLanguage":"es","potentialAction":[{"@type":"ReadAction","target":["https:\/\/www.ucaldas.edu.co\/portal\/charla-virtual-importancia-de-la-proteccion-de-marca-y-otros-signos-distintivos\/"]}]},{"@type":"ImageObject","inLanguage":"es","@id":"https:\/\/www.ucaldas.edu.co\/portal\/charla-virtual-importancia-de-la-proteccion-de-marca-y-otros-signos-distintivos\/#primaryimage","url":"https:\/\/www.ucaldas.edu.co\/portal\/wp-content\/uploads\/2022\/04\/proteccion-marca.jpg","contentUrl":"https:\/\/www.ucaldas.edu.co\/portal\/wp-content\/uploads\/2022\/04\/proteccion-marca.jpg","width":700,"height":400,"caption":"Charla virtual \u2018Importancia de la protecci\u00f3n de marca y otros signos distintivos\u2019"},{"@type":"BreadcrumbList","@id":"https:\/\/www.ucaldas.edu.co\/portal\/charla-virtual-importancia-de-la-proteccion-de-marca-y-otros-signos-distintivos\/#breadcrumb","itemListElement":[{"@type":"ListItem","position":1,"name":"Portada","item":"https:\/\/www.ucaldas.edu.co\/portal\/"},{"@type":"ListItem","position":2,"name":"Charla virtual: \u2018Importancia de la protecci\u00f3n de marca y otros signos distintivos\u2019"}]},{"@type":"WebSite","@id":"https:\/\/www.ucaldas.edu.co\/portal\/#website","url":"https:\/\/www.ucaldas.edu.co\/portal\/","name":"Universidad de Caldas","description":"","publisher":{"@id":"https:\/\/www.ucaldas.edu.co\/portal\/#organization"},"alternateName":"U. de Caldas","potentialAction":[{"@type":"SearchAction","target":{"@type":"EntryPoint","urlTemplate":"https:\/\/www.ucaldas.edu.co\/portal\/?s={search_term_string}"},"query-input":{"@type":"PropertyValueSpecification","valueRequired":true,"valueName":"search_term_string"}}],"inLanguage":"es"},{"@type":"Organization","@id":"https:\/\/www.ucaldas.edu.co\/portal\/#organization","name":"Universidad de Caldas","alternateName":"U. de Caldas","url":"https:\/\/www.ucaldas.edu.co\/portal\/","logo":{"@type":"ImageObject","inLanguage":"es","@id":"https:\/\/www.ucaldas.edu.co\/portal\/#\/schema\/logo\/image\/","url":"https:\/\/www.ucaldas.edu.co\/portal\/wp-content\/uploads\/2023\/11\/Logo_horizontal_oscuroU-2023.png","contentUrl":"https:\/\/www.ucaldas.edu.co\/portal\/wp-content\/uploads\/2023\/11\/Logo_horizontal_oscuroU-2023.png","width":263,"height":101,"caption":"Universidad de Caldas"},"image":{"@id":"https:\/\/www.ucaldas.edu.co\/portal\/#\/schema\/logo\/image\/"},"sameAs":["https:\/\/www.facebook.com\/udecaldas","https:\/\/x.com\/udecaldas","https:\/\/www.youtube.com\/universidadcaldas","https:\/\/www.instagram.com\/udecaldas\/"]},{"@type":"Person","@id":"https:\/\/www.ucaldas.edu.co\/portal\/#\/schema\/person\/a1b482e23449158b4bc319926c074fdf","name":"ofiprensa","image":{"@type":"ImageObject","inLanguage":"es","@id":"https:\/\/www.ucaldas.edu.co\/portal\/wp-content\/litespeed\/avatar\/09ea5085e600095a7a811142c6944527.jpg?ver=1777497608","url":"https:\/\/www.ucaldas.edu.co\/portal\/wp-content\/litespeed\/avatar\/09ea5085e600095a7a811142c6944527.jpg?ver=1777497608","contentUrl":"https:\/\/www.ucaldas.edu.co\/portal\/wp-content\/litespeed\/avatar\/09ea5085e600095a7a811142c6944527.jpg?ver=1777497608","caption":"ofiprensa"},"url":"https:\/\/www.ucaldas.edu.co\/portal\/author\/ofiprensa\/"}]}},"_links":{"self":[{"href":"https:\/\/www.ucaldas.edu.co\/portal\/wp-json\/wp\/v2\/posts\/68976","targetHints":{"allow":["GET"]}}],"collection":[{"href":"https:\/\/www.ucaldas.edu.co\/portal\/wp-json\/wp\/v2\/posts"}],"about":[{"href":"https:\/\/www.ucaldas.edu.co\/portal\/wp-json\/wp\/v2\/types\/post"}],"author":[{"embeddable":true,"href":"https:\/\/www.ucaldas.edu.co\/portal\/wp-json\/wp\/v2\/users\/2"}],"replies":[{"embeddable":true,"href":"https:\/\/www.ucaldas.edu.co\/portal\/wp-json\/wp\/v2\/comments?post=68976"}],"version-history":[{"count":0,"href":"https:\/\/www.ucaldas.edu.co\/portal\/wp-json\/wp\/v2\/posts\/68976\/revisions"}],"wp:featuredmedia":[{"embeddable":true,"href":"https:\/\/www.ucaldas.edu.co\/portal\/wp-json\/wp\/v2\/media\/68977"}],"wp:attachment":[{"href":"https:\/\/www.ucaldas.edu.co\/portal\/wp-json\/wp\/v2\/media?parent=68976"}],"wp:term":[{"taxonomy":"category","embeddable":true,"href":"https:\/\/www.ucaldas.edu.co\/portal\/wp-json\/wp\/v2\/categories?post=68976"},{"taxonomy":"post_tag","embeddable":true,"href":"https:\/\/www.ucaldas.edu.co\/portal\/wp-json\/wp\/v2\/tags?post=68976"}],"curies":[{"name":"wp","href":"https:\/\/api.w.org\/{rel}","templated":true}]}}