{"id":68970,"date":"2022-04-01T18:49:51","date_gmt":"2022-04-01T18:49:51","guid":{"rendered":"https:\/\/www.ucaldas.edu.co\/portal\/?p=68970"},"modified":"2022-04-01T18:49:51","modified_gmt":"2022-04-01T18:49:51","slug":"rectoria-de-la-universidad-de-caldas-rechaza-expresiones-de-prejuicio-y-discriminacion-en-la-institucion","status":"publish","type":"post","link":"https:\/\/www.ucaldas.edu.co\/portal\/rectoria-de-la-universidad-de-caldas-rechaza-expresiones-de-prejuicio-y-discriminacion-en-la-institucion\/","title":{"rendered":"Rector\u00eda de la Universidad de Caldas rechaza expresiones de prejuicio y discriminaci\u00f3n en la instituci\u00f3n."},"content":{"rendered":"<p><img loading=\"lazy\" decoding=\"async\" class=\"aligncenter wp-image-67408 size-full\" src=\"https:\/\/www.ucaldas.edu.co\/portal\/wp-content\/uploads\/2022\/01\/Comunicado-Rectoria-Universidad-de-Caldas-sobre-el-retorno-a-la-presencialidad.jpeg\" alt=\"Rector\u00eda de la Universidad de Caldas rechaza expresiones de prejuicio y discriminaci\u00f3n en la instituci\u00f3n.\" width=\"939\" height=\"609\" srcset=\"https:\/\/www.ucaldas.edu.co\/portal\/wp-content\/uploads\/2022\/01\/Comunicado-Rectoria-Universidad-de-Caldas-sobre-el-retorno-a-la-presencialidad.jpeg 939w, https:\/\/www.ucaldas.edu.co\/portal\/wp-content\/uploads\/2022\/01\/Comunicado-Rectoria-Universidad-de-Caldas-sobre-el-retorno-a-la-presencialidad-300x195.jpeg 300w, https:\/\/www.ucaldas.edu.co\/portal\/wp-content\/uploads\/2022\/01\/Comunicado-Rectoria-Universidad-de-Caldas-sobre-el-retorno-a-la-presencialidad-768x498.jpeg 768w\" sizes=\"auto, (max-width: 939px) 100vw, 939px\" \/><\/p>\n<p>&nbsp;<\/p>\n<p>Mediante un comunicado dirigido a la comunidad universitaria y a la opini\u00f3n p\u00fablica, el rector de la Universidad de Caldas Alejandro Ceballos M\u00e1rquez, manifiesto su rechazo a los actos de discriminaci\u00f3n y prejuicio hacia las mujeres y especialmente, hacia las estudiantes del programa de Trabajo Social de la Universidad, el d\u00eda de ayer durante una actividad que se realiz\u00f3 en el campus Palogrande.<\/p>\n<p><!--more--><\/p>\n<p>En la comunicaci\u00f3n hace referencia a prevenir y erradicar cualquier expresi\u00f3n de prejuicio y discriminaci\u00f3n. \u201cLa Universidad de Caldas debe ser un espacio plural, democr\u00e1tico y respetuoso que enaltezca la diversidad de g\u00e9nero, identidades y orientaciones sexuales\u201d, se\u00f1ala el documento.<\/p>\n<p>&nbsp;<\/p>\n<p>A continuaci\u00f3n compartimos el texto del comunicado:<\/p>\n<p><strong>\u00a0<\/strong><\/p>\n<p style=\"text-align: center;\"><strong>A LA COMUNIDAD UNIVERSITARIA Y COMUNIDAD EN GENERAL<\/strong><\/p>\n<p style=\"text-align: center;\">\n<p style=\"text-align: center;\"><strong>Apreciados miembros de la comunidad, reciban un saludo fraterno.<\/strong><\/p>\n<p>&nbsp;<\/p>\n<p>El d\u00eda de ayer 31 de marzo de 2022 en el campus Palogrande, Facultad de Ciencias Jur\u00eddicas y Sociales de la Universidad de Caldas, el programa de Derecho realiz\u00f3 una actividad l\u00fadica con el fin de celebrar la bienvenida a los nuevos estudiantes del programa.<\/p>\n<p>En dicha celebraci\u00f3n, como consta en registro f\u00edlmico y fotogr\u00e1fico circulante en redes sociales, se realiz\u00f3 una comparsa en la que se exhibieron actos de discriminaci\u00f3n y prejuicio hacia las mujeres, y especialmente, hacia las estudiantes del programa de Trabajo Social de la Universidad.<\/p>\n<p>La administraci\u00f3n universitaria rechaza enf\u00e1ticamente los hechos presentados que son inaceptables en nuestro Estado Social de Derecho y en nuestra Instituci\u00f3n, m\u00e1xime cuando en el 2021 atendiendo al clamor de la comunidad universitaria, se expidi\u00f3 la \u201cPol\u00edtica de equidad de g\u00e9nero, identidad, orientaci\u00f3n sexual y no discriminaci\u00f3n en la Universidad de Caldas\u201d. Es momento de que toda la comunidad universitaria, unamos nuestras voces para reprochar cualquier acto que contribuya a perpetuar la violencia y discriminaci\u00f3n en raz\u00f3n del g\u00e9nero, las identidades u orientaciones sexuales, y por el contrario, promovamos todos juntos una cultura universitaria que pregone y aplique la equidad, la dignidad y la igualdad de todos los actores sociales, especialmente de las mujeres que han sido hist\u00f3rica y sistem\u00e1ticamente afectadas por estructuras sociales inequitativas.<\/p>\n<p>De otro lado, debe decirse que el programa de Trabajo Social, es de suma importancia para nuestra Universidad de Caldas. Son los trabajadores sociales actores necesarios para propiciar los cambios y alcanzar los logros que requieren el pa\u00eds y la Instituci\u00f3n. As\u00ed entonces, las afirmaciones da\u00f1inas en contra de los estudiantes, profesores y egresados no se acompasan con el papel de dicha profesi\u00f3n en nuestra sociedad.<\/p>\n<p>Hago un llamado respetuoso y fraternal a la comunidad universitaria; estudiantes, profesores, egresados y personal administrativo, a prevenir y erradicar cualquier expresi\u00f3n de prejuicio y discriminaci\u00f3n. La Universidad de Caldas debe ser un espacio plural, democr\u00e1tico y respetuoso que enaltezca la diversidad de g\u00e9nero, identidades y orientaciones sexuales. En ese sentido, tambi\u00e9n es pertinente hacer un llamado a la reflexi\u00f3n para que hechos como los presentados no vuelvan a ocurrir nunca m\u00e1s en nuestra Alma Mater.<\/p>\n<p>En consecuencia, insto a la Oficina de Bienestar Universitario para que se fortalezcan los procesos formativos en Equidad de G\u00e9nero con el fin de prevenir situaciones repudiables como la presentada y, adem\u00e1s, para que se active la ruta de atenci\u00f3n para las personas que han vivido violencia de g\u00e9nero y se desplieguen las herramientas contenidas en el Acuerdo Nro. 35 de 2021 del Consejo Superior de forma inmediata. De otro lado, tambi\u00e9n insto al Grupo Formal de Trabajo Disciplinario de la Universidad de Caldas para que emprenda las acciones de su competencia de forma oficiosa.<\/p>\n<p>&nbsp;<\/p>\n<p>Finalmente, reitero que la Universidad de Caldas, y particularmente la administraci\u00f3n, condena los hechos presentados y buscar\u00e1 fortalecer los procesos de prevenci\u00f3n, atenci\u00f3n y acompa\u00f1amiento a las v\u00edctimas, asimismo, invito a toda la comunidad universitaria a ser garante de los derechos fundamentales de las personas y a defender los intereses de los grupos hist\u00f3ricamente marginados y maltratados, s\u00f3lo as\u00ed consolidaremos la Universidad que todos queremos.<\/p>\n<p>Con atenci\u00f3n,<\/p>\n<p>&nbsp;<\/p>\n<p>&nbsp;<\/p>\n<p style=\"text-align: center;\"><strong>ALEJANDRO CEBALLOS M\u00c1RQUEZ<br \/>\n<\/strong>Rector<\/p>\n<p>&nbsp;<\/p>\n<p>Descargue el comunicado <strong><a href=\"https:\/\/www.ucaldas.edu.co\/portal\/wp-content\/uploads\/2022\/04\/COMUNICADO-RECTORIA-01-04-2022.pdf\">aqu\u00ed<\/a><\/strong><\/p>\n<p><strong>\u00a0<\/strong><\/p>\n<p><strong>Anexo:<br \/>\n<\/strong><strong><a href=\"https:\/\/go.ivoox.com\/sq\/1510215\">Audio rector Universidad de Caldas, Alejandro Ceballos M\u00e1rquez<\/a><br \/>\n<iframe loading=\"lazy\" src=\"https:\/\/www.ivoox.com\/_p3_1510215_1.html\" width=\"320\" height=\"111\" frameborder=\"0\" scrolling=\"no\" allowfullscreen=\"allowfullscreen\"><\/iframe><br \/>\n<\/strong><\/p>\n<p><strong>\u00a0<\/strong><\/p>\n<p><strong>Informes: <\/strong>Oficina de Comunicaciones y Prensa Universidad de Caldas.<\/p>\n<p><strong>Redacci\u00f3n:<\/strong> Adriana Salazar Villegas<\/p>\n<p>&nbsp;<\/p>\n","protected":false},"excerpt":{"rendered":"<p>&nbsp; Mediante un comunicado dirigido a la comunidad universitaria y a la opini\u00f3n p\u00fablica, el rector de la Universidad de Caldas Alejandro Ceballos M\u00e1rquez, manifiesto su rechazo a los actos de discriminaci\u00f3n y prejuicio hacia las mujeres y especialmente, hacia las estudiantes del programa de Trabajo Social de la Universidad, el d\u00eda de ayer durante [&hellip;]<\/p>\n","protected":false},"author":2,"featured_media":67408,"comment_status":"closed","ping_status":"open","sticky":false,"template":"","format":"standard","meta":{"footnotes":""},"categories":[48,53],"tags":[1183,1720,3496,4238],"class_list":["post-68970","post","type-post","status-publish","format-standard","has-post-thumbnail","hentry","category-actualidad","category-universidad-al-dia","tag-rectoria","tag-violencia","tag-discriminacion","tag-comunicado-oficial"],"yoast_head":"<!-- This site is optimized with the Yoast SEO plugin v27.5 - https:\/\/yoast.com\/product\/yoast-seo-wordpress\/ -->\n<title>Rector\u00eda de la Universidad de Caldas rechaza expresiones de prejuicio y discriminaci\u00f3n en la instituci\u00f3n. .<\/title>\n<meta name=\"robots\" content=\"index, follow, max-snippet:-1, max-image-preview:large, max-video-preview:-1\" \/>\n<link rel=\"canonical\" href=\"https:\/\/www.ucaldas.edu.co\/portal\/rectoria-de-la-universidad-de-caldas-rechaza-expresiones-de-prejuicio-y-discriminacion-en-la-institucion\/\" \/>\n<script type=\"application\/ld+json\" class=\"yoast-schema-graph\">{\"@context\":\"https:\\\/\\\/schema.org\",\"@graph\":[{\"@type\":\"Article\",\"@id\":\"https:\\\/\\\/www.ucaldas.edu.co\\\/portal\\\/rectoria-de-la-universidad-de-caldas-rechaza-expresiones-de-prejuicio-y-discriminacion-en-la-institucion\\\/#article\",\"isPartOf\":{\"@id\":\"https:\\\/\\\/www.ucaldas.edu.co\\\/portal\\\/rectoria-de-la-universidad-de-caldas-rechaza-expresiones-de-prejuicio-y-discriminacion-en-la-institucion\\\/\"},\"author\":{\"name\":\"ofiprensa\",\"@id\":\"https:\\\/\\\/www.ucaldas.edu.co\\\/portal\\\/#\\\/schema\\\/person\\\/a1b482e23449158b4bc319926c074fdf\"},\"headline\":\"Rector\u00eda de la Universidad de Caldas rechaza expresiones de prejuicio y discriminaci\u00f3n en la instituci\u00f3n.\",\"datePublished\":\"2022-04-01T18:49:51+00:00\",\"mainEntityOfPage\":{\"@id\":\"https:\\\/\\\/www.ucaldas.edu.co\\\/portal\\\/rectoria-de-la-universidad-de-caldas-rechaza-expresiones-de-prejuicio-y-discriminacion-en-la-institucion\\\/\"},\"wordCount\":755,\"publisher\":{\"@id\":\"https:\\\/\\\/www.ucaldas.edu.co\\\/portal\\\/#organization\"},\"image\":{\"@id\":\"https:\\\/\\\/www.ucaldas.edu.co\\\/portal\\\/rectoria-de-la-universidad-de-caldas-rechaza-expresiones-de-prejuicio-y-discriminacion-en-la-institucion\\\/#primaryimage\"},\"thumbnailUrl\":\"https:\\\/\\\/www.ucaldas.edu.co\\\/portal\\\/wp-content\\\/uploads\\\/2022\\\/01\\\/Comunicado-Rectoria-Universidad-de-Caldas-sobre-el-retorno-a-la-presencialidad.jpeg\",\"keywords\":[\"Rector\u00eda\",\"violencia\",\"discriminaci\u00f3n\",\"Comunicado Oficial\"],\"articleSection\":[\"Actualidad\",\"Universidad al D\u00eda\"],\"inLanguage\":\"es\"},{\"@type\":\"WebPage\",\"@id\":\"https:\\\/\\\/www.ucaldas.edu.co\\\/portal\\\/rectoria-de-la-universidad-de-caldas-rechaza-expresiones-de-prejuicio-y-discriminacion-en-la-institucion\\\/\",\"url\":\"https:\\\/\\\/www.ucaldas.edu.co\\\/portal\\\/rectoria-de-la-universidad-de-caldas-rechaza-expresiones-de-prejuicio-y-discriminacion-en-la-institucion\\\/\",\"name\":\"Rector\u00eda de la Universidad de Caldas rechaza expresiones de prejuicio y discriminaci\u00f3n en la instituci\u00f3n. .\",\"isPartOf\":{\"@id\":\"https:\\\/\\\/www.ucaldas.edu.co\\\/portal\\\/#website\"},\"primaryImageOfPage\":{\"@id\":\"https:\\\/\\\/www.ucaldas.edu.co\\\/portal\\\/rectoria-de-la-universidad-de-caldas-rechaza-expresiones-de-prejuicio-y-discriminacion-en-la-institucion\\\/#primaryimage\"},\"image\":{\"@id\":\"https:\\\/\\\/www.ucaldas.edu.co\\\/portal\\\/rectoria-de-la-universidad-de-caldas-rechaza-expresiones-de-prejuicio-y-discriminacion-en-la-institucion\\\/#primaryimage\"},\"thumbnailUrl\":\"https:\\\/\\\/www.ucaldas.edu.co\\\/portal\\\/wp-content\\\/uploads\\\/2022\\\/01\\\/Comunicado-Rectoria-Universidad-de-Caldas-sobre-el-retorno-a-la-presencialidad.jpeg\",\"datePublished\":\"2022-04-01T18:49:51+00:00\",\"breadcrumb\":{\"@id\":\"https:\\\/\\\/www.ucaldas.edu.co\\\/portal\\\/rectoria-de-la-universidad-de-caldas-rechaza-expresiones-de-prejuicio-y-discriminacion-en-la-institucion\\\/#breadcrumb\"},\"inLanguage\":\"es\",\"potentialAction\":[{\"@type\":\"ReadAction\",\"target\":[\"https:\\\/\\\/www.ucaldas.edu.co\\\/portal\\\/rectoria-de-la-universidad-de-caldas-rechaza-expresiones-de-prejuicio-y-discriminacion-en-la-institucion\\\/\"]}]},{\"@type\":\"ImageObject\",\"inLanguage\":\"es\",\"@id\":\"https:\\\/\\\/www.ucaldas.edu.co\\\/portal\\\/rectoria-de-la-universidad-de-caldas-rechaza-expresiones-de-prejuicio-y-discriminacion-en-la-institucion\\\/#primaryimage\",\"url\":\"https:\\\/\\\/www.ucaldas.edu.co\\\/portal\\\/wp-content\\\/uploads\\\/2022\\\/01\\\/Comunicado-Rectoria-Universidad-de-Caldas-sobre-el-retorno-a-la-presencialidad.jpeg\",\"contentUrl\":\"https:\\\/\\\/www.ucaldas.edu.co\\\/portal\\\/wp-content\\\/uploads\\\/2022\\\/01\\\/Comunicado-Rectoria-Universidad-de-Caldas-sobre-el-retorno-a-la-presencialidad.jpeg\",\"width\":939,\"height\":609,\"caption\":\"Comunicado rector\u00eda invita a: \u201creformular los lazos que nos relacionan con nuestros compa\u00f1eros\u201d\"},{\"@type\":\"BreadcrumbList\",\"@id\":\"https:\\\/\\\/www.ucaldas.edu.co\\\/portal\\\/rectoria-de-la-universidad-de-caldas-rechaza-expresiones-de-prejuicio-y-discriminacion-en-la-institucion\\\/#breadcrumb\",\"itemListElement\":[{\"@type\":\"ListItem\",\"position\":1,\"name\":\"Portada\",\"item\":\"https:\\\/\\\/www.ucaldas.edu.co\\\/portal\\\/\"},{\"@type\":\"ListItem\",\"position\":2,\"name\":\"Rector\u00eda de la Universidad de Caldas rechaza expresiones de prejuicio y discriminaci\u00f3n en la instituci\u00f3n.\"}]},{\"@type\":\"WebSite\",\"@id\":\"https:\\\/\\\/www.ucaldas.edu.co\\\/portal\\\/#website\",\"url\":\"https:\\\/\\\/www.ucaldas.edu.co\\\/portal\\\/\",\"name\":\"Universidad de Caldas\",\"description\":\"\",\"publisher\":{\"@id\":\"https:\\\/\\\/www.ucaldas.edu.co\\\/portal\\\/#organization\"},\"alternateName\":\"U. de Caldas\",\"potentialAction\":[{\"@type\":\"SearchAction\",\"target\":{\"@type\":\"EntryPoint\",\"urlTemplate\":\"https:\\\/\\\/www.ucaldas.edu.co\\\/portal\\\/?s={search_term_string}\"},\"query-input\":{\"@type\":\"PropertyValueSpecification\",\"valueRequired\":true,\"valueName\":\"search_term_string\"}}],\"inLanguage\":\"es\"},{\"@type\":\"Organization\",\"@id\":\"https:\\\/\\\/www.ucaldas.edu.co\\\/portal\\\/#organization\",\"name\":\"Universidad de Caldas\",\"alternateName\":\"U. de Caldas\",\"url\":\"https:\\\/\\\/www.ucaldas.edu.co\\\/portal\\\/\",\"logo\":{\"@type\":\"ImageObject\",\"inLanguage\":\"es\",\"@id\":\"https:\\\/\\\/www.ucaldas.edu.co\\\/portal\\\/#\\\/schema\\\/logo\\\/image\\\/\",\"url\":\"https:\\\/\\\/www.ucaldas.edu.co\\\/portal\\\/wp-content\\\/uploads\\\/2023\\\/11\\\/Logo_horizontal_oscuroU-2023.png\",\"contentUrl\":\"https:\\\/\\\/www.ucaldas.edu.co\\\/portal\\\/wp-content\\\/uploads\\\/2023\\\/11\\\/Logo_horizontal_oscuroU-2023.png\",\"width\":263,\"height\":101,\"caption\":\"Universidad de Caldas\"},\"image\":{\"@id\":\"https:\\\/\\\/www.ucaldas.edu.co\\\/portal\\\/#\\\/schema\\\/logo\\\/image\\\/\"},\"sameAs\":[\"https:\\\/\\\/www.facebook.com\\\/udecaldas\",\"https:\\\/\\\/x.com\\\/udecaldas\",\"https:\\\/\\\/www.youtube.com\\\/universidadcaldas\",\"https:\\\/\\\/www.instagram.com\\\/udecaldas\\\/\"]},{\"@type\":\"Person\",\"@id\":\"https:\\\/\\\/www.ucaldas.edu.co\\\/portal\\\/#\\\/schema\\\/person\\\/a1b482e23449158b4bc319926c074fdf\",\"name\":\"ofiprensa\",\"image\":{\"@type\":\"ImageObject\",\"inLanguage\":\"es\",\"@id\":\"https:\\\/\\\/www.ucaldas.edu.co\\\/portal\\\/wp-content\\\/litespeed\\\/avatar\\\/09ea5085e600095a7a811142c6944527.jpg?ver=1777497608\",\"url\":\"https:\\\/\\\/www.ucaldas.edu.co\\\/portal\\\/wp-content\\\/litespeed\\\/avatar\\\/09ea5085e600095a7a811142c6944527.jpg?ver=1777497608\",\"contentUrl\":\"https:\\\/\\\/www.ucaldas.edu.co\\\/portal\\\/wp-content\\\/litespeed\\\/avatar\\\/09ea5085e600095a7a811142c6944527.jpg?ver=1777497608\",\"caption\":\"ofiprensa\"},\"url\":\"https:\\\/\\\/www.ucaldas.edu.co\\\/portal\\\/author\\\/ofiprensa\\\/\"}]}<\/script>\n<!-- \/ Yoast SEO plugin. -->","yoast_head_json":{"title":"Rector\u00eda de la Universidad de Caldas rechaza expresiones de prejuicio y discriminaci\u00f3n en la instituci\u00f3n. .","robots":{"index":"index","follow":"follow","max-snippet":"max-snippet:-1","max-image-preview":"max-image-preview:large","max-video-preview":"max-video-preview:-1"},"canonical":"https:\/\/www.ucaldas.edu.co\/portal\/rectoria-de-la-universidad-de-caldas-rechaza-expresiones-de-prejuicio-y-discriminacion-en-la-institucion\/","schema":{"@context":"https:\/\/schema.org","@graph":[{"@type":"Article","@id":"https:\/\/www.ucaldas.edu.co\/portal\/rectoria-de-la-universidad-de-caldas-rechaza-expresiones-de-prejuicio-y-discriminacion-en-la-institucion\/#article","isPartOf":{"@id":"https:\/\/www.ucaldas.edu.co\/portal\/rectoria-de-la-universidad-de-caldas-rechaza-expresiones-de-prejuicio-y-discriminacion-en-la-institucion\/"},"author":{"name":"ofiprensa","@id":"https:\/\/www.ucaldas.edu.co\/portal\/#\/schema\/person\/a1b482e23449158b4bc319926c074fdf"},"headline":"Rector\u00eda de la Universidad de Caldas rechaza expresiones de prejuicio y discriminaci\u00f3n en la instituci\u00f3n.","datePublished":"2022-04-01T18:49:51+00:00","mainEntityOfPage":{"@id":"https:\/\/www.ucaldas.edu.co\/portal\/rectoria-de-la-universidad-de-caldas-rechaza-expresiones-de-prejuicio-y-discriminacion-en-la-institucion\/"},"wordCount":755,"publisher":{"@id":"https:\/\/www.ucaldas.edu.co\/portal\/#organization"},"image":{"@id":"https:\/\/www.ucaldas.edu.co\/portal\/rectoria-de-la-universidad-de-caldas-rechaza-expresiones-de-prejuicio-y-discriminacion-en-la-institucion\/#primaryimage"},"thumbnailUrl":"https:\/\/www.ucaldas.edu.co\/portal\/wp-content\/uploads\/2022\/01\/Comunicado-Rectoria-Universidad-de-Caldas-sobre-el-retorno-a-la-presencialidad.jpeg","keywords":["Rector\u00eda","violencia","discriminaci\u00f3n","Comunicado Oficial"],"articleSection":["Actualidad","Universidad al D\u00eda"],"inLanguage":"es"},{"@type":"WebPage","@id":"https:\/\/www.ucaldas.edu.co\/portal\/rectoria-de-la-universidad-de-caldas-rechaza-expresiones-de-prejuicio-y-discriminacion-en-la-institucion\/","url":"https:\/\/www.ucaldas.edu.co\/portal\/rectoria-de-la-universidad-de-caldas-rechaza-expresiones-de-prejuicio-y-discriminacion-en-la-institucion\/","name":"Rector\u00eda de la Universidad de Caldas rechaza expresiones de prejuicio y discriminaci\u00f3n en la instituci\u00f3n. .","isPartOf":{"@id":"https:\/\/www.ucaldas.edu.co\/portal\/#website"},"primaryImageOfPage":{"@id":"https:\/\/www.ucaldas.edu.co\/portal\/rectoria-de-la-universidad-de-caldas-rechaza-expresiones-de-prejuicio-y-discriminacion-en-la-institucion\/#primaryimage"},"image":{"@id":"https:\/\/www.ucaldas.edu.co\/portal\/rectoria-de-la-universidad-de-caldas-rechaza-expresiones-de-prejuicio-y-discriminacion-en-la-institucion\/#primaryimage"},"thumbnailUrl":"https:\/\/www.ucaldas.edu.co\/portal\/wp-content\/uploads\/2022\/01\/Comunicado-Rectoria-Universidad-de-Caldas-sobre-el-retorno-a-la-presencialidad.jpeg","datePublished":"2022-04-01T18:49:51+00:00","breadcrumb":{"@id":"https:\/\/www.ucaldas.edu.co\/portal\/rectoria-de-la-universidad-de-caldas-rechaza-expresiones-de-prejuicio-y-discriminacion-en-la-institucion\/#breadcrumb"},"inLanguage":"es","potentialAction":[{"@type":"ReadAction","target":["https:\/\/www.ucaldas.edu.co\/portal\/rectoria-de-la-universidad-de-caldas-rechaza-expresiones-de-prejuicio-y-discriminacion-en-la-institucion\/"]}]},{"@type":"ImageObject","inLanguage":"es","@id":"https:\/\/www.ucaldas.edu.co\/portal\/rectoria-de-la-universidad-de-caldas-rechaza-expresiones-de-prejuicio-y-discriminacion-en-la-institucion\/#primaryimage","url":"https:\/\/www.ucaldas.edu.co\/portal\/wp-content\/uploads\/2022\/01\/Comunicado-Rectoria-Universidad-de-Caldas-sobre-el-retorno-a-la-presencialidad.jpeg","contentUrl":"https:\/\/www.ucaldas.edu.co\/portal\/wp-content\/uploads\/2022\/01\/Comunicado-Rectoria-Universidad-de-Caldas-sobre-el-retorno-a-la-presencialidad.jpeg","width":939,"height":609,"caption":"Comunicado rector\u00eda invita a: \u201creformular los lazos que nos relacionan con nuestros compa\u00f1eros\u201d"},{"@type":"BreadcrumbList","@id":"https:\/\/www.ucaldas.edu.co\/portal\/rectoria-de-la-universidad-de-caldas-rechaza-expresiones-de-prejuicio-y-discriminacion-en-la-institucion\/#breadcrumb","itemListElement":[{"@type":"ListItem","position":1,"name":"Portada","item":"https:\/\/www.ucaldas.edu.co\/portal\/"},{"@type":"ListItem","position":2,"name":"Rector\u00eda de la Universidad de Caldas rechaza expresiones de prejuicio y discriminaci\u00f3n en la instituci\u00f3n."}]},{"@type":"WebSite","@id":"https:\/\/www.ucaldas.edu.co\/portal\/#website","url":"https:\/\/www.ucaldas.edu.co\/portal\/","name":"Universidad de Caldas","description":"","publisher":{"@id":"https:\/\/www.ucaldas.edu.co\/portal\/#organization"},"alternateName":"U. de Caldas","potentialAction":[{"@type":"SearchAction","target":{"@type":"EntryPoint","urlTemplate":"https:\/\/www.ucaldas.edu.co\/portal\/?s={search_term_string}"},"query-input":{"@type":"PropertyValueSpecification","valueRequired":true,"valueName":"search_term_string"}}],"inLanguage":"es"},{"@type":"Organization","@id":"https:\/\/www.ucaldas.edu.co\/portal\/#organization","name":"Universidad de Caldas","alternateName":"U. de Caldas","url":"https:\/\/www.ucaldas.edu.co\/portal\/","logo":{"@type":"ImageObject","inLanguage":"es","@id":"https:\/\/www.ucaldas.edu.co\/portal\/#\/schema\/logo\/image\/","url":"https:\/\/www.ucaldas.edu.co\/portal\/wp-content\/uploads\/2023\/11\/Logo_horizontal_oscuroU-2023.png","contentUrl":"https:\/\/www.ucaldas.edu.co\/portal\/wp-content\/uploads\/2023\/11\/Logo_horizontal_oscuroU-2023.png","width":263,"height":101,"caption":"Universidad de Caldas"},"image":{"@id":"https:\/\/www.ucaldas.edu.co\/portal\/#\/schema\/logo\/image\/"},"sameAs":["https:\/\/www.facebook.com\/udecaldas","https:\/\/x.com\/udecaldas","https:\/\/www.youtube.com\/universidadcaldas","https:\/\/www.instagram.com\/udecaldas\/"]},{"@type":"Person","@id":"https:\/\/www.ucaldas.edu.co\/portal\/#\/schema\/person\/a1b482e23449158b4bc319926c074fdf","name":"ofiprensa","image":{"@type":"ImageObject","inLanguage":"es","@id":"https:\/\/www.ucaldas.edu.co\/portal\/wp-content\/litespeed\/avatar\/09ea5085e600095a7a811142c6944527.jpg?ver=1777497608","url":"https:\/\/www.ucaldas.edu.co\/portal\/wp-content\/litespeed\/avatar\/09ea5085e600095a7a811142c6944527.jpg?ver=1777497608","contentUrl":"https:\/\/www.ucaldas.edu.co\/portal\/wp-content\/litespeed\/avatar\/09ea5085e600095a7a811142c6944527.jpg?ver=1777497608","caption":"ofiprensa"},"url":"https:\/\/www.ucaldas.edu.co\/portal\/author\/ofiprensa\/"}]}},"_links":{"self":[{"href":"https:\/\/www.ucaldas.edu.co\/portal\/wp-json\/wp\/v2\/posts\/68970","targetHints":{"allow":["GET"]}}],"collection":[{"href":"https:\/\/www.ucaldas.edu.co\/portal\/wp-json\/wp\/v2\/posts"}],"about":[{"href":"https:\/\/www.ucaldas.edu.co\/portal\/wp-json\/wp\/v2\/types\/post"}],"author":[{"embeddable":true,"href":"https:\/\/www.ucaldas.edu.co\/portal\/wp-json\/wp\/v2\/users\/2"}],"replies":[{"embeddable":true,"href":"https:\/\/www.ucaldas.edu.co\/portal\/wp-json\/wp\/v2\/comments?post=68970"}],"version-history":[{"count":0,"href":"https:\/\/www.ucaldas.edu.co\/portal\/wp-json\/wp\/v2\/posts\/68970\/revisions"}],"wp:featuredmedia":[{"embeddable":true,"href":"https:\/\/www.ucaldas.edu.co\/portal\/wp-json\/wp\/v2\/media\/67408"}],"wp:attachment":[{"href":"https:\/\/www.ucaldas.edu.co\/portal\/wp-json\/wp\/v2\/media?parent=68970"}],"wp:term":[{"taxonomy":"category","embeddable":true,"href":"https:\/\/www.ucaldas.edu.co\/portal\/wp-json\/wp\/v2\/categories?post=68970"},{"taxonomy":"post_tag","embeddable":true,"href":"https:\/\/www.ucaldas.edu.co\/portal\/wp-json\/wp\/v2\/tags?post=68970"}],"curies":[{"name":"wp","href":"https:\/\/api.w.org\/{rel}","templated":true}]}}