{"id":68816,"date":"2022-03-25T21:07:24","date_gmt":"2022-03-25T21:07:24","guid":{"rendered":"https:\/\/www.ucaldas.edu.co\/portal\/?p=68816"},"modified":"2022-03-25T21:07:24","modified_gmt":"2022-03-25T21:07:24","slug":"participe-en-la-tercera-etapa-del-programa-crearlo-no-es-suficiente-de-minciencias","status":"publish","type":"post","link":"https:\/\/www.ucaldas.edu.co\/portal\/participe-en-la-tercera-etapa-del-programa-crearlo-no-es-suficiente-de-minciencias\/","title":{"rendered":"Participe en la \u00a0tercera etapa del programa: &#8216;Crearlo no es suficiente&#8217; de Minciencias"},"content":{"rendered":"<p>&nbsp;<\/p>\n<p><img loading=\"lazy\" decoding=\"async\" class=\"aligncenter wp-image-68817 size-full\" src=\"https:\/\/www.ucaldas.edu.co\/portal\/wp-content\/uploads\/2022\/03\/Diseno-sin-titulo-8.jpg\" alt=\"el programa para la protecci\u00f3n de invenciones v\u00eda patente \u201cCrearlo no es Suficiente\u201d\" width=\"700\" height=\"400\" srcset=\"https:\/\/www.ucaldas.edu.co\/portal\/wp-content\/uploads\/2022\/03\/Diseno-sin-titulo-8.jpg 700w, https:\/\/www.ucaldas.edu.co\/portal\/wp-content\/uploads\/2022\/03\/Diseno-sin-titulo-8-300x171.jpg 300w\" sizes=\"auto, (max-width: 700px) 100vw, 700px\" \/><\/p>\n<p>En su tercera etapa el programa para la protecci\u00f3n de invenciones v\u00eda patente \u201cCrearlo no es Suficiente\u201d, ampl\u00eda sus beneficios a trav\u00e9s de la convocatoria nacional para fomentar la protecci\u00f3n v\u00eda patente nacional e internacional de resultados de investigaci\u00f3n, desarrollo tecnol\u00f3gico e innovaci\u00f3n (I+D+i), que promuevan el fortalecimiento econ\u00f3mico del tejido empresarial del pa\u00eds.<\/p>\n<p><!--more--><\/p>\n<p>La iniciativa del Ministerio de Ciencia Tecnolog\u00eda e Innovaci\u00f3n en convenio con la Corporaci\u00f3n Tecnnova UEE, en representaci\u00f3n de JOINN \u2013 Red Colombiana de OTRI, apoya la presentaci\u00f3n de solicitudes nacionales ante la oficina colombiana la Superintendencia de Industria y Comercio (SIC), mediante la Protecci\u00f3n Nacional de Patentes. Adicionalmente, y en aras de continuar en la l\u00ednea de protecci\u00f3n seg\u00fan necesidad para la gesti\u00f3n de la patente, esta convocatoria apoya algunas invenciones en la presentaci\u00f3n de solicitudes internacionales, haciendo uso del Tratado de Cooperaci\u00f3n en materia de Patentes (PCT).<\/p>\n<p>En esta edici\u00f3n la convocatoria cuenta con recursos para la asignaci\u00f3n en la Protecci\u00f3n Internacional de Patentes por $1.410 millones de pesos y para la Protecci\u00f3n Nacional de Patentes cuenta con \u00a0$ 5.520. millones de pesos \u00a0para apoyar la redacci\u00f3n y radicaci\u00f3n de 556 nuevas patentes.<\/p>\n<p>Las actividades que se llevar\u00e1n a cabo en el contexto de la \u00a0convocatoria representar\u00e1n un monto m\u00e1ximo a financiar hasta $10 millones de pesos por invenci\u00f3n, en el caso de las patentes nacionales y en el que los postulantes podr\u00e1n presentar un n\u00famero ilimitado de invenciones.\u00a0 Para las patentes interesadas en entrar a fase internacional, v\u00eda PCT, ser\u00e1 hasta $27. Millones de pesos \u00a0y para el caso de las patentes interesadas en entrar a dos oficinas designadas, en fase nacional, ser\u00e1 hasta $37.950.000 por invenci\u00f3n.<\/p>\n<p>La convocatoria est\u00e1 abierta a personas naturales o jur\u00eddicas, inventores, investigadores y actores del Sistema Nacional de Ciencia, Tecnolog\u00eda e Innovaci\u00f3n domiciliadas en Colombia, que demuestren la obtenci\u00f3n de adelantos tecnol\u00f3gicos en actividades de investigaci\u00f3n, desarrollo tecnol\u00f3gico e innovaci\u00f3n (I+D+i), interesadas en la protecci\u00f3n de invenciones en Colombia y en el exterior.<\/p>\n<p>&nbsp;<\/p>\n<table style=\"width: 761px;\">\n<tbody>\n<tr>\n<td style=\"width: 751px;\"><strong>PARA DESTACAR:<br \/>\n<\/strong>Para m\u00e1s informaci\u00f3n e inscripci\u00f3n a la convocatoria, ingrese a:<br \/>\n<strong><a href=\"www.crearlonoessuficiente.com\">www.crearlonoessuficiente.com<\/a><\/strong><\/td>\n<\/tr>\n<\/tbody>\n<\/table>\n<p>&nbsp;<\/p>\n<p><strong>Informes: <\/strong>Oficina de Comunicaciones y Prensa Universidad de Caldas.<\/p>\n<p><strong>Redacci\u00f3n:<\/strong> Adriana Salazar Villegas *con informaci\u00f3n de minciencias.gov.co<\/p>\n<p>&nbsp;<\/p>\n","protected":false},"excerpt":{"rendered":"<p>&nbsp; En su tercera etapa el programa para la protecci\u00f3n de invenciones v\u00eda patente \u201cCrearlo no es Suficiente\u201d, ampl\u00eda sus beneficios a trav\u00e9s de la convocatoria nacional para fomentar la protecci\u00f3n v\u00eda patente nacional e internacional de resultados de investigaci\u00f3n, desarrollo tecnol\u00f3gico e innovaci\u00f3n (I+D+i), que promuevan el fortalecimiento econ\u00f3mico del tejido empresarial del pa\u00eds.<\/p>\n","protected":false},"author":2,"featured_media":68817,"comment_status":"closed","ping_status":"open","sticky":false,"template":"","format":"standard","meta":{"footnotes":""},"categories":[48,53],"tags":[8160,8161,191,527,4543],"class_list":["post-68816","post","type-post","status-publish","format-standard","has-post-thumbnail","hentry","category-actualidad","category-universidad-al-dia","tag-convocatoria-nacional","tag-patente-nacional-e-internacional","tag-investigacion","tag-proteccion","tag-minciencias"],"yoast_head":"<!-- This site is optimized with the Yoast SEO plugin v27.5 - https:\/\/yoast.com\/product\/yoast-seo-wordpress\/ -->\n<title>Participe en la \u00a0tercera etapa del programa: &#039;Crearlo no es suficiente&#039; de Minciencias .<\/title>\n<meta name=\"robots\" content=\"index, follow, max-snippet:-1, max-image-preview:large, max-video-preview:-1\" \/>\n<link rel=\"canonical\" href=\"https:\/\/www.ucaldas.edu.co\/portal\/participe-en-la-tercera-etapa-del-programa-crearlo-no-es-suficiente-de-minciencias\/\" \/>\n<script type=\"application\/ld+json\" class=\"yoast-schema-graph\">{\"@context\":\"https:\\\/\\\/schema.org\",\"@graph\":[{\"@type\":\"Article\",\"@id\":\"https:\\\/\\\/www.ucaldas.edu.co\\\/portal\\\/participe-en-la-tercera-etapa-del-programa-crearlo-no-es-suficiente-de-minciencias\\\/#article\",\"isPartOf\":{\"@id\":\"https:\\\/\\\/www.ucaldas.edu.co\\\/portal\\\/participe-en-la-tercera-etapa-del-programa-crearlo-no-es-suficiente-de-minciencias\\\/\"},\"author\":{\"name\":\"ofiprensa\",\"@id\":\"https:\\\/\\\/www.ucaldas.edu.co\\\/portal\\\/#\\\/schema\\\/person\\\/a1b482e23449158b4bc319926c074fdf\"},\"headline\":\"Participe en la \u00a0tercera etapa del programa: &#8216;Crearlo no es suficiente&#8217; de Minciencias\",\"datePublished\":\"2022-03-25T21:07:24+00:00\",\"mainEntityOfPage\":{\"@id\":\"https:\\\/\\\/www.ucaldas.edu.co\\\/portal\\\/participe-en-la-tercera-etapa-del-programa-crearlo-no-es-suficiente-de-minciencias\\\/\"},\"wordCount\":424,\"publisher\":{\"@id\":\"https:\\\/\\\/www.ucaldas.edu.co\\\/portal\\\/#organization\"},\"image\":{\"@id\":\"https:\\\/\\\/www.ucaldas.edu.co\\\/portal\\\/participe-en-la-tercera-etapa-del-programa-crearlo-no-es-suficiente-de-minciencias\\\/#primaryimage\"},\"thumbnailUrl\":\"https:\\\/\\\/www.ucaldas.edu.co\\\/portal\\\/wp-content\\\/uploads\\\/2022\\\/03\\\/Diseno-sin-titulo-8.jpg\",\"keywords\":[\"convocatoria nacional\",\"patente nacional e internacional\",\"investigaci\u00f3n\",\"protecci\u00f3n\",\"Minciencias\"],\"articleSection\":[\"Actualidad\",\"Universidad al D\u00eda\"],\"inLanguage\":\"es\"},{\"@type\":\"WebPage\",\"@id\":\"https:\\\/\\\/www.ucaldas.edu.co\\\/portal\\\/participe-en-la-tercera-etapa-del-programa-crearlo-no-es-suficiente-de-minciencias\\\/\",\"url\":\"https:\\\/\\\/www.ucaldas.edu.co\\\/portal\\\/participe-en-la-tercera-etapa-del-programa-crearlo-no-es-suficiente-de-minciencias\\\/\",\"name\":\"Participe en la \u00a0tercera etapa del programa: 'Crearlo no es suficiente' de Minciencias .\",\"isPartOf\":{\"@id\":\"https:\\\/\\\/www.ucaldas.edu.co\\\/portal\\\/#website\"},\"primaryImageOfPage\":{\"@id\":\"https:\\\/\\\/www.ucaldas.edu.co\\\/portal\\\/participe-en-la-tercera-etapa-del-programa-crearlo-no-es-suficiente-de-minciencias\\\/#primaryimage\"},\"image\":{\"@id\":\"https:\\\/\\\/www.ucaldas.edu.co\\\/portal\\\/participe-en-la-tercera-etapa-del-programa-crearlo-no-es-suficiente-de-minciencias\\\/#primaryimage\"},\"thumbnailUrl\":\"https:\\\/\\\/www.ucaldas.edu.co\\\/portal\\\/wp-content\\\/uploads\\\/2022\\\/03\\\/Diseno-sin-titulo-8.jpg\",\"datePublished\":\"2022-03-25T21:07:24+00:00\",\"breadcrumb\":{\"@id\":\"https:\\\/\\\/www.ucaldas.edu.co\\\/portal\\\/participe-en-la-tercera-etapa-del-programa-crearlo-no-es-suficiente-de-minciencias\\\/#breadcrumb\"},\"inLanguage\":\"es\",\"potentialAction\":[{\"@type\":\"ReadAction\",\"target\":[\"https:\\\/\\\/www.ucaldas.edu.co\\\/portal\\\/participe-en-la-tercera-etapa-del-programa-crearlo-no-es-suficiente-de-minciencias\\\/\"]}]},{\"@type\":\"ImageObject\",\"inLanguage\":\"es\",\"@id\":\"https:\\\/\\\/www.ucaldas.edu.co\\\/portal\\\/participe-en-la-tercera-etapa-del-programa-crearlo-no-es-suficiente-de-minciencias\\\/#primaryimage\",\"url\":\"https:\\\/\\\/www.ucaldas.edu.co\\\/portal\\\/wp-content\\\/uploads\\\/2022\\\/03\\\/Diseno-sin-titulo-8.jpg\",\"contentUrl\":\"https:\\\/\\\/www.ucaldas.edu.co\\\/portal\\\/wp-content\\\/uploads\\\/2022\\\/03\\\/Diseno-sin-titulo-8.jpg\",\"width\":700,\"height\":400,\"caption\":\"el programa para la protecci\u00f3n de invenciones v\u00eda patente \u201cCrearlo no es Suficiente\u201d\"},{\"@type\":\"BreadcrumbList\",\"@id\":\"https:\\\/\\\/www.ucaldas.edu.co\\\/portal\\\/participe-en-la-tercera-etapa-del-programa-crearlo-no-es-suficiente-de-minciencias\\\/#breadcrumb\",\"itemListElement\":[{\"@type\":\"ListItem\",\"position\":1,\"name\":\"Portada\",\"item\":\"https:\\\/\\\/www.ucaldas.edu.co\\\/portal\\\/\"},{\"@type\":\"ListItem\",\"position\":2,\"name\":\"Participe en la \u00a0tercera etapa del programa: &#8216;Crearlo no es suficiente&#8217; de Minciencias\"}]},{\"@type\":\"WebSite\",\"@id\":\"https:\\\/\\\/www.ucaldas.edu.co\\\/portal\\\/#website\",\"url\":\"https:\\\/\\\/www.ucaldas.edu.co\\\/portal\\\/\",\"name\":\"Universidad de Caldas\",\"description\":\"\",\"publisher\":{\"@id\":\"https:\\\/\\\/www.ucaldas.edu.co\\\/portal\\\/#organization\"},\"alternateName\":\"U. de Caldas\",\"potentialAction\":[{\"@type\":\"SearchAction\",\"target\":{\"@type\":\"EntryPoint\",\"urlTemplate\":\"https:\\\/\\\/www.ucaldas.edu.co\\\/portal\\\/?s={search_term_string}\"},\"query-input\":{\"@type\":\"PropertyValueSpecification\",\"valueRequired\":true,\"valueName\":\"search_term_string\"}}],\"inLanguage\":\"es\"},{\"@type\":\"Organization\",\"@id\":\"https:\\\/\\\/www.ucaldas.edu.co\\\/portal\\\/#organization\",\"name\":\"Universidad de Caldas\",\"alternateName\":\"U. de Caldas\",\"url\":\"https:\\\/\\\/www.ucaldas.edu.co\\\/portal\\\/\",\"logo\":{\"@type\":\"ImageObject\",\"inLanguage\":\"es\",\"@id\":\"https:\\\/\\\/www.ucaldas.edu.co\\\/portal\\\/#\\\/schema\\\/logo\\\/image\\\/\",\"url\":\"https:\\\/\\\/www.ucaldas.edu.co\\\/portal\\\/wp-content\\\/uploads\\\/2023\\\/11\\\/Logo_horizontal_oscuroU-2023.png\",\"contentUrl\":\"https:\\\/\\\/www.ucaldas.edu.co\\\/portal\\\/wp-content\\\/uploads\\\/2023\\\/11\\\/Logo_horizontal_oscuroU-2023.png\",\"width\":263,\"height\":101,\"caption\":\"Universidad de Caldas\"},\"image\":{\"@id\":\"https:\\\/\\\/www.ucaldas.edu.co\\\/portal\\\/#\\\/schema\\\/logo\\\/image\\\/\"},\"sameAs\":[\"https:\\\/\\\/www.facebook.com\\\/udecaldas\",\"https:\\\/\\\/x.com\\\/udecaldas\",\"https:\\\/\\\/www.youtube.com\\\/universidadcaldas\",\"https:\\\/\\\/www.instagram.com\\\/udecaldas\\\/\"]},{\"@type\":\"Person\",\"@id\":\"https:\\\/\\\/www.ucaldas.edu.co\\\/portal\\\/#\\\/schema\\\/person\\\/a1b482e23449158b4bc319926c074fdf\",\"name\":\"ofiprensa\",\"image\":{\"@type\":\"ImageObject\",\"inLanguage\":\"es\",\"@id\":\"https:\\\/\\\/www.ucaldas.edu.co\\\/portal\\\/wp-content\\\/litespeed\\\/avatar\\\/09ea5085e600095a7a811142c6944527.jpg?ver=1777497608\",\"url\":\"https:\\\/\\\/www.ucaldas.edu.co\\\/portal\\\/wp-content\\\/litespeed\\\/avatar\\\/09ea5085e600095a7a811142c6944527.jpg?ver=1777497608\",\"contentUrl\":\"https:\\\/\\\/www.ucaldas.edu.co\\\/portal\\\/wp-content\\\/litespeed\\\/avatar\\\/09ea5085e600095a7a811142c6944527.jpg?ver=1777497608\",\"caption\":\"ofiprensa\"},\"url\":\"https:\\\/\\\/www.ucaldas.edu.co\\\/portal\\\/author\\\/ofiprensa\\\/\"}]}<\/script>\n<!-- \/ Yoast SEO plugin. -->","yoast_head_json":{"title":"Participe en la \u00a0tercera etapa del programa: 'Crearlo no es suficiente' de Minciencias .","robots":{"index":"index","follow":"follow","max-snippet":"max-snippet:-1","max-image-preview":"max-image-preview:large","max-video-preview":"max-video-preview:-1"},"canonical":"https:\/\/www.ucaldas.edu.co\/portal\/participe-en-la-tercera-etapa-del-programa-crearlo-no-es-suficiente-de-minciencias\/","schema":{"@context":"https:\/\/schema.org","@graph":[{"@type":"Article","@id":"https:\/\/www.ucaldas.edu.co\/portal\/participe-en-la-tercera-etapa-del-programa-crearlo-no-es-suficiente-de-minciencias\/#article","isPartOf":{"@id":"https:\/\/www.ucaldas.edu.co\/portal\/participe-en-la-tercera-etapa-del-programa-crearlo-no-es-suficiente-de-minciencias\/"},"author":{"name":"ofiprensa","@id":"https:\/\/www.ucaldas.edu.co\/portal\/#\/schema\/person\/a1b482e23449158b4bc319926c074fdf"},"headline":"Participe en la \u00a0tercera etapa del programa: &#8216;Crearlo no es suficiente&#8217; de Minciencias","datePublished":"2022-03-25T21:07:24+00:00","mainEntityOfPage":{"@id":"https:\/\/www.ucaldas.edu.co\/portal\/participe-en-la-tercera-etapa-del-programa-crearlo-no-es-suficiente-de-minciencias\/"},"wordCount":424,"publisher":{"@id":"https:\/\/www.ucaldas.edu.co\/portal\/#organization"},"image":{"@id":"https:\/\/www.ucaldas.edu.co\/portal\/participe-en-la-tercera-etapa-del-programa-crearlo-no-es-suficiente-de-minciencias\/#primaryimage"},"thumbnailUrl":"https:\/\/www.ucaldas.edu.co\/portal\/wp-content\/uploads\/2022\/03\/Diseno-sin-titulo-8.jpg","keywords":["convocatoria nacional","patente nacional e internacional","investigaci\u00f3n","protecci\u00f3n","Minciencias"],"articleSection":["Actualidad","Universidad al D\u00eda"],"inLanguage":"es"},{"@type":"WebPage","@id":"https:\/\/www.ucaldas.edu.co\/portal\/participe-en-la-tercera-etapa-del-programa-crearlo-no-es-suficiente-de-minciencias\/","url":"https:\/\/www.ucaldas.edu.co\/portal\/participe-en-la-tercera-etapa-del-programa-crearlo-no-es-suficiente-de-minciencias\/","name":"Participe en la \u00a0tercera etapa del programa: 'Crearlo no es suficiente' de Minciencias .","isPartOf":{"@id":"https:\/\/www.ucaldas.edu.co\/portal\/#website"},"primaryImageOfPage":{"@id":"https:\/\/www.ucaldas.edu.co\/portal\/participe-en-la-tercera-etapa-del-programa-crearlo-no-es-suficiente-de-minciencias\/#primaryimage"},"image":{"@id":"https:\/\/www.ucaldas.edu.co\/portal\/participe-en-la-tercera-etapa-del-programa-crearlo-no-es-suficiente-de-minciencias\/#primaryimage"},"thumbnailUrl":"https:\/\/www.ucaldas.edu.co\/portal\/wp-content\/uploads\/2022\/03\/Diseno-sin-titulo-8.jpg","datePublished":"2022-03-25T21:07:24+00:00","breadcrumb":{"@id":"https:\/\/www.ucaldas.edu.co\/portal\/participe-en-la-tercera-etapa-del-programa-crearlo-no-es-suficiente-de-minciencias\/#breadcrumb"},"inLanguage":"es","potentialAction":[{"@type":"ReadAction","target":["https:\/\/www.ucaldas.edu.co\/portal\/participe-en-la-tercera-etapa-del-programa-crearlo-no-es-suficiente-de-minciencias\/"]}]},{"@type":"ImageObject","inLanguage":"es","@id":"https:\/\/www.ucaldas.edu.co\/portal\/participe-en-la-tercera-etapa-del-programa-crearlo-no-es-suficiente-de-minciencias\/#primaryimage","url":"https:\/\/www.ucaldas.edu.co\/portal\/wp-content\/uploads\/2022\/03\/Diseno-sin-titulo-8.jpg","contentUrl":"https:\/\/www.ucaldas.edu.co\/portal\/wp-content\/uploads\/2022\/03\/Diseno-sin-titulo-8.jpg","width":700,"height":400,"caption":"el programa para la protecci\u00f3n de invenciones v\u00eda patente \u201cCrearlo no es Suficiente\u201d"},{"@type":"BreadcrumbList","@id":"https:\/\/www.ucaldas.edu.co\/portal\/participe-en-la-tercera-etapa-del-programa-crearlo-no-es-suficiente-de-minciencias\/#breadcrumb","itemListElement":[{"@type":"ListItem","position":1,"name":"Portada","item":"https:\/\/www.ucaldas.edu.co\/portal\/"},{"@type":"ListItem","position":2,"name":"Participe en la \u00a0tercera etapa del programa: &#8216;Crearlo no es suficiente&#8217; de Minciencias"}]},{"@type":"WebSite","@id":"https:\/\/www.ucaldas.edu.co\/portal\/#website","url":"https:\/\/www.ucaldas.edu.co\/portal\/","name":"Universidad de Caldas","description":"","publisher":{"@id":"https:\/\/www.ucaldas.edu.co\/portal\/#organization"},"alternateName":"U. de Caldas","potentialAction":[{"@type":"SearchAction","target":{"@type":"EntryPoint","urlTemplate":"https:\/\/www.ucaldas.edu.co\/portal\/?s={search_term_string}"},"query-input":{"@type":"PropertyValueSpecification","valueRequired":true,"valueName":"search_term_string"}}],"inLanguage":"es"},{"@type":"Organization","@id":"https:\/\/www.ucaldas.edu.co\/portal\/#organization","name":"Universidad de Caldas","alternateName":"U. de Caldas","url":"https:\/\/www.ucaldas.edu.co\/portal\/","logo":{"@type":"ImageObject","inLanguage":"es","@id":"https:\/\/www.ucaldas.edu.co\/portal\/#\/schema\/logo\/image\/","url":"https:\/\/www.ucaldas.edu.co\/portal\/wp-content\/uploads\/2023\/11\/Logo_horizontal_oscuroU-2023.png","contentUrl":"https:\/\/www.ucaldas.edu.co\/portal\/wp-content\/uploads\/2023\/11\/Logo_horizontal_oscuroU-2023.png","width":263,"height":101,"caption":"Universidad de Caldas"},"image":{"@id":"https:\/\/www.ucaldas.edu.co\/portal\/#\/schema\/logo\/image\/"},"sameAs":["https:\/\/www.facebook.com\/udecaldas","https:\/\/x.com\/udecaldas","https:\/\/www.youtube.com\/universidadcaldas","https:\/\/www.instagram.com\/udecaldas\/"]},{"@type":"Person","@id":"https:\/\/www.ucaldas.edu.co\/portal\/#\/schema\/person\/a1b482e23449158b4bc319926c074fdf","name":"ofiprensa","image":{"@type":"ImageObject","inLanguage":"es","@id":"https:\/\/www.ucaldas.edu.co\/portal\/wp-content\/litespeed\/avatar\/09ea5085e600095a7a811142c6944527.jpg?ver=1777497608","url":"https:\/\/www.ucaldas.edu.co\/portal\/wp-content\/litespeed\/avatar\/09ea5085e600095a7a811142c6944527.jpg?ver=1777497608","contentUrl":"https:\/\/www.ucaldas.edu.co\/portal\/wp-content\/litespeed\/avatar\/09ea5085e600095a7a811142c6944527.jpg?ver=1777497608","caption":"ofiprensa"},"url":"https:\/\/www.ucaldas.edu.co\/portal\/author\/ofiprensa\/"}]}},"_links":{"self":[{"href":"https:\/\/www.ucaldas.edu.co\/portal\/wp-json\/wp\/v2\/posts\/68816","targetHints":{"allow":["GET"]}}],"collection":[{"href":"https:\/\/www.ucaldas.edu.co\/portal\/wp-json\/wp\/v2\/posts"}],"about":[{"href":"https:\/\/www.ucaldas.edu.co\/portal\/wp-json\/wp\/v2\/types\/post"}],"author":[{"embeddable":true,"href":"https:\/\/www.ucaldas.edu.co\/portal\/wp-json\/wp\/v2\/users\/2"}],"replies":[{"embeddable":true,"href":"https:\/\/www.ucaldas.edu.co\/portal\/wp-json\/wp\/v2\/comments?post=68816"}],"version-history":[{"count":0,"href":"https:\/\/www.ucaldas.edu.co\/portal\/wp-json\/wp\/v2\/posts\/68816\/revisions"}],"wp:featuredmedia":[{"embeddable":true,"href":"https:\/\/www.ucaldas.edu.co\/portal\/wp-json\/wp\/v2\/media\/68817"}],"wp:attachment":[{"href":"https:\/\/www.ucaldas.edu.co\/portal\/wp-json\/wp\/v2\/media?parent=68816"}],"wp:term":[{"taxonomy":"category","embeddable":true,"href":"https:\/\/www.ucaldas.edu.co\/portal\/wp-json\/wp\/v2\/categories?post=68816"},{"taxonomy":"post_tag","embeddable":true,"href":"https:\/\/www.ucaldas.edu.co\/portal\/wp-json\/wp\/v2\/tags?post=68816"}],"curies":[{"name":"wp","href":"https:\/\/api.w.org\/{rel}","templated":true}]}}