{"id":68802,"date":"2022-03-24T21:38:26","date_gmt":"2022-03-24T21:38:26","guid":{"rendered":"https:\/\/www.ucaldas.edu.co\/portal\/?p=68802"},"modified":"2022-03-25T13:56:40","modified_gmt":"2022-03-25T13:56:40","slug":"rector-universidad-de-caldas-participara-en-korerorero-conversaciones-que-importan","status":"publish","type":"post","link":"https:\/\/www.ucaldas.edu.co\/portal\/rector-universidad-de-caldas-participara-en-korerorero-conversaciones-que-importan\/","title":{"rendered":"Rector Universidad de Caldas participar\u00e1 en: K\u014drerorero: conversaciones que importan"},"content":{"rendered":"<p>&nbsp;<\/p>\n<p><img loading=\"lazy\" decoding=\"async\" class=\"aligncenter wp-image-68803 size-full\" src=\"https:\/\/www.ucaldas.edu.co\/portal\/wp-content\/uploads\/2022\/03\/evento-rector-korerorero.jpg\" alt=\"Rector Universidad de Caldas participar\u00e1 en: K\u014drerorero: conversaciones que importan\" width=\"700\" height=\"400\" srcset=\"https:\/\/www.ucaldas.edu.co\/portal\/wp-content\/uploads\/2022\/03\/evento-rector-korerorero.jpg 700w, https:\/\/www.ucaldas.edu.co\/portal\/wp-content\/uploads\/2022\/03\/evento-rector-korerorero-300x171.jpg 300w\" sizes=\"auto, (max-width: 700px) 100vw, 700px\" \/><\/p>\n<p>El rector de la Universidad de Caldas Alejandro Ceballos M\u00e1rquez,\u00a0 participar\u00e1 en el evento \u2018Korerorero conversations that matter\u2019, organizado por el sitio web oficial del gobierno neozeland\u00e9s para el asesoramiento de oportunidades de estudios en dicho pa\u00eds<\/p>\n<p><!--more--><\/p>\n<p>Durante el encuentro se hablar\u00e1 sobre las garant\u00edas en educaci\u00f3n de calidad inclusiva y equitativa, buscando promover oportunidades de aprendizaje permanente para todos los interesados en estudiar en instituciones internacionales.<\/p>\n<p>Los panelistas invitados son:<\/p>\n<ul>\n<li>Alejandro Ceballos M\u00e1rquez \u2013 rector de la Universidad de Caldas.<\/li>\n<li>Sandra Goulart \u2013 rectora de la Universidad Federal de Minas Gerais de Brasil.<\/li>\n<li>Dawn Freshwater \u2013 vicerrectora de la Universidad de Auckland de Nueva Zelanda.<\/li>\n<\/ul>\n<p>El tema de la conversaci\u00f3n est\u00e1 enfocado en buscar oportunidades que permitan fortalecer el objetivo 4 de los ODS que se refiere a la Educaci\u00f3n de Calidad y como esta ayuda a mejorar la calidad de vida de la humanidad permitiendo un desarrollo sostenible.<\/p>\n<p>El evento es gratuito y contar\u00e1 con traducci\u00f3n simult\u00e1nea en portugu\u00e9s y espa\u00f1ol. Se transmitir\u00e1 en medios virtuales el 30 de marzo a partir de las 3:00 p.m.<\/p>\n<p><strong><a href=\"https:\/\/us02web.zoom.us\/webinar\/register\/WN_tBEHmmkVTiiRkx1-6NM4PA?utm_source=BenchmarkEmail&amp;utm_campaign=Korerorero_english_2&amp;utm_medium=email\">Link de inscripci\u00f3n.<\/a><\/strong><\/p>\n<p><strong>\u00a0<\/strong><\/p>\n<p><strong>Anexo:<br \/>\n<\/strong><strong><a href=\"https:\/\/go.ivoox.com\/rf\/84464677\">Audio Margarita L\u00f3pez Pinz\u00f3n. \u2013 jefe de Relaciones Internacionales.<\/a><br \/>\n<iframe loading=\"lazy\" src=\"https:\/\/www.ivoox.com\/player_ek_84464677_2_1.html\" width=\"238\" height=\"48\" frameborder=\"0\" scrolling=\"no\" allowfullscreen=\"allowfullscreen\"><\/iframe><\/strong><\/p>\n<p>&nbsp;<\/p>\n<p><strong>Informes: <\/strong>Oficina de Comunicaciones y Prensa Universidad de Caldas.<\/p>\n<p><strong>Redacci\u00f3n:<\/strong> Mateo Buritic\u00e1 Giraldo<\/p>\n<p>&nbsp;<\/p>\n","protected":false},"excerpt":{"rendered":"<p>&nbsp; El rector de la Universidad de Caldas Alejandro Ceballos M\u00e1rquez,\u00a0 participar\u00e1 en el evento \u2018Korerorero conversations that matter\u2019, organizado por el sitio web oficial del gobierno neozeland\u00e9s para el asesoramiento de oportunidades de estudios en dicho pa\u00eds<\/p>\n","protected":false},"author":2,"featured_media":68803,"comment_status":"closed","ping_status":"open","sticky":false,"template":"","format":"standard","meta":{"footnotes":""},"categories":[48,53,614],"tags":[1914,7289,8158],"class_list":["post-68802","post","type-post","status-publish","format-standard","has-post-thumbnail","hentry","category-actualidad","category-universidad-al-dia","category-ucaldas-internacional","tag-nueva-zelanda","tag-objetivos-desarrollo-sostenible","tag-korerorero"],"yoast_head":"<!-- This site is optimized with the Yoast SEO plugin v27.5 - https:\/\/yoast.com\/product\/yoast-seo-wordpress\/ -->\n<title>Rector Universidad de Caldas participar\u00e1 en: K\u014drerorero: conversaciones que importan .<\/title>\n<meta name=\"robots\" content=\"index, follow, max-snippet:-1, max-image-preview:large, max-video-preview:-1\" \/>\n<link rel=\"canonical\" href=\"https:\/\/www.ucaldas.edu.co\/portal\/rector-universidad-de-caldas-participara-en-korerorero-conversaciones-que-importan\/\" \/>\n<script type=\"application\/ld+json\" class=\"yoast-schema-graph\">{\"@context\":\"https:\\\/\\\/schema.org\",\"@graph\":[{\"@type\":\"Article\",\"@id\":\"https:\\\/\\\/www.ucaldas.edu.co\\\/portal\\\/rector-universidad-de-caldas-participara-en-korerorero-conversaciones-que-importan\\\/#article\",\"isPartOf\":{\"@id\":\"https:\\\/\\\/www.ucaldas.edu.co\\\/portal\\\/rector-universidad-de-caldas-participara-en-korerorero-conversaciones-que-importan\\\/\"},\"author\":{\"name\":\"ofiprensa\",\"@id\":\"https:\\\/\\\/www.ucaldas.edu.co\\\/portal\\\/#\\\/schema\\\/person\\\/a1b482e23449158b4bc319926c074fdf\"},\"headline\":\"Rector Universidad de Caldas participar\u00e1 en: K\u014drerorero: conversaciones que importan\",\"datePublished\":\"2022-03-24T21:38:26+00:00\",\"dateModified\":\"2022-03-25T13:56:40+00:00\",\"mainEntityOfPage\":{\"@id\":\"https:\\\/\\\/www.ucaldas.edu.co\\\/portal\\\/rector-universidad-de-caldas-participara-en-korerorero-conversaciones-que-importan\\\/\"},\"wordCount\":228,\"publisher\":{\"@id\":\"https:\\\/\\\/www.ucaldas.edu.co\\\/portal\\\/#organization\"},\"image\":{\"@id\":\"https:\\\/\\\/www.ucaldas.edu.co\\\/portal\\\/rector-universidad-de-caldas-participara-en-korerorero-conversaciones-que-importan\\\/#primaryimage\"},\"thumbnailUrl\":\"https:\\\/\\\/www.ucaldas.edu.co\\\/portal\\\/wp-content\\\/uploads\\\/2022\\\/03\\\/evento-rector-korerorero.jpg\",\"keywords\":[\"Nueva Zelanda\",\"objetivos desarrollo sostenible\",\"korerorero\"],\"articleSection\":[\"Actualidad\",\"Universidad al D\u00eda\",\"Ucaldas Internacional\"],\"inLanguage\":\"es\"},{\"@type\":\"WebPage\",\"@id\":\"https:\\\/\\\/www.ucaldas.edu.co\\\/portal\\\/rector-universidad-de-caldas-participara-en-korerorero-conversaciones-que-importan\\\/\",\"url\":\"https:\\\/\\\/www.ucaldas.edu.co\\\/portal\\\/rector-universidad-de-caldas-participara-en-korerorero-conversaciones-que-importan\\\/\",\"name\":\"Rector Universidad de Caldas participar\u00e1 en: K\u014drerorero: conversaciones que importan .\",\"isPartOf\":{\"@id\":\"https:\\\/\\\/www.ucaldas.edu.co\\\/portal\\\/#website\"},\"primaryImageOfPage\":{\"@id\":\"https:\\\/\\\/www.ucaldas.edu.co\\\/portal\\\/rector-universidad-de-caldas-participara-en-korerorero-conversaciones-que-importan\\\/#primaryimage\"},\"image\":{\"@id\":\"https:\\\/\\\/www.ucaldas.edu.co\\\/portal\\\/rector-universidad-de-caldas-participara-en-korerorero-conversaciones-que-importan\\\/#primaryimage\"},\"thumbnailUrl\":\"https:\\\/\\\/www.ucaldas.edu.co\\\/portal\\\/wp-content\\\/uploads\\\/2022\\\/03\\\/evento-rector-korerorero.jpg\",\"datePublished\":\"2022-03-24T21:38:26+00:00\",\"dateModified\":\"2022-03-25T13:56:40+00:00\",\"breadcrumb\":{\"@id\":\"https:\\\/\\\/www.ucaldas.edu.co\\\/portal\\\/rector-universidad-de-caldas-participara-en-korerorero-conversaciones-que-importan\\\/#breadcrumb\"},\"inLanguage\":\"es\",\"potentialAction\":[{\"@type\":\"ReadAction\",\"target\":[\"https:\\\/\\\/www.ucaldas.edu.co\\\/portal\\\/rector-universidad-de-caldas-participara-en-korerorero-conversaciones-que-importan\\\/\"]}]},{\"@type\":\"ImageObject\",\"inLanguage\":\"es\",\"@id\":\"https:\\\/\\\/www.ucaldas.edu.co\\\/portal\\\/rector-universidad-de-caldas-participara-en-korerorero-conversaciones-que-importan\\\/#primaryimage\",\"url\":\"https:\\\/\\\/www.ucaldas.edu.co\\\/portal\\\/wp-content\\\/uploads\\\/2022\\\/03\\\/evento-rector-korerorero.jpg\",\"contentUrl\":\"https:\\\/\\\/www.ucaldas.edu.co\\\/portal\\\/wp-content\\\/uploads\\\/2022\\\/03\\\/evento-rector-korerorero.jpg\",\"width\":700,\"height\":400,\"caption\":\"Rector Universidad de Caldas participar\u00e1 en: K\u014drerorero: conversaciones que importan\"},{\"@type\":\"BreadcrumbList\",\"@id\":\"https:\\\/\\\/www.ucaldas.edu.co\\\/portal\\\/rector-universidad-de-caldas-participara-en-korerorero-conversaciones-que-importan\\\/#breadcrumb\",\"itemListElement\":[{\"@type\":\"ListItem\",\"position\":1,\"name\":\"Portada\",\"item\":\"https:\\\/\\\/www.ucaldas.edu.co\\\/portal\\\/\"},{\"@type\":\"ListItem\",\"position\":2,\"name\":\"Rector Universidad de Caldas participar\u00e1 en: K\u014drerorero: conversaciones que importan\"}]},{\"@type\":\"WebSite\",\"@id\":\"https:\\\/\\\/www.ucaldas.edu.co\\\/portal\\\/#website\",\"url\":\"https:\\\/\\\/www.ucaldas.edu.co\\\/portal\\\/\",\"name\":\"Universidad de Caldas\",\"description\":\"\",\"publisher\":{\"@id\":\"https:\\\/\\\/www.ucaldas.edu.co\\\/portal\\\/#organization\"},\"alternateName\":\"U. de Caldas\",\"potentialAction\":[{\"@type\":\"SearchAction\",\"target\":{\"@type\":\"EntryPoint\",\"urlTemplate\":\"https:\\\/\\\/www.ucaldas.edu.co\\\/portal\\\/?s={search_term_string}\"},\"query-input\":{\"@type\":\"PropertyValueSpecification\",\"valueRequired\":true,\"valueName\":\"search_term_string\"}}],\"inLanguage\":\"es\"},{\"@type\":\"Organization\",\"@id\":\"https:\\\/\\\/www.ucaldas.edu.co\\\/portal\\\/#organization\",\"name\":\"Universidad de Caldas\",\"alternateName\":\"U. de Caldas\",\"url\":\"https:\\\/\\\/www.ucaldas.edu.co\\\/portal\\\/\",\"logo\":{\"@type\":\"ImageObject\",\"inLanguage\":\"es\",\"@id\":\"https:\\\/\\\/www.ucaldas.edu.co\\\/portal\\\/#\\\/schema\\\/logo\\\/image\\\/\",\"url\":\"https:\\\/\\\/www.ucaldas.edu.co\\\/portal\\\/wp-content\\\/uploads\\\/2023\\\/11\\\/Logo_horizontal_oscuroU-2023.png\",\"contentUrl\":\"https:\\\/\\\/www.ucaldas.edu.co\\\/portal\\\/wp-content\\\/uploads\\\/2023\\\/11\\\/Logo_horizontal_oscuroU-2023.png\",\"width\":263,\"height\":101,\"caption\":\"Universidad de Caldas\"},\"image\":{\"@id\":\"https:\\\/\\\/www.ucaldas.edu.co\\\/portal\\\/#\\\/schema\\\/logo\\\/image\\\/\"},\"sameAs\":[\"https:\\\/\\\/www.facebook.com\\\/udecaldas\",\"https:\\\/\\\/x.com\\\/udecaldas\",\"https:\\\/\\\/www.youtube.com\\\/universidadcaldas\",\"https:\\\/\\\/www.instagram.com\\\/udecaldas\\\/\"]},{\"@type\":\"Person\",\"@id\":\"https:\\\/\\\/www.ucaldas.edu.co\\\/portal\\\/#\\\/schema\\\/person\\\/a1b482e23449158b4bc319926c074fdf\",\"name\":\"ofiprensa\",\"image\":{\"@type\":\"ImageObject\",\"inLanguage\":\"es\",\"@id\":\"https:\\\/\\\/www.ucaldas.edu.co\\\/portal\\\/wp-content\\\/litespeed\\\/avatar\\\/09ea5085e600095a7a811142c6944527.jpg?ver=1777497608\",\"url\":\"https:\\\/\\\/www.ucaldas.edu.co\\\/portal\\\/wp-content\\\/litespeed\\\/avatar\\\/09ea5085e600095a7a811142c6944527.jpg?ver=1777497608\",\"contentUrl\":\"https:\\\/\\\/www.ucaldas.edu.co\\\/portal\\\/wp-content\\\/litespeed\\\/avatar\\\/09ea5085e600095a7a811142c6944527.jpg?ver=1777497608\",\"caption\":\"ofiprensa\"},\"url\":\"https:\\\/\\\/www.ucaldas.edu.co\\\/portal\\\/author\\\/ofiprensa\\\/\"}]}<\/script>\n<!-- \/ Yoast SEO plugin. -->","yoast_head_json":{"title":"Rector Universidad de Caldas participar\u00e1 en: K\u014drerorero: conversaciones que importan .","robots":{"index":"index","follow":"follow","max-snippet":"max-snippet:-1","max-image-preview":"max-image-preview:large","max-video-preview":"max-video-preview:-1"},"canonical":"https:\/\/www.ucaldas.edu.co\/portal\/rector-universidad-de-caldas-participara-en-korerorero-conversaciones-que-importan\/","schema":{"@context":"https:\/\/schema.org","@graph":[{"@type":"Article","@id":"https:\/\/www.ucaldas.edu.co\/portal\/rector-universidad-de-caldas-participara-en-korerorero-conversaciones-que-importan\/#article","isPartOf":{"@id":"https:\/\/www.ucaldas.edu.co\/portal\/rector-universidad-de-caldas-participara-en-korerorero-conversaciones-que-importan\/"},"author":{"name":"ofiprensa","@id":"https:\/\/www.ucaldas.edu.co\/portal\/#\/schema\/person\/a1b482e23449158b4bc319926c074fdf"},"headline":"Rector Universidad de Caldas participar\u00e1 en: K\u014drerorero: conversaciones que importan","datePublished":"2022-03-24T21:38:26+00:00","dateModified":"2022-03-25T13:56:40+00:00","mainEntityOfPage":{"@id":"https:\/\/www.ucaldas.edu.co\/portal\/rector-universidad-de-caldas-participara-en-korerorero-conversaciones-que-importan\/"},"wordCount":228,"publisher":{"@id":"https:\/\/www.ucaldas.edu.co\/portal\/#organization"},"image":{"@id":"https:\/\/www.ucaldas.edu.co\/portal\/rector-universidad-de-caldas-participara-en-korerorero-conversaciones-que-importan\/#primaryimage"},"thumbnailUrl":"https:\/\/www.ucaldas.edu.co\/portal\/wp-content\/uploads\/2022\/03\/evento-rector-korerorero.jpg","keywords":["Nueva Zelanda","objetivos desarrollo sostenible","korerorero"],"articleSection":["Actualidad","Universidad al D\u00eda","Ucaldas Internacional"],"inLanguage":"es"},{"@type":"WebPage","@id":"https:\/\/www.ucaldas.edu.co\/portal\/rector-universidad-de-caldas-participara-en-korerorero-conversaciones-que-importan\/","url":"https:\/\/www.ucaldas.edu.co\/portal\/rector-universidad-de-caldas-participara-en-korerorero-conversaciones-que-importan\/","name":"Rector Universidad de Caldas participar\u00e1 en: K\u014drerorero: conversaciones que importan .","isPartOf":{"@id":"https:\/\/www.ucaldas.edu.co\/portal\/#website"},"primaryImageOfPage":{"@id":"https:\/\/www.ucaldas.edu.co\/portal\/rector-universidad-de-caldas-participara-en-korerorero-conversaciones-que-importan\/#primaryimage"},"image":{"@id":"https:\/\/www.ucaldas.edu.co\/portal\/rector-universidad-de-caldas-participara-en-korerorero-conversaciones-que-importan\/#primaryimage"},"thumbnailUrl":"https:\/\/www.ucaldas.edu.co\/portal\/wp-content\/uploads\/2022\/03\/evento-rector-korerorero.jpg","datePublished":"2022-03-24T21:38:26+00:00","dateModified":"2022-03-25T13:56:40+00:00","breadcrumb":{"@id":"https:\/\/www.ucaldas.edu.co\/portal\/rector-universidad-de-caldas-participara-en-korerorero-conversaciones-que-importan\/#breadcrumb"},"inLanguage":"es","potentialAction":[{"@type":"ReadAction","target":["https:\/\/www.ucaldas.edu.co\/portal\/rector-universidad-de-caldas-participara-en-korerorero-conversaciones-que-importan\/"]}]},{"@type":"ImageObject","inLanguage":"es","@id":"https:\/\/www.ucaldas.edu.co\/portal\/rector-universidad-de-caldas-participara-en-korerorero-conversaciones-que-importan\/#primaryimage","url":"https:\/\/www.ucaldas.edu.co\/portal\/wp-content\/uploads\/2022\/03\/evento-rector-korerorero.jpg","contentUrl":"https:\/\/www.ucaldas.edu.co\/portal\/wp-content\/uploads\/2022\/03\/evento-rector-korerorero.jpg","width":700,"height":400,"caption":"Rector Universidad de Caldas participar\u00e1 en: K\u014drerorero: conversaciones que importan"},{"@type":"BreadcrumbList","@id":"https:\/\/www.ucaldas.edu.co\/portal\/rector-universidad-de-caldas-participara-en-korerorero-conversaciones-que-importan\/#breadcrumb","itemListElement":[{"@type":"ListItem","position":1,"name":"Portada","item":"https:\/\/www.ucaldas.edu.co\/portal\/"},{"@type":"ListItem","position":2,"name":"Rector Universidad de Caldas participar\u00e1 en: K\u014drerorero: conversaciones que importan"}]},{"@type":"WebSite","@id":"https:\/\/www.ucaldas.edu.co\/portal\/#website","url":"https:\/\/www.ucaldas.edu.co\/portal\/","name":"Universidad de Caldas","description":"","publisher":{"@id":"https:\/\/www.ucaldas.edu.co\/portal\/#organization"},"alternateName":"U. de Caldas","potentialAction":[{"@type":"SearchAction","target":{"@type":"EntryPoint","urlTemplate":"https:\/\/www.ucaldas.edu.co\/portal\/?s={search_term_string}"},"query-input":{"@type":"PropertyValueSpecification","valueRequired":true,"valueName":"search_term_string"}}],"inLanguage":"es"},{"@type":"Organization","@id":"https:\/\/www.ucaldas.edu.co\/portal\/#organization","name":"Universidad de Caldas","alternateName":"U. de Caldas","url":"https:\/\/www.ucaldas.edu.co\/portal\/","logo":{"@type":"ImageObject","inLanguage":"es","@id":"https:\/\/www.ucaldas.edu.co\/portal\/#\/schema\/logo\/image\/","url":"https:\/\/www.ucaldas.edu.co\/portal\/wp-content\/uploads\/2023\/11\/Logo_horizontal_oscuroU-2023.png","contentUrl":"https:\/\/www.ucaldas.edu.co\/portal\/wp-content\/uploads\/2023\/11\/Logo_horizontal_oscuroU-2023.png","width":263,"height":101,"caption":"Universidad de Caldas"},"image":{"@id":"https:\/\/www.ucaldas.edu.co\/portal\/#\/schema\/logo\/image\/"},"sameAs":["https:\/\/www.facebook.com\/udecaldas","https:\/\/x.com\/udecaldas","https:\/\/www.youtube.com\/universidadcaldas","https:\/\/www.instagram.com\/udecaldas\/"]},{"@type":"Person","@id":"https:\/\/www.ucaldas.edu.co\/portal\/#\/schema\/person\/a1b482e23449158b4bc319926c074fdf","name":"ofiprensa","image":{"@type":"ImageObject","inLanguage":"es","@id":"https:\/\/www.ucaldas.edu.co\/portal\/wp-content\/litespeed\/avatar\/09ea5085e600095a7a811142c6944527.jpg?ver=1777497608","url":"https:\/\/www.ucaldas.edu.co\/portal\/wp-content\/litespeed\/avatar\/09ea5085e600095a7a811142c6944527.jpg?ver=1777497608","contentUrl":"https:\/\/www.ucaldas.edu.co\/portal\/wp-content\/litespeed\/avatar\/09ea5085e600095a7a811142c6944527.jpg?ver=1777497608","caption":"ofiprensa"},"url":"https:\/\/www.ucaldas.edu.co\/portal\/author\/ofiprensa\/"}]}},"_links":{"self":[{"href":"https:\/\/www.ucaldas.edu.co\/portal\/wp-json\/wp\/v2\/posts\/68802","targetHints":{"allow":["GET"]}}],"collection":[{"href":"https:\/\/www.ucaldas.edu.co\/portal\/wp-json\/wp\/v2\/posts"}],"about":[{"href":"https:\/\/www.ucaldas.edu.co\/portal\/wp-json\/wp\/v2\/types\/post"}],"author":[{"embeddable":true,"href":"https:\/\/www.ucaldas.edu.co\/portal\/wp-json\/wp\/v2\/users\/2"}],"replies":[{"embeddable":true,"href":"https:\/\/www.ucaldas.edu.co\/portal\/wp-json\/wp\/v2\/comments?post=68802"}],"version-history":[{"count":0,"href":"https:\/\/www.ucaldas.edu.co\/portal\/wp-json\/wp\/v2\/posts\/68802\/revisions"}],"wp:featuredmedia":[{"embeddable":true,"href":"https:\/\/www.ucaldas.edu.co\/portal\/wp-json\/wp\/v2\/media\/68803"}],"wp:attachment":[{"href":"https:\/\/www.ucaldas.edu.co\/portal\/wp-json\/wp\/v2\/media?parent=68802"}],"wp:term":[{"taxonomy":"category","embeddable":true,"href":"https:\/\/www.ucaldas.edu.co\/portal\/wp-json\/wp\/v2\/categories?post=68802"},{"taxonomy":"post_tag","embeddable":true,"href":"https:\/\/www.ucaldas.edu.co\/portal\/wp-json\/wp\/v2\/tags?post=68802"}],"curies":[{"name":"wp","href":"https:\/\/api.w.org\/{rel}","templated":true}]}}