{"id":68743,"date":"2022-03-22T21:44:05","date_gmt":"2022-03-22T21:44:05","guid":{"rendered":"https:\/\/www.ucaldas.edu.co\/portal\/?p=68743"},"modified":"2022-03-22T21:44:05","modified_gmt":"2022-03-22T21:44:05","slug":"minciencias-promueve-diplomado-gratuito-de-apropiacion-social-del-conocimiento","status":"publish","type":"post","link":"https:\/\/www.ucaldas.edu.co\/portal\/minciencias-promueve-diplomado-gratuito-de-apropiacion-social-del-conocimiento\/","title":{"rendered":"Minciencias promueve diplomado gratuito de apropiaci\u00f3n social del conocimiento"},"content":{"rendered":"<p><strong><img loading=\"lazy\" decoding=\"async\" class=\"aligncenter wp-image-68744 size-full\" src=\"https:\/\/www.ucaldas.edu.co\/portal\/wp-content\/uploads\/2022\/03\/Diseno-sin-titulo-7.jpg\" alt=\"Minciencias promueve diplomado gratuito de apropiaci\u00f3n social del conocimiento\" width=\"700\" height=\"400\" srcset=\"https:\/\/www.ucaldas.edu.co\/portal\/wp-content\/uploads\/2022\/03\/Diseno-sin-titulo-7.jpg 700w, https:\/\/www.ucaldas.edu.co\/portal\/wp-content\/uploads\/2022\/03\/Diseno-sin-titulo-7-300x171.jpg 300w\" sizes=\"auto, (max-width: 700px) 100vw, 700px\" \/><\/strong><\/p>\n<p>El Ministerio de Ciencia, Tecnolog\u00eda e Innovaci\u00f3n, con el apoyo de la Organizaci\u00f3n de Estados Iberoamericanos (OEI), abri\u00f3 las inscripciones al primer cohorte del Diplomado en Apropiaci\u00f3n Social del Conocimiento, un espacio de formaci\u00f3n virtual, que tiene el prop\u00f3sito de fortalecer las capacidades de 1.500 personas en torno a la Apropiaci\u00f3n Social del Conocimiento y adquieran herramientas para intercambiar saberes y conocimientos, con los que podr\u00e1n transformar sus realidades y las de sus comunidades.<\/p>\n<p><!--more--><\/p>\n<p>Este diplomado, que no tiene ning\u00fan costo y es 100% virtual, est\u00e1 dirigido a funcionarios de gobierno, entidades municipales, departamentales y distritales; grupos y semilleros de investigaci\u00f3n; profesionales y t\u00e9cnicos de todas las \u00e1reas de conocimiento; personas que lideran o participan en organizaciones sociales y de base comunitaria, y actores estrat\u00e9gicos del Sistema Nacional de Ciencia, Tecnolog\u00eda e Innovaci\u00f3n.<\/p>\n<p>Las preinscripciones cerrar\u00e1n el pr\u00f3ximo 28 de marzo de 2022, fecha en la que el primer m\u00f3dulo de este diplomado se habilitar\u00e1. Las personas que participen en este espacio virtual tendr\u00e1n acceso a seis m\u00f3dulos, cada uno de 15 horas, para un total de 90 horas. Los m\u00f3dulos son ofertados son:<\/p>\n<p><strong>M\u00f3dulo 1:<\/strong> Conceptos para la Apropiaci\u00f3n Social del Conocimiento en el marco de la Ciencia, la Tecnolog\u00eda y la Innovaci\u00f3n.<\/p>\n<p><strong>M\u00f3dulo 2:<\/strong> Metodolog\u00edas para la Apropiaci\u00f3n Social del Conocimiento en el marco de la Ciencia, la Tecnolog\u00eda y la Innovaci\u00f3n.<\/p>\n<p><strong>M\u00f3dulo 3:<\/strong> Relaci\u00f3n de la Apropiaci\u00f3n Social del Conocimiento mediante la CTeI con diferentes \u00e1reas de conocimiento y actores del SNCTI.<\/p>\n<p><strong>M\u00f3dulo 4:<\/strong> Evaluaci\u00f3n, medici\u00f3n, monitoreo y seguimiento de procesos de Apropiaci\u00f3n Social del Conocimiento.<\/p>\n<p><strong>M\u00f3dulo 5:<\/strong> Formulaci\u00f3n de proyectos de Apropiaci\u00f3n Social del Conocimiento.<\/p>\n<p><strong>M\u00f3dulo 6:<\/strong> Experiencias, casos exitosos en Apropiaci\u00f3n Social del Conocimiento.<\/p>\n<p>Al finalizar cada m\u00f3dulo los participantes recibir\u00e1n una insignia como reconocimiento a su avance y al completar las 90 horas requeridas, se entregar\u00e1 la certificaci\u00f3n correspondiente.<\/p>\n<table>\n<tbody>\n<tr>\n<td width=\"599\"><strong>PARA DESTACAR:<\/strong><\/p>\n<p>Los interesados en inscribirse lo podr\u00e1n hacer a trav\u00e9s del siguiente link: <strong><a href=\"https:\/\/apropiaconsentido.minciencias.gov.co\/eva-escuela-virtual-de-apropiacion\/\">https:\/\/apropiaconsentido.minciencias.gov.co\/eva-escuela-virtual-de-apropiacion\/<\/a><\/strong><\/td>\n<\/tr>\n<\/tbody>\n<\/table>\n<p>&nbsp;<\/p>\n<p><strong>Informes: <\/strong>Oficina de Comunicaciones y Prensa Universidad de Caldas.<\/p>\n<p><strong>Redacci\u00f3n:<\/strong> Adriana Salazar Villegas *con informaci\u00f3n de Minciencias<\/p>\n<p>&nbsp;<\/p>\n","protected":false},"excerpt":{"rendered":"<p>El Ministerio de Ciencia, Tecnolog\u00eda e Innovaci\u00f3n, con el apoyo de la Organizaci\u00f3n de Estados Iberoamericanos (OEI), abri\u00f3 las inscripciones al primer cohorte del Diplomado en Apropiaci\u00f3n Social del Conocimiento, un espacio de formaci\u00f3n virtual, que tiene el prop\u00f3sito de fortalecer las capacidades de 1.500 personas en torno a la Apropiaci\u00f3n Social del Conocimiento y [&hellip;]<\/p>\n","protected":false},"author":2,"featured_media":68744,"comment_status":"closed","ping_status":"open","sticky":false,"template":"","format":"standard","meta":{"footnotes":""},"categories":[48,53,617],"tags":[141,395,4200,4543,7391],"class_list":["post-68743","post","type-post","status-publish","format-standard","has-post-thumbnail","hentry","category-actualidad","category-universidad-al-dia","category-ucaldas-colaborativa","tag-convocatoria","tag-diplomado","tag-modulos","tag-minciencias","tag-apropiacion-social-del-conocimiento"],"yoast_head":"<!-- This site is optimized with the Yoast SEO plugin v27.5 - https:\/\/yoast.com\/product\/yoast-seo-wordpress\/ -->\n<title>Minciencias promueve diplomado gratuito de apropiaci\u00f3n social del conocimiento .<\/title>\n<meta name=\"robots\" content=\"index, follow, max-snippet:-1, max-image-preview:large, max-video-preview:-1\" \/>\n<link rel=\"canonical\" href=\"https:\/\/www.ucaldas.edu.co\/portal\/minciencias-promueve-diplomado-gratuito-de-apropiacion-social-del-conocimiento\/\" \/>\n<script type=\"application\/ld+json\" class=\"yoast-schema-graph\">{\"@context\":\"https:\\\/\\\/schema.org\",\"@graph\":[{\"@type\":\"Article\",\"@id\":\"https:\\\/\\\/www.ucaldas.edu.co\\\/portal\\\/minciencias-promueve-diplomado-gratuito-de-apropiacion-social-del-conocimiento\\\/#article\",\"isPartOf\":{\"@id\":\"https:\\\/\\\/www.ucaldas.edu.co\\\/portal\\\/minciencias-promueve-diplomado-gratuito-de-apropiacion-social-del-conocimiento\\\/\"},\"author\":{\"name\":\"ofiprensa\",\"@id\":\"https:\\\/\\\/www.ucaldas.edu.co\\\/portal\\\/#\\\/schema\\\/person\\\/a1b482e23449158b4bc319926c074fdf\"},\"headline\":\"Minciencias promueve diplomado gratuito de apropiaci\u00f3n social del conocimiento\",\"datePublished\":\"2022-03-22T21:44:05+00:00\",\"mainEntityOfPage\":{\"@id\":\"https:\\\/\\\/www.ucaldas.edu.co\\\/portal\\\/minciencias-promueve-diplomado-gratuito-de-apropiacion-social-del-conocimiento\\\/\"},\"wordCount\":389,\"publisher\":{\"@id\":\"https:\\\/\\\/www.ucaldas.edu.co\\\/portal\\\/#organization\"},\"image\":{\"@id\":\"https:\\\/\\\/www.ucaldas.edu.co\\\/portal\\\/minciencias-promueve-diplomado-gratuito-de-apropiacion-social-del-conocimiento\\\/#primaryimage\"},\"thumbnailUrl\":\"https:\\\/\\\/www.ucaldas.edu.co\\\/portal\\\/wp-content\\\/uploads\\\/2022\\\/03\\\/Diseno-sin-titulo-7.jpg\",\"keywords\":[\"Convocatoria\",\"diplomado\",\"m\u00f3dulos\",\"Minciencias\",\"apropiaci\u00f3n social del conocimiento\"],\"articleSection\":[\"Actualidad\",\"Universidad al D\u00eda\",\"UCaldas Colaborativa\"],\"inLanguage\":\"es\"},{\"@type\":\"WebPage\",\"@id\":\"https:\\\/\\\/www.ucaldas.edu.co\\\/portal\\\/minciencias-promueve-diplomado-gratuito-de-apropiacion-social-del-conocimiento\\\/\",\"url\":\"https:\\\/\\\/www.ucaldas.edu.co\\\/portal\\\/minciencias-promueve-diplomado-gratuito-de-apropiacion-social-del-conocimiento\\\/\",\"name\":\"Minciencias promueve diplomado gratuito de apropiaci\u00f3n social del conocimiento .\",\"isPartOf\":{\"@id\":\"https:\\\/\\\/www.ucaldas.edu.co\\\/portal\\\/#website\"},\"primaryImageOfPage\":{\"@id\":\"https:\\\/\\\/www.ucaldas.edu.co\\\/portal\\\/minciencias-promueve-diplomado-gratuito-de-apropiacion-social-del-conocimiento\\\/#primaryimage\"},\"image\":{\"@id\":\"https:\\\/\\\/www.ucaldas.edu.co\\\/portal\\\/minciencias-promueve-diplomado-gratuito-de-apropiacion-social-del-conocimiento\\\/#primaryimage\"},\"thumbnailUrl\":\"https:\\\/\\\/www.ucaldas.edu.co\\\/portal\\\/wp-content\\\/uploads\\\/2022\\\/03\\\/Diseno-sin-titulo-7.jpg\",\"datePublished\":\"2022-03-22T21:44:05+00:00\",\"breadcrumb\":{\"@id\":\"https:\\\/\\\/www.ucaldas.edu.co\\\/portal\\\/minciencias-promueve-diplomado-gratuito-de-apropiacion-social-del-conocimiento\\\/#breadcrumb\"},\"inLanguage\":\"es\",\"potentialAction\":[{\"@type\":\"ReadAction\",\"target\":[\"https:\\\/\\\/www.ucaldas.edu.co\\\/portal\\\/minciencias-promueve-diplomado-gratuito-de-apropiacion-social-del-conocimiento\\\/\"]}]},{\"@type\":\"ImageObject\",\"inLanguage\":\"es\",\"@id\":\"https:\\\/\\\/www.ucaldas.edu.co\\\/portal\\\/minciencias-promueve-diplomado-gratuito-de-apropiacion-social-del-conocimiento\\\/#primaryimage\",\"url\":\"https:\\\/\\\/www.ucaldas.edu.co\\\/portal\\\/wp-content\\\/uploads\\\/2022\\\/03\\\/Diseno-sin-titulo-7.jpg\",\"contentUrl\":\"https:\\\/\\\/www.ucaldas.edu.co\\\/portal\\\/wp-content\\\/uploads\\\/2022\\\/03\\\/Diseno-sin-titulo-7.jpg\",\"width\":700,\"height\":400,\"caption\":\"Minciencias promueve diplomado gratuito de apropiaci\u00f3n social del conocimiento\"},{\"@type\":\"BreadcrumbList\",\"@id\":\"https:\\\/\\\/www.ucaldas.edu.co\\\/portal\\\/minciencias-promueve-diplomado-gratuito-de-apropiacion-social-del-conocimiento\\\/#breadcrumb\",\"itemListElement\":[{\"@type\":\"ListItem\",\"position\":1,\"name\":\"Portada\",\"item\":\"https:\\\/\\\/www.ucaldas.edu.co\\\/portal\\\/\"},{\"@type\":\"ListItem\",\"position\":2,\"name\":\"Minciencias promueve diplomado gratuito de apropiaci\u00f3n social del conocimiento\"}]},{\"@type\":\"WebSite\",\"@id\":\"https:\\\/\\\/www.ucaldas.edu.co\\\/portal\\\/#website\",\"url\":\"https:\\\/\\\/www.ucaldas.edu.co\\\/portal\\\/\",\"name\":\"Universidad de Caldas\",\"description\":\"\",\"publisher\":{\"@id\":\"https:\\\/\\\/www.ucaldas.edu.co\\\/portal\\\/#organization\"},\"alternateName\":\"U. de Caldas\",\"potentialAction\":[{\"@type\":\"SearchAction\",\"target\":{\"@type\":\"EntryPoint\",\"urlTemplate\":\"https:\\\/\\\/www.ucaldas.edu.co\\\/portal\\\/?s={search_term_string}\"},\"query-input\":{\"@type\":\"PropertyValueSpecification\",\"valueRequired\":true,\"valueName\":\"search_term_string\"}}],\"inLanguage\":\"es\"},{\"@type\":\"Organization\",\"@id\":\"https:\\\/\\\/www.ucaldas.edu.co\\\/portal\\\/#organization\",\"name\":\"Universidad de Caldas\",\"alternateName\":\"U. de Caldas\",\"url\":\"https:\\\/\\\/www.ucaldas.edu.co\\\/portal\\\/\",\"logo\":{\"@type\":\"ImageObject\",\"inLanguage\":\"es\",\"@id\":\"https:\\\/\\\/www.ucaldas.edu.co\\\/portal\\\/#\\\/schema\\\/logo\\\/image\\\/\",\"url\":\"https:\\\/\\\/www.ucaldas.edu.co\\\/portal\\\/wp-content\\\/uploads\\\/2023\\\/11\\\/Logo_horizontal_oscuroU-2023.png\",\"contentUrl\":\"https:\\\/\\\/www.ucaldas.edu.co\\\/portal\\\/wp-content\\\/uploads\\\/2023\\\/11\\\/Logo_horizontal_oscuroU-2023.png\",\"width\":263,\"height\":101,\"caption\":\"Universidad de Caldas\"},\"image\":{\"@id\":\"https:\\\/\\\/www.ucaldas.edu.co\\\/portal\\\/#\\\/schema\\\/logo\\\/image\\\/\"},\"sameAs\":[\"https:\\\/\\\/www.facebook.com\\\/udecaldas\",\"https:\\\/\\\/x.com\\\/udecaldas\",\"https:\\\/\\\/www.youtube.com\\\/universidadcaldas\",\"https:\\\/\\\/www.instagram.com\\\/udecaldas\\\/\"]},{\"@type\":\"Person\",\"@id\":\"https:\\\/\\\/www.ucaldas.edu.co\\\/portal\\\/#\\\/schema\\\/person\\\/a1b482e23449158b4bc319926c074fdf\",\"name\":\"ofiprensa\",\"image\":{\"@type\":\"ImageObject\",\"inLanguage\":\"es\",\"@id\":\"https:\\\/\\\/www.ucaldas.edu.co\\\/portal\\\/wp-content\\\/litespeed\\\/avatar\\\/09ea5085e600095a7a811142c6944527.jpg?ver=1777497608\",\"url\":\"https:\\\/\\\/www.ucaldas.edu.co\\\/portal\\\/wp-content\\\/litespeed\\\/avatar\\\/09ea5085e600095a7a811142c6944527.jpg?ver=1777497608\",\"contentUrl\":\"https:\\\/\\\/www.ucaldas.edu.co\\\/portal\\\/wp-content\\\/litespeed\\\/avatar\\\/09ea5085e600095a7a811142c6944527.jpg?ver=1777497608\",\"caption\":\"ofiprensa\"},\"url\":\"https:\\\/\\\/www.ucaldas.edu.co\\\/portal\\\/author\\\/ofiprensa\\\/\"}]}<\/script>\n<!-- \/ Yoast SEO plugin. -->","yoast_head_json":{"title":"Minciencias promueve diplomado gratuito de apropiaci\u00f3n social del conocimiento .","robots":{"index":"index","follow":"follow","max-snippet":"max-snippet:-1","max-image-preview":"max-image-preview:large","max-video-preview":"max-video-preview:-1"},"canonical":"https:\/\/www.ucaldas.edu.co\/portal\/minciencias-promueve-diplomado-gratuito-de-apropiacion-social-del-conocimiento\/","schema":{"@context":"https:\/\/schema.org","@graph":[{"@type":"Article","@id":"https:\/\/www.ucaldas.edu.co\/portal\/minciencias-promueve-diplomado-gratuito-de-apropiacion-social-del-conocimiento\/#article","isPartOf":{"@id":"https:\/\/www.ucaldas.edu.co\/portal\/minciencias-promueve-diplomado-gratuito-de-apropiacion-social-del-conocimiento\/"},"author":{"name":"ofiprensa","@id":"https:\/\/www.ucaldas.edu.co\/portal\/#\/schema\/person\/a1b482e23449158b4bc319926c074fdf"},"headline":"Minciencias promueve diplomado gratuito de apropiaci\u00f3n social del conocimiento","datePublished":"2022-03-22T21:44:05+00:00","mainEntityOfPage":{"@id":"https:\/\/www.ucaldas.edu.co\/portal\/minciencias-promueve-diplomado-gratuito-de-apropiacion-social-del-conocimiento\/"},"wordCount":389,"publisher":{"@id":"https:\/\/www.ucaldas.edu.co\/portal\/#organization"},"image":{"@id":"https:\/\/www.ucaldas.edu.co\/portal\/minciencias-promueve-diplomado-gratuito-de-apropiacion-social-del-conocimiento\/#primaryimage"},"thumbnailUrl":"https:\/\/www.ucaldas.edu.co\/portal\/wp-content\/uploads\/2022\/03\/Diseno-sin-titulo-7.jpg","keywords":["Convocatoria","diplomado","m\u00f3dulos","Minciencias","apropiaci\u00f3n social del conocimiento"],"articleSection":["Actualidad","Universidad al D\u00eda","UCaldas Colaborativa"],"inLanguage":"es"},{"@type":"WebPage","@id":"https:\/\/www.ucaldas.edu.co\/portal\/minciencias-promueve-diplomado-gratuito-de-apropiacion-social-del-conocimiento\/","url":"https:\/\/www.ucaldas.edu.co\/portal\/minciencias-promueve-diplomado-gratuito-de-apropiacion-social-del-conocimiento\/","name":"Minciencias promueve diplomado gratuito de apropiaci\u00f3n social del conocimiento .","isPartOf":{"@id":"https:\/\/www.ucaldas.edu.co\/portal\/#website"},"primaryImageOfPage":{"@id":"https:\/\/www.ucaldas.edu.co\/portal\/minciencias-promueve-diplomado-gratuito-de-apropiacion-social-del-conocimiento\/#primaryimage"},"image":{"@id":"https:\/\/www.ucaldas.edu.co\/portal\/minciencias-promueve-diplomado-gratuito-de-apropiacion-social-del-conocimiento\/#primaryimage"},"thumbnailUrl":"https:\/\/www.ucaldas.edu.co\/portal\/wp-content\/uploads\/2022\/03\/Diseno-sin-titulo-7.jpg","datePublished":"2022-03-22T21:44:05+00:00","breadcrumb":{"@id":"https:\/\/www.ucaldas.edu.co\/portal\/minciencias-promueve-diplomado-gratuito-de-apropiacion-social-del-conocimiento\/#breadcrumb"},"inLanguage":"es","potentialAction":[{"@type":"ReadAction","target":["https:\/\/www.ucaldas.edu.co\/portal\/minciencias-promueve-diplomado-gratuito-de-apropiacion-social-del-conocimiento\/"]}]},{"@type":"ImageObject","inLanguage":"es","@id":"https:\/\/www.ucaldas.edu.co\/portal\/minciencias-promueve-diplomado-gratuito-de-apropiacion-social-del-conocimiento\/#primaryimage","url":"https:\/\/www.ucaldas.edu.co\/portal\/wp-content\/uploads\/2022\/03\/Diseno-sin-titulo-7.jpg","contentUrl":"https:\/\/www.ucaldas.edu.co\/portal\/wp-content\/uploads\/2022\/03\/Diseno-sin-titulo-7.jpg","width":700,"height":400,"caption":"Minciencias promueve diplomado gratuito de apropiaci\u00f3n social del conocimiento"},{"@type":"BreadcrumbList","@id":"https:\/\/www.ucaldas.edu.co\/portal\/minciencias-promueve-diplomado-gratuito-de-apropiacion-social-del-conocimiento\/#breadcrumb","itemListElement":[{"@type":"ListItem","position":1,"name":"Portada","item":"https:\/\/www.ucaldas.edu.co\/portal\/"},{"@type":"ListItem","position":2,"name":"Minciencias promueve diplomado gratuito de apropiaci\u00f3n social del conocimiento"}]},{"@type":"WebSite","@id":"https:\/\/www.ucaldas.edu.co\/portal\/#website","url":"https:\/\/www.ucaldas.edu.co\/portal\/","name":"Universidad de Caldas","description":"","publisher":{"@id":"https:\/\/www.ucaldas.edu.co\/portal\/#organization"},"alternateName":"U. de Caldas","potentialAction":[{"@type":"SearchAction","target":{"@type":"EntryPoint","urlTemplate":"https:\/\/www.ucaldas.edu.co\/portal\/?s={search_term_string}"},"query-input":{"@type":"PropertyValueSpecification","valueRequired":true,"valueName":"search_term_string"}}],"inLanguage":"es"},{"@type":"Organization","@id":"https:\/\/www.ucaldas.edu.co\/portal\/#organization","name":"Universidad de Caldas","alternateName":"U. de Caldas","url":"https:\/\/www.ucaldas.edu.co\/portal\/","logo":{"@type":"ImageObject","inLanguage":"es","@id":"https:\/\/www.ucaldas.edu.co\/portal\/#\/schema\/logo\/image\/","url":"https:\/\/www.ucaldas.edu.co\/portal\/wp-content\/uploads\/2023\/11\/Logo_horizontal_oscuroU-2023.png","contentUrl":"https:\/\/www.ucaldas.edu.co\/portal\/wp-content\/uploads\/2023\/11\/Logo_horizontal_oscuroU-2023.png","width":263,"height":101,"caption":"Universidad de Caldas"},"image":{"@id":"https:\/\/www.ucaldas.edu.co\/portal\/#\/schema\/logo\/image\/"},"sameAs":["https:\/\/www.facebook.com\/udecaldas","https:\/\/x.com\/udecaldas","https:\/\/www.youtube.com\/universidadcaldas","https:\/\/www.instagram.com\/udecaldas\/"]},{"@type":"Person","@id":"https:\/\/www.ucaldas.edu.co\/portal\/#\/schema\/person\/a1b482e23449158b4bc319926c074fdf","name":"ofiprensa","image":{"@type":"ImageObject","inLanguage":"es","@id":"https:\/\/www.ucaldas.edu.co\/portal\/wp-content\/litespeed\/avatar\/09ea5085e600095a7a811142c6944527.jpg?ver=1777497608","url":"https:\/\/www.ucaldas.edu.co\/portal\/wp-content\/litespeed\/avatar\/09ea5085e600095a7a811142c6944527.jpg?ver=1777497608","contentUrl":"https:\/\/www.ucaldas.edu.co\/portal\/wp-content\/litespeed\/avatar\/09ea5085e600095a7a811142c6944527.jpg?ver=1777497608","caption":"ofiprensa"},"url":"https:\/\/www.ucaldas.edu.co\/portal\/author\/ofiprensa\/"}]}},"_links":{"self":[{"href":"https:\/\/www.ucaldas.edu.co\/portal\/wp-json\/wp\/v2\/posts\/68743","targetHints":{"allow":["GET"]}}],"collection":[{"href":"https:\/\/www.ucaldas.edu.co\/portal\/wp-json\/wp\/v2\/posts"}],"about":[{"href":"https:\/\/www.ucaldas.edu.co\/portal\/wp-json\/wp\/v2\/types\/post"}],"author":[{"embeddable":true,"href":"https:\/\/www.ucaldas.edu.co\/portal\/wp-json\/wp\/v2\/users\/2"}],"replies":[{"embeddable":true,"href":"https:\/\/www.ucaldas.edu.co\/portal\/wp-json\/wp\/v2\/comments?post=68743"}],"version-history":[{"count":0,"href":"https:\/\/www.ucaldas.edu.co\/portal\/wp-json\/wp\/v2\/posts\/68743\/revisions"}],"wp:featuredmedia":[{"embeddable":true,"href":"https:\/\/www.ucaldas.edu.co\/portal\/wp-json\/wp\/v2\/media\/68744"}],"wp:attachment":[{"href":"https:\/\/www.ucaldas.edu.co\/portal\/wp-json\/wp\/v2\/media?parent=68743"}],"wp:term":[{"taxonomy":"category","embeddable":true,"href":"https:\/\/www.ucaldas.edu.co\/portal\/wp-json\/wp\/v2\/categories?post=68743"},{"taxonomy":"post_tag","embeddable":true,"href":"https:\/\/www.ucaldas.edu.co\/portal\/wp-json\/wp\/v2\/tags?post=68743"}],"curies":[{"name":"wp","href":"https:\/\/api.w.org\/{rel}","templated":true}]}}