{"id":68286,"date":"2022-02-25T21:44:39","date_gmt":"2022-02-25T21:44:39","guid":{"rendered":"https:\/\/www.ucaldas.edu.co\/portal\/?p=68286"},"modified":"2022-02-25T21:44:39","modified_gmt":"2022-02-25T21:44:39","slug":"universidad-de-caldas-le-apuesta-a-la-investigacion-y-la-innovacion-con-un-nuevo-laboratorio-de-cambio-climatico","status":"publish","type":"post","link":"https:\/\/www.ucaldas.edu.co\/portal\/universidad-de-caldas-le-apuesta-a-la-investigacion-y-la-innovacion-con-un-nuevo-laboratorio-de-cambio-climatico\/","title":{"rendered":"Universidad de Caldas le apuesta a la investigaci\u00f3n y la innovaci\u00f3n con un nuevo Laboratorio de Cambio Clim\u00e1tico"},"content":{"rendered":"<p>&nbsp;<\/p>\n<p><img loading=\"lazy\" decoding=\"async\" class=\"aligncenter wp-image-68287 size-full\" src=\"https:\/\/www.ucaldas.edu.co\/portal\/wp-content\/uploads\/2022\/02\/Innovalab-Climatica.jpg\" alt=\"En el Jard\u00edn Bot\u00e1nico de la Universidad de Caldas funcionar\u00e1 el Laboratorio de Cambio Clim\u00e1tico\" width=\"700\" height=\"400\" srcset=\"https:\/\/www.ucaldas.edu.co\/portal\/wp-content\/uploads\/2022\/02\/Innovalab-Climatica.jpg 700w, https:\/\/www.ucaldas.edu.co\/portal\/wp-content\/uploads\/2022\/02\/Innovalab-Climatica-300x171.jpg 300w\" sizes=\"auto, (max-width: 700px) 100vw, 700px\" \/><\/p>\n<p>La Universidad de Caldas cuenta\u00a0 con el \u00a0Laboratorio de Cambio Clim\u00e1tico e Innovaci\u00f3n Social Innovalab Clim\u00e1tica, un espacio desarrollado en asocio con 14 instituciones y organizaciones nacionales e internacionales.<\/p>\n<p><!--more--><\/p>\n<p>Innovalab Clim\u00e1tica Universidad de Caldas, ser\u00e1 un espacio que tiene como prop\u00f3sito ser una propuesta de innovaci\u00f3n social para fortalecer las capacidades de la instituci\u00f3n en cuanto a la atenci\u00f3n en problem\u00e1ticas respecto al cambio clim\u00e1tico.<\/p>\n<p>Lo m\u00e1s valioso de este proyecto es que se logr\u00f3 convocar a diferentes docentes de diferentes \u00e1reas de la Universidad, alrededor de un asunto que es una de las metas cuando se trabaja desde un \u00e1rea de proyecci\u00f3n o innovaci\u00f3n, aportar a las soluciones de los problemas de la sociedad, as\u00ed lo manifest\u00f3 la vicerrectora de Proyecci\u00f3n Patricia Salazar Villegas.<\/p>\n<p>De acuerdo con Salazar Villegas: \u201cEste proyecto se desarrolla desde hace dos a\u00f1os, momento en el que la Universidad de Caldas se present\u00f3 a un Erasmus, herramienta de financiaci\u00f3n de la Uni\u00f3n Europea para proyectos, con la cual se busca que las universidades latinoamericanas adopten buenas pr\u00e1cticas de instituciones europeas para transferirlas, y desarrollar conocimiento y redes de trabajo alrededor de temas que son desaf\u00edos globales\u201d.<\/p>\n<p>De los 5 Erasmus en los que se ha participado, este es el primero en el que la Universidad de Caldas es l\u00edder y\u00a0 contar\u00e1 con el apoyo de universidades de Colombia, M\u00e9xico, Brasil, Italia, Francia y Espa\u00f1a.<\/p>\n<p>El director del Jard\u00edn Bot\u00e1nico Jos\u00e9 Humberto Gallego Aristiz\u00e1bal, expres\u00f3 que este laboratorio es una propuesta que estar\u00e1 ubicada f\u00edsicamente en el Jard\u00edn, donde se puedan generar propuestas que fortalezcan la interdisciplinaridad para la atenci\u00f3n a la problem\u00e1tica del cambio clim\u00e1tico en el mundo, partiendo de las condiciones locales, fortaleciendo adem\u00e1s los curr\u00edculos al interior de la Universidad que atienden asuntos clim\u00e1ticos.<\/p>\n<p>Innovalab Clim\u00e1tica tambi\u00e9n buscar\u00e1 la visibilizaci\u00f3n de las problem\u00e1ticas que se presente tanto por mitigaci\u00f3n o adaptaci\u00f3n sobre cambio clim\u00e1tico en la regi\u00f3n, buscando adem\u00e1s favorecer la presentaci\u00f3n de proyectos de acci\u00f3n en investigaci\u00f3n, atenci\u00f3n y proyecci\u00f3n para las comunidades.<\/p>\n<p>&nbsp;<\/p>\n<p><strong>Anexos:<br \/>\n<\/strong><strong><a href=\"https:\/\/go.ivoox.com\/rf\/82764734\">Audio Patricia Salazar Villegas. \u2013 Vicerrectora de Proyecci\u00f3n.<\/a><\/p>\n<p><iframe loading=\"lazy\" src=\"https:\/\/www.ivoox.com\/player_ek_82764734_2_1.html\" width=\"238\" height=\"48\" frameborder=\"0\" scrolling=\"no\" allowfullscreen=\"allowfullscreen\"><\/iframe><\/strong><\/p>\n<p><strong><a href=\"https:\/\/go.ivoox.com\/rf\/82765966\">Audio Jos\u00e9 Humberto Gallego Aristiz\u00e1bal. \u2013 director Jard\u00edn Bot\u00e1nico.<\/a><br \/>\n<iframe loading=\"lazy\" src=\"https:\/\/www.ivoox.com\/player_ek_82765966_2_1.html\" width=\"238\" height=\"48\" frameborder=\"0\" scrolling=\"no\" allowfullscreen=\"allowfullscreen\"><\/iframe><\/strong><\/p>\n<p>&nbsp;<\/p>\n<p>&nbsp;<\/p>\n<p>&nbsp;<\/p>\n<p><strong>\u00a0<\/strong><\/p>\n<p><strong>Informes: <\/strong>Oficina de Comunicaciones y Prensa Universidad de Caldas.<\/p>\n<p><strong>Redacci\u00f3n:<\/strong> Mateo Buritic\u00e1 Giraldo<\/p>\n<p>&nbsp;<\/p>\n","protected":false},"excerpt":{"rendered":"<p>&nbsp; La Universidad de Caldas cuenta\u00a0 con el \u00a0Laboratorio de Cambio Clim\u00e1tico e Innovaci\u00f3n Social Innovalab Clim\u00e1tica, un espacio desarrollado en asocio con 14 instituciones y organizaciones nacionales e internacionales.<\/p>\n","protected":false},"author":2,"featured_media":68287,"comment_status":"closed","ping_status":"open","sticky":false,"template":"","format":"standard","meta":{"footnotes":""},"categories":[48,53,756],"tags":[370,816,1632,7395,7997],"class_list":["post-68286","post","type-post","status-publish","format-standard","has-post-thumbnail","hentry","category-actualidad","category-universidad-al-dia","category-ucaldas-verde","tag-jardin-botanico","tag-erasmus","tag-cambio-climatico","tag-laboratorio-de-innovacion","tag-innovalab-climatica"],"yoast_head":"<!-- This site is optimized with the Yoast SEO plugin v27.5 - https:\/\/yoast.com\/product\/yoast-seo-wordpress\/ -->\n<title>Universidad de Caldas le apuesta a la investigaci\u00f3n y la innovaci\u00f3n con un nuevo Laboratorio de Cambio Clim\u00e1tico .<\/title>\n<meta name=\"robots\" content=\"index, follow, max-snippet:-1, max-image-preview:large, max-video-preview:-1\" \/>\n<link rel=\"canonical\" href=\"https:\/\/www.ucaldas.edu.co\/portal\/universidad-de-caldas-le-apuesta-a-la-investigacion-y-la-innovacion-con-un-nuevo-laboratorio-de-cambio-climatico\/\" \/>\n<script type=\"application\/ld+json\" class=\"yoast-schema-graph\">{\"@context\":\"https:\\\/\\\/schema.org\",\"@graph\":[{\"@type\":\"Article\",\"@id\":\"https:\\\/\\\/www.ucaldas.edu.co\\\/portal\\\/universidad-de-caldas-le-apuesta-a-la-investigacion-y-la-innovacion-con-un-nuevo-laboratorio-de-cambio-climatico\\\/#article\",\"isPartOf\":{\"@id\":\"https:\\\/\\\/www.ucaldas.edu.co\\\/portal\\\/universidad-de-caldas-le-apuesta-a-la-investigacion-y-la-innovacion-con-un-nuevo-laboratorio-de-cambio-climatico\\\/\"},\"author\":{\"name\":\"ofiprensa\",\"@id\":\"https:\\\/\\\/www.ucaldas.edu.co\\\/portal\\\/#\\\/schema\\\/person\\\/a1b482e23449158b4bc319926c074fdf\"},\"headline\":\"Universidad de Caldas le apuesta a la investigaci\u00f3n y la innovaci\u00f3n con un nuevo Laboratorio de Cambio Clim\u00e1tico\",\"datePublished\":\"2022-02-25T21:44:39+00:00\",\"mainEntityOfPage\":{\"@id\":\"https:\\\/\\\/www.ucaldas.edu.co\\\/portal\\\/universidad-de-caldas-le-apuesta-a-la-investigacion-y-la-innovacion-con-un-nuevo-laboratorio-de-cambio-climatico\\\/\"},\"wordCount\":437,\"publisher\":{\"@id\":\"https:\\\/\\\/www.ucaldas.edu.co\\\/portal\\\/#organization\"},\"image\":{\"@id\":\"https:\\\/\\\/www.ucaldas.edu.co\\\/portal\\\/universidad-de-caldas-le-apuesta-a-la-investigacion-y-la-innovacion-con-un-nuevo-laboratorio-de-cambio-climatico\\\/#primaryimage\"},\"thumbnailUrl\":\"https:\\\/\\\/www.ucaldas.edu.co\\\/portal\\\/wp-content\\\/uploads\\\/2022\\\/02\\\/Innovalab-Climatica.jpg\",\"keywords\":[\"Jard\u00edn Bot\u00e1nico\",\"Erasmus +\",\"Cambio Clim\u00e1tico\",\"laboratorio de innovaci\u00f3n\",\"innovalab clim\u00e1tica\"],\"articleSection\":[\"Actualidad\",\"Universidad al D\u00eda\",\"UCaldas Verde\"],\"inLanguage\":\"es\"},{\"@type\":\"WebPage\",\"@id\":\"https:\\\/\\\/www.ucaldas.edu.co\\\/portal\\\/universidad-de-caldas-le-apuesta-a-la-investigacion-y-la-innovacion-con-un-nuevo-laboratorio-de-cambio-climatico\\\/\",\"url\":\"https:\\\/\\\/www.ucaldas.edu.co\\\/portal\\\/universidad-de-caldas-le-apuesta-a-la-investigacion-y-la-innovacion-con-un-nuevo-laboratorio-de-cambio-climatico\\\/\",\"name\":\"Universidad de Caldas le apuesta a la investigaci\u00f3n y la innovaci\u00f3n con un nuevo Laboratorio de Cambio Clim\u00e1tico .\",\"isPartOf\":{\"@id\":\"https:\\\/\\\/www.ucaldas.edu.co\\\/portal\\\/#website\"},\"primaryImageOfPage\":{\"@id\":\"https:\\\/\\\/www.ucaldas.edu.co\\\/portal\\\/universidad-de-caldas-le-apuesta-a-la-investigacion-y-la-innovacion-con-un-nuevo-laboratorio-de-cambio-climatico\\\/#primaryimage\"},\"image\":{\"@id\":\"https:\\\/\\\/www.ucaldas.edu.co\\\/portal\\\/universidad-de-caldas-le-apuesta-a-la-investigacion-y-la-innovacion-con-un-nuevo-laboratorio-de-cambio-climatico\\\/#primaryimage\"},\"thumbnailUrl\":\"https:\\\/\\\/www.ucaldas.edu.co\\\/portal\\\/wp-content\\\/uploads\\\/2022\\\/02\\\/Innovalab-Climatica.jpg\",\"datePublished\":\"2022-02-25T21:44:39+00:00\",\"breadcrumb\":{\"@id\":\"https:\\\/\\\/www.ucaldas.edu.co\\\/portal\\\/universidad-de-caldas-le-apuesta-a-la-investigacion-y-la-innovacion-con-un-nuevo-laboratorio-de-cambio-climatico\\\/#breadcrumb\"},\"inLanguage\":\"es\",\"potentialAction\":[{\"@type\":\"ReadAction\",\"target\":[\"https:\\\/\\\/www.ucaldas.edu.co\\\/portal\\\/universidad-de-caldas-le-apuesta-a-la-investigacion-y-la-innovacion-con-un-nuevo-laboratorio-de-cambio-climatico\\\/\"]}]},{\"@type\":\"ImageObject\",\"inLanguage\":\"es\",\"@id\":\"https:\\\/\\\/www.ucaldas.edu.co\\\/portal\\\/universidad-de-caldas-le-apuesta-a-la-investigacion-y-la-innovacion-con-un-nuevo-laboratorio-de-cambio-climatico\\\/#primaryimage\",\"url\":\"https:\\\/\\\/www.ucaldas.edu.co\\\/portal\\\/wp-content\\\/uploads\\\/2022\\\/02\\\/Innovalab-Climatica.jpg\",\"contentUrl\":\"https:\\\/\\\/www.ucaldas.edu.co\\\/portal\\\/wp-content\\\/uploads\\\/2022\\\/02\\\/Innovalab-Climatica.jpg\",\"width\":700,\"height\":400,\"caption\":\"En el Jard\u00edn Bot\u00e1nico de la Universidad de Caldas funcionar\u00e1 el Laboratorio de Cambio Clim\u00e1tico\"},{\"@type\":\"BreadcrumbList\",\"@id\":\"https:\\\/\\\/www.ucaldas.edu.co\\\/portal\\\/universidad-de-caldas-le-apuesta-a-la-investigacion-y-la-innovacion-con-un-nuevo-laboratorio-de-cambio-climatico\\\/#breadcrumb\",\"itemListElement\":[{\"@type\":\"ListItem\",\"position\":1,\"name\":\"Portada\",\"item\":\"https:\\\/\\\/www.ucaldas.edu.co\\\/portal\\\/\"},{\"@type\":\"ListItem\",\"position\":2,\"name\":\"Universidad de Caldas le apuesta a la investigaci\u00f3n y la innovaci\u00f3n con un nuevo Laboratorio de Cambio Clim\u00e1tico\"}]},{\"@type\":\"WebSite\",\"@id\":\"https:\\\/\\\/www.ucaldas.edu.co\\\/portal\\\/#website\",\"url\":\"https:\\\/\\\/www.ucaldas.edu.co\\\/portal\\\/\",\"name\":\"Universidad de Caldas\",\"description\":\"\",\"publisher\":{\"@id\":\"https:\\\/\\\/www.ucaldas.edu.co\\\/portal\\\/#organization\"},\"alternateName\":\"U. de Caldas\",\"potentialAction\":[{\"@type\":\"SearchAction\",\"target\":{\"@type\":\"EntryPoint\",\"urlTemplate\":\"https:\\\/\\\/www.ucaldas.edu.co\\\/portal\\\/?s={search_term_string}\"},\"query-input\":{\"@type\":\"PropertyValueSpecification\",\"valueRequired\":true,\"valueName\":\"search_term_string\"}}],\"inLanguage\":\"es\"},{\"@type\":\"Organization\",\"@id\":\"https:\\\/\\\/www.ucaldas.edu.co\\\/portal\\\/#organization\",\"name\":\"Universidad de Caldas\",\"alternateName\":\"U. de Caldas\",\"url\":\"https:\\\/\\\/www.ucaldas.edu.co\\\/portal\\\/\",\"logo\":{\"@type\":\"ImageObject\",\"inLanguage\":\"es\",\"@id\":\"https:\\\/\\\/www.ucaldas.edu.co\\\/portal\\\/#\\\/schema\\\/logo\\\/image\\\/\",\"url\":\"https:\\\/\\\/www.ucaldas.edu.co\\\/portal\\\/wp-content\\\/uploads\\\/2023\\\/11\\\/Logo_horizontal_oscuroU-2023.png\",\"contentUrl\":\"https:\\\/\\\/www.ucaldas.edu.co\\\/portal\\\/wp-content\\\/uploads\\\/2023\\\/11\\\/Logo_horizontal_oscuroU-2023.png\",\"width\":263,\"height\":101,\"caption\":\"Universidad de Caldas\"},\"image\":{\"@id\":\"https:\\\/\\\/www.ucaldas.edu.co\\\/portal\\\/#\\\/schema\\\/logo\\\/image\\\/\"},\"sameAs\":[\"https:\\\/\\\/www.facebook.com\\\/udecaldas\",\"https:\\\/\\\/x.com\\\/udecaldas\",\"https:\\\/\\\/www.youtube.com\\\/universidadcaldas\",\"https:\\\/\\\/www.instagram.com\\\/udecaldas\\\/\"]},{\"@type\":\"Person\",\"@id\":\"https:\\\/\\\/www.ucaldas.edu.co\\\/portal\\\/#\\\/schema\\\/person\\\/a1b482e23449158b4bc319926c074fdf\",\"name\":\"ofiprensa\",\"image\":{\"@type\":\"ImageObject\",\"inLanguage\":\"es\",\"@id\":\"https:\\\/\\\/www.ucaldas.edu.co\\\/portal\\\/wp-content\\\/litespeed\\\/avatar\\\/09ea5085e600095a7a811142c6944527.jpg?ver=1777497608\",\"url\":\"https:\\\/\\\/www.ucaldas.edu.co\\\/portal\\\/wp-content\\\/litespeed\\\/avatar\\\/09ea5085e600095a7a811142c6944527.jpg?ver=1777497608\",\"contentUrl\":\"https:\\\/\\\/www.ucaldas.edu.co\\\/portal\\\/wp-content\\\/litespeed\\\/avatar\\\/09ea5085e600095a7a811142c6944527.jpg?ver=1777497608\",\"caption\":\"ofiprensa\"},\"url\":\"https:\\\/\\\/www.ucaldas.edu.co\\\/portal\\\/author\\\/ofiprensa\\\/\"}]}<\/script>\n<!-- \/ Yoast SEO plugin. -->","yoast_head_json":{"title":"Universidad de Caldas le apuesta a la investigaci\u00f3n y la innovaci\u00f3n con un nuevo Laboratorio de Cambio Clim\u00e1tico .","robots":{"index":"index","follow":"follow","max-snippet":"max-snippet:-1","max-image-preview":"max-image-preview:large","max-video-preview":"max-video-preview:-1"},"canonical":"https:\/\/www.ucaldas.edu.co\/portal\/universidad-de-caldas-le-apuesta-a-la-investigacion-y-la-innovacion-con-un-nuevo-laboratorio-de-cambio-climatico\/","schema":{"@context":"https:\/\/schema.org","@graph":[{"@type":"Article","@id":"https:\/\/www.ucaldas.edu.co\/portal\/universidad-de-caldas-le-apuesta-a-la-investigacion-y-la-innovacion-con-un-nuevo-laboratorio-de-cambio-climatico\/#article","isPartOf":{"@id":"https:\/\/www.ucaldas.edu.co\/portal\/universidad-de-caldas-le-apuesta-a-la-investigacion-y-la-innovacion-con-un-nuevo-laboratorio-de-cambio-climatico\/"},"author":{"name":"ofiprensa","@id":"https:\/\/www.ucaldas.edu.co\/portal\/#\/schema\/person\/a1b482e23449158b4bc319926c074fdf"},"headline":"Universidad de Caldas le apuesta a la investigaci\u00f3n y la innovaci\u00f3n con un nuevo Laboratorio de Cambio Clim\u00e1tico","datePublished":"2022-02-25T21:44:39+00:00","mainEntityOfPage":{"@id":"https:\/\/www.ucaldas.edu.co\/portal\/universidad-de-caldas-le-apuesta-a-la-investigacion-y-la-innovacion-con-un-nuevo-laboratorio-de-cambio-climatico\/"},"wordCount":437,"publisher":{"@id":"https:\/\/www.ucaldas.edu.co\/portal\/#organization"},"image":{"@id":"https:\/\/www.ucaldas.edu.co\/portal\/universidad-de-caldas-le-apuesta-a-la-investigacion-y-la-innovacion-con-un-nuevo-laboratorio-de-cambio-climatico\/#primaryimage"},"thumbnailUrl":"https:\/\/www.ucaldas.edu.co\/portal\/wp-content\/uploads\/2022\/02\/Innovalab-Climatica.jpg","keywords":["Jard\u00edn Bot\u00e1nico","Erasmus +","Cambio Clim\u00e1tico","laboratorio de innovaci\u00f3n","innovalab clim\u00e1tica"],"articleSection":["Actualidad","Universidad al D\u00eda","UCaldas Verde"],"inLanguage":"es"},{"@type":"WebPage","@id":"https:\/\/www.ucaldas.edu.co\/portal\/universidad-de-caldas-le-apuesta-a-la-investigacion-y-la-innovacion-con-un-nuevo-laboratorio-de-cambio-climatico\/","url":"https:\/\/www.ucaldas.edu.co\/portal\/universidad-de-caldas-le-apuesta-a-la-investigacion-y-la-innovacion-con-un-nuevo-laboratorio-de-cambio-climatico\/","name":"Universidad de Caldas le apuesta a la investigaci\u00f3n y la innovaci\u00f3n con un nuevo Laboratorio de Cambio Clim\u00e1tico .","isPartOf":{"@id":"https:\/\/www.ucaldas.edu.co\/portal\/#website"},"primaryImageOfPage":{"@id":"https:\/\/www.ucaldas.edu.co\/portal\/universidad-de-caldas-le-apuesta-a-la-investigacion-y-la-innovacion-con-un-nuevo-laboratorio-de-cambio-climatico\/#primaryimage"},"image":{"@id":"https:\/\/www.ucaldas.edu.co\/portal\/universidad-de-caldas-le-apuesta-a-la-investigacion-y-la-innovacion-con-un-nuevo-laboratorio-de-cambio-climatico\/#primaryimage"},"thumbnailUrl":"https:\/\/www.ucaldas.edu.co\/portal\/wp-content\/uploads\/2022\/02\/Innovalab-Climatica.jpg","datePublished":"2022-02-25T21:44:39+00:00","breadcrumb":{"@id":"https:\/\/www.ucaldas.edu.co\/portal\/universidad-de-caldas-le-apuesta-a-la-investigacion-y-la-innovacion-con-un-nuevo-laboratorio-de-cambio-climatico\/#breadcrumb"},"inLanguage":"es","potentialAction":[{"@type":"ReadAction","target":["https:\/\/www.ucaldas.edu.co\/portal\/universidad-de-caldas-le-apuesta-a-la-investigacion-y-la-innovacion-con-un-nuevo-laboratorio-de-cambio-climatico\/"]}]},{"@type":"ImageObject","inLanguage":"es","@id":"https:\/\/www.ucaldas.edu.co\/portal\/universidad-de-caldas-le-apuesta-a-la-investigacion-y-la-innovacion-con-un-nuevo-laboratorio-de-cambio-climatico\/#primaryimage","url":"https:\/\/www.ucaldas.edu.co\/portal\/wp-content\/uploads\/2022\/02\/Innovalab-Climatica.jpg","contentUrl":"https:\/\/www.ucaldas.edu.co\/portal\/wp-content\/uploads\/2022\/02\/Innovalab-Climatica.jpg","width":700,"height":400,"caption":"En el Jard\u00edn Bot\u00e1nico de la Universidad de Caldas funcionar\u00e1 el Laboratorio de Cambio Clim\u00e1tico"},{"@type":"BreadcrumbList","@id":"https:\/\/www.ucaldas.edu.co\/portal\/universidad-de-caldas-le-apuesta-a-la-investigacion-y-la-innovacion-con-un-nuevo-laboratorio-de-cambio-climatico\/#breadcrumb","itemListElement":[{"@type":"ListItem","position":1,"name":"Portada","item":"https:\/\/www.ucaldas.edu.co\/portal\/"},{"@type":"ListItem","position":2,"name":"Universidad de Caldas le apuesta a la investigaci\u00f3n y la innovaci\u00f3n con un nuevo Laboratorio de Cambio Clim\u00e1tico"}]},{"@type":"WebSite","@id":"https:\/\/www.ucaldas.edu.co\/portal\/#website","url":"https:\/\/www.ucaldas.edu.co\/portal\/","name":"Universidad de Caldas","description":"","publisher":{"@id":"https:\/\/www.ucaldas.edu.co\/portal\/#organization"},"alternateName":"U. de Caldas","potentialAction":[{"@type":"SearchAction","target":{"@type":"EntryPoint","urlTemplate":"https:\/\/www.ucaldas.edu.co\/portal\/?s={search_term_string}"},"query-input":{"@type":"PropertyValueSpecification","valueRequired":true,"valueName":"search_term_string"}}],"inLanguage":"es"},{"@type":"Organization","@id":"https:\/\/www.ucaldas.edu.co\/portal\/#organization","name":"Universidad de Caldas","alternateName":"U. de Caldas","url":"https:\/\/www.ucaldas.edu.co\/portal\/","logo":{"@type":"ImageObject","inLanguage":"es","@id":"https:\/\/www.ucaldas.edu.co\/portal\/#\/schema\/logo\/image\/","url":"https:\/\/www.ucaldas.edu.co\/portal\/wp-content\/uploads\/2023\/11\/Logo_horizontal_oscuroU-2023.png","contentUrl":"https:\/\/www.ucaldas.edu.co\/portal\/wp-content\/uploads\/2023\/11\/Logo_horizontal_oscuroU-2023.png","width":263,"height":101,"caption":"Universidad de Caldas"},"image":{"@id":"https:\/\/www.ucaldas.edu.co\/portal\/#\/schema\/logo\/image\/"},"sameAs":["https:\/\/www.facebook.com\/udecaldas","https:\/\/x.com\/udecaldas","https:\/\/www.youtube.com\/universidadcaldas","https:\/\/www.instagram.com\/udecaldas\/"]},{"@type":"Person","@id":"https:\/\/www.ucaldas.edu.co\/portal\/#\/schema\/person\/a1b482e23449158b4bc319926c074fdf","name":"ofiprensa","image":{"@type":"ImageObject","inLanguage":"es","@id":"https:\/\/www.ucaldas.edu.co\/portal\/wp-content\/litespeed\/avatar\/09ea5085e600095a7a811142c6944527.jpg?ver=1777497608","url":"https:\/\/www.ucaldas.edu.co\/portal\/wp-content\/litespeed\/avatar\/09ea5085e600095a7a811142c6944527.jpg?ver=1777497608","contentUrl":"https:\/\/www.ucaldas.edu.co\/portal\/wp-content\/litespeed\/avatar\/09ea5085e600095a7a811142c6944527.jpg?ver=1777497608","caption":"ofiprensa"},"url":"https:\/\/www.ucaldas.edu.co\/portal\/author\/ofiprensa\/"}]}},"_links":{"self":[{"href":"https:\/\/www.ucaldas.edu.co\/portal\/wp-json\/wp\/v2\/posts\/68286","targetHints":{"allow":["GET"]}}],"collection":[{"href":"https:\/\/www.ucaldas.edu.co\/portal\/wp-json\/wp\/v2\/posts"}],"about":[{"href":"https:\/\/www.ucaldas.edu.co\/portal\/wp-json\/wp\/v2\/types\/post"}],"author":[{"embeddable":true,"href":"https:\/\/www.ucaldas.edu.co\/portal\/wp-json\/wp\/v2\/users\/2"}],"replies":[{"embeddable":true,"href":"https:\/\/www.ucaldas.edu.co\/portal\/wp-json\/wp\/v2\/comments?post=68286"}],"version-history":[{"count":0,"href":"https:\/\/www.ucaldas.edu.co\/portal\/wp-json\/wp\/v2\/posts\/68286\/revisions"}],"wp:featuredmedia":[{"embeddable":true,"href":"https:\/\/www.ucaldas.edu.co\/portal\/wp-json\/wp\/v2\/media\/68287"}],"wp:attachment":[{"href":"https:\/\/www.ucaldas.edu.co\/portal\/wp-json\/wp\/v2\/media?parent=68286"}],"wp:term":[{"taxonomy":"category","embeddable":true,"href":"https:\/\/www.ucaldas.edu.co\/portal\/wp-json\/wp\/v2\/categories?post=68286"},{"taxonomy":"post_tag","embeddable":true,"href":"https:\/\/www.ucaldas.edu.co\/portal\/wp-json\/wp\/v2\/tags?post=68286"}],"curies":[{"name":"wp","href":"https:\/\/api.w.org\/{rel}","templated":true}]}}