{"id":68116,"date":"2022-02-17T23:09:39","date_gmt":"2022-02-17T23:09:39","guid":{"rendered":"https:\/\/www.ucaldas.edu.co\/portal\/?p=68116"},"modified":"2022-02-17T23:09:39","modified_gmt":"2022-02-17T23:09:39","slug":"descuentos-especiales-en-matricula-para-la-tecnologia-en-electronica-industrial","status":"publish","type":"post","link":"https:\/\/www.ucaldas.edu.co\/portal\/descuentos-especiales-en-matricula-para-la-tecnologia-en-electronica-industrial\/","title":{"rendered":"Descuentos especiales en matr\u00edcula para la Tecnolog\u00eda en Electr\u00f3nica Industrial"},"content":{"rendered":"<p>&nbsp;<\/p>\n<p><img loading=\"lazy\" decoding=\"async\" class=\"aligncenter wp-image-68117 size-full\" src=\"https:\/\/www.ucaldas.edu.co\/portal\/wp-content\/uploads\/2022\/02\/tecnologia-en-electronica-industrial.jpg\" alt=\"Inscripciones abiertas Tecnolog\u00eda en Electr\u00f3nica\" width=\"700\" height=\"400\" srcset=\"https:\/\/www.ucaldas.edu.co\/portal\/wp-content\/uploads\/2022\/02\/tecnologia-en-electronica-industrial.jpg 700w, https:\/\/www.ucaldas.edu.co\/portal\/wp-content\/uploads\/2022\/02\/tecnologia-en-electronica-industrial-300x171.jpg 300w\" sizes=\"auto, (max-width: 700px) 100vw, 700px\" \/><\/p>\n<p>Contin\u00faan abiertas las inscripciones a la Tecnolog\u00eda en Electr\u00f3nica Industrial de la Universidad de Caldas, programa que cuenta con descuentos especiales gracias al Fondo de Apoyo a Programas Regionales.<\/p>\n<p><!--more--><\/p>\n<p>Gracias al Acuerdo 051 del Consejo Superior de la instituci\u00f3n, los aspirantes a ingresar al programa que residan en los municipios de Villamar\u00eda, Chinchin\u00e1, Neira, Palestina, Filadelfia y Ar\u00e1nzazu, contar\u00e1n con una cofinanciaci\u00f3n en la matr\u00edcula gracias al Fondo de Apoyo a Programas Regionales, por lo que el estudiante solo pagar\u00e1 0.75 salarios m\u00ednimos legales mensuales vigentes de matr\u00edcula. Por otra parte, para los estudiantes de los municipios de Riosucio y La Dorada contar\u00e1n con una cofinanciaci\u00f3n del 50% en el valor de la matr\u00edcula<\/p>\n<p>El programa se desarrolla en la Universidad de Caldas por la necesidad de hacer frente a la demanda del sector productivo regional de tecn\u00f3logos con un perfil que integre y aplique conocimientos de la electr\u00f3nica en redes industriales, m\u00e1quinas y sistemas, por lo cual se forman con \u00e9nfasis en electr\u00f3nica industrial, controladores programables, inform\u00e1tica, redes y comunicaciones industriales.<\/p>\n<p>La Tecnolog\u00eda en Electr\u00f3nica Industrial es ofertada en metodolog\u00eda a distancia con m\u00f3dulos y horarios flexibles, tiene una duraci\u00f3n de seis per\u00edodos acad\u00e9micos, por lo que semanalmente el alumno asiste a 8 horas pres\u00e9nciales de tutor\u00eda, desarroll\u00e1ndose en grupos de trabajo dirigido.<\/p>\n<p>Al culminar los estudios en el programa, el estudiante podr\u00e1 homologar actividades acad\u00e9micas en la Ingenier\u00eda Mecatr\u00f3nica de la Universidad de Caldas y concluir su ciclo profesional.<\/p>\n<p>Mayor informaci\u00f3n e inscripciones:<\/p>\n<ul>\n<li>Celular y WhatsApp: 321 801 3662<\/li>\n<li>Sitio web del programa: www.ucaldaselectronica.com<\/li>\n<\/ul>\n<p><strong>\u00a0<\/strong><\/p>\n<p><strong>Informes: <\/strong>Oficina de Comunicaciones y Prensa Universidad de Caldas.<\/p>\n<p><strong>Redacci\u00f3n:<\/strong> Mateo Buritic\u00e1 Giraldo<\/p>\n<p>&nbsp;<\/p>\n","protected":false},"excerpt":{"rendered":"<p>&nbsp; Contin\u00faan abiertas las inscripciones a la Tecnolog\u00eda en Electr\u00f3nica Industrial de la Universidad de Caldas, programa que cuenta con descuentos especiales gracias al Fondo de Apoyo a Programas Regionales.<\/p>\n","protected":false},"author":2,"featured_media":68117,"comment_status":"closed","ping_status":"open","sticky":false,"template":"","format":"standard","meta":{"footnotes":""},"categories":[48,53,243],"tags":[3726,5069,7953],"class_list":["post-68116","post","type-post","status-publish","format-standard","has-post-thumbnail","hentry","category-actualidad","category-universidad-al-dia","category-ucaldas-acreditada","tag-inscripciones-abiertas","tag-descuentos-en-matriculas","tag-tecnologia-en-electronica-industrial"],"yoast_head":"<!-- This site is optimized with the Yoast SEO plugin v27.5 - https:\/\/yoast.com\/product\/yoast-seo-wordpress\/ -->\n<title>Descuentos especiales en matr\u00edcula para la Tecnolog\u00eda en Electr\u00f3nica Industrial .<\/title>\n<meta name=\"robots\" content=\"index, follow, max-snippet:-1, max-image-preview:large, max-video-preview:-1\" \/>\n<link rel=\"canonical\" href=\"https:\/\/www.ucaldas.edu.co\/portal\/descuentos-especiales-en-matricula-para-la-tecnologia-en-electronica-industrial\/\" \/>\n<script type=\"application\/ld+json\" class=\"yoast-schema-graph\">{\"@context\":\"https:\\\/\\\/schema.org\",\"@graph\":[{\"@type\":\"Article\",\"@id\":\"https:\\\/\\\/www.ucaldas.edu.co\\\/portal\\\/descuentos-especiales-en-matricula-para-la-tecnologia-en-electronica-industrial\\\/#article\",\"isPartOf\":{\"@id\":\"https:\\\/\\\/www.ucaldas.edu.co\\\/portal\\\/descuentos-especiales-en-matricula-para-la-tecnologia-en-electronica-industrial\\\/\"},\"author\":{\"name\":\"ofiprensa\",\"@id\":\"https:\\\/\\\/www.ucaldas.edu.co\\\/portal\\\/#\\\/schema\\\/person\\\/a1b482e23449158b4bc319926c074fdf\"},\"headline\":\"Descuentos especiales en matr\u00edcula para la Tecnolog\u00eda en Electr\u00f3nica Industrial\",\"datePublished\":\"2022-02-17T23:09:39+00:00\",\"mainEntityOfPage\":{\"@id\":\"https:\\\/\\\/www.ucaldas.edu.co\\\/portal\\\/descuentos-especiales-en-matricula-para-la-tecnologia-en-electronica-industrial\\\/\"},\"wordCount\":313,\"publisher\":{\"@id\":\"https:\\\/\\\/www.ucaldas.edu.co\\\/portal\\\/#organization\"},\"image\":{\"@id\":\"https:\\\/\\\/www.ucaldas.edu.co\\\/portal\\\/descuentos-especiales-en-matricula-para-la-tecnologia-en-electronica-industrial\\\/#primaryimage\"},\"thumbnailUrl\":\"https:\\\/\\\/www.ucaldas.edu.co\\\/portal\\\/wp-content\\\/uploads\\\/2022\\\/02\\\/tecnologia-en-electronica-industrial.jpg\",\"keywords\":[\"inscripciones abiertas\",\"descuentos en matr\u00edculas\",\"tecnolog\u00eda en electr\u00f3nica industrial\"],\"articleSection\":[\"Actualidad\",\"Universidad al D\u00eda\",\"Ucaldas Acreditada\"],\"inLanguage\":\"es\"},{\"@type\":\"WebPage\",\"@id\":\"https:\\\/\\\/www.ucaldas.edu.co\\\/portal\\\/descuentos-especiales-en-matricula-para-la-tecnologia-en-electronica-industrial\\\/\",\"url\":\"https:\\\/\\\/www.ucaldas.edu.co\\\/portal\\\/descuentos-especiales-en-matricula-para-la-tecnologia-en-electronica-industrial\\\/\",\"name\":\"Descuentos especiales en matr\u00edcula para la Tecnolog\u00eda en Electr\u00f3nica Industrial .\",\"isPartOf\":{\"@id\":\"https:\\\/\\\/www.ucaldas.edu.co\\\/portal\\\/#website\"},\"primaryImageOfPage\":{\"@id\":\"https:\\\/\\\/www.ucaldas.edu.co\\\/portal\\\/descuentos-especiales-en-matricula-para-la-tecnologia-en-electronica-industrial\\\/#primaryimage\"},\"image\":{\"@id\":\"https:\\\/\\\/www.ucaldas.edu.co\\\/portal\\\/descuentos-especiales-en-matricula-para-la-tecnologia-en-electronica-industrial\\\/#primaryimage\"},\"thumbnailUrl\":\"https:\\\/\\\/www.ucaldas.edu.co\\\/portal\\\/wp-content\\\/uploads\\\/2022\\\/02\\\/tecnologia-en-electronica-industrial.jpg\",\"datePublished\":\"2022-02-17T23:09:39+00:00\",\"breadcrumb\":{\"@id\":\"https:\\\/\\\/www.ucaldas.edu.co\\\/portal\\\/descuentos-especiales-en-matricula-para-la-tecnologia-en-electronica-industrial\\\/#breadcrumb\"},\"inLanguage\":\"es\",\"potentialAction\":[{\"@type\":\"ReadAction\",\"target\":[\"https:\\\/\\\/www.ucaldas.edu.co\\\/portal\\\/descuentos-especiales-en-matricula-para-la-tecnologia-en-electronica-industrial\\\/\"]}]},{\"@type\":\"ImageObject\",\"inLanguage\":\"es\",\"@id\":\"https:\\\/\\\/www.ucaldas.edu.co\\\/portal\\\/descuentos-especiales-en-matricula-para-la-tecnologia-en-electronica-industrial\\\/#primaryimage\",\"url\":\"https:\\\/\\\/www.ucaldas.edu.co\\\/portal\\\/wp-content\\\/uploads\\\/2022\\\/02\\\/tecnologia-en-electronica-industrial.jpg\",\"contentUrl\":\"https:\\\/\\\/www.ucaldas.edu.co\\\/portal\\\/wp-content\\\/uploads\\\/2022\\\/02\\\/tecnologia-en-electronica-industrial.jpg\",\"width\":700,\"height\":400,\"caption\":\"Inscripciones abiertas Tecnolog\u00eda en Electr\u00f3nica\"},{\"@type\":\"BreadcrumbList\",\"@id\":\"https:\\\/\\\/www.ucaldas.edu.co\\\/portal\\\/descuentos-especiales-en-matricula-para-la-tecnologia-en-electronica-industrial\\\/#breadcrumb\",\"itemListElement\":[{\"@type\":\"ListItem\",\"position\":1,\"name\":\"Portada\",\"item\":\"https:\\\/\\\/www.ucaldas.edu.co\\\/portal\\\/\"},{\"@type\":\"ListItem\",\"position\":2,\"name\":\"Descuentos especiales en matr\u00edcula para la Tecnolog\u00eda en Electr\u00f3nica Industrial\"}]},{\"@type\":\"WebSite\",\"@id\":\"https:\\\/\\\/www.ucaldas.edu.co\\\/portal\\\/#website\",\"url\":\"https:\\\/\\\/www.ucaldas.edu.co\\\/portal\\\/\",\"name\":\"Universidad de Caldas\",\"description\":\"\",\"publisher\":{\"@id\":\"https:\\\/\\\/www.ucaldas.edu.co\\\/portal\\\/#organization\"},\"alternateName\":\"U. de Caldas\",\"potentialAction\":[{\"@type\":\"SearchAction\",\"target\":{\"@type\":\"EntryPoint\",\"urlTemplate\":\"https:\\\/\\\/www.ucaldas.edu.co\\\/portal\\\/?s={search_term_string}\"},\"query-input\":{\"@type\":\"PropertyValueSpecification\",\"valueRequired\":true,\"valueName\":\"search_term_string\"}}],\"inLanguage\":\"es\"},{\"@type\":\"Organization\",\"@id\":\"https:\\\/\\\/www.ucaldas.edu.co\\\/portal\\\/#organization\",\"name\":\"Universidad de Caldas\",\"alternateName\":\"U. de Caldas\",\"url\":\"https:\\\/\\\/www.ucaldas.edu.co\\\/portal\\\/\",\"logo\":{\"@type\":\"ImageObject\",\"inLanguage\":\"es\",\"@id\":\"https:\\\/\\\/www.ucaldas.edu.co\\\/portal\\\/#\\\/schema\\\/logo\\\/image\\\/\",\"url\":\"https:\\\/\\\/www.ucaldas.edu.co\\\/portal\\\/wp-content\\\/uploads\\\/2023\\\/11\\\/Logo_horizontal_oscuroU-2023.png\",\"contentUrl\":\"https:\\\/\\\/www.ucaldas.edu.co\\\/portal\\\/wp-content\\\/uploads\\\/2023\\\/11\\\/Logo_horizontal_oscuroU-2023.png\",\"width\":263,\"height\":101,\"caption\":\"Universidad de Caldas\"},\"image\":{\"@id\":\"https:\\\/\\\/www.ucaldas.edu.co\\\/portal\\\/#\\\/schema\\\/logo\\\/image\\\/\"},\"sameAs\":[\"https:\\\/\\\/www.facebook.com\\\/udecaldas\",\"https:\\\/\\\/x.com\\\/udecaldas\",\"https:\\\/\\\/www.youtube.com\\\/universidadcaldas\",\"https:\\\/\\\/www.instagram.com\\\/udecaldas\\\/\"]},{\"@type\":\"Person\",\"@id\":\"https:\\\/\\\/www.ucaldas.edu.co\\\/portal\\\/#\\\/schema\\\/person\\\/a1b482e23449158b4bc319926c074fdf\",\"name\":\"ofiprensa\",\"image\":{\"@type\":\"ImageObject\",\"inLanguage\":\"es\",\"@id\":\"https:\\\/\\\/www.ucaldas.edu.co\\\/portal\\\/wp-content\\\/litespeed\\\/avatar\\\/09ea5085e600095a7a811142c6944527.jpg?ver=1777497608\",\"url\":\"https:\\\/\\\/www.ucaldas.edu.co\\\/portal\\\/wp-content\\\/litespeed\\\/avatar\\\/09ea5085e600095a7a811142c6944527.jpg?ver=1777497608\",\"contentUrl\":\"https:\\\/\\\/www.ucaldas.edu.co\\\/portal\\\/wp-content\\\/litespeed\\\/avatar\\\/09ea5085e600095a7a811142c6944527.jpg?ver=1777497608\",\"caption\":\"ofiprensa\"},\"url\":\"https:\\\/\\\/www.ucaldas.edu.co\\\/portal\\\/author\\\/ofiprensa\\\/\"}]}<\/script>\n<!-- \/ Yoast SEO plugin. -->","yoast_head_json":{"title":"Descuentos especiales en matr\u00edcula para la Tecnolog\u00eda en Electr\u00f3nica Industrial .","robots":{"index":"index","follow":"follow","max-snippet":"max-snippet:-1","max-image-preview":"max-image-preview:large","max-video-preview":"max-video-preview:-1"},"canonical":"https:\/\/www.ucaldas.edu.co\/portal\/descuentos-especiales-en-matricula-para-la-tecnologia-en-electronica-industrial\/","schema":{"@context":"https:\/\/schema.org","@graph":[{"@type":"Article","@id":"https:\/\/www.ucaldas.edu.co\/portal\/descuentos-especiales-en-matricula-para-la-tecnologia-en-electronica-industrial\/#article","isPartOf":{"@id":"https:\/\/www.ucaldas.edu.co\/portal\/descuentos-especiales-en-matricula-para-la-tecnologia-en-electronica-industrial\/"},"author":{"name":"ofiprensa","@id":"https:\/\/www.ucaldas.edu.co\/portal\/#\/schema\/person\/a1b482e23449158b4bc319926c074fdf"},"headline":"Descuentos especiales en matr\u00edcula para la Tecnolog\u00eda en Electr\u00f3nica Industrial","datePublished":"2022-02-17T23:09:39+00:00","mainEntityOfPage":{"@id":"https:\/\/www.ucaldas.edu.co\/portal\/descuentos-especiales-en-matricula-para-la-tecnologia-en-electronica-industrial\/"},"wordCount":313,"publisher":{"@id":"https:\/\/www.ucaldas.edu.co\/portal\/#organization"},"image":{"@id":"https:\/\/www.ucaldas.edu.co\/portal\/descuentos-especiales-en-matricula-para-la-tecnologia-en-electronica-industrial\/#primaryimage"},"thumbnailUrl":"https:\/\/www.ucaldas.edu.co\/portal\/wp-content\/uploads\/2022\/02\/tecnologia-en-electronica-industrial.jpg","keywords":["inscripciones abiertas","descuentos en matr\u00edculas","tecnolog\u00eda en electr\u00f3nica industrial"],"articleSection":["Actualidad","Universidad al D\u00eda","Ucaldas Acreditada"],"inLanguage":"es"},{"@type":"WebPage","@id":"https:\/\/www.ucaldas.edu.co\/portal\/descuentos-especiales-en-matricula-para-la-tecnologia-en-electronica-industrial\/","url":"https:\/\/www.ucaldas.edu.co\/portal\/descuentos-especiales-en-matricula-para-la-tecnologia-en-electronica-industrial\/","name":"Descuentos especiales en matr\u00edcula para la Tecnolog\u00eda en Electr\u00f3nica Industrial .","isPartOf":{"@id":"https:\/\/www.ucaldas.edu.co\/portal\/#website"},"primaryImageOfPage":{"@id":"https:\/\/www.ucaldas.edu.co\/portal\/descuentos-especiales-en-matricula-para-la-tecnologia-en-electronica-industrial\/#primaryimage"},"image":{"@id":"https:\/\/www.ucaldas.edu.co\/portal\/descuentos-especiales-en-matricula-para-la-tecnologia-en-electronica-industrial\/#primaryimage"},"thumbnailUrl":"https:\/\/www.ucaldas.edu.co\/portal\/wp-content\/uploads\/2022\/02\/tecnologia-en-electronica-industrial.jpg","datePublished":"2022-02-17T23:09:39+00:00","breadcrumb":{"@id":"https:\/\/www.ucaldas.edu.co\/portal\/descuentos-especiales-en-matricula-para-la-tecnologia-en-electronica-industrial\/#breadcrumb"},"inLanguage":"es","potentialAction":[{"@type":"ReadAction","target":["https:\/\/www.ucaldas.edu.co\/portal\/descuentos-especiales-en-matricula-para-la-tecnologia-en-electronica-industrial\/"]}]},{"@type":"ImageObject","inLanguage":"es","@id":"https:\/\/www.ucaldas.edu.co\/portal\/descuentos-especiales-en-matricula-para-la-tecnologia-en-electronica-industrial\/#primaryimage","url":"https:\/\/www.ucaldas.edu.co\/portal\/wp-content\/uploads\/2022\/02\/tecnologia-en-electronica-industrial.jpg","contentUrl":"https:\/\/www.ucaldas.edu.co\/portal\/wp-content\/uploads\/2022\/02\/tecnologia-en-electronica-industrial.jpg","width":700,"height":400,"caption":"Inscripciones abiertas Tecnolog\u00eda en Electr\u00f3nica"},{"@type":"BreadcrumbList","@id":"https:\/\/www.ucaldas.edu.co\/portal\/descuentos-especiales-en-matricula-para-la-tecnologia-en-electronica-industrial\/#breadcrumb","itemListElement":[{"@type":"ListItem","position":1,"name":"Portada","item":"https:\/\/www.ucaldas.edu.co\/portal\/"},{"@type":"ListItem","position":2,"name":"Descuentos especiales en matr\u00edcula para la Tecnolog\u00eda en Electr\u00f3nica Industrial"}]},{"@type":"WebSite","@id":"https:\/\/www.ucaldas.edu.co\/portal\/#website","url":"https:\/\/www.ucaldas.edu.co\/portal\/","name":"Universidad de Caldas","description":"","publisher":{"@id":"https:\/\/www.ucaldas.edu.co\/portal\/#organization"},"alternateName":"U. de Caldas","potentialAction":[{"@type":"SearchAction","target":{"@type":"EntryPoint","urlTemplate":"https:\/\/www.ucaldas.edu.co\/portal\/?s={search_term_string}"},"query-input":{"@type":"PropertyValueSpecification","valueRequired":true,"valueName":"search_term_string"}}],"inLanguage":"es"},{"@type":"Organization","@id":"https:\/\/www.ucaldas.edu.co\/portal\/#organization","name":"Universidad de Caldas","alternateName":"U. de Caldas","url":"https:\/\/www.ucaldas.edu.co\/portal\/","logo":{"@type":"ImageObject","inLanguage":"es","@id":"https:\/\/www.ucaldas.edu.co\/portal\/#\/schema\/logo\/image\/","url":"https:\/\/www.ucaldas.edu.co\/portal\/wp-content\/uploads\/2023\/11\/Logo_horizontal_oscuroU-2023.png","contentUrl":"https:\/\/www.ucaldas.edu.co\/portal\/wp-content\/uploads\/2023\/11\/Logo_horizontal_oscuroU-2023.png","width":263,"height":101,"caption":"Universidad de Caldas"},"image":{"@id":"https:\/\/www.ucaldas.edu.co\/portal\/#\/schema\/logo\/image\/"},"sameAs":["https:\/\/www.facebook.com\/udecaldas","https:\/\/x.com\/udecaldas","https:\/\/www.youtube.com\/universidadcaldas","https:\/\/www.instagram.com\/udecaldas\/"]},{"@type":"Person","@id":"https:\/\/www.ucaldas.edu.co\/portal\/#\/schema\/person\/a1b482e23449158b4bc319926c074fdf","name":"ofiprensa","image":{"@type":"ImageObject","inLanguage":"es","@id":"https:\/\/www.ucaldas.edu.co\/portal\/wp-content\/litespeed\/avatar\/09ea5085e600095a7a811142c6944527.jpg?ver=1777497608","url":"https:\/\/www.ucaldas.edu.co\/portal\/wp-content\/litespeed\/avatar\/09ea5085e600095a7a811142c6944527.jpg?ver=1777497608","contentUrl":"https:\/\/www.ucaldas.edu.co\/portal\/wp-content\/litespeed\/avatar\/09ea5085e600095a7a811142c6944527.jpg?ver=1777497608","caption":"ofiprensa"},"url":"https:\/\/www.ucaldas.edu.co\/portal\/author\/ofiprensa\/"}]}},"_links":{"self":[{"href":"https:\/\/www.ucaldas.edu.co\/portal\/wp-json\/wp\/v2\/posts\/68116","targetHints":{"allow":["GET"]}}],"collection":[{"href":"https:\/\/www.ucaldas.edu.co\/portal\/wp-json\/wp\/v2\/posts"}],"about":[{"href":"https:\/\/www.ucaldas.edu.co\/portal\/wp-json\/wp\/v2\/types\/post"}],"author":[{"embeddable":true,"href":"https:\/\/www.ucaldas.edu.co\/portal\/wp-json\/wp\/v2\/users\/2"}],"replies":[{"embeddable":true,"href":"https:\/\/www.ucaldas.edu.co\/portal\/wp-json\/wp\/v2\/comments?post=68116"}],"version-history":[{"count":0,"href":"https:\/\/www.ucaldas.edu.co\/portal\/wp-json\/wp\/v2\/posts\/68116\/revisions"}],"wp:featuredmedia":[{"embeddable":true,"href":"https:\/\/www.ucaldas.edu.co\/portal\/wp-json\/wp\/v2\/media\/68117"}],"wp:attachment":[{"href":"https:\/\/www.ucaldas.edu.co\/portal\/wp-json\/wp\/v2\/media?parent=68116"}],"wp:term":[{"taxonomy":"category","embeddable":true,"href":"https:\/\/www.ucaldas.edu.co\/portal\/wp-json\/wp\/v2\/categories?post=68116"},{"taxonomy":"post_tag","embeddable":true,"href":"https:\/\/www.ucaldas.edu.co\/portal\/wp-json\/wp\/v2\/tags?post=68116"}],"curies":[{"name":"wp","href":"https:\/\/api.w.org\/{rel}","templated":true}]}}