{"id":67837,"date":"2022-02-04T22:13:27","date_gmt":"2022-02-04T22:13:27","guid":{"rendered":"https:\/\/www.ucaldas.edu.co\/portal\/?p=67837"},"modified":"2022-02-04T22:55:12","modified_gmt":"2022-02-04T22:55:12","slug":"participe-en-el-evento-de-lanzamiento-100-anos-cable-aereo-1922-2022","status":"publish","type":"post","link":"https:\/\/www.ucaldas.edu.co\/portal\/participe-en-el-evento-de-lanzamiento-100-anos-cable-aereo-1922-2022\/","title":{"rendered":"Participe en el evento de lanzamiento \u201c100 a\u00f1os Cable A\u00e9reo: 1922 &#8211; 2022\u201d"},"content":{"rendered":"<p>&nbsp;<\/p>\n<p><img loading=\"lazy\" decoding=\"async\" class=\"aligncenter wp-image-67838 size-full\" src=\"https:\/\/www.ucaldas.edu.co\/portal\/wp-content\/uploads\/2022\/02\/100-anos-cable-aereo.jpg\" alt=\"Conmemoraci\u00f3n 100 a\u00f1os del Cable a\u00e9reo Manizales- Mariquita\" width=\"700\" height=\"400\" srcset=\"https:\/\/www.ucaldas.edu.co\/portal\/wp-content\/uploads\/2022\/02\/100-anos-cable-aereo.jpg 700w, https:\/\/www.ucaldas.edu.co\/portal\/wp-content\/uploads\/2022\/02\/100-anos-cable-aereo-300x171.jpg 300w\" sizes=\"auto, (max-width: 700px) 100vw, 700px\" \/><\/p>\n<p>El pr\u00f3ximo lunes 7 de febrero en el Centro Cultural Universitario Rogelio Salmona se llevar\u00e1 a cabo el evento de lanzamiento \u201c100 a\u00f1os Cable A\u00e9reo: 1922 &#8211; 2022\u201d, un espacio desarrollado para conmemorar el siglo que cumple la construcci\u00f3n de cable a\u00e9reo que conectaba los municipios de Manizales, Herveo, Fresno y Mariquita.<\/p>\n<p><!--more--><\/p>\n<p>Este espacio es desarrollado por la Universidad de Caldas en asocio con la Universidad Nacional sede Manizales, las Alcald\u00edas de Manizales, Fresno, Herveo, Mariquita, la Gobernaci\u00f3n de Caldas y la Gobernaci\u00f3n de Tolima.<\/p>\n<p>Ser\u00e1 un evento social y acad\u00e9mico, donde se presentar\u00e1n las diferentes actividades que se tienen programadas durante el 2022 y 2023 para la conmemoraci\u00f3n del centenario como la expedici\u00f3n cient\u00edfica, el Festival Regional del Antiguo Cable A\u00e9reo, la conferencia de lo que fue esta obra durante su funcionamiento y la ceremonia de hermanamiento entre los municipios en la torre de Herveo, explic\u00f3 el decano de la Facultad de Ciencias Jur\u00eddicas y Sociales Gabriel Gallego Montes<\/p>\n<p>Esta jornada ser\u00e1 un ejercicio simb\u00f3lico de integraci\u00f3n de c\u00f3mo estos municipios estuvieron unidos a partir de lo que fue el cable a\u00e9reo, buscando con este proceso una construcci\u00f3n territorial conjunta entre todos los actores sociales buscando alternativas de desarrollo sostenible en la regi\u00f3n.<\/p>\n<p>&nbsp;<\/p>\n<p><strong><a href=\"https:\/\/www.ucaldas.edu.co\/portal\/wp-content\/uploads\/2022\/02\/271487961_504070314762246_7674115723596937784_n.pdf\">Conozca aqu\u00ed la agenda de la jornada.<\/a><\/strong><\/p>\n<p><strong>\u00a0<\/strong><\/p>\n<p><strong>Anexo:<br \/>\n<\/strong><strong><a href=\"https:\/\/www.ivoox.com\/gabriel-gallego-montes-8211-decano-facultad-ciencias-audios-mp3_rf_81812140_1.html\">Audio Gabriel Gallego Montes. \u2013 decano Facultad de Ciencias Jur\u00eddicas y Sociales.<\/a><br \/>\n<iframe loading=\"lazy\" src=\"https:\/\/co.ivoox.com\/es\/player_ek_81812140_2_1.html?data=mZalk5eVeJGhhpywj5WVaZS1kpuah5yncZKhhpywj5WRaZi3jpWah5yncajVw9fWx9GPi8LgzcrU0ZCxs8_oxtibjYqWeoamlJ2fk5aJd6OfxcrQw9PTb6fVxNrZ1sbIb8XZjKjWx9ORaZi3jqjOzsnFt4y1xdKYt5KJe6ShlQ..&amp;\" width=\"238\" height=\"48\" frameborder=\"0\" scrolling=\"no\" allowfullscreen=\"allowfullscreen\"><\/iframe><\/strong><\/p>\n<p>&nbsp;<\/p>\n<p>&nbsp;<\/p>\n<p><strong>Informes: <\/strong>Oficina de Comunicaciones y Prensa Universidad de Caldas.<\/p>\n<p><strong>Redacci\u00f3n:<\/strong> Mateo Buritic\u00e1 Giraldo<\/p>\n<p>&nbsp;<\/p>\n","protected":false},"excerpt":{"rendered":"<p>&nbsp; El pr\u00f3ximo lunes 7 de febrero en el Centro Cultural Universitario Rogelio Salmona se llevar\u00e1 a cabo el evento de lanzamiento \u201c100 a\u00f1os Cable A\u00e9reo: 1922 &#8211; 2022\u201d, un espacio desarrollado para conmemorar el siglo que cumple la construcci\u00f3n de cable a\u00e9reo que conectaba los municipios de Manizales, Herveo, Fresno y Mariquita.<\/p>\n","protected":false},"author":2,"featured_media":67838,"comment_status":"closed","ping_status":"open","sticky":false,"template":"","format":"standard","meta":{"footnotes":""},"categories":[48,53,62],"tags":[187,7881,7882,7883],"class_list":["post-67837","post","type-post","status-publish","format-standard","has-post-thumbnail","hentry","category-actualidad","category-universidad-al-dia","category-eventos","tag-vicerrectoria-de-proyeccion-universitaria","tag-cable-aereo","tag-manizales-y-mariquita","tag-hermanamiento-municipios"],"yoast_head":"<!-- This site is optimized with the Yoast SEO plugin v27.4 - https:\/\/yoast.com\/product\/yoast-seo-wordpress\/ -->\n<title>Participe en el evento de lanzamiento \u201c100 a\u00f1os Cable A\u00e9reo: 1922 - 2022\u201d .<\/title>\n<meta name=\"robots\" content=\"index, follow, max-snippet:-1, max-image-preview:large, max-video-preview:-1\" \/>\n<link rel=\"canonical\" href=\"https:\/\/www.ucaldas.edu.co\/portal\/participe-en-el-evento-de-lanzamiento-100-anos-cable-aereo-1922-2022\/\" \/>\n<script type=\"application\/ld+json\" class=\"yoast-schema-graph\">{\"@context\":\"https:\\\/\\\/schema.org\",\"@graph\":[{\"@type\":\"Article\",\"@id\":\"https:\\\/\\\/www.ucaldas.edu.co\\\/portal\\\/participe-en-el-evento-de-lanzamiento-100-anos-cable-aereo-1922-2022\\\/#article\",\"isPartOf\":{\"@id\":\"https:\\\/\\\/www.ucaldas.edu.co\\\/portal\\\/participe-en-el-evento-de-lanzamiento-100-anos-cable-aereo-1922-2022\\\/\"},\"author\":{\"name\":\"ofiprensa\",\"@id\":\"https:\\\/\\\/www.ucaldas.edu.co\\\/portal\\\/#\\\/schema\\\/person\\\/a1b482e23449158b4bc319926c074fdf\"},\"headline\":\"Participe en el evento de lanzamiento \u201c100 a\u00f1os Cable A\u00e9reo: 1922 &#8211; 2022\u201d\",\"datePublished\":\"2022-02-04T22:13:27+00:00\",\"dateModified\":\"2022-02-04T22:55:12+00:00\",\"mainEntityOfPage\":{\"@id\":\"https:\\\/\\\/www.ucaldas.edu.co\\\/portal\\\/participe-en-el-evento-de-lanzamiento-100-anos-cable-aereo-1922-2022\\\/\"},\"wordCount\":270,\"publisher\":{\"@id\":\"https:\\\/\\\/www.ucaldas.edu.co\\\/portal\\\/#organization\"},\"image\":{\"@id\":\"https:\\\/\\\/www.ucaldas.edu.co\\\/portal\\\/participe-en-el-evento-de-lanzamiento-100-anos-cable-aereo-1922-2022\\\/#primaryimage\"},\"thumbnailUrl\":\"https:\\\/\\\/www.ucaldas.edu.co\\\/portal\\\/wp-content\\\/uploads\\\/2022\\\/02\\\/100-anos-cable-aereo.jpg\",\"keywords\":[\"vicerrector\u00eda de Proyecci\u00f3n Universitaria\",\"cable a\u00e9reo\",\"manizales y mariquita\",\"hermanamiento municipios\"],\"articleSection\":[\"Actualidad\",\"Universidad al D\u00eda\",\"Eventos\"],\"inLanguage\":\"es\"},{\"@type\":\"WebPage\",\"@id\":\"https:\\\/\\\/www.ucaldas.edu.co\\\/portal\\\/participe-en-el-evento-de-lanzamiento-100-anos-cable-aereo-1922-2022\\\/\",\"url\":\"https:\\\/\\\/www.ucaldas.edu.co\\\/portal\\\/participe-en-el-evento-de-lanzamiento-100-anos-cable-aereo-1922-2022\\\/\",\"name\":\"Participe en el evento de lanzamiento \u201c100 a\u00f1os Cable A\u00e9reo: 1922 - 2022\u201d .\",\"isPartOf\":{\"@id\":\"https:\\\/\\\/www.ucaldas.edu.co\\\/portal\\\/#website\"},\"primaryImageOfPage\":{\"@id\":\"https:\\\/\\\/www.ucaldas.edu.co\\\/portal\\\/participe-en-el-evento-de-lanzamiento-100-anos-cable-aereo-1922-2022\\\/#primaryimage\"},\"image\":{\"@id\":\"https:\\\/\\\/www.ucaldas.edu.co\\\/portal\\\/participe-en-el-evento-de-lanzamiento-100-anos-cable-aereo-1922-2022\\\/#primaryimage\"},\"thumbnailUrl\":\"https:\\\/\\\/www.ucaldas.edu.co\\\/portal\\\/wp-content\\\/uploads\\\/2022\\\/02\\\/100-anos-cable-aereo.jpg\",\"datePublished\":\"2022-02-04T22:13:27+00:00\",\"dateModified\":\"2022-02-04T22:55:12+00:00\",\"breadcrumb\":{\"@id\":\"https:\\\/\\\/www.ucaldas.edu.co\\\/portal\\\/participe-en-el-evento-de-lanzamiento-100-anos-cable-aereo-1922-2022\\\/#breadcrumb\"},\"inLanguage\":\"es\",\"potentialAction\":[{\"@type\":\"ReadAction\",\"target\":[\"https:\\\/\\\/www.ucaldas.edu.co\\\/portal\\\/participe-en-el-evento-de-lanzamiento-100-anos-cable-aereo-1922-2022\\\/\"]}]},{\"@type\":\"ImageObject\",\"inLanguage\":\"es\",\"@id\":\"https:\\\/\\\/www.ucaldas.edu.co\\\/portal\\\/participe-en-el-evento-de-lanzamiento-100-anos-cable-aereo-1922-2022\\\/#primaryimage\",\"url\":\"https:\\\/\\\/www.ucaldas.edu.co\\\/portal\\\/wp-content\\\/uploads\\\/2022\\\/02\\\/100-anos-cable-aereo.jpg\",\"contentUrl\":\"https:\\\/\\\/www.ucaldas.edu.co\\\/portal\\\/wp-content\\\/uploads\\\/2022\\\/02\\\/100-anos-cable-aereo.jpg\",\"width\":700,\"height\":400,\"caption\":\"Conmemoraci\u00f3n 100 a\u00f1os del Cable a\u00e9reo Manizales- Mariquita\"},{\"@type\":\"BreadcrumbList\",\"@id\":\"https:\\\/\\\/www.ucaldas.edu.co\\\/portal\\\/participe-en-el-evento-de-lanzamiento-100-anos-cable-aereo-1922-2022\\\/#breadcrumb\",\"itemListElement\":[{\"@type\":\"ListItem\",\"position\":1,\"name\":\"Portada\",\"item\":\"https:\\\/\\\/www.ucaldas.edu.co\\\/portal\\\/\"},{\"@type\":\"ListItem\",\"position\":2,\"name\":\"Participe en el evento de lanzamiento \u201c100 a\u00f1os Cable A\u00e9reo: 1922 &#8211; 2022\u201d\"}]},{\"@type\":\"WebSite\",\"@id\":\"https:\\\/\\\/www.ucaldas.edu.co\\\/portal\\\/#website\",\"url\":\"https:\\\/\\\/www.ucaldas.edu.co\\\/portal\\\/\",\"name\":\"Universidad de Caldas\",\"description\":\"\",\"publisher\":{\"@id\":\"https:\\\/\\\/www.ucaldas.edu.co\\\/portal\\\/#organization\"},\"alternateName\":\"U. de Caldas\",\"potentialAction\":[{\"@type\":\"SearchAction\",\"target\":{\"@type\":\"EntryPoint\",\"urlTemplate\":\"https:\\\/\\\/www.ucaldas.edu.co\\\/portal\\\/?s={search_term_string}\"},\"query-input\":{\"@type\":\"PropertyValueSpecification\",\"valueRequired\":true,\"valueName\":\"search_term_string\"}}],\"inLanguage\":\"es\"},{\"@type\":\"Organization\",\"@id\":\"https:\\\/\\\/www.ucaldas.edu.co\\\/portal\\\/#organization\",\"name\":\"Universidad de Caldas\",\"alternateName\":\"U. de Caldas\",\"url\":\"https:\\\/\\\/www.ucaldas.edu.co\\\/portal\\\/\",\"logo\":{\"@type\":\"ImageObject\",\"inLanguage\":\"es\",\"@id\":\"https:\\\/\\\/www.ucaldas.edu.co\\\/portal\\\/#\\\/schema\\\/logo\\\/image\\\/\",\"url\":\"https:\\\/\\\/www.ucaldas.edu.co\\\/portal\\\/wp-content\\\/uploads\\\/2023\\\/11\\\/Logo_horizontal_oscuroU-2023.png\",\"contentUrl\":\"https:\\\/\\\/www.ucaldas.edu.co\\\/portal\\\/wp-content\\\/uploads\\\/2023\\\/11\\\/Logo_horizontal_oscuroU-2023.png\",\"width\":263,\"height\":101,\"caption\":\"Universidad de Caldas\"},\"image\":{\"@id\":\"https:\\\/\\\/www.ucaldas.edu.co\\\/portal\\\/#\\\/schema\\\/logo\\\/image\\\/\"},\"sameAs\":[\"https:\\\/\\\/www.facebook.com\\\/udecaldas\",\"https:\\\/\\\/x.com\\\/udecaldas\",\"https:\\\/\\\/www.youtube.com\\\/universidadcaldas\",\"https:\\\/\\\/www.instagram.com\\\/udecaldas\\\/\"]},{\"@type\":\"Person\",\"@id\":\"https:\\\/\\\/www.ucaldas.edu.co\\\/portal\\\/#\\\/schema\\\/person\\\/a1b482e23449158b4bc319926c074fdf\",\"name\":\"ofiprensa\",\"image\":{\"@type\":\"ImageObject\",\"inLanguage\":\"es\",\"@id\":\"https:\\\/\\\/www.ucaldas.edu.co\\\/portal\\\/wp-content\\\/litespeed\\\/avatar\\\/09ea5085e600095a7a811142c6944527.jpg?ver=1776892805\",\"url\":\"https:\\\/\\\/www.ucaldas.edu.co\\\/portal\\\/wp-content\\\/litespeed\\\/avatar\\\/09ea5085e600095a7a811142c6944527.jpg?ver=1776892805\",\"contentUrl\":\"https:\\\/\\\/www.ucaldas.edu.co\\\/portal\\\/wp-content\\\/litespeed\\\/avatar\\\/09ea5085e600095a7a811142c6944527.jpg?ver=1776892805\",\"caption\":\"ofiprensa\"},\"url\":\"https:\\\/\\\/www.ucaldas.edu.co\\\/portal\\\/author\\\/ofiprensa\\\/\"}]}<\/script>\n<!-- \/ Yoast SEO plugin. -->","yoast_head_json":{"title":"Participe en el evento de lanzamiento \u201c100 a\u00f1os Cable A\u00e9reo: 1922 - 2022\u201d .","robots":{"index":"index","follow":"follow","max-snippet":"max-snippet:-1","max-image-preview":"max-image-preview:large","max-video-preview":"max-video-preview:-1"},"canonical":"https:\/\/www.ucaldas.edu.co\/portal\/participe-en-el-evento-de-lanzamiento-100-anos-cable-aereo-1922-2022\/","schema":{"@context":"https:\/\/schema.org","@graph":[{"@type":"Article","@id":"https:\/\/www.ucaldas.edu.co\/portal\/participe-en-el-evento-de-lanzamiento-100-anos-cable-aereo-1922-2022\/#article","isPartOf":{"@id":"https:\/\/www.ucaldas.edu.co\/portal\/participe-en-el-evento-de-lanzamiento-100-anos-cable-aereo-1922-2022\/"},"author":{"name":"ofiprensa","@id":"https:\/\/www.ucaldas.edu.co\/portal\/#\/schema\/person\/a1b482e23449158b4bc319926c074fdf"},"headline":"Participe en el evento de lanzamiento \u201c100 a\u00f1os Cable A\u00e9reo: 1922 &#8211; 2022\u201d","datePublished":"2022-02-04T22:13:27+00:00","dateModified":"2022-02-04T22:55:12+00:00","mainEntityOfPage":{"@id":"https:\/\/www.ucaldas.edu.co\/portal\/participe-en-el-evento-de-lanzamiento-100-anos-cable-aereo-1922-2022\/"},"wordCount":270,"publisher":{"@id":"https:\/\/www.ucaldas.edu.co\/portal\/#organization"},"image":{"@id":"https:\/\/www.ucaldas.edu.co\/portal\/participe-en-el-evento-de-lanzamiento-100-anos-cable-aereo-1922-2022\/#primaryimage"},"thumbnailUrl":"https:\/\/www.ucaldas.edu.co\/portal\/wp-content\/uploads\/2022\/02\/100-anos-cable-aereo.jpg","keywords":["vicerrector\u00eda de Proyecci\u00f3n Universitaria","cable a\u00e9reo","manizales y mariquita","hermanamiento municipios"],"articleSection":["Actualidad","Universidad al D\u00eda","Eventos"],"inLanguage":"es"},{"@type":"WebPage","@id":"https:\/\/www.ucaldas.edu.co\/portal\/participe-en-el-evento-de-lanzamiento-100-anos-cable-aereo-1922-2022\/","url":"https:\/\/www.ucaldas.edu.co\/portal\/participe-en-el-evento-de-lanzamiento-100-anos-cable-aereo-1922-2022\/","name":"Participe en el evento de lanzamiento \u201c100 a\u00f1os Cable A\u00e9reo: 1922 - 2022\u201d .","isPartOf":{"@id":"https:\/\/www.ucaldas.edu.co\/portal\/#website"},"primaryImageOfPage":{"@id":"https:\/\/www.ucaldas.edu.co\/portal\/participe-en-el-evento-de-lanzamiento-100-anos-cable-aereo-1922-2022\/#primaryimage"},"image":{"@id":"https:\/\/www.ucaldas.edu.co\/portal\/participe-en-el-evento-de-lanzamiento-100-anos-cable-aereo-1922-2022\/#primaryimage"},"thumbnailUrl":"https:\/\/www.ucaldas.edu.co\/portal\/wp-content\/uploads\/2022\/02\/100-anos-cable-aereo.jpg","datePublished":"2022-02-04T22:13:27+00:00","dateModified":"2022-02-04T22:55:12+00:00","breadcrumb":{"@id":"https:\/\/www.ucaldas.edu.co\/portal\/participe-en-el-evento-de-lanzamiento-100-anos-cable-aereo-1922-2022\/#breadcrumb"},"inLanguage":"es","potentialAction":[{"@type":"ReadAction","target":["https:\/\/www.ucaldas.edu.co\/portal\/participe-en-el-evento-de-lanzamiento-100-anos-cable-aereo-1922-2022\/"]}]},{"@type":"ImageObject","inLanguage":"es","@id":"https:\/\/www.ucaldas.edu.co\/portal\/participe-en-el-evento-de-lanzamiento-100-anos-cable-aereo-1922-2022\/#primaryimage","url":"https:\/\/www.ucaldas.edu.co\/portal\/wp-content\/uploads\/2022\/02\/100-anos-cable-aereo.jpg","contentUrl":"https:\/\/www.ucaldas.edu.co\/portal\/wp-content\/uploads\/2022\/02\/100-anos-cable-aereo.jpg","width":700,"height":400,"caption":"Conmemoraci\u00f3n 100 a\u00f1os del Cable a\u00e9reo Manizales- Mariquita"},{"@type":"BreadcrumbList","@id":"https:\/\/www.ucaldas.edu.co\/portal\/participe-en-el-evento-de-lanzamiento-100-anos-cable-aereo-1922-2022\/#breadcrumb","itemListElement":[{"@type":"ListItem","position":1,"name":"Portada","item":"https:\/\/www.ucaldas.edu.co\/portal\/"},{"@type":"ListItem","position":2,"name":"Participe en el evento de lanzamiento \u201c100 a\u00f1os Cable A\u00e9reo: 1922 &#8211; 2022\u201d"}]},{"@type":"WebSite","@id":"https:\/\/www.ucaldas.edu.co\/portal\/#website","url":"https:\/\/www.ucaldas.edu.co\/portal\/","name":"Universidad de Caldas","description":"","publisher":{"@id":"https:\/\/www.ucaldas.edu.co\/portal\/#organization"},"alternateName":"U. de Caldas","potentialAction":[{"@type":"SearchAction","target":{"@type":"EntryPoint","urlTemplate":"https:\/\/www.ucaldas.edu.co\/portal\/?s={search_term_string}"},"query-input":{"@type":"PropertyValueSpecification","valueRequired":true,"valueName":"search_term_string"}}],"inLanguage":"es"},{"@type":"Organization","@id":"https:\/\/www.ucaldas.edu.co\/portal\/#organization","name":"Universidad de Caldas","alternateName":"U. de Caldas","url":"https:\/\/www.ucaldas.edu.co\/portal\/","logo":{"@type":"ImageObject","inLanguage":"es","@id":"https:\/\/www.ucaldas.edu.co\/portal\/#\/schema\/logo\/image\/","url":"https:\/\/www.ucaldas.edu.co\/portal\/wp-content\/uploads\/2023\/11\/Logo_horizontal_oscuroU-2023.png","contentUrl":"https:\/\/www.ucaldas.edu.co\/portal\/wp-content\/uploads\/2023\/11\/Logo_horizontal_oscuroU-2023.png","width":263,"height":101,"caption":"Universidad de Caldas"},"image":{"@id":"https:\/\/www.ucaldas.edu.co\/portal\/#\/schema\/logo\/image\/"},"sameAs":["https:\/\/www.facebook.com\/udecaldas","https:\/\/x.com\/udecaldas","https:\/\/www.youtube.com\/universidadcaldas","https:\/\/www.instagram.com\/udecaldas\/"]},{"@type":"Person","@id":"https:\/\/www.ucaldas.edu.co\/portal\/#\/schema\/person\/a1b482e23449158b4bc319926c074fdf","name":"ofiprensa","image":{"@type":"ImageObject","inLanguage":"es","@id":"https:\/\/www.ucaldas.edu.co\/portal\/wp-content\/litespeed\/avatar\/09ea5085e600095a7a811142c6944527.jpg?ver=1776892805","url":"https:\/\/www.ucaldas.edu.co\/portal\/wp-content\/litespeed\/avatar\/09ea5085e600095a7a811142c6944527.jpg?ver=1776892805","contentUrl":"https:\/\/www.ucaldas.edu.co\/portal\/wp-content\/litespeed\/avatar\/09ea5085e600095a7a811142c6944527.jpg?ver=1776892805","caption":"ofiprensa"},"url":"https:\/\/www.ucaldas.edu.co\/portal\/author\/ofiprensa\/"}]}},"_links":{"self":[{"href":"https:\/\/www.ucaldas.edu.co\/portal\/wp-json\/wp\/v2\/posts\/67837","targetHints":{"allow":["GET"]}}],"collection":[{"href":"https:\/\/www.ucaldas.edu.co\/portal\/wp-json\/wp\/v2\/posts"}],"about":[{"href":"https:\/\/www.ucaldas.edu.co\/portal\/wp-json\/wp\/v2\/types\/post"}],"author":[{"embeddable":true,"href":"https:\/\/www.ucaldas.edu.co\/portal\/wp-json\/wp\/v2\/users\/2"}],"replies":[{"embeddable":true,"href":"https:\/\/www.ucaldas.edu.co\/portal\/wp-json\/wp\/v2\/comments?post=67837"}],"version-history":[{"count":0,"href":"https:\/\/www.ucaldas.edu.co\/portal\/wp-json\/wp\/v2\/posts\/67837\/revisions"}],"wp:featuredmedia":[{"embeddable":true,"href":"https:\/\/www.ucaldas.edu.co\/portal\/wp-json\/wp\/v2\/media\/67838"}],"wp:attachment":[{"href":"https:\/\/www.ucaldas.edu.co\/portal\/wp-json\/wp\/v2\/media?parent=67837"}],"wp:term":[{"taxonomy":"category","embeddable":true,"href":"https:\/\/www.ucaldas.edu.co\/portal\/wp-json\/wp\/v2\/categories?post=67837"},{"taxonomy":"post_tag","embeddable":true,"href":"https:\/\/www.ucaldas.edu.co\/portal\/wp-json\/wp\/v2\/tags?post=67837"}],"curies":[{"name":"wp","href":"https:\/\/api.w.org\/{rel}","templated":true}]}}