{"id":67818,"date":"2022-02-03T23:36:07","date_gmt":"2022-02-03T23:36:07","guid":{"rendered":"https:\/\/www.ucaldas.edu.co\/portal\/?p=67818"},"modified":"2022-02-03T23:36:07","modified_gmt":"2022-02-03T23:36:07","slug":"proyecto-voices-of-recovery-ganador-de-la-convocatoria-internacional-de-financiacion-plataforma-transatlantica-t-ap","status":"publish","type":"post","link":"https:\/\/www.ucaldas.edu.co\/portal\/proyecto-voices-of-recovery-ganador-de-la-convocatoria-internacional-de-financiacion-plataforma-transatlantica-t-ap\/","title":{"rendered":"Proyecto \u201cVoices of Recovery\u201d ganador de la convocatoria internacional de financiaci\u00f3n Plataforma Transatl\u00e1ntica (T-Ap)"},"content":{"rendered":"<p>&nbsp;<\/p>\n<p><img loading=\"lazy\" decoding=\"async\" class=\"aligncenter wp-image-67819 size-full\" src=\"https:\/\/www.ucaldas.edu.co\/portal\/wp-content\/uploads\/2022\/02\/Proyecto-Voices-of-Recovery-ganador-de-la-convocatoria-internacional-de-financiacion-Plataforma-Transatlantica-T-Ap.jpg\" alt=\"Universidad de Caldas se destaca por su investigaci\u00f3n social en el \u00e1mbito internacional\" width=\"700\" height=\"400\" srcset=\"https:\/\/www.ucaldas.edu.co\/portal\/wp-content\/uploads\/2022\/02\/Proyecto-Voices-of-Recovery-ganador-de-la-convocatoria-internacional-de-financiacion-Plataforma-Transatlantica-T-Ap.jpg 700w, https:\/\/www.ucaldas.edu.co\/portal\/wp-content\/uploads\/2022\/02\/Proyecto-Voices-of-Recovery-ganador-de-la-convocatoria-internacional-de-financiacion-Plataforma-Transatlantica-T-Ap-300x171.jpg 300w\" sizes=\"auto, (max-width: 700px) 100vw, 700px\" \/><\/p>\n<p>El proyecto \u201cVoices of Recovery: Recognising intersecting risks, capacities and pandemic recovery needs in marginalised communities of Latin America\u201d de la Universidad de Caldas fue seleccionado para financiaci\u00f3n en la convocatoria internacional realizada por la plataforma Transatl\u00e1ntica (T-Ap) para las Ciencias Sociales y las Humanidades.<\/p>\n<p><!--more--><\/p>\n<p>\u201cVoices of Recovery\u201d es un proyecto liderado por la docente Victoria Lugo Agudelo del departamento de Desarrollo Humano, directora del grupo de investigaci\u00f3n CEDAT y de la Maestr\u00eda en Justicia Social y Construcci\u00f3n de Paz.<\/p>\n<p>La plataforma Transatl\u00e1ntica (T-Ap) es un consorcio de cooperantes internacionales que pretende fortalecer la colaboraci\u00f3n entre investigadores de Am\u00e9rica y Europa, para incrementar la habilidad de los financiadores, universidades e investigadores involucr\u00e1ndose en un di\u00e1logo y colaboraci\u00f3n transnacional.<\/p>\n<p>De los 330 proyectos que se presentaron a la convocatoria a nivel internacional, se seleccionaron 19 para ser financiados, uno de los cuales fue \u201cVoices of Recovery\u201d, el cual busca describir las principales estad\u00edsticas y experiencias del impacto del Covid-19, presentando c\u00f3mo las comunidades marginalizadas fueron afectadas por las restricciones econ\u00f3micas, sociales, culturas y c\u00f3mo estas situaciones se relacionan con los dem\u00e1s riesgos e inequidades que exist\u00edan previamente, as\u00ed lo afirm\u00f3 la investigadora principal del proyecto Victoria Lugo Agudelo.<\/p>\n<p>El proyecto adem\u00e1s pretende conocer las principales necesidades para la recuperaci\u00f3n de las comunidades y la forma c\u00f3mo se intentan expresar estas necesidades, comprendiendo la manera en que actores sociales y pol\u00edticos representan estas necesidades, prioridades y responsabilidades.<\/p>\n<p>\u201cVoices of Recovery\u201d adem\u00e1s acompa\u00f1ar\u00e1 a las comunidades seleccionadas para que reconozcan su situaci\u00f3n, planteen alternativas de recuperaci\u00f3n a tomadores de decisiones y fortalezcan procesos de recuperaci\u00f3n concertados con las comunidades.<\/p>\n<p>El proyecto tiene una duraci\u00f3n de 3 a\u00f1os y se desarrollar\u00e1 simult\u00e1neamente en tres pa\u00edses de Am\u00e9rica Latina: Colombia (Universidad de Caldas), Per\u00fa (Pontificia Universidad Cat\u00f3lica del Per\u00fa) y Brasil (Universidad de Par\u00e1), en alianza con la Universidad de East Anglia en el Reino Unido.<\/p>\n<p>En Colombia, la Universidad de Caldas es la entidad ejecutora del proyecto y ser\u00e1 financiado por el International Development Research Centre (IDRC) de Canad\u00e1. El equipo de investigadores es liderado por la docente Lugo, y como co-investigadoras las profesoras Diana Esperanza Carmona y Alejandra L\u00f3pez Getial del departamento de Desarrollo Humano y grupo de investigaci\u00f3n CEDAT.<\/p>\n<p>&nbsp;<\/p>\n<p><strong>Anexo:<\/strong><\/p>\n<p><strong><a href=\"https:\/\/www.ivoox.com\/victoria-lugo-agudelo-8211-investigadora-principal-del-proyecto-audios-mp3_rf_81761752_1.html\">Audio Victoria Lugo Agudelo \u2013 Investigadora principal del proyecto.<\/a><br \/>\n<iframe loading=\"lazy\" src=\"https:\/\/co.ivoox.com\/es\/player_ek_81761752_2_1.html?data=mZakmJabeZOhhpywj5WVaZS1kZuah5yncZKhhpywj5WRaZi3jpWah5yncbfdxNnc1M7Fb63pyNSYo8zZqMbg0JCSlJuJdpSsk5aeh5imb6ri18rg1s7LpcXj08aY0tfNssTd0cbZjcmRaZi3jqjOzsnFt4y1xdKYt5KJe6ShlQ..&amp;\" width=\"238\" height=\"48\" frameborder=\"0\" scrolling=\"no\" allowfullscreen=\"allowfullscreen\"><\/iframe><\/strong><\/p>\n<p>&nbsp;<\/p>\n<p><strong>Informes: <\/strong>Oficina de Comunicaciones y Prensa Universidad de Caldas.<\/p>\n<p><strong>Redacci\u00f3n:<\/strong> Mateo Buritic\u00e1 Giraldo<\/p>\n<p>&nbsp;<\/p>\n","protected":false},"excerpt":{"rendered":"<p>&nbsp; El proyecto \u201cVoices of Recovery: Recognising intersecting risks, capacities and pandemic recovery needs in marginalised communities of Latin America\u201d de la Universidad de Caldas fue seleccionado para financiaci\u00f3n en la convocatoria internacional realizada por la plataforma Transatl\u00e1ntica (T-Ap) para las Ciencias Sociales y las Humanidades.<\/p>\n","protected":false},"author":2,"featured_media":67819,"comment_status":"closed","ping_status":"open","sticky":false,"template":"","format":"standard","meta":{"footnotes":""},"categories":[53,243,48],"tags":[7875,7876,7874],"class_list":["post-67818","post","type-post","status-publish","format-standard","has-post-thumbnail","hentry","category-universidad-al-dia","category-ucaldas-acreditada","category-actualidad","tag-proyecto-ganador","tag-convocatoria-transatlantica","tag-voices-of-recovery"],"yoast_head":"<!-- This site is optimized with the Yoast SEO plugin v27.5 - https:\/\/yoast.com\/product\/yoast-seo-wordpress\/ -->\n<title>Proyecto \u201cVoices of Recovery\u201d ganador de la convocatoria internacional de financiaci\u00f3n Plataforma Transatl\u00e1ntica (T-Ap) .<\/title>\n<meta name=\"robots\" content=\"index, follow, max-snippet:-1, max-image-preview:large, max-video-preview:-1\" \/>\n<link rel=\"canonical\" href=\"https:\/\/www.ucaldas.edu.co\/portal\/proyecto-voices-of-recovery-ganador-de-la-convocatoria-internacional-de-financiacion-plataforma-transatlantica-t-ap\/\" \/>\n<script type=\"application\/ld+json\" class=\"yoast-schema-graph\">{\"@context\":\"https:\\\/\\\/schema.org\",\"@graph\":[{\"@type\":\"Article\",\"@id\":\"https:\\\/\\\/www.ucaldas.edu.co\\\/portal\\\/proyecto-voices-of-recovery-ganador-de-la-convocatoria-internacional-de-financiacion-plataforma-transatlantica-t-ap\\\/#article\",\"isPartOf\":{\"@id\":\"https:\\\/\\\/www.ucaldas.edu.co\\\/portal\\\/proyecto-voices-of-recovery-ganador-de-la-convocatoria-internacional-de-financiacion-plataforma-transatlantica-t-ap\\\/\"},\"author\":{\"name\":\"ofiprensa\",\"@id\":\"https:\\\/\\\/www.ucaldas.edu.co\\\/portal\\\/#\\\/schema\\\/person\\\/a1b482e23449158b4bc319926c074fdf\"},\"headline\":\"Proyecto \u201cVoices of Recovery\u201d ganador de la convocatoria internacional de financiaci\u00f3n Plataforma Transatl\u00e1ntica (T-Ap)\",\"datePublished\":\"2022-02-03T23:36:07+00:00\",\"mainEntityOfPage\":{\"@id\":\"https:\\\/\\\/www.ucaldas.edu.co\\\/portal\\\/proyecto-voices-of-recovery-ganador-de-la-convocatoria-internacional-de-financiacion-plataforma-transatlantica-t-ap\\\/\"},\"wordCount\":441,\"publisher\":{\"@id\":\"https:\\\/\\\/www.ucaldas.edu.co\\\/portal\\\/#organization\"},\"image\":{\"@id\":\"https:\\\/\\\/www.ucaldas.edu.co\\\/portal\\\/proyecto-voices-of-recovery-ganador-de-la-convocatoria-internacional-de-financiacion-plataforma-transatlantica-t-ap\\\/#primaryimage\"},\"thumbnailUrl\":\"https:\\\/\\\/www.ucaldas.edu.co\\\/portal\\\/wp-content\\\/uploads\\\/2022\\\/02\\\/Proyecto-Voices-of-Recovery-ganador-de-la-convocatoria-internacional-de-financiacion-Plataforma-Transatlantica-T-Ap.jpg\",\"keywords\":[\"proyecto ganador\",\"convocatoria transatl\u00e1ntica\",\"voices of recovery\"],\"articleSection\":[\"Universidad al D\u00eda\",\"Ucaldas Acreditada\",\"Actualidad\"],\"inLanguage\":\"es\"},{\"@type\":\"WebPage\",\"@id\":\"https:\\\/\\\/www.ucaldas.edu.co\\\/portal\\\/proyecto-voices-of-recovery-ganador-de-la-convocatoria-internacional-de-financiacion-plataforma-transatlantica-t-ap\\\/\",\"url\":\"https:\\\/\\\/www.ucaldas.edu.co\\\/portal\\\/proyecto-voices-of-recovery-ganador-de-la-convocatoria-internacional-de-financiacion-plataforma-transatlantica-t-ap\\\/\",\"name\":\"Proyecto \u201cVoices of Recovery\u201d ganador de la convocatoria internacional de financiaci\u00f3n Plataforma Transatl\u00e1ntica (T-Ap) .\",\"isPartOf\":{\"@id\":\"https:\\\/\\\/www.ucaldas.edu.co\\\/portal\\\/#website\"},\"primaryImageOfPage\":{\"@id\":\"https:\\\/\\\/www.ucaldas.edu.co\\\/portal\\\/proyecto-voices-of-recovery-ganador-de-la-convocatoria-internacional-de-financiacion-plataforma-transatlantica-t-ap\\\/#primaryimage\"},\"image\":{\"@id\":\"https:\\\/\\\/www.ucaldas.edu.co\\\/portal\\\/proyecto-voices-of-recovery-ganador-de-la-convocatoria-internacional-de-financiacion-plataforma-transatlantica-t-ap\\\/#primaryimage\"},\"thumbnailUrl\":\"https:\\\/\\\/www.ucaldas.edu.co\\\/portal\\\/wp-content\\\/uploads\\\/2022\\\/02\\\/Proyecto-Voices-of-Recovery-ganador-de-la-convocatoria-internacional-de-financiacion-Plataforma-Transatlantica-T-Ap.jpg\",\"datePublished\":\"2022-02-03T23:36:07+00:00\",\"breadcrumb\":{\"@id\":\"https:\\\/\\\/www.ucaldas.edu.co\\\/portal\\\/proyecto-voices-of-recovery-ganador-de-la-convocatoria-internacional-de-financiacion-plataforma-transatlantica-t-ap\\\/#breadcrumb\"},\"inLanguage\":\"es\",\"potentialAction\":[{\"@type\":\"ReadAction\",\"target\":[\"https:\\\/\\\/www.ucaldas.edu.co\\\/portal\\\/proyecto-voices-of-recovery-ganador-de-la-convocatoria-internacional-de-financiacion-plataforma-transatlantica-t-ap\\\/\"]}]},{\"@type\":\"ImageObject\",\"inLanguage\":\"es\",\"@id\":\"https:\\\/\\\/www.ucaldas.edu.co\\\/portal\\\/proyecto-voices-of-recovery-ganador-de-la-convocatoria-internacional-de-financiacion-plataforma-transatlantica-t-ap\\\/#primaryimage\",\"url\":\"https:\\\/\\\/www.ucaldas.edu.co\\\/portal\\\/wp-content\\\/uploads\\\/2022\\\/02\\\/Proyecto-Voices-of-Recovery-ganador-de-la-convocatoria-internacional-de-financiacion-Plataforma-Transatlantica-T-Ap.jpg\",\"contentUrl\":\"https:\\\/\\\/www.ucaldas.edu.co\\\/portal\\\/wp-content\\\/uploads\\\/2022\\\/02\\\/Proyecto-Voices-of-Recovery-ganador-de-la-convocatoria-internacional-de-financiacion-Plataforma-Transatlantica-T-Ap.jpg\",\"width\":700,\"height\":400},{\"@type\":\"BreadcrumbList\",\"@id\":\"https:\\\/\\\/www.ucaldas.edu.co\\\/portal\\\/proyecto-voices-of-recovery-ganador-de-la-convocatoria-internacional-de-financiacion-plataforma-transatlantica-t-ap\\\/#breadcrumb\",\"itemListElement\":[{\"@type\":\"ListItem\",\"position\":1,\"name\":\"Portada\",\"item\":\"https:\\\/\\\/www.ucaldas.edu.co\\\/portal\\\/\"},{\"@type\":\"ListItem\",\"position\":2,\"name\":\"Proyecto \u201cVoices of Recovery\u201d ganador de la convocatoria internacional de financiaci\u00f3n Plataforma Transatl\u00e1ntica (T-Ap)\"}]},{\"@type\":\"WebSite\",\"@id\":\"https:\\\/\\\/www.ucaldas.edu.co\\\/portal\\\/#website\",\"url\":\"https:\\\/\\\/www.ucaldas.edu.co\\\/portal\\\/\",\"name\":\"Universidad de Caldas\",\"description\":\"\",\"publisher\":{\"@id\":\"https:\\\/\\\/www.ucaldas.edu.co\\\/portal\\\/#organization\"},\"alternateName\":\"U. de Caldas\",\"potentialAction\":[{\"@type\":\"SearchAction\",\"target\":{\"@type\":\"EntryPoint\",\"urlTemplate\":\"https:\\\/\\\/www.ucaldas.edu.co\\\/portal\\\/?s={search_term_string}\"},\"query-input\":{\"@type\":\"PropertyValueSpecification\",\"valueRequired\":true,\"valueName\":\"search_term_string\"}}],\"inLanguage\":\"es\"},{\"@type\":\"Organization\",\"@id\":\"https:\\\/\\\/www.ucaldas.edu.co\\\/portal\\\/#organization\",\"name\":\"Universidad de Caldas\",\"alternateName\":\"U. de Caldas\",\"url\":\"https:\\\/\\\/www.ucaldas.edu.co\\\/portal\\\/\",\"logo\":{\"@type\":\"ImageObject\",\"inLanguage\":\"es\",\"@id\":\"https:\\\/\\\/www.ucaldas.edu.co\\\/portal\\\/#\\\/schema\\\/logo\\\/image\\\/\",\"url\":\"https:\\\/\\\/www.ucaldas.edu.co\\\/portal\\\/wp-content\\\/uploads\\\/2023\\\/11\\\/Logo_horizontal_oscuroU-2023.png\",\"contentUrl\":\"https:\\\/\\\/www.ucaldas.edu.co\\\/portal\\\/wp-content\\\/uploads\\\/2023\\\/11\\\/Logo_horizontal_oscuroU-2023.png\",\"width\":263,\"height\":101,\"caption\":\"Universidad de Caldas\"},\"image\":{\"@id\":\"https:\\\/\\\/www.ucaldas.edu.co\\\/portal\\\/#\\\/schema\\\/logo\\\/image\\\/\"},\"sameAs\":[\"https:\\\/\\\/www.facebook.com\\\/udecaldas\",\"https:\\\/\\\/x.com\\\/udecaldas\",\"https:\\\/\\\/www.youtube.com\\\/universidadcaldas\",\"https:\\\/\\\/www.instagram.com\\\/udecaldas\\\/\"]},{\"@type\":\"Person\",\"@id\":\"https:\\\/\\\/www.ucaldas.edu.co\\\/portal\\\/#\\\/schema\\\/person\\\/a1b482e23449158b4bc319926c074fdf\",\"name\":\"ofiprensa\",\"image\":{\"@type\":\"ImageObject\",\"inLanguage\":\"es\",\"@id\":\"https:\\\/\\\/www.ucaldas.edu.co\\\/portal\\\/wp-content\\\/litespeed\\\/avatar\\\/09ea5085e600095a7a811142c6944527.jpg?ver=1777497608\",\"url\":\"https:\\\/\\\/www.ucaldas.edu.co\\\/portal\\\/wp-content\\\/litespeed\\\/avatar\\\/09ea5085e600095a7a811142c6944527.jpg?ver=1777497608\",\"contentUrl\":\"https:\\\/\\\/www.ucaldas.edu.co\\\/portal\\\/wp-content\\\/litespeed\\\/avatar\\\/09ea5085e600095a7a811142c6944527.jpg?ver=1777497608\",\"caption\":\"ofiprensa\"},\"url\":\"https:\\\/\\\/www.ucaldas.edu.co\\\/portal\\\/author\\\/ofiprensa\\\/\"}]}<\/script>\n<!-- \/ Yoast SEO plugin. -->","yoast_head_json":{"title":"Proyecto \u201cVoices of Recovery\u201d ganador de la convocatoria internacional de financiaci\u00f3n Plataforma Transatl\u00e1ntica (T-Ap) .","robots":{"index":"index","follow":"follow","max-snippet":"max-snippet:-1","max-image-preview":"max-image-preview:large","max-video-preview":"max-video-preview:-1"},"canonical":"https:\/\/www.ucaldas.edu.co\/portal\/proyecto-voices-of-recovery-ganador-de-la-convocatoria-internacional-de-financiacion-plataforma-transatlantica-t-ap\/","schema":{"@context":"https:\/\/schema.org","@graph":[{"@type":"Article","@id":"https:\/\/www.ucaldas.edu.co\/portal\/proyecto-voices-of-recovery-ganador-de-la-convocatoria-internacional-de-financiacion-plataforma-transatlantica-t-ap\/#article","isPartOf":{"@id":"https:\/\/www.ucaldas.edu.co\/portal\/proyecto-voices-of-recovery-ganador-de-la-convocatoria-internacional-de-financiacion-plataforma-transatlantica-t-ap\/"},"author":{"name":"ofiprensa","@id":"https:\/\/www.ucaldas.edu.co\/portal\/#\/schema\/person\/a1b482e23449158b4bc319926c074fdf"},"headline":"Proyecto \u201cVoices of Recovery\u201d ganador de la convocatoria internacional de financiaci\u00f3n Plataforma Transatl\u00e1ntica (T-Ap)","datePublished":"2022-02-03T23:36:07+00:00","mainEntityOfPage":{"@id":"https:\/\/www.ucaldas.edu.co\/portal\/proyecto-voices-of-recovery-ganador-de-la-convocatoria-internacional-de-financiacion-plataforma-transatlantica-t-ap\/"},"wordCount":441,"publisher":{"@id":"https:\/\/www.ucaldas.edu.co\/portal\/#organization"},"image":{"@id":"https:\/\/www.ucaldas.edu.co\/portal\/proyecto-voices-of-recovery-ganador-de-la-convocatoria-internacional-de-financiacion-plataforma-transatlantica-t-ap\/#primaryimage"},"thumbnailUrl":"https:\/\/www.ucaldas.edu.co\/portal\/wp-content\/uploads\/2022\/02\/Proyecto-Voices-of-Recovery-ganador-de-la-convocatoria-internacional-de-financiacion-Plataforma-Transatlantica-T-Ap.jpg","keywords":["proyecto ganador","convocatoria transatl\u00e1ntica","voices of recovery"],"articleSection":["Universidad al D\u00eda","Ucaldas Acreditada","Actualidad"],"inLanguage":"es"},{"@type":"WebPage","@id":"https:\/\/www.ucaldas.edu.co\/portal\/proyecto-voices-of-recovery-ganador-de-la-convocatoria-internacional-de-financiacion-plataforma-transatlantica-t-ap\/","url":"https:\/\/www.ucaldas.edu.co\/portal\/proyecto-voices-of-recovery-ganador-de-la-convocatoria-internacional-de-financiacion-plataforma-transatlantica-t-ap\/","name":"Proyecto \u201cVoices of Recovery\u201d ganador de la convocatoria internacional de financiaci\u00f3n Plataforma Transatl\u00e1ntica (T-Ap) .","isPartOf":{"@id":"https:\/\/www.ucaldas.edu.co\/portal\/#website"},"primaryImageOfPage":{"@id":"https:\/\/www.ucaldas.edu.co\/portal\/proyecto-voices-of-recovery-ganador-de-la-convocatoria-internacional-de-financiacion-plataforma-transatlantica-t-ap\/#primaryimage"},"image":{"@id":"https:\/\/www.ucaldas.edu.co\/portal\/proyecto-voices-of-recovery-ganador-de-la-convocatoria-internacional-de-financiacion-plataforma-transatlantica-t-ap\/#primaryimage"},"thumbnailUrl":"https:\/\/www.ucaldas.edu.co\/portal\/wp-content\/uploads\/2022\/02\/Proyecto-Voices-of-Recovery-ganador-de-la-convocatoria-internacional-de-financiacion-Plataforma-Transatlantica-T-Ap.jpg","datePublished":"2022-02-03T23:36:07+00:00","breadcrumb":{"@id":"https:\/\/www.ucaldas.edu.co\/portal\/proyecto-voices-of-recovery-ganador-de-la-convocatoria-internacional-de-financiacion-plataforma-transatlantica-t-ap\/#breadcrumb"},"inLanguage":"es","potentialAction":[{"@type":"ReadAction","target":["https:\/\/www.ucaldas.edu.co\/portal\/proyecto-voices-of-recovery-ganador-de-la-convocatoria-internacional-de-financiacion-plataforma-transatlantica-t-ap\/"]}]},{"@type":"ImageObject","inLanguage":"es","@id":"https:\/\/www.ucaldas.edu.co\/portal\/proyecto-voices-of-recovery-ganador-de-la-convocatoria-internacional-de-financiacion-plataforma-transatlantica-t-ap\/#primaryimage","url":"https:\/\/www.ucaldas.edu.co\/portal\/wp-content\/uploads\/2022\/02\/Proyecto-Voices-of-Recovery-ganador-de-la-convocatoria-internacional-de-financiacion-Plataforma-Transatlantica-T-Ap.jpg","contentUrl":"https:\/\/www.ucaldas.edu.co\/portal\/wp-content\/uploads\/2022\/02\/Proyecto-Voices-of-Recovery-ganador-de-la-convocatoria-internacional-de-financiacion-Plataforma-Transatlantica-T-Ap.jpg","width":700,"height":400},{"@type":"BreadcrumbList","@id":"https:\/\/www.ucaldas.edu.co\/portal\/proyecto-voices-of-recovery-ganador-de-la-convocatoria-internacional-de-financiacion-plataforma-transatlantica-t-ap\/#breadcrumb","itemListElement":[{"@type":"ListItem","position":1,"name":"Portada","item":"https:\/\/www.ucaldas.edu.co\/portal\/"},{"@type":"ListItem","position":2,"name":"Proyecto \u201cVoices of Recovery\u201d ganador de la convocatoria internacional de financiaci\u00f3n Plataforma Transatl\u00e1ntica (T-Ap)"}]},{"@type":"WebSite","@id":"https:\/\/www.ucaldas.edu.co\/portal\/#website","url":"https:\/\/www.ucaldas.edu.co\/portal\/","name":"Universidad de Caldas","description":"","publisher":{"@id":"https:\/\/www.ucaldas.edu.co\/portal\/#organization"},"alternateName":"U. de Caldas","potentialAction":[{"@type":"SearchAction","target":{"@type":"EntryPoint","urlTemplate":"https:\/\/www.ucaldas.edu.co\/portal\/?s={search_term_string}"},"query-input":{"@type":"PropertyValueSpecification","valueRequired":true,"valueName":"search_term_string"}}],"inLanguage":"es"},{"@type":"Organization","@id":"https:\/\/www.ucaldas.edu.co\/portal\/#organization","name":"Universidad de Caldas","alternateName":"U. de Caldas","url":"https:\/\/www.ucaldas.edu.co\/portal\/","logo":{"@type":"ImageObject","inLanguage":"es","@id":"https:\/\/www.ucaldas.edu.co\/portal\/#\/schema\/logo\/image\/","url":"https:\/\/www.ucaldas.edu.co\/portal\/wp-content\/uploads\/2023\/11\/Logo_horizontal_oscuroU-2023.png","contentUrl":"https:\/\/www.ucaldas.edu.co\/portal\/wp-content\/uploads\/2023\/11\/Logo_horizontal_oscuroU-2023.png","width":263,"height":101,"caption":"Universidad de Caldas"},"image":{"@id":"https:\/\/www.ucaldas.edu.co\/portal\/#\/schema\/logo\/image\/"},"sameAs":["https:\/\/www.facebook.com\/udecaldas","https:\/\/x.com\/udecaldas","https:\/\/www.youtube.com\/universidadcaldas","https:\/\/www.instagram.com\/udecaldas\/"]},{"@type":"Person","@id":"https:\/\/www.ucaldas.edu.co\/portal\/#\/schema\/person\/a1b482e23449158b4bc319926c074fdf","name":"ofiprensa","image":{"@type":"ImageObject","inLanguage":"es","@id":"https:\/\/www.ucaldas.edu.co\/portal\/wp-content\/litespeed\/avatar\/09ea5085e600095a7a811142c6944527.jpg?ver=1777497608","url":"https:\/\/www.ucaldas.edu.co\/portal\/wp-content\/litespeed\/avatar\/09ea5085e600095a7a811142c6944527.jpg?ver=1777497608","contentUrl":"https:\/\/www.ucaldas.edu.co\/portal\/wp-content\/litespeed\/avatar\/09ea5085e600095a7a811142c6944527.jpg?ver=1777497608","caption":"ofiprensa"},"url":"https:\/\/www.ucaldas.edu.co\/portal\/author\/ofiprensa\/"}]}},"_links":{"self":[{"href":"https:\/\/www.ucaldas.edu.co\/portal\/wp-json\/wp\/v2\/posts\/67818","targetHints":{"allow":["GET"]}}],"collection":[{"href":"https:\/\/www.ucaldas.edu.co\/portal\/wp-json\/wp\/v2\/posts"}],"about":[{"href":"https:\/\/www.ucaldas.edu.co\/portal\/wp-json\/wp\/v2\/types\/post"}],"author":[{"embeddable":true,"href":"https:\/\/www.ucaldas.edu.co\/portal\/wp-json\/wp\/v2\/users\/2"}],"replies":[{"embeddable":true,"href":"https:\/\/www.ucaldas.edu.co\/portal\/wp-json\/wp\/v2\/comments?post=67818"}],"version-history":[{"count":0,"href":"https:\/\/www.ucaldas.edu.co\/portal\/wp-json\/wp\/v2\/posts\/67818\/revisions"}],"wp:featuredmedia":[{"embeddable":true,"href":"https:\/\/www.ucaldas.edu.co\/portal\/wp-json\/wp\/v2\/media\/67819"}],"wp:attachment":[{"href":"https:\/\/www.ucaldas.edu.co\/portal\/wp-json\/wp\/v2\/media?parent=67818"}],"wp:term":[{"taxonomy":"category","embeddable":true,"href":"https:\/\/www.ucaldas.edu.co\/portal\/wp-json\/wp\/v2\/categories?post=67818"},{"taxonomy":"post_tag","embeddable":true,"href":"https:\/\/www.ucaldas.edu.co\/portal\/wp-json\/wp\/v2\/tags?post=67818"}],"curies":[{"name":"wp","href":"https:\/\/api.w.org\/{rel}","templated":true}]}}