{"id":67815,"date":"2022-02-03T23:28:35","date_gmt":"2022-02-03T23:28:35","guid":{"rendered":"https:\/\/www.ucaldas.edu.co\/portal\/?p=67815"},"modified":"2022-02-03T23:28:35","modified_gmt":"2022-02-03T23:28:35","slug":"telesalud-de-la-universidad-de-caldas-asciende-de-categoria-de-investigacion-ante-minciencias-y-logra-publicaciones-internacionales","status":"publish","type":"post","link":"https:\/\/www.ucaldas.edu.co\/portal\/telesalud-de-la-universidad-de-caldas-asciende-de-categoria-de-investigacion-ante-minciencias-y-logra-publicaciones-internacionales\/","title":{"rendered":"Telesalud de la Universidad de Caldas asciende de categor\u00eda de investigaci\u00f3n ante Minciencias y logra publicaciones internacionales"},"content":{"rendered":"<p><img loading=\"lazy\" decoding=\"async\" class=\"aligncenter wp-image-67816 size-full\" src=\"https:\/\/www.ucaldas.edu.co\/portal\/wp-content\/uploads\/2022\/02\/Diseno-sin-titulo-2.jpg\" alt=\"Telesalud se destaca por su labor investigativa\" width=\"700\" height=\"400\" srcset=\"https:\/\/www.ucaldas.edu.co\/portal\/wp-content\/uploads\/2022\/02\/Diseno-sin-titulo-2.jpg 700w, https:\/\/www.ucaldas.edu.co\/portal\/wp-content\/uploads\/2022\/02\/Diseno-sin-titulo-2-300x171.jpg 300w\" sizes=\"auto, (max-width: 700px) 100vw, 700px\" \/><\/p>\n<p>Telesalud Universidad Caldas y su equipo contin\u00faan consolidando su liderazgo en el pa\u00eds y logran ascender de categor\u00eda de investigaci\u00f3n ante el Ministerio de Ciencia, Tecnolog\u00eda e Innovaci\u00f3n \u2013Minciencias.\u00a0 Un reconocimiento que abre oportunidades\u00a0para el desarrollo de nuevos proyectos investigativos que aporten a la salud.<\/p>\n<p><!--more--><\/p>\n<p>Esteban Granada Aguirre, Director de Telesalud manifest\u00f3 que es muy grato para\u00a0 Telesalud y su grupo de investigaci\u00f3n subir de categor\u00eda, un logro muy importante porque permitir\u00e1 aplicar a una gran baraja de convocatorias y continuar fortaleciendo la labor de investigaci\u00f3n y tecnolog\u00eda en salud.<\/p>\n<p>Por su parte, Marcela Tabares Tabares expres\u00f3 que para Telesalud es muy importante ascender en la categor\u00eda de reconocimiento ante Minciencias y destac\u00f3 la publicaci\u00f3n de art\u00edculos investigativos por parte de revistas internacionales de m\u00e1xima calidad, lo que da cuenta de calidad de la investigaci\u00f3n que se hace en Telesalud y va a fortalecer la prestaci\u00f3n de los servicios en todas las \u00e1reas que se cuenta.<\/p>\n<p>Este reconocimiento tambi\u00e9n representa el cumplimiento de las metas establecidas en el plan estrat\u00e9gico de la Universidad de Caldas. Telesalud contin\u00faa comprometido en aportar a la salud desde la prestaci\u00f3n de los servicios de salud, educaci\u00f3n\u00a0 e investigaci\u00f3n.<\/p>\n<p>&nbsp;<\/p>\n<p><strong>Anexo:<br \/>\n<\/strong><strong><a href=\"https:\/\/www.ivoox.com\/telesalud-universidad-caldas-audios-mp3_rf_81778475_1.html\">Audio Esteban Granada Aguirre, Director Telesalud<\/a><br \/>\n<iframe loading=\"lazy\" src=\"https:\/\/co.ivoox.com\/es\/player_ek_81778475_2_1.html?data=mZakmZ2Ye5ahhpywj5WVaZS1kZaah5yncZKhhpywj5WRaZi3jpWah5yncYyftcrZx9jFsNbYjMnSjdHFb7biytvS1NjNqMLYjMnSjajFsMXV1JDO1cjNqc_YxpDRx5DHpdWhhpywj6-piqafpaqYsrepkrS1joqkpZKY&amp;\" width=\"238\" height=\"48\" frameborder=\"0\" scrolling=\"no\" allowfullscreen=\"allowfullscreen\"><\/iframe><br \/>\n<\/strong><\/p>\n<p>&nbsp;<\/p>\n<p><strong>Informes:<\/strong>\u00a0Oficina de Prensa de la Universidad de Caldas<\/p>\n<p><strong>Redacci\u00f3n:<\/strong>\u00a0Julieth Osorio Torres<\/p>\n<p>&nbsp;<\/p>\n","protected":false},"excerpt":{"rendered":"<p>Telesalud Universidad Caldas y su equipo contin\u00faan consolidando su liderazgo en el pa\u00eds y logran ascender de categor\u00eda de investigaci\u00f3n ante el Ministerio de Ciencia, Tecnolog\u00eda e Innovaci\u00f3n \u2013Minciencias.\u00a0 Un reconocimiento que abre oportunidades\u00a0para el desarrollo de nuevos proyectos investigativos que aporten a la salud.<\/p>\n","protected":false},"author":2,"featured_media":67816,"comment_status":"closed","ping_status":"open","sticky":false,"template":"","format":"standard","meta":{"footnotes":""},"categories":[48,53,243],"tags":[275,3521,129,187,191],"class_list":["post-67815","post","type-post","status-publish","format-standard","has-post-thumbnail","hentry","category-actualidad","category-universidad-al-dia","category-ucaldas-acreditada","tag-telesalud","tag-publicaciones","tag-reconocimiento","tag-vicerrectoria-de-proyeccion-universitaria","tag-investigacion"],"yoast_head":"<!-- This site is optimized with the Yoast SEO plugin v27.5 - https:\/\/yoast.com\/product\/yoast-seo-wordpress\/ -->\n<title>Telesalud de la Universidad de Caldas asciende de categor\u00eda de investigaci\u00f3n ante Minciencias y logra publicaciones internacionales .<\/title>\n<meta name=\"robots\" content=\"index, follow, max-snippet:-1, max-image-preview:large, max-video-preview:-1\" \/>\n<link rel=\"canonical\" href=\"https:\/\/www.ucaldas.edu.co\/portal\/telesalud-de-la-universidad-de-caldas-asciende-de-categoria-de-investigacion-ante-minciencias-y-logra-publicaciones-internacionales\/\" \/>\n<script type=\"application\/ld+json\" class=\"yoast-schema-graph\">{\"@context\":\"https:\\\/\\\/schema.org\",\"@graph\":[{\"@type\":\"Article\",\"@id\":\"https:\\\/\\\/www.ucaldas.edu.co\\\/portal\\\/telesalud-de-la-universidad-de-caldas-asciende-de-categoria-de-investigacion-ante-minciencias-y-logra-publicaciones-internacionales\\\/#article\",\"isPartOf\":{\"@id\":\"https:\\\/\\\/www.ucaldas.edu.co\\\/portal\\\/telesalud-de-la-universidad-de-caldas-asciende-de-categoria-de-investigacion-ante-minciencias-y-logra-publicaciones-internacionales\\\/\"},\"author\":{\"name\":\"ofiprensa\",\"@id\":\"https:\\\/\\\/www.ucaldas.edu.co\\\/portal\\\/#\\\/schema\\\/person\\\/a1b482e23449158b4bc319926c074fdf\"},\"headline\":\"Telesalud de la Universidad de Caldas asciende de categor\u00eda de investigaci\u00f3n ante Minciencias y logra publicaciones internacionales\",\"datePublished\":\"2022-02-03T23:28:35+00:00\",\"mainEntityOfPage\":{\"@id\":\"https:\\\/\\\/www.ucaldas.edu.co\\\/portal\\\/telesalud-de-la-universidad-de-caldas-asciende-de-categoria-de-investigacion-ante-minciencias-y-logra-publicaciones-internacionales\\\/\"},\"wordCount\":260,\"publisher\":{\"@id\":\"https:\\\/\\\/www.ucaldas.edu.co\\\/portal\\\/#organization\"},\"image\":{\"@id\":\"https:\\\/\\\/www.ucaldas.edu.co\\\/portal\\\/telesalud-de-la-universidad-de-caldas-asciende-de-categoria-de-investigacion-ante-minciencias-y-logra-publicaciones-internacionales\\\/#primaryimage\"},\"thumbnailUrl\":\"https:\\\/\\\/www.ucaldas.edu.co\\\/portal\\\/wp-content\\\/uploads\\\/2022\\\/02\\\/Diseno-sin-titulo-2.jpg\",\"keywords\":[\"Telesalud\",\"publicaciones\",\"Reconocimiento\",\"vicerrector\u00eda de Proyecci\u00f3n Universitaria\",\"investigaci\u00f3n\"],\"articleSection\":[\"Actualidad\",\"Universidad al D\u00eda\",\"Ucaldas Acreditada\"],\"inLanguage\":\"es\"},{\"@type\":\"WebPage\",\"@id\":\"https:\\\/\\\/www.ucaldas.edu.co\\\/portal\\\/telesalud-de-la-universidad-de-caldas-asciende-de-categoria-de-investigacion-ante-minciencias-y-logra-publicaciones-internacionales\\\/\",\"url\":\"https:\\\/\\\/www.ucaldas.edu.co\\\/portal\\\/telesalud-de-la-universidad-de-caldas-asciende-de-categoria-de-investigacion-ante-minciencias-y-logra-publicaciones-internacionales\\\/\",\"name\":\"Telesalud de la Universidad de Caldas asciende de categor\u00eda de investigaci\u00f3n ante Minciencias y logra publicaciones internacionales .\",\"isPartOf\":{\"@id\":\"https:\\\/\\\/www.ucaldas.edu.co\\\/portal\\\/#website\"},\"primaryImageOfPage\":{\"@id\":\"https:\\\/\\\/www.ucaldas.edu.co\\\/portal\\\/telesalud-de-la-universidad-de-caldas-asciende-de-categoria-de-investigacion-ante-minciencias-y-logra-publicaciones-internacionales\\\/#primaryimage\"},\"image\":{\"@id\":\"https:\\\/\\\/www.ucaldas.edu.co\\\/portal\\\/telesalud-de-la-universidad-de-caldas-asciende-de-categoria-de-investigacion-ante-minciencias-y-logra-publicaciones-internacionales\\\/#primaryimage\"},\"thumbnailUrl\":\"https:\\\/\\\/www.ucaldas.edu.co\\\/portal\\\/wp-content\\\/uploads\\\/2022\\\/02\\\/Diseno-sin-titulo-2.jpg\",\"datePublished\":\"2022-02-03T23:28:35+00:00\",\"breadcrumb\":{\"@id\":\"https:\\\/\\\/www.ucaldas.edu.co\\\/portal\\\/telesalud-de-la-universidad-de-caldas-asciende-de-categoria-de-investigacion-ante-minciencias-y-logra-publicaciones-internacionales\\\/#breadcrumb\"},\"inLanguage\":\"es\",\"potentialAction\":[{\"@type\":\"ReadAction\",\"target\":[\"https:\\\/\\\/www.ucaldas.edu.co\\\/portal\\\/telesalud-de-la-universidad-de-caldas-asciende-de-categoria-de-investigacion-ante-minciencias-y-logra-publicaciones-internacionales\\\/\"]}]},{\"@type\":\"ImageObject\",\"inLanguage\":\"es\",\"@id\":\"https:\\\/\\\/www.ucaldas.edu.co\\\/portal\\\/telesalud-de-la-universidad-de-caldas-asciende-de-categoria-de-investigacion-ante-minciencias-y-logra-publicaciones-internacionales\\\/#primaryimage\",\"url\":\"https:\\\/\\\/www.ucaldas.edu.co\\\/portal\\\/wp-content\\\/uploads\\\/2022\\\/02\\\/Diseno-sin-titulo-2.jpg\",\"contentUrl\":\"https:\\\/\\\/www.ucaldas.edu.co\\\/portal\\\/wp-content\\\/uploads\\\/2022\\\/02\\\/Diseno-sin-titulo-2.jpg\",\"width\":700,\"height\":400},{\"@type\":\"BreadcrumbList\",\"@id\":\"https:\\\/\\\/www.ucaldas.edu.co\\\/portal\\\/telesalud-de-la-universidad-de-caldas-asciende-de-categoria-de-investigacion-ante-minciencias-y-logra-publicaciones-internacionales\\\/#breadcrumb\",\"itemListElement\":[{\"@type\":\"ListItem\",\"position\":1,\"name\":\"Portada\",\"item\":\"https:\\\/\\\/www.ucaldas.edu.co\\\/portal\\\/\"},{\"@type\":\"ListItem\",\"position\":2,\"name\":\"Telesalud de la Universidad de Caldas asciende de categor\u00eda de investigaci\u00f3n ante Minciencias y logra publicaciones internacionales\"}]},{\"@type\":\"WebSite\",\"@id\":\"https:\\\/\\\/www.ucaldas.edu.co\\\/portal\\\/#website\",\"url\":\"https:\\\/\\\/www.ucaldas.edu.co\\\/portal\\\/\",\"name\":\"Universidad de Caldas\",\"description\":\"\",\"publisher\":{\"@id\":\"https:\\\/\\\/www.ucaldas.edu.co\\\/portal\\\/#organization\"},\"alternateName\":\"U. de Caldas\",\"potentialAction\":[{\"@type\":\"SearchAction\",\"target\":{\"@type\":\"EntryPoint\",\"urlTemplate\":\"https:\\\/\\\/www.ucaldas.edu.co\\\/portal\\\/?s={search_term_string}\"},\"query-input\":{\"@type\":\"PropertyValueSpecification\",\"valueRequired\":true,\"valueName\":\"search_term_string\"}}],\"inLanguage\":\"es\"},{\"@type\":\"Organization\",\"@id\":\"https:\\\/\\\/www.ucaldas.edu.co\\\/portal\\\/#organization\",\"name\":\"Universidad de Caldas\",\"alternateName\":\"U. de Caldas\",\"url\":\"https:\\\/\\\/www.ucaldas.edu.co\\\/portal\\\/\",\"logo\":{\"@type\":\"ImageObject\",\"inLanguage\":\"es\",\"@id\":\"https:\\\/\\\/www.ucaldas.edu.co\\\/portal\\\/#\\\/schema\\\/logo\\\/image\\\/\",\"url\":\"https:\\\/\\\/www.ucaldas.edu.co\\\/portal\\\/wp-content\\\/uploads\\\/2023\\\/11\\\/Logo_horizontal_oscuroU-2023.png\",\"contentUrl\":\"https:\\\/\\\/www.ucaldas.edu.co\\\/portal\\\/wp-content\\\/uploads\\\/2023\\\/11\\\/Logo_horizontal_oscuroU-2023.png\",\"width\":263,\"height\":101,\"caption\":\"Universidad de Caldas\"},\"image\":{\"@id\":\"https:\\\/\\\/www.ucaldas.edu.co\\\/portal\\\/#\\\/schema\\\/logo\\\/image\\\/\"},\"sameAs\":[\"https:\\\/\\\/www.facebook.com\\\/udecaldas\",\"https:\\\/\\\/x.com\\\/udecaldas\",\"https:\\\/\\\/www.youtube.com\\\/universidadcaldas\",\"https:\\\/\\\/www.instagram.com\\\/udecaldas\\\/\"]},{\"@type\":\"Person\",\"@id\":\"https:\\\/\\\/www.ucaldas.edu.co\\\/portal\\\/#\\\/schema\\\/person\\\/a1b482e23449158b4bc319926c074fdf\",\"name\":\"ofiprensa\",\"image\":{\"@type\":\"ImageObject\",\"inLanguage\":\"es\",\"@id\":\"https:\\\/\\\/www.ucaldas.edu.co\\\/portal\\\/wp-content\\\/litespeed\\\/avatar\\\/09ea5085e600095a7a811142c6944527.jpg?ver=1777497608\",\"url\":\"https:\\\/\\\/www.ucaldas.edu.co\\\/portal\\\/wp-content\\\/litespeed\\\/avatar\\\/09ea5085e600095a7a811142c6944527.jpg?ver=1777497608\",\"contentUrl\":\"https:\\\/\\\/www.ucaldas.edu.co\\\/portal\\\/wp-content\\\/litespeed\\\/avatar\\\/09ea5085e600095a7a811142c6944527.jpg?ver=1777497608\",\"caption\":\"ofiprensa\"},\"url\":\"https:\\\/\\\/www.ucaldas.edu.co\\\/portal\\\/author\\\/ofiprensa\\\/\"}]}<\/script>\n<!-- \/ Yoast SEO plugin. -->","yoast_head_json":{"title":"Telesalud de la Universidad de Caldas asciende de categor\u00eda de investigaci\u00f3n ante Minciencias y logra publicaciones internacionales .","robots":{"index":"index","follow":"follow","max-snippet":"max-snippet:-1","max-image-preview":"max-image-preview:large","max-video-preview":"max-video-preview:-1"},"canonical":"https:\/\/www.ucaldas.edu.co\/portal\/telesalud-de-la-universidad-de-caldas-asciende-de-categoria-de-investigacion-ante-minciencias-y-logra-publicaciones-internacionales\/","schema":{"@context":"https:\/\/schema.org","@graph":[{"@type":"Article","@id":"https:\/\/www.ucaldas.edu.co\/portal\/telesalud-de-la-universidad-de-caldas-asciende-de-categoria-de-investigacion-ante-minciencias-y-logra-publicaciones-internacionales\/#article","isPartOf":{"@id":"https:\/\/www.ucaldas.edu.co\/portal\/telesalud-de-la-universidad-de-caldas-asciende-de-categoria-de-investigacion-ante-minciencias-y-logra-publicaciones-internacionales\/"},"author":{"name":"ofiprensa","@id":"https:\/\/www.ucaldas.edu.co\/portal\/#\/schema\/person\/a1b482e23449158b4bc319926c074fdf"},"headline":"Telesalud de la Universidad de Caldas asciende de categor\u00eda de investigaci\u00f3n ante Minciencias y logra publicaciones internacionales","datePublished":"2022-02-03T23:28:35+00:00","mainEntityOfPage":{"@id":"https:\/\/www.ucaldas.edu.co\/portal\/telesalud-de-la-universidad-de-caldas-asciende-de-categoria-de-investigacion-ante-minciencias-y-logra-publicaciones-internacionales\/"},"wordCount":260,"publisher":{"@id":"https:\/\/www.ucaldas.edu.co\/portal\/#organization"},"image":{"@id":"https:\/\/www.ucaldas.edu.co\/portal\/telesalud-de-la-universidad-de-caldas-asciende-de-categoria-de-investigacion-ante-minciencias-y-logra-publicaciones-internacionales\/#primaryimage"},"thumbnailUrl":"https:\/\/www.ucaldas.edu.co\/portal\/wp-content\/uploads\/2022\/02\/Diseno-sin-titulo-2.jpg","keywords":["Telesalud","publicaciones","Reconocimiento","vicerrector\u00eda de Proyecci\u00f3n Universitaria","investigaci\u00f3n"],"articleSection":["Actualidad","Universidad al D\u00eda","Ucaldas Acreditada"],"inLanguage":"es"},{"@type":"WebPage","@id":"https:\/\/www.ucaldas.edu.co\/portal\/telesalud-de-la-universidad-de-caldas-asciende-de-categoria-de-investigacion-ante-minciencias-y-logra-publicaciones-internacionales\/","url":"https:\/\/www.ucaldas.edu.co\/portal\/telesalud-de-la-universidad-de-caldas-asciende-de-categoria-de-investigacion-ante-minciencias-y-logra-publicaciones-internacionales\/","name":"Telesalud de la Universidad de Caldas asciende de categor\u00eda de investigaci\u00f3n ante Minciencias y logra publicaciones internacionales .","isPartOf":{"@id":"https:\/\/www.ucaldas.edu.co\/portal\/#website"},"primaryImageOfPage":{"@id":"https:\/\/www.ucaldas.edu.co\/portal\/telesalud-de-la-universidad-de-caldas-asciende-de-categoria-de-investigacion-ante-minciencias-y-logra-publicaciones-internacionales\/#primaryimage"},"image":{"@id":"https:\/\/www.ucaldas.edu.co\/portal\/telesalud-de-la-universidad-de-caldas-asciende-de-categoria-de-investigacion-ante-minciencias-y-logra-publicaciones-internacionales\/#primaryimage"},"thumbnailUrl":"https:\/\/www.ucaldas.edu.co\/portal\/wp-content\/uploads\/2022\/02\/Diseno-sin-titulo-2.jpg","datePublished":"2022-02-03T23:28:35+00:00","breadcrumb":{"@id":"https:\/\/www.ucaldas.edu.co\/portal\/telesalud-de-la-universidad-de-caldas-asciende-de-categoria-de-investigacion-ante-minciencias-y-logra-publicaciones-internacionales\/#breadcrumb"},"inLanguage":"es","potentialAction":[{"@type":"ReadAction","target":["https:\/\/www.ucaldas.edu.co\/portal\/telesalud-de-la-universidad-de-caldas-asciende-de-categoria-de-investigacion-ante-minciencias-y-logra-publicaciones-internacionales\/"]}]},{"@type":"ImageObject","inLanguage":"es","@id":"https:\/\/www.ucaldas.edu.co\/portal\/telesalud-de-la-universidad-de-caldas-asciende-de-categoria-de-investigacion-ante-minciencias-y-logra-publicaciones-internacionales\/#primaryimage","url":"https:\/\/www.ucaldas.edu.co\/portal\/wp-content\/uploads\/2022\/02\/Diseno-sin-titulo-2.jpg","contentUrl":"https:\/\/www.ucaldas.edu.co\/portal\/wp-content\/uploads\/2022\/02\/Diseno-sin-titulo-2.jpg","width":700,"height":400},{"@type":"BreadcrumbList","@id":"https:\/\/www.ucaldas.edu.co\/portal\/telesalud-de-la-universidad-de-caldas-asciende-de-categoria-de-investigacion-ante-minciencias-y-logra-publicaciones-internacionales\/#breadcrumb","itemListElement":[{"@type":"ListItem","position":1,"name":"Portada","item":"https:\/\/www.ucaldas.edu.co\/portal\/"},{"@type":"ListItem","position":2,"name":"Telesalud de la Universidad de Caldas asciende de categor\u00eda de investigaci\u00f3n ante Minciencias y logra publicaciones internacionales"}]},{"@type":"WebSite","@id":"https:\/\/www.ucaldas.edu.co\/portal\/#website","url":"https:\/\/www.ucaldas.edu.co\/portal\/","name":"Universidad de Caldas","description":"","publisher":{"@id":"https:\/\/www.ucaldas.edu.co\/portal\/#organization"},"alternateName":"U. de Caldas","potentialAction":[{"@type":"SearchAction","target":{"@type":"EntryPoint","urlTemplate":"https:\/\/www.ucaldas.edu.co\/portal\/?s={search_term_string}"},"query-input":{"@type":"PropertyValueSpecification","valueRequired":true,"valueName":"search_term_string"}}],"inLanguage":"es"},{"@type":"Organization","@id":"https:\/\/www.ucaldas.edu.co\/portal\/#organization","name":"Universidad de Caldas","alternateName":"U. de Caldas","url":"https:\/\/www.ucaldas.edu.co\/portal\/","logo":{"@type":"ImageObject","inLanguage":"es","@id":"https:\/\/www.ucaldas.edu.co\/portal\/#\/schema\/logo\/image\/","url":"https:\/\/www.ucaldas.edu.co\/portal\/wp-content\/uploads\/2023\/11\/Logo_horizontal_oscuroU-2023.png","contentUrl":"https:\/\/www.ucaldas.edu.co\/portal\/wp-content\/uploads\/2023\/11\/Logo_horizontal_oscuroU-2023.png","width":263,"height":101,"caption":"Universidad de Caldas"},"image":{"@id":"https:\/\/www.ucaldas.edu.co\/portal\/#\/schema\/logo\/image\/"},"sameAs":["https:\/\/www.facebook.com\/udecaldas","https:\/\/x.com\/udecaldas","https:\/\/www.youtube.com\/universidadcaldas","https:\/\/www.instagram.com\/udecaldas\/"]},{"@type":"Person","@id":"https:\/\/www.ucaldas.edu.co\/portal\/#\/schema\/person\/a1b482e23449158b4bc319926c074fdf","name":"ofiprensa","image":{"@type":"ImageObject","inLanguage":"es","@id":"https:\/\/www.ucaldas.edu.co\/portal\/wp-content\/litespeed\/avatar\/09ea5085e600095a7a811142c6944527.jpg?ver=1777497608","url":"https:\/\/www.ucaldas.edu.co\/portal\/wp-content\/litespeed\/avatar\/09ea5085e600095a7a811142c6944527.jpg?ver=1777497608","contentUrl":"https:\/\/www.ucaldas.edu.co\/portal\/wp-content\/litespeed\/avatar\/09ea5085e600095a7a811142c6944527.jpg?ver=1777497608","caption":"ofiprensa"},"url":"https:\/\/www.ucaldas.edu.co\/portal\/author\/ofiprensa\/"}]}},"_links":{"self":[{"href":"https:\/\/www.ucaldas.edu.co\/portal\/wp-json\/wp\/v2\/posts\/67815","targetHints":{"allow":["GET"]}}],"collection":[{"href":"https:\/\/www.ucaldas.edu.co\/portal\/wp-json\/wp\/v2\/posts"}],"about":[{"href":"https:\/\/www.ucaldas.edu.co\/portal\/wp-json\/wp\/v2\/types\/post"}],"author":[{"embeddable":true,"href":"https:\/\/www.ucaldas.edu.co\/portal\/wp-json\/wp\/v2\/users\/2"}],"replies":[{"embeddable":true,"href":"https:\/\/www.ucaldas.edu.co\/portal\/wp-json\/wp\/v2\/comments?post=67815"}],"version-history":[{"count":0,"href":"https:\/\/www.ucaldas.edu.co\/portal\/wp-json\/wp\/v2\/posts\/67815\/revisions"}],"wp:featuredmedia":[{"embeddable":true,"href":"https:\/\/www.ucaldas.edu.co\/portal\/wp-json\/wp\/v2\/media\/67816"}],"wp:attachment":[{"href":"https:\/\/www.ucaldas.edu.co\/portal\/wp-json\/wp\/v2\/media?parent=67815"}],"wp:term":[{"taxonomy":"category","embeddable":true,"href":"https:\/\/www.ucaldas.edu.co\/portal\/wp-json\/wp\/v2\/categories?post=67815"},{"taxonomy":"post_tag","embeddable":true,"href":"https:\/\/www.ucaldas.edu.co\/portal\/wp-json\/wp\/v2\/tags?post=67815"}],"curies":[{"name":"wp","href":"https:\/\/api.w.org\/{rel}","templated":true}]}}