{"id":67773,"date":"2022-02-02T22:46:02","date_gmt":"2022-02-02T22:46:02","guid":{"rendered":"https:\/\/www.ucaldas.edu.co\/portal\/?p=67773"},"modified":"2022-02-02T22:46:02","modified_gmt":"2022-02-02T22:46:02","slug":"otri-nlace-lidera-convocatoria-regional-del-programa-crearlo-no-es-suficiente-en-su-cuarta-cohorte-para-la-radicacion-y-redaccion-de-nuevas-patentes","status":"publish","type":"post","link":"https:\/\/www.ucaldas.edu.co\/portal\/otri-nlace-lidera-convocatoria-regional-del-programa-crearlo-no-es-suficiente-en-su-cuarta-cohorte-para-la-radicacion-y-redaccion-de-nuevas-patentes\/","title":{"rendered":"OTRI NLACE lidera convocatoria regional del programa \u201cCrearlo no es Suficiente\u201d en su cuarta cohorte, para la radicaci\u00f3n y redacci\u00f3n de nuevas patentes"},"content":{"rendered":"<p><img loading=\"lazy\" decoding=\"async\" class=\"aligncenter wp-image-67774 size-full\" src=\"https:\/\/www.ucaldas.edu.co\/portal\/wp-content\/uploads\/2022\/02\/Diseno-sin-titulo.jpg\" alt=\"abierta la cuarta cohorte del programa \u201cCrearlo no es Suficiente\u201d\" width=\"700\" height=\"400\" srcset=\"https:\/\/www.ucaldas.edu.co\/portal\/wp-content\/uploads\/2022\/02\/Diseno-sin-titulo.jpg 700w, https:\/\/www.ucaldas.edu.co\/portal\/wp-content\/uploads\/2022\/02\/Diseno-sin-titulo-300x171.jpg 300w\" sizes=\"auto, (max-width: 700px) 100vw, 700px\" \/><\/p>\n<p>&nbsp;<\/p>\n<p>Ya est\u00e1 abierta la cuarta cohorte del programa \u201cCrearlo no es Suficiente\u201d, con esta convocatoria nacional y que para el eje cafetero es liderada por la OTRI NLACE, se busca fomentar la protecci\u00f3n e incrementar el n\u00famero de patentes de resultados de Investigaci\u00f3n, Desarrollo e Innovaci\u00f3n I+D+i.<\/p>\n<p><!--more--><\/p>\n<p>Esta iniciativa del Ministerio de Ciencia Tecnolog\u00eda e Innovaci\u00f3n en convenio con la Corporaci\u00f3n Tecnnova UEE, en representaci\u00f3n de JOINN \u2013 Red Colombiana de OTRI, espera tambi\u00e9n, dinamizar el inter\u00e9s de los diferentes actores del Sistema Nacional de Ciencia, Tecnolog\u00eda e Innovaci\u00f3n (SNCTeI), permitiendo el acceso a los recursos dispuestos para financiar los procesos de protecci\u00f3n de invenciones, que promuevan el fortalecimiento econ\u00f3mico del tejido empresarial del pa\u00eds.<\/p>\n<p>En esta cuarta etapa se cuenta con $4.511millones para apoyar la redacci\u00f3n y radicaci\u00f3n de m\u00e1s de 400 nuevas patentes. Las invenciones inscritas hasta el 18 de febrero de 2022 y que sean seleccionadas; ser\u00e1n beneficiarias del acompa\u00f1amiento en Protecci\u00f3n Nacional de Patentes, es decir, presentaci\u00f3n de la solicitud de patente nacional ante la Superintendencia de Industria y Comercio.<\/p>\n<p>Cada postulante podr\u00e1 presentar un n\u00famero ilimitado de invenciones. Las tecnolog\u00edas seleccionadas recibir\u00e1n m\u00e1ximo $10 millones para el financiamiento de:<\/p>\n<ul style=\"list-style-type: disc;\">\n<li>Alistamiento: b\u00fasqueda tecnol\u00f3gica (nacional e internacional), an\u00e1lisis del estado de la t\u00e9cnica, an\u00e1lisis de viabilidad jur\u00eddica y redacci\u00f3n del documento de patente.<\/li>\n<li>Pago de tasas y presentaci\u00f3n de la solicitud de patente ante la Superintendencia de Industria y Comercio.<\/li>\n<li>Respuesta a requerimiento de forma durante el plazo legalmente establecido por la Superintendencia de Industria y Comercio, si aplica.<\/li>\n<\/ul>\n<p>En esta convocatoria del programa \u201cCrearlo no es Suficiente\u201d; pueden participar personas naturales o jur\u00eddicas, inventores, investigadores y actores del Sistema Nacional de CTI domiciliadas en Colombia, que demuestren la obtenci\u00f3n de adelantos tecnol\u00f3gicos en actividades de investigaci\u00f3n, desarrollo tecnol\u00f3gico e innovaci\u00f3n (I+D+i), interesadas en la protecci\u00f3n de invenciones en Colombia.<\/p>\n<p>Para mayor informaci\u00f3n e inscripci\u00f3n, ingrese <strong><a href=\"https:\/\/docs.google.com\/forms\/d\/e\/1FAIpQLSf8iOGQqqsGMirq0Bpz79UzX6nUFsPZmBeOUzVjqmaxTsvcUA\/viewform\">aqu\u00ed<\/a> <\/strong><\/p>\n<p>Como parte del proceso, desde la OTRI NLACE se realizar\u00e1n 3 jornadas gratuitas de talleres presenciales y virtuales donde se aclarar\u00e1n dudas sobre la convocatoria y c\u00f3mo participar.<\/p>\n<p>&nbsp;<\/p>\n<table style=\"width: 717px;\">\n<tbody>\n<tr>\n<td style=\"width: 707px;\"><strong>PARA DESTACAR:<\/strong><\/p>\n<p>Para conocer las fechas de los talleres s\u00edguenos en las redes sociales: LinkedIn \u2013 Facebook \u2013 Instagram. Tambi\u00e9n pueden comunicarse con el Director\u00a0 OTRI NLACE Sandro Villamil Martha, n\u00famero de contacto: +57 312 4577368<\/td>\n<\/tr>\n<\/tbody>\n<\/table>\n<p>&nbsp;<\/p>\n<p><strong>Informes: <\/strong>Oficina de Comunicaciones y Prensa Universidad de Caldas.<\/p>\n<p><strong>Redacci\u00f3n:<\/strong> Luisa Mar\u00eda Giraldo Hern\u00e1ndez<\/p>\n<p>&nbsp;<\/p>\n","protected":false},"excerpt":{"rendered":"<p>&nbsp; Ya est\u00e1 abierta la cuarta cohorte del programa \u201cCrearlo no es Suficiente\u201d, con esta convocatoria nacional y que para el eje cafetero es liderada por la OTRI NLACE, se busca fomentar la protecci\u00f3n e incrementar el n\u00famero de patentes de resultados de Investigaci\u00f3n, Desarrollo e Innovaci\u00f3n I+D+i.<\/p>\n","protected":false},"author":2,"featured_media":67774,"comment_status":"closed","ping_status":"open","sticky":false,"template":"","format":"standard","meta":{"footnotes":""},"categories":[617,48,53],"tags":[187,642,7859,7860,130,141],"class_list":["post-67773","post","type-post","status-publish","format-standard","has-post-thumbnail","hentry","category-ucaldas-colaborativa","category-actualidad","category-universidad-al-dia","tag-vicerrectoria-de-proyeccion-universitaria","tag-tecnologia","tag-otri-nlace","tag-ministerio-de-ciencia-tecnologia-e-innovacion","tag-ciencia","tag-convocatoria"],"yoast_head":"<!-- This site is optimized with the Yoast SEO plugin v27.5 - https:\/\/yoast.com\/product\/yoast-seo-wordpress\/ -->\n<title>OTRI NLACE lidera convocatoria regional del programa \u201cCrearlo no es Suficiente\u201d en su cuarta cohorte, para la radicaci\u00f3n y redacci\u00f3n de nuevas patentes .<\/title>\n<meta name=\"robots\" content=\"index, follow, max-snippet:-1, max-image-preview:large, max-video-preview:-1\" \/>\n<link rel=\"canonical\" href=\"https:\/\/www.ucaldas.edu.co\/portal\/otri-nlace-lidera-convocatoria-regional-del-programa-crearlo-no-es-suficiente-en-su-cuarta-cohorte-para-la-radicacion-y-redaccion-de-nuevas-patentes\/\" \/>\n<script type=\"application\/ld+json\" class=\"yoast-schema-graph\">{\"@context\":\"https:\\\/\\\/schema.org\",\"@graph\":[{\"@type\":\"Article\",\"@id\":\"https:\\\/\\\/www.ucaldas.edu.co\\\/portal\\\/otri-nlace-lidera-convocatoria-regional-del-programa-crearlo-no-es-suficiente-en-su-cuarta-cohorte-para-la-radicacion-y-redaccion-de-nuevas-patentes\\\/#article\",\"isPartOf\":{\"@id\":\"https:\\\/\\\/www.ucaldas.edu.co\\\/portal\\\/otri-nlace-lidera-convocatoria-regional-del-programa-crearlo-no-es-suficiente-en-su-cuarta-cohorte-para-la-radicacion-y-redaccion-de-nuevas-patentes\\\/\"},\"author\":{\"name\":\"ofiprensa\",\"@id\":\"https:\\\/\\\/www.ucaldas.edu.co\\\/portal\\\/#\\\/schema\\\/person\\\/a1b482e23449158b4bc319926c074fdf\"},\"headline\":\"OTRI NLACE lidera convocatoria regional del programa \u201cCrearlo no es Suficiente\u201d en su cuarta cohorte, para la radicaci\u00f3n y redacci\u00f3n de nuevas patentes\",\"datePublished\":\"2022-02-02T22:46:02+00:00\",\"mainEntityOfPage\":{\"@id\":\"https:\\\/\\\/www.ucaldas.edu.co\\\/portal\\\/otri-nlace-lidera-convocatoria-regional-del-programa-crearlo-no-es-suficiente-en-su-cuarta-cohorte-para-la-radicacion-y-redaccion-de-nuevas-patentes\\\/\"},\"wordCount\":462,\"publisher\":{\"@id\":\"https:\\\/\\\/www.ucaldas.edu.co\\\/portal\\\/#organization\"},\"image\":{\"@id\":\"https:\\\/\\\/www.ucaldas.edu.co\\\/portal\\\/otri-nlace-lidera-convocatoria-regional-del-programa-crearlo-no-es-suficiente-en-su-cuarta-cohorte-para-la-radicacion-y-redaccion-de-nuevas-patentes\\\/#primaryimage\"},\"thumbnailUrl\":\"https:\\\/\\\/www.ucaldas.edu.co\\\/portal\\\/wp-content\\\/uploads\\\/2022\\\/02\\\/Diseno-sin-titulo.jpg\",\"keywords\":[\"vicerrector\u00eda de Proyecci\u00f3n Universitaria\",\"tecnolog\u00eda\",\"OTRI NLACE\",\"Ministerio de Ciencia Tecnolog\u00eda e Innovaci\u00f3n\",\"ciencia\",\"Convocatoria\"],\"articleSection\":[\"UCaldas Colaborativa\",\"Actualidad\",\"Universidad al D\u00eda\"],\"inLanguage\":\"es\"},{\"@type\":\"WebPage\",\"@id\":\"https:\\\/\\\/www.ucaldas.edu.co\\\/portal\\\/otri-nlace-lidera-convocatoria-regional-del-programa-crearlo-no-es-suficiente-en-su-cuarta-cohorte-para-la-radicacion-y-redaccion-de-nuevas-patentes\\\/\",\"url\":\"https:\\\/\\\/www.ucaldas.edu.co\\\/portal\\\/otri-nlace-lidera-convocatoria-regional-del-programa-crearlo-no-es-suficiente-en-su-cuarta-cohorte-para-la-radicacion-y-redaccion-de-nuevas-patentes\\\/\",\"name\":\"OTRI NLACE lidera convocatoria regional del programa \u201cCrearlo no es Suficiente\u201d en su cuarta cohorte, para la radicaci\u00f3n y redacci\u00f3n de nuevas patentes .\",\"isPartOf\":{\"@id\":\"https:\\\/\\\/www.ucaldas.edu.co\\\/portal\\\/#website\"},\"primaryImageOfPage\":{\"@id\":\"https:\\\/\\\/www.ucaldas.edu.co\\\/portal\\\/otri-nlace-lidera-convocatoria-regional-del-programa-crearlo-no-es-suficiente-en-su-cuarta-cohorte-para-la-radicacion-y-redaccion-de-nuevas-patentes\\\/#primaryimage\"},\"image\":{\"@id\":\"https:\\\/\\\/www.ucaldas.edu.co\\\/portal\\\/otri-nlace-lidera-convocatoria-regional-del-programa-crearlo-no-es-suficiente-en-su-cuarta-cohorte-para-la-radicacion-y-redaccion-de-nuevas-patentes\\\/#primaryimage\"},\"thumbnailUrl\":\"https:\\\/\\\/www.ucaldas.edu.co\\\/portal\\\/wp-content\\\/uploads\\\/2022\\\/02\\\/Diseno-sin-titulo.jpg\",\"datePublished\":\"2022-02-02T22:46:02+00:00\",\"breadcrumb\":{\"@id\":\"https:\\\/\\\/www.ucaldas.edu.co\\\/portal\\\/otri-nlace-lidera-convocatoria-regional-del-programa-crearlo-no-es-suficiente-en-su-cuarta-cohorte-para-la-radicacion-y-redaccion-de-nuevas-patentes\\\/#breadcrumb\"},\"inLanguage\":\"es\",\"potentialAction\":[{\"@type\":\"ReadAction\",\"target\":[\"https:\\\/\\\/www.ucaldas.edu.co\\\/portal\\\/otri-nlace-lidera-convocatoria-regional-del-programa-crearlo-no-es-suficiente-en-su-cuarta-cohorte-para-la-radicacion-y-redaccion-de-nuevas-patentes\\\/\"]}]},{\"@type\":\"ImageObject\",\"inLanguage\":\"es\",\"@id\":\"https:\\\/\\\/www.ucaldas.edu.co\\\/portal\\\/otri-nlace-lidera-convocatoria-regional-del-programa-crearlo-no-es-suficiente-en-su-cuarta-cohorte-para-la-radicacion-y-redaccion-de-nuevas-patentes\\\/#primaryimage\",\"url\":\"https:\\\/\\\/www.ucaldas.edu.co\\\/portal\\\/wp-content\\\/uploads\\\/2022\\\/02\\\/Diseno-sin-titulo.jpg\",\"contentUrl\":\"https:\\\/\\\/www.ucaldas.edu.co\\\/portal\\\/wp-content\\\/uploads\\\/2022\\\/02\\\/Diseno-sin-titulo.jpg\",\"width\":700,\"height\":400,\"caption\":\"abierta la cuarta cohorte del programa \u201cCrearlo no es Suficiente\u201d\"},{\"@type\":\"BreadcrumbList\",\"@id\":\"https:\\\/\\\/www.ucaldas.edu.co\\\/portal\\\/otri-nlace-lidera-convocatoria-regional-del-programa-crearlo-no-es-suficiente-en-su-cuarta-cohorte-para-la-radicacion-y-redaccion-de-nuevas-patentes\\\/#breadcrumb\",\"itemListElement\":[{\"@type\":\"ListItem\",\"position\":1,\"name\":\"Portada\",\"item\":\"https:\\\/\\\/www.ucaldas.edu.co\\\/portal\\\/\"},{\"@type\":\"ListItem\",\"position\":2,\"name\":\"OTRI NLACE lidera convocatoria regional del programa \u201cCrearlo no es Suficiente\u201d en su cuarta cohorte, para la radicaci\u00f3n y redacci\u00f3n de nuevas patentes\"}]},{\"@type\":\"WebSite\",\"@id\":\"https:\\\/\\\/www.ucaldas.edu.co\\\/portal\\\/#website\",\"url\":\"https:\\\/\\\/www.ucaldas.edu.co\\\/portal\\\/\",\"name\":\"Universidad de Caldas\",\"description\":\"\",\"publisher\":{\"@id\":\"https:\\\/\\\/www.ucaldas.edu.co\\\/portal\\\/#organization\"},\"alternateName\":\"U. de Caldas\",\"potentialAction\":[{\"@type\":\"SearchAction\",\"target\":{\"@type\":\"EntryPoint\",\"urlTemplate\":\"https:\\\/\\\/www.ucaldas.edu.co\\\/portal\\\/?s={search_term_string}\"},\"query-input\":{\"@type\":\"PropertyValueSpecification\",\"valueRequired\":true,\"valueName\":\"search_term_string\"}}],\"inLanguage\":\"es\"},{\"@type\":\"Organization\",\"@id\":\"https:\\\/\\\/www.ucaldas.edu.co\\\/portal\\\/#organization\",\"name\":\"Universidad de Caldas\",\"alternateName\":\"U. de Caldas\",\"url\":\"https:\\\/\\\/www.ucaldas.edu.co\\\/portal\\\/\",\"logo\":{\"@type\":\"ImageObject\",\"inLanguage\":\"es\",\"@id\":\"https:\\\/\\\/www.ucaldas.edu.co\\\/portal\\\/#\\\/schema\\\/logo\\\/image\\\/\",\"url\":\"https:\\\/\\\/www.ucaldas.edu.co\\\/portal\\\/wp-content\\\/uploads\\\/2023\\\/11\\\/Logo_horizontal_oscuroU-2023.png\",\"contentUrl\":\"https:\\\/\\\/www.ucaldas.edu.co\\\/portal\\\/wp-content\\\/uploads\\\/2023\\\/11\\\/Logo_horizontal_oscuroU-2023.png\",\"width\":263,\"height\":101,\"caption\":\"Universidad de Caldas\"},\"image\":{\"@id\":\"https:\\\/\\\/www.ucaldas.edu.co\\\/portal\\\/#\\\/schema\\\/logo\\\/image\\\/\"},\"sameAs\":[\"https:\\\/\\\/www.facebook.com\\\/udecaldas\",\"https:\\\/\\\/x.com\\\/udecaldas\",\"https:\\\/\\\/www.youtube.com\\\/universidadcaldas\",\"https:\\\/\\\/www.instagram.com\\\/udecaldas\\\/\"]},{\"@type\":\"Person\",\"@id\":\"https:\\\/\\\/www.ucaldas.edu.co\\\/portal\\\/#\\\/schema\\\/person\\\/a1b482e23449158b4bc319926c074fdf\",\"name\":\"ofiprensa\",\"image\":{\"@type\":\"ImageObject\",\"inLanguage\":\"es\",\"@id\":\"https:\\\/\\\/www.ucaldas.edu.co\\\/portal\\\/wp-content\\\/litespeed\\\/avatar\\\/09ea5085e600095a7a811142c6944527.jpg?ver=1777497608\",\"url\":\"https:\\\/\\\/www.ucaldas.edu.co\\\/portal\\\/wp-content\\\/litespeed\\\/avatar\\\/09ea5085e600095a7a811142c6944527.jpg?ver=1777497608\",\"contentUrl\":\"https:\\\/\\\/www.ucaldas.edu.co\\\/portal\\\/wp-content\\\/litespeed\\\/avatar\\\/09ea5085e600095a7a811142c6944527.jpg?ver=1777497608\",\"caption\":\"ofiprensa\"},\"url\":\"https:\\\/\\\/www.ucaldas.edu.co\\\/portal\\\/author\\\/ofiprensa\\\/\"}]}<\/script>\n<!-- \/ Yoast SEO plugin. -->","yoast_head_json":{"title":"OTRI NLACE lidera convocatoria regional del programa \u201cCrearlo no es Suficiente\u201d en su cuarta cohorte, para la radicaci\u00f3n y redacci\u00f3n de nuevas patentes .","robots":{"index":"index","follow":"follow","max-snippet":"max-snippet:-1","max-image-preview":"max-image-preview:large","max-video-preview":"max-video-preview:-1"},"canonical":"https:\/\/www.ucaldas.edu.co\/portal\/otri-nlace-lidera-convocatoria-regional-del-programa-crearlo-no-es-suficiente-en-su-cuarta-cohorte-para-la-radicacion-y-redaccion-de-nuevas-patentes\/","schema":{"@context":"https:\/\/schema.org","@graph":[{"@type":"Article","@id":"https:\/\/www.ucaldas.edu.co\/portal\/otri-nlace-lidera-convocatoria-regional-del-programa-crearlo-no-es-suficiente-en-su-cuarta-cohorte-para-la-radicacion-y-redaccion-de-nuevas-patentes\/#article","isPartOf":{"@id":"https:\/\/www.ucaldas.edu.co\/portal\/otri-nlace-lidera-convocatoria-regional-del-programa-crearlo-no-es-suficiente-en-su-cuarta-cohorte-para-la-radicacion-y-redaccion-de-nuevas-patentes\/"},"author":{"name":"ofiprensa","@id":"https:\/\/www.ucaldas.edu.co\/portal\/#\/schema\/person\/a1b482e23449158b4bc319926c074fdf"},"headline":"OTRI NLACE lidera convocatoria regional del programa \u201cCrearlo no es Suficiente\u201d en su cuarta cohorte, para la radicaci\u00f3n y redacci\u00f3n de nuevas patentes","datePublished":"2022-02-02T22:46:02+00:00","mainEntityOfPage":{"@id":"https:\/\/www.ucaldas.edu.co\/portal\/otri-nlace-lidera-convocatoria-regional-del-programa-crearlo-no-es-suficiente-en-su-cuarta-cohorte-para-la-radicacion-y-redaccion-de-nuevas-patentes\/"},"wordCount":462,"publisher":{"@id":"https:\/\/www.ucaldas.edu.co\/portal\/#organization"},"image":{"@id":"https:\/\/www.ucaldas.edu.co\/portal\/otri-nlace-lidera-convocatoria-regional-del-programa-crearlo-no-es-suficiente-en-su-cuarta-cohorte-para-la-radicacion-y-redaccion-de-nuevas-patentes\/#primaryimage"},"thumbnailUrl":"https:\/\/www.ucaldas.edu.co\/portal\/wp-content\/uploads\/2022\/02\/Diseno-sin-titulo.jpg","keywords":["vicerrector\u00eda de Proyecci\u00f3n Universitaria","tecnolog\u00eda","OTRI NLACE","Ministerio de Ciencia Tecnolog\u00eda e Innovaci\u00f3n","ciencia","Convocatoria"],"articleSection":["UCaldas Colaborativa","Actualidad","Universidad al D\u00eda"],"inLanguage":"es"},{"@type":"WebPage","@id":"https:\/\/www.ucaldas.edu.co\/portal\/otri-nlace-lidera-convocatoria-regional-del-programa-crearlo-no-es-suficiente-en-su-cuarta-cohorte-para-la-radicacion-y-redaccion-de-nuevas-patentes\/","url":"https:\/\/www.ucaldas.edu.co\/portal\/otri-nlace-lidera-convocatoria-regional-del-programa-crearlo-no-es-suficiente-en-su-cuarta-cohorte-para-la-radicacion-y-redaccion-de-nuevas-patentes\/","name":"OTRI NLACE lidera convocatoria regional del programa \u201cCrearlo no es Suficiente\u201d en su cuarta cohorte, para la radicaci\u00f3n y redacci\u00f3n de nuevas patentes .","isPartOf":{"@id":"https:\/\/www.ucaldas.edu.co\/portal\/#website"},"primaryImageOfPage":{"@id":"https:\/\/www.ucaldas.edu.co\/portal\/otri-nlace-lidera-convocatoria-regional-del-programa-crearlo-no-es-suficiente-en-su-cuarta-cohorte-para-la-radicacion-y-redaccion-de-nuevas-patentes\/#primaryimage"},"image":{"@id":"https:\/\/www.ucaldas.edu.co\/portal\/otri-nlace-lidera-convocatoria-regional-del-programa-crearlo-no-es-suficiente-en-su-cuarta-cohorte-para-la-radicacion-y-redaccion-de-nuevas-patentes\/#primaryimage"},"thumbnailUrl":"https:\/\/www.ucaldas.edu.co\/portal\/wp-content\/uploads\/2022\/02\/Diseno-sin-titulo.jpg","datePublished":"2022-02-02T22:46:02+00:00","breadcrumb":{"@id":"https:\/\/www.ucaldas.edu.co\/portal\/otri-nlace-lidera-convocatoria-regional-del-programa-crearlo-no-es-suficiente-en-su-cuarta-cohorte-para-la-radicacion-y-redaccion-de-nuevas-patentes\/#breadcrumb"},"inLanguage":"es","potentialAction":[{"@type":"ReadAction","target":["https:\/\/www.ucaldas.edu.co\/portal\/otri-nlace-lidera-convocatoria-regional-del-programa-crearlo-no-es-suficiente-en-su-cuarta-cohorte-para-la-radicacion-y-redaccion-de-nuevas-patentes\/"]}]},{"@type":"ImageObject","inLanguage":"es","@id":"https:\/\/www.ucaldas.edu.co\/portal\/otri-nlace-lidera-convocatoria-regional-del-programa-crearlo-no-es-suficiente-en-su-cuarta-cohorte-para-la-radicacion-y-redaccion-de-nuevas-patentes\/#primaryimage","url":"https:\/\/www.ucaldas.edu.co\/portal\/wp-content\/uploads\/2022\/02\/Diseno-sin-titulo.jpg","contentUrl":"https:\/\/www.ucaldas.edu.co\/portal\/wp-content\/uploads\/2022\/02\/Diseno-sin-titulo.jpg","width":700,"height":400,"caption":"abierta la cuarta cohorte del programa \u201cCrearlo no es Suficiente\u201d"},{"@type":"BreadcrumbList","@id":"https:\/\/www.ucaldas.edu.co\/portal\/otri-nlace-lidera-convocatoria-regional-del-programa-crearlo-no-es-suficiente-en-su-cuarta-cohorte-para-la-radicacion-y-redaccion-de-nuevas-patentes\/#breadcrumb","itemListElement":[{"@type":"ListItem","position":1,"name":"Portada","item":"https:\/\/www.ucaldas.edu.co\/portal\/"},{"@type":"ListItem","position":2,"name":"OTRI NLACE lidera convocatoria regional del programa \u201cCrearlo no es Suficiente\u201d en su cuarta cohorte, para la radicaci\u00f3n y redacci\u00f3n de nuevas patentes"}]},{"@type":"WebSite","@id":"https:\/\/www.ucaldas.edu.co\/portal\/#website","url":"https:\/\/www.ucaldas.edu.co\/portal\/","name":"Universidad de Caldas","description":"","publisher":{"@id":"https:\/\/www.ucaldas.edu.co\/portal\/#organization"},"alternateName":"U. de Caldas","potentialAction":[{"@type":"SearchAction","target":{"@type":"EntryPoint","urlTemplate":"https:\/\/www.ucaldas.edu.co\/portal\/?s={search_term_string}"},"query-input":{"@type":"PropertyValueSpecification","valueRequired":true,"valueName":"search_term_string"}}],"inLanguage":"es"},{"@type":"Organization","@id":"https:\/\/www.ucaldas.edu.co\/portal\/#organization","name":"Universidad de Caldas","alternateName":"U. de Caldas","url":"https:\/\/www.ucaldas.edu.co\/portal\/","logo":{"@type":"ImageObject","inLanguage":"es","@id":"https:\/\/www.ucaldas.edu.co\/portal\/#\/schema\/logo\/image\/","url":"https:\/\/www.ucaldas.edu.co\/portal\/wp-content\/uploads\/2023\/11\/Logo_horizontal_oscuroU-2023.png","contentUrl":"https:\/\/www.ucaldas.edu.co\/portal\/wp-content\/uploads\/2023\/11\/Logo_horizontal_oscuroU-2023.png","width":263,"height":101,"caption":"Universidad de Caldas"},"image":{"@id":"https:\/\/www.ucaldas.edu.co\/portal\/#\/schema\/logo\/image\/"},"sameAs":["https:\/\/www.facebook.com\/udecaldas","https:\/\/x.com\/udecaldas","https:\/\/www.youtube.com\/universidadcaldas","https:\/\/www.instagram.com\/udecaldas\/"]},{"@type":"Person","@id":"https:\/\/www.ucaldas.edu.co\/portal\/#\/schema\/person\/a1b482e23449158b4bc319926c074fdf","name":"ofiprensa","image":{"@type":"ImageObject","inLanguage":"es","@id":"https:\/\/www.ucaldas.edu.co\/portal\/wp-content\/litespeed\/avatar\/09ea5085e600095a7a811142c6944527.jpg?ver=1777497608","url":"https:\/\/www.ucaldas.edu.co\/portal\/wp-content\/litespeed\/avatar\/09ea5085e600095a7a811142c6944527.jpg?ver=1777497608","contentUrl":"https:\/\/www.ucaldas.edu.co\/portal\/wp-content\/litespeed\/avatar\/09ea5085e600095a7a811142c6944527.jpg?ver=1777497608","caption":"ofiprensa"},"url":"https:\/\/www.ucaldas.edu.co\/portal\/author\/ofiprensa\/"}]}},"_links":{"self":[{"href":"https:\/\/www.ucaldas.edu.co\/portal\/wp-json\/wp\/v2\/posts\/67773","targetHints":{"allow":["GET"]}}],"collection":[{"href":"https:\/\/www.ucaldas.edu.co\/portal\/wp-json\/wp\/v2\/posts"}],"about":[{"href":"https:\/\/www.ucaldas.edu.co\/portal\/wp-json\/wp\/v2\/types\/post"}],"author":[{"embeddable":true,"href":"https:\/\/www.ucaldas.edu.co\/portal\/wp-json\/wp\/v2\/users\/2"}],"replies":[{"embeddable":true,"href":"https:\/\/www.ucaldas.edu.co\/portal\/wp-json\/wp\/v2\/comments?post=67773"}],"version-history":[{"count":0,"href":"https:\/\/www.ucaldas.edu.co\/portal\/wp-json\/wp\/v2\/posts\/67773\/revisions"}],"wp:featuredmedia":[{"embeddable":true,"href":"https:\/\/www.ucaldas.edu.co\/portal\/wp-json\/wp\/v2\/media\/67774"}],"wp:attachment":[{"href":"https:\/\/www.ucaldas.edu.co\/portal\/wp-json\/wp\/v2\/media?parent=67773"}],"wp:term":[{"taxonomy":"category","embeddable":true,"href":"https:\/\/www.ucaldas.edu.co\/portal\/wp-json\/wp\/v2\/categories?post=67773"},{"taxonomy":"post_tag","embeddable":true,"href":"https:\/\/www.ucaldas.edu.co\/portal\/wp-json\/wp\/v2\/tags?post=67773"}],"curies":[{"name":"wp","href":"https:\/\/api.w.org\/{rel}","templated":true}]}}