{"id":67762,"date":"2022-02-02T22:13:20","date_gmt":"2022-02-02T22:13:20","guid":{"rendered":"https:\/\/www.ucaldas.edu.co\/portal\/?p=67762"},"modified":"2022-02-02T22:13:20","modified_gmt":"2022-02-02T22:13:20","slug":"conozca-mas-sobre-los-cambios-implementados-en-el-proceso-de-contratacion-y-convenios-u-de-caldas","status":"publish","type":"post","link":"https:\/\/www.ucaldas.edu.co\/portal\/conozca-mas-sobre-los-cambios-implementados-en-el-proceso-de-contratacion-y-convenios-u-de-caldas\/","title":{"rendered":"Conozca m\u00e1s sobre los cambios implementados en el proceso de contrataci\u00f3n y convenios U. de Caldas"},"content":{"rendered":"<p><img loading=\"lazy\" decoding=\"async\" class=\"aligncenter wp-image-67763 size-full\" src=\"https:\/\/www.ucaldas.edu.co\/portal\/wp-content\/uploads\/2022\/02\/proceso-de-contratacion-y-convenios.jpg\" alt=\"modificaciones proceso de contrataci\u00f3n\" width=\"700\" height=\"400\" srcset=\"https:\/\/www.ucaldas.edu.co\/portal\/wp-content\/uploads\/2022\/02\/proceso-de-contratacion-y-convenios.jpg 700w, https:\/\/www.ucaldas.edu.co\/portal\/wp-content\/uploads\/2022\/02\/proceso-de-contratacion-y-convenios-300x171.jpg 300w\" sizes=\"auto, (max-width: 700px) 100vw, 700px\" \/><\/p>\n<p>Dadas las recientes modificaciones al proceso de contrataci\u00f3n y convenios de la Universidad de Caldas, emitidas por el Consejo Superior mediante el Acuerdo 052 que adopta la utilizaci\u00f3n de medios digitales para garantizar el cumplimiento de los fines misionales, se realizaron tambi\u00e9n actualizaciones de las Resoluciones 666 y 703.<\/p>\n<p><!--more--><\/p>\n<p>Las Resoluciones 666 y 703, que establec\u00edan el Manual de Contrataci\u00f3n de la instituci\u00f3n y el procedimiento de contrataci\u00f3n para la ejecuci\u00f3n de los recursos del Sistema General de Regal\u00edas, fueron modificadas dando como resultado las Resoluciones 1292 y 1293.<\/p>\n<p>A continuaci\u00f3n se presentan las modificaciones realizadas:<\/p>\n<ul>\n<li>Se adopt\u00f3 la radicaci\u00f3n por medio electr\u00f3nico las solicitudes y documentos que antes se hac\u00eda de manera f\u00edsica.<\/li>\n<li>Se elimin\u00f3 la impresi\u00f3n de la solicitud, minuta de contrato y dem\u00e1s documentos que integran el proceso, para pasar a la remisi\u00f3n electr\u00f3nica de los mismos.<\/li>\n<li>Se dispuso la posibilidad de firmar la solicitud, minuta de contrato, acta de inicio y dem\u00e1s documentos por medios digitales a trav\u00e9s de firma digital, firma mec\u00e1nica, firma electr\u00f3nica, firma escaneada con previa autorizaci\u00f3n v\u00eda correo electr\u00f3nico.<\/li>\n<\/ul>\n<p>Se hace claridad que cuando exista duda respecto a la utilizaci\u00f3n de medios f\u00edsicos o electr\u00f3nicos para alg\u00fan tr\u00e1mite de contrataci\u00f3n o convenio, se debe optar por preferir las herramientas digitales.<\/p>\n<p>&nbsp;<\/p>\n<p><strong><a href=\"https:\/\/www.ucaldas.edu.co\/portal\/wp-content\/uploads\/2022\/01\/Acuerdo-52-MODIFICACION-ACUERDO-08-de-2017-Estatuto-de-Contratacion.pdf\">Acuerdo 052 aqu\u00ed.<\/a><\/strong><\/p>\n<p><strong><a href=\"https:\/\/www.ucaldas.edu.co\/portal\/wp-content\/uploads\/2022\/01\/RESOLUCION-1292.-Modificacion-Res-666-de-2017-Manual-de-Contratacion.pdf\">Resoluci\u00f3n 1292 aqu\u00ed.<\/a><\/strong><\/p>\n<p><strong><a href=\"https:\/\/www.ucaldas.edu.co\/portal\/wp-content\/uploads\/2022\/01\/RESOLUCION-1293.-Modificacion-Res-703-de-2017-Procedimiendo-de-Contratacion-S.G.R..pdf\">Resoluci\u00f3n 1293 aqu\u00ed.<\/a><\/strong><\/p>\n<p><strong>\u00a0<\/strong><\/p>\n<p><strong>Informes: <\/strong>Oficina de Comunicaciones y Prensa Universidad de Caldas.<\/p>\n<p><strong>Redacci\u00f3n:<\/strong> Mateo Buritic\u00e1 Giraldo<\/p>\n<p>&nbsp;<\/p>\n","protected":false},"excerpt":{"rendered":"<p>Dadas las recientes modificaciones al proceso de contrataci\u00f3n y convenios de la Universidad de Caldas, emitidas por el Consejo Superior mediante el Acuerdo 052 que adopta la utilizaci\u00f3n de medios digitales para garantizar el cumplimiento de los fines misionales, se realizaron tambi\u00e9n actualizaciones de las Resoluciones 666 y 703.<\/p>\n","protected":false},"author":2,"featured_media":67763,"comment_status":"closed","ping_status":"open","sticky":false,"template":"","format":"standard","meta":{"footnotes":""},"categories":[48,53,620],"tags":[7361,7756,7763,7858],"class_list":["post-67762","post","type-post","status-publish","format-standard","has-post-thumbnail","hentry","category-actualidad","category-universidad-al-dia","category-ucaldas-transparente","tag-secretaria-general-u-caldas","tag-politica-cero-papel","tag-proceso-de-contratacion","tag-contratacion-publica"],"yoast_head":"<!-- This site is optimized with the Yoast SEO plugin v27.4 - https:\/\/yoast.com\/product\/yoast-seo-wordpress\/ -->\n<title>Conozca m\u00e1s sobre los cambios implementados en el proceso de contrataci\u00f3n y convenios U. de Caldas .<\/title>\n<meta name=\"robots\" content=\"index, follow, max-snippet:-1, max-image-preview:large, max-video-preview:-1\" \/>\n<link rel=\"canonical\" href=\"https:\/\/www.ucaldas.edu.co\/portal\/conozca-mas-sobre-los-cambios-implementados-en-el-proceso-de-contratacion-y-convenios-u-de-caldas\/\" \/>\n<script type=\"application\/ld+json\" class=\"yoast-schema-graph\">{\"@context\":\"https:\\\/\\\/schema.org\",\"@graph\":[{\"@type\":\"Article\",\"@id\":\"https:\\\/\\\/www.ucaldas.edu.co\\\/portal\\\/conozca-mas-sobre-los-cambios-implementados-en-el-proceso-de-contratacion-y-convenios-u-de-caldas\\\/#article\",\"isPartOf\":{\"@id\":\"https:\\\/\\\/www.ucaldas.edu.co\\\/portal\\\/conozca-mas-sobre-los-cambios-implementados-en-el-proceso-de-contratacion-y-convenios-u-de-caldas\\\/\"},\"author\":{\"name\":\"ofiprensa\",\"@id\":\"https:\\\/\\\/www.ucaldas.edu.co\\\/portal\\\/#\\\/schema\\\/person\\\/a1b482e23449158b4bc319926c074fdf\"},\"headline\":\"Conozca m\u00e1s sobre los cambios implementados en el proceso de contrataci\u00f3n y convenios U. de Caldas\",\"datePublished\":\"2022-02-02T22:13:20+00:00\",\"mainEntityOfPage\":{\"@id\":\"https:\\\/\\\/www.ucaldas.edu.co\\\/portal\\\/conozca-mas-sobre-los-cambios-implementados-en-el-proceso-de-contratacion-y-convenios-u-de-caldas\\\/\"},\"wordCount\":274,\"publisher\":{\"@id\":\"https:\\\/\\\/www.ucaldas.edu.co\\\/portal\\\/#organization\"},\"image\":{\"@id\":\"https:\\\/\\\/www.ucaldas.edu.co\\\/portal\\\/conozca-mas-sobre-los-cambios-implementados-en-el-proceso-de-contratacion-y-convenios-u-de-caldas\\\/#primaryimage\"},\"thumbnailUrl\":\"https:\\\/\\\/www.ucaldas.edu.co\\\/portal\\\/wp-content\\\/uploads\\\/2022\\\/02\\\/proceso-de-contratacion-y-convenios.jpg\",\"keywords\":[\"secretar\u00eda general u caldas\",\"pol\u00edtica cero papel\",\"proceso de contrataci\u00f3n\",\"contrataci\u00f3n p\u00fablica\"],\"articleSection\":[\"Actualidad\",\"Universidad al D\u00eda\",\"UCaldas Transparente\"],\"inLanguage\":\"es\"},{\"@type\":\"WebPage\",\"@id\":\"https:\\\/\\\/www.ucaldas.edu.co\\\/portal\\\/conozca-mas-sobre-los-cambios-implementados-en-el-proceso-de-contratacion-y-convenios-u-de-caldas\\\/\",\"url\":\"https:\\\/\\\/www.ucaldas.edu.co\\\/portal\\\/conozca-mas-sobre-los-cambios-implementados-en-el-proceso-de-contratacion-y-convenios-u-de-caldas\\\/\",\"name\":\"Conozca m\u00e1s sobre los cambios implementados en el proceso de contrataci\u00f3n y convenios U. de Caldas .\",\"isPartOf\":{\"@id\":\"https:\\\/\\\/www.ucaldas.edu.co\\\/portal\\\/#website\"},\"primaryImageOfPage\":{\"@id\":\"https:\\\/\\\/www.ucaldas.edu.co\\\/portal\\\/conozca-mas-sobre-los-cambios-implementados-en-el-proceso-de-contratacion-y-convenios-u-de-caldas\\\/#primaryimage\"},\"image\":{\"@id\":\"https:\\\/\\\/www.ucaldas.edu.co\\\/portal\\\/conozca-mas-sobre-los-cambios-implementados-en-el-proceso-de-contratacion-y-convenios-u-de-caldas\\\/#primaryimage\"},\"thumbnailUrl\":\"https:\\\/\\\/www.ucaldas.edu.co\\\/portal\\\/wp-content\\\/uploads\\\/2022\\\/02\\\/proceso-de-contratacion-y-convenios.jpg\",\"datePublished\":\"2022-02-02T22:13:20+00:00\",\"breadcrumb\":{\"@id\":\"https:\\\/\\\/www.ucaldas.edu.co\\\/portal\\\/conozca-mas-sobre-los-cambios-implementados-en-el-proceso-de-contratacion-y-convenios-u-de-caldas\\\/#breadcrumb\"},\"inLanguage\":\"es\",\"potentialAction\":[{\"@type\":\"ReadAction\",\"target\":[\"https:\\\/\\\/www.ucaldas.edu.co\\\/portal\\\/conozca-mas-sobre-los-cambios-implementados-en-el-proceso-de-contratacion-y-convenios-u-de-caldas\\\/\"]}]},{\"@type\":\"ImageObject\",\"inLanguage\":\"es\",\"@id\":\"https:\\\/\\\/www.ucaldas.edu.co\\\/portal\\\/conozca-mas-sobre-los-cambios-implementados-en-el-proceso-de-contratacion-y-convenios-u-de-caldas\\\/#primaryimage\",\"url\":\"https:\\\/\\\/www.ucaldas.edu.co\\\/portal\\\/wp-content\\\/uploads\\\/2022\\\/02\\\/proceso-de-contratacion-y-convenios.jpg\",\"contentUrl\":\"https:\\\/\\\/www.ucaldas.edu.co\\\/portal\\\/wp-content\\\/uploads\\\/2022\\\/02\\\/proceso-de-contratacion-y-convenios.jpg\",\"width\":700,\"height\":400,\"caption\":\"modificaciones proceso de contrataci\u00f3n\"},{\"@type\":\"BreadcrumbList\",\"@id\":\"https:\\\/\\\/www.ucaldas.edu.co\\\/portal\\\/conozca-mas-sobre-los-cambios-implementados-en-el-proceso-de-contratacion-y-convenios-u-de-caldas\\\/#breadcrumb\",\"itemListElement\":[{\"@type\":\"ListItem\",\"position\":1,\"name\":\"Portada\",\"item\":\"https:\\\/\\\/www.ucaldas.edu.co\\\/portal\\\/\"},{\"@type\":\"ListItem\",\"position\":2,\"name\":\"Conozca m\u00e1s sobre los cambios implementados en el proceso de contrataci\u00f3n y convenios U. de Caldas\"}]},{\"@type\":\"WebSite\",\"@id\":\"https:\\\/\\\/www.ucaldas.edu.co\\\/portal\\\/#website\",\"url\":\"https:\\\/\\\/www.ucaldas.edu.co\\\/portal\\\/\",\"name\":\"Universidad de Caldas\",\"description\":\"\",\"publisher\":{\"@id\":\"https:\\\/\\\/www.ucaldas.edu.co\\\/portal\\\/#organization\"},\"alternateName\":\"U. de Caldas\",\"potentialAction\":[{\"@type\":\"SearchAction\",\"target\":{\"@type\":\"EntryPoint\",\"urlTemplate\":\"https:\\\/\\\/www.ucaldas.edu.co\\\/portal\\\/?s={search_term_string}\"},\"query-input\":{\"@type\":\"PropertyValueSpecification\",\"valueRequired\":true,\"valueName\":\"search_term_string\"}}],\"inLanguage\":\"es\"},{\"@type\":\"Organization\",\"@id\":\"https:\\\/\\\/www.ucaldas.edu.co\\\/portal\\\/#organization\",\"name\":\"Universidad de Caldas\",\"alternateName\":\"U. de Caldas\",\"url\":\"https:\\\/\\\/www.ucaldas.edu.co\\\/portal\\\/\",\"logo\":{\"@type\":\"ImageObject\",\"inLanguage\":\"es\",\"@id\":\"https:\\\/\\\/www.ucaldas.edu.co\\\/portal\\\/#\\\/schema\\\/logo\\\/image\\\/\",\"url\":\"https:\\\/\\\/www.ucaldas.edu.co\\\/portal\\\/wp-content\\\/uploads\\\/2023\\\/11\\\/Logo_horizontal_oscuroU-2023.png\",\"contentUrl\":\"https:\\\/\\\/www.ucaldas.edu.co\\\/portal\\\/wp-content\\\/uploads\\\/2023\\\/11\\\/Logo_horizontal_oscuroU-2023.png\",\"width\":263,\"height\":101,\"caption\":\"Universidad de Caldas\"},\"image\":{\"@id\":\"https:\\\/\\\/www.ucaldas.edu.co\\\/portal\\\/#\\\/schema\\\/logo\\\/image\\\/\"},\"sameAs\":[\"https:\\\/\\\/www.facebook.com\\\/udecaldas\",\"https:\\\/\\\/x.com\\\/udecaldas\",\"https:\\\/\\\/www.youtube.com\\\/universidadcaldas\",\"https:\\\/\\\/www.instagram.com\\\/udecaldas\\\/\"]},{\"@type\":\"Person\",\"@id\":\"https:\\\/\\\/www.ucaldas.edu.co\\\/portal\\\/#\\\/schema\\\/person\\\/a1b482e23449158b4bc319926c074fdf\",\"name\":\"ofiprensa\",\"image\":{\"@type\":\"ImageObject\",\"inLanguage\":\"es\",\"@id\":\"https:\\\/\\\/www.ucaldas.edu.co\\\/portal\\\/wp-content\\\/litespeed\\\/avatar\\\/09ea5085e600095a7a811142c6944527.jpg?ver=1776892805\",\"url\":\"https:\\\/\\\/www.ucaldas.edu.co\\\/portal\\\/wp-content\\\/litespeed\\\/avatar\\\/09ea5085e600095a7a811142c6944527.jpg?ver=1776892805\",\"contentUrl\":\"https:\\\/\\\/www.ucaldas.edu.co\\\/portal\\\/wp-content\\\/litespeed\\\/avatar\\\/09ea5085e600095a7a811142c6944527.jpg?ver=1776892805\",\"caption\":\"ofiprensa\"},\"url\":\"https:\\\/\\\/www.ucaldas.edu.co\\\/portal\\\/author\\\/ofiprensa\\\/\"}]}<\/script>\n<!-- \/ Yoast SEO plugin. -->","yoast_head_json":{"title":"Conozca m\u00e1s sobre los cambios implementados en el proceso de contrataci\u00f3n y convenios U. de Caldas .","robots":{"index":"index","follow":"follow","max-snippet":"max-snippet:-1","max-image-preview":"max-image-preview:large","max-video-preview":"max-video-preview:-1"},"canonical":"https:\/\/www.ucaldas.edu.co\/portal\/conozca-mas-sobre-los-cambios-implementados-en-el-proceso-de-contratacion-y-convenios-u-de-caldas\/","schema":{"@context":"https:\/\/schema.org","@graph":[{"@type":"Article","@id":"https:\/\/www.ucaldas.edu.co\/portal\/conozca-mas-sobre-los-cambios-implementados-en-el-proceso-de-contratacion-y-convenios-u-de-caldas\/#article","isPartOf":{"@id":"https:\/\/www.ucaldas.edu.co\/portal\/conozca-mas-sobre-los-cambios-implementados-en-el-proceso-de-contratacion-y-convenios-u-de-caldas\/"},"author":{"name":"ofiprensa","@id":"https:\/\/www.ucaldas.edu.co\/portal\/#\/schema\/person\/a1b482e23449158b4bc319926c074fdf"},"headline":"Conozca m\u00e1s sobre los cambios implementados en el proceso de contrataci\u00f3n y convenios U. de Caldas","datePublished":"2022-02-02T22:13:20+00:00","mainEntityOfPage":{"@id":"https:\/\/www.ucaldas.edu.co\/portal\/conozca-mas-sobre-los-cambios-implementados-en-el-proceso-de-contratacion-y-convenios-u-de-caldas\/"},"wordCount":274,"publisher":{"@id":"https:\/\/www.ucaldas.edu.co\/portal\/#organization"},"image":{"@id":"https:\/\/www.ucaldas.edu.co\/portal\/conozca-mas-sobre-los-cambios-implementados-en-el-proceso-de-contratacion-y-convenios-u-de-caldas\/#primaryimage"},"thumbnailUrl":"https:\/\/www.ucaldas.edu.co\/portal\/wp-content\/uploads\/2022\/02\/proceso-de-contratacion-y-convenios.jpg","keywords":["secretar\u00eda general u caldas","pol\u00edtica cero papel","proceso de contrataci\u00f3n","contrataci\u00f3n p\u00fablica"],"articleSection":["Actualidad","Universidad al D\u00eda","UCaldas Transparente"],"inLanguage":"es"},{"@type":"WebPage","@id":"https:\/\/www.ucaldas.edu.co\/portal\/conozca-mas-sobre-los-cambios-implementados-en-el-proceso-de-contratacion-y-convenios-u-de-caldas\/","url":"https:\/\/www.ucaldas.edu.co\/portal\/conozca-mas-sobre-los-cambios-implementados-en-el-proceso-de-contratacion-y-convenios-u-de-caldas\/","name":"Conozca m\u00e1s sobre los cambios implementados en el proceso de contrataci\u00f3n y convenios U. de Caldas .","isPartOf":{"@id":"https:\/\/www.ucaldas.edu.co\/portal\/#website"},"primaryImageOfPage":{"@id":"https:\/\/www.ucaldas.edu.co\/portal\/conozca-mas-sobre-los-cambios-implementados-en-el-proceso-de-contratacion-y-convenios-u-de-caldas\/#primaryimage"},"image":{"@id":"https:\/\/www.ucaldas.edu.co\/portal\/conozca-mas-sobre-los-cambios-implementados-en-el-proceso-de-contratacion-y-convenios-u-de-caldas\/#primaryimage"},"thumbnailUrl":"https:\/\/www.ucaldas.edu.co\/portal\/wp-content\/uploads\/2022\/02\/proceso-de-contratacion-y-convenios.jpg","datePublished":"2022-02-02T22:13:20+00:00","breadcrumb":{"@id":"https:\/\/www.ucaldas.edu.co\/portal\/conozca-mas-sobre-los-cambios-implementados-en-el-proceso-de-contratacion-y-convenios-u-de-caldas\/#breadcrumb"},"inLanguage":"es","potentialAction":[{"@type":"ReadAction","target":["https:\/\/www.ucaldas.edu.co\/portal\/conozca-mas-sobre-los-cambios-implementados-en-el-proceso-de-contratacion-y-convenios-u-de-caldas\/"]}]},{"@type":"ImageObject","inLanguage":"es","@id":"https:\/\/www.ucaldas.edu.co\/portal\/conozca-mas-sobre-los-cambios-implementados-en-el-proceso-de-contratacion-y-convenios-u-de-caldas\/#primaryimage","url":"https:\/\/www.ucaldas.edu.co\/portal\/wp-content\/uploads\/2022\/02\/proceso-de-contratacion-y-convenios.jpg","contentUrl":"https:\/\/www.ucaldas.edu.co\/portal\/wp-content\/uploads\/2022\/02\/proceso-de-contratacion-y-convenios.jpg","width":700,"height":400,"caption":"modificaciones proceso de contrataci\u00f3n"},{"@type":"BreadcrumbList","@id":"https:\/\/www.ucaldas.edu.co\/portal\/conozca-mas-sobre-los-cambios-implementados-en-el-proceso-de-contratacion-y-convenios-u-de-caldas\/#breadcrumb","itemListElement":[{"@type":"ListItem","position":1,"name":"Portada","item":"https:\/\/www.ucaldas.edu.co\/portal\/"},{"@type":"ListItem","position":2,"name":"Conozca m\u00e1s sobre los cambios implementados en el proceso de contrataci\u00f3n y convenios U. de Caldas"}]},{"@type":"WebSite","@id":"https:\/\/www.ucaldas.edu.co\/portal\/#website","url":"https:\/\/www.ucaldas.edu.co\/portal\/","name":"Universidad de Caldas","description":"","publisher":{"@id":"https:\/\/www.ucaldas.edu.co\/portal\/#organization"},"alternateName":"U. de Caldas","potentialAction":[{"@type":"SearchAction","target":{"@type":"EntryPoint","urlTemplate":"https:\/\/www.ucaldas.edu.co\/portal\/?s={search_term_string}"},"query-input":{"@type":"PropertyValueSpecification","valueRequired":true,"valueName":"search_term_string"}}],"inLanguage":"es"},{"@type":"Organization","@id":"https:\/\/www.ucaldas.edu.co\/portal\/#organization","name":"Universidad de Caldas","alternateName":"U. de Caldas","url":"https:\/\/www.ucaldas.edu.co\/portal\/","logo":{"@type":"ImageObject","inLanguage":"es","@id":"https:\/\/www.ucaldas.edu.co\/portal\/#\/schema\/logo\/image\/","url":"https:\/\/www.ucaldas.edu.co\/portal\/wp-content\/uploads\/2023\/11\/Logo_horizontal_oscuroU-2023.png","contentUrl":"https:\/\/www.ucaldas.edu.co\/portal\/wp-content\/uploads\/2023\/11\/Logo_horizontal_oscuroU-2023.png","width":263,"height":101,"caption":"Universidad de Caldas"},"image":{"@id":"https:\/\/www.ucaldas.edu.co\/portal\/#\/schema\/logo\/image\/"},"sameAs":["https:\/\/www.facebook.com\/udecaldas","https:\/\/x.com\/udecaldas","https:\/\/www.youtube.com\/universidadcaldas","https:\/\/www.instagram.com\/udecaldas\/"]},{"@type":"Person","@id":"https:\/\/www.ucaldas.edu.co\/portal\/#\/schema\/person\/a1b482e23449158b4bc319926c074fdf","name":"ofiprensa","image":{"@type":"ImageObject","inLanguage":"es","@id":"https:\/\/www.ucaldas.edu.co\/portal\/wp-content\/litespeed\/avatar\/09ea5085e600095a7a811142c6944527.jpg?ver=1776892805","url":"https:\/\/www.ucaldas.edu.co\/portal\/wp-content\/litespeed\/avatar\/09ea5085e600095a7a811142c6944527.jpg?ver=1776892805","contentUrl":"https:\/\/www.ucaldas.edu.co\/portal\/wp-content\/litespeed\/avatar\/09ea5085e600095a7a811142c6944527.jpg?ver=1776892805","caption":"ofiprensa"},"url":"https:\/\/www.ucaldas.edu.co\/portal\/author\/ofiprensa\/"}]}},"_links":{"self":[{"href":"https:\/\/www.ucaldas.edu.co\/portal\/wp-json\/wp\/v2\/posts\/67762","targetHints":{"allow":["GET"]}}],"collection":[{"href":"https:\/\/www.ucaldas.edu.co\/portal\/wp-json\/wp\/v2\/posts"}],"about":[{"href":"https:\/\/www.ucaldas.edu.co\/portal\/wp-json\/wp\/v2\/types\/post"}],"author":[{"embeddable":true,"href":"https:\/\/www.ucaldas.edu.co\/portal\/wp-json\/wp\/v2\/users\/2"}],"replies":[{"embeddable":true,"href":"https:\/\/www.ucaldas.edu.co\/portal\/wp-json\/wp\/v2\/comments?post=67762"}],"version-history":[{"count":0,"href":"https:\/\/www.ucaldas.edu.co\/portal\/wp-json\/wp\/v2\/posts\/67762\/revisions"}],"wp:featuredmedia":[{"embeddable":true,"href":"https:\/\/www.ucaldas.edu.co\/portal\/wp-json\/wp\/v2\/media\/67763"}],"wp:attachment":[{"href":"https:\/\/www.ucaldas.edu.co\/portal\/wp-json\/wp\/v2\/media?parent=67762"}],"wp:term":[{"taxonomy":"category","embeddable":true,"href":"https:\/\/www.ucaldas.edu.co\/portal\/wp-json\/wp\/v2\/categories?post=67762"},{"taxonomy":"post_tag","embeddable":true,"href":"https:\/\/www.ucaldas.edu.co\/portal\/wp-json\/wp\/v2\/tags?post=67762"}],"curies":[{"name":"wp","href":"https:\/\/api.w.org\/{rel}","templated":true}]}}