{"id":6774,"date":"2014-05-20T18:34:06","date_gmt":"2014-05-20T23:34:06","guid":{"rendered":"https:\/\/www.ucaldas.edu.co\/portal\/?p=6774"},"modified":"2014-05-20T18:34:06","modified_gmt":"2014-05-20T23:34:06","slug":"doctorado-en-estudios-territoriales-tiene-inscripciones-abiertas-hasta-el-23-de-mayo","status":"publish","type":"post","link":"https:\/\/www.ucaldas.edu.co\/portal\/doctorado-en-estudios-territoriales-tiene-inscripciones-abiertas-hasta-el-23-de-mayo\/","title":{"rendered":"Doctorado en Estudios Territoriales tiene inscripciones abiertas, hasta el 23 de mayo"},"content":{"rendered":"<p align=\"center\"><span style=\"text-decoration: underline;\">CONVOCATORIA PARA LA IV COHORTE DEL PROGRAMA <\/span><\/p>\n<p align=\"center\"><b>Doctorado en Estudios Territoriales tiene inscripciones abiertas, hasta el 23 de mayo<\/b><\/p>\n<p align=\"center\"><b>\u00a0<a href=\"https:\/\/www.ucaldas.edu.co\/portal\/wp-content\/uploads\/2014\/03\/reencauche3.jpg\"><img loading=\"lazy\" decoding=\"async\" class=\"aligncenter size-medium wp-image-2333\" alt=\"reencauche3\" src=\"https:\/\/www.ucaldas.edu.co\/portal\/wp-content\/uploads\/2014\/03\/reencauche3-300x237.jpg\" width=\"300\" height=\"237\" \/><\/a><\/b><\/p>\n<p align=\"right\">20\/5\/2014<\/p>\n<p align=\"right\">Redacci\u00f3n: Margarita Laverde Galvis<\/p>\n<p>\u00a0<b>Hasta el 23 de mayo<\/b> del 2014 <b>puede inscribirse<\/b> al <b>Doctorado en Estudios Territoriales<\/b> de la Universidad de Caldas, que tiene abierta su <b>convocatoria para la IV cohorte<\/b>, que iniciar\u00e1 actividades acad\u00e9micas el 1 de agosto.<!--more--><\/p>\n<p>El Programa cuenta con <b>110 cr\u00e9ditos<\/b>: 74 obligatorios y 36 electivos. El Doctorado tiene las <b>siguientes l\u00edneas de investigaci\u00f3n<\/b>:<\/p>\n<p><b>1. Territorios y culturas:<\/b><\/p>\n<p>&#8211; Simbolog\u00edas y socioespacialidad.<\/p>\n<p>&#8211; Cognici\u00f3n, culturas y territorio.<\/p>\n<p>&#8211; Memoria y patrimonio cultural.<\/p>\n<p><b>2. La territorializaci\u00f3n de las acciones y procesos de metropolizaci\u00f3n:<\/b><\/p>\n<p>&#8211; Territorializaci\u00f3n, metropolizaci\u00f3n y desarrollo econ\u00f3mico territorial.<\/p>\n<p>&#8211; Ordenamiento territorial y geopol\u00edtica.<\/p>\n<p>&#8211; Territorios, conflictos y pol\u00edtica.<\/p>\n<p><b>3. Configuraci\u00f3n productiva y social de los territorios rurales:<\/b><\/p>\n<p>&#8211; Ruralidades contempor\u00e1neas.<\/p>\n<p>&#8211; Agroproducci\u00f3n y sociedades.<\/p>\n<p>&#8211; Din\u00e1micas y relaciones urbanorurales y rururbanas.<\/p>\n<p><b>Informes: <\/b>en el tel\u00e9fono \u00a0878 15 00 extensi\u00f3n 18 030 o en el correo electr\u00f3nico doctorado.estudiosterritoriales@ucaldas.edu.co<\/p>\n<p><strong>\u00a0<\/strong><\/p>\n","protected":false},"excerpt":{"rendered":"<p>CONVOCATORIA PARA LA IV COHORTE DEL PROGRAMA Doctorado en Estudios Territoriales tiene inscripciones abiertas, hasta el 23 de mayo \u00a0 20\/5\/2014 Redacci\u00f3n: Margarita Laverde Galvis \u00a0Hasta el 23 de mayo del 2014 puede inscribirse al Doctorado en Estudios Territoriales de la Universidad de Caldas, que tiene abierta su convocatoria para la IV cohorte, que iniciar\u00e1 [&hellip;]<\/p>\n","protected":false},"author":2,"featured_media":0,"comment_status":"closed","ping_status":"closed","sticky":false,"template":"","format":"standard","meta":{"footnotes":"","_members_access_role":[],"_members_access_error":""},"categories":[48,53],"tags":[63,95,200,297,481,543],"class_list":["post-6774","post","type-post","status-publish","format-standard","hentry","category-actualidad","category-universidad-al-dia","tag-participe","tag-universidad-de-caldas","tag-oferta-academica","tag-inscripciones","tag-doctorado-en-estudios-territoriales","tag-estudie"],"yoast_head":"<!-- This site is optimized with the Yoast SEO plugin v28.3 - https:\/\/yoast.com\/product\/yoast-seo-wordpress\/ -->\n<title>Doctorado en Estudios Territoriales tiene inscripciones abiertas, hasta el 23 de mayo .<\/title>\n<meta name=\"robots\" content=\"index, follow, max-snippet:-1, max-image-preview:large, max-video-preview:-1\" \/>\n<link rel=\"canonical\" href=\"https:\/\/www.ucaldas.edu.co\/portal\/doctorado-en-estudios-territoriales-tiene-inscripciones-abiertas-hasta-el-23-de-mayo\/\" \/>\n<script type=\"application\/ld+json\" class=\"yoast-schema-graph\">{\"@context\":\"https:\\\/\\\/schema.org\",\"@graph\":[{\"@type\":\"Article\",\"@id\":\"https:\\\/\\\/www.ucaldas.edu.co\\\/portal\\\/doctorado-en-estudios-territoriales-tiene-inscripciones-abiertas-hasta-el-23-de-mayo\\\/#article\",\"isPartOf\":{\"@id\":\"https:\\\/\\\/www.ucaldas.edu.co\\\/portal\\\/doctorado-en-estudios-territoriales-tiene-inscripciones-abiertas-hasta-el-23-de-mayo\\\/\"},\"author\":{\"name\":\"ofiprensa\",\"@id\":\"https:\\\/\\\/www.ucaldas.edu.co\\\/portal\\\/#\\\/schema\\\/person\\\/a1b482e23449158b4bc319926c074fdf\"},\"headline\":\"Doctorado en Estudios Territoriales tiene inscripciones abiertas, hasta el 23 de mayo\",\"datePublished\":\"2014-05-20T23:34:06+00:00\",\"mainEntityOfPage\":{\"@id\":\"https:\\\/\\\/www.ucaldas.edu.co\\\/portal\\\/doctorado-en-estudios-territoriales-tiene-inscripciones-abiertas-hasta-el-23-de-mayo\\\/\"},\"wordCount\":183,\"publisher\":{\"@id\":\"https:\\\/\\\/www.ucaldas.edu.co\\\/portal\\\/#organization\"},\"image\":{\"@id\":\"https:\\\/\\\/www.ucaldas.edu.co\\\/portal\\\/doctorado-en-estudios-territoriales-tiene-inscripciones-abiertas-hasta-el-23-de-mayo\\\/#primaryimage\"},\"thumbnailUrl\":\"https:\\\/\\\/www.ucaldas.edu.co\\\/portal\\\/wp-content\\\/uploads\\\/2014\\\/03\\\/reencauche3-300x237.jpg\",\"keywords\":[\"Participe\",\"Universidad De Caldas\",\"oferta acad\u00e9mica\",\"Inscripciones\",\"Doctorado en Estudios Territoriales\",\"estudie\"],\"articleSection\":[\"Actualidad\",\"Universidad al D\u00eda\"],\"inLanguage\":\"es\"},{\"@type\":\"WebPage\",\"@id\":\"https:\\\/\\\/www.ucaldas.edu.co\\\/portal\\\/doctorado-en-estudios-territoriales-tiene-inscripciones-abiertas-hasta-el-23-de-mayo\\\/\",\"url\":\"https:\\\/\\\/www.ucaldas.edu.co\\\/portal\\\/doctorado-en-estudios-territoriales-tiene-inscripciones-abiertas-hasta-el-23-de-mayo\\\/\",\"name\":\"Doctorado en Estudios Territoriales tiene inscripciones abiertas, hasta el 23 de mayo .\",\"isPartOf\":{\"@id\":\"https:\\\/\\\/www.ucaldas.edu.co\\\/portal\\\/#website\"},\"primaryImageOfPage\":{\"@id\":\"https:\\\/\\\/www.ucaldas.edu.co\\\/portal\\\/doctorado-en-estudios-territoriales-tiene-inscripciones-abiertas-hasta-el-23-de-mayo\\\/#primaryimage\"},\"image\":{\"@id\":\"https:\\\/\\\/www.ucaldas.edu.co\\\/portal\\\/doctorado-en-estudios-territoriales-tiene-inscripciones-abiertas-hasta-el-23-de-mayo\\\/#primaryimage\"},\"thumbnailUrl\":\"https:\\\/\\\/www.ucaldas.edu.co\\\/portal\\\/wp-content\\\/uploads\\\/2014\\\/03\\\/reencauche3-300x237.jpg\",\"datePublished\":\"2014-05-20T23:34:06+00:00\",\"breadcrumb\":{\"@id\":\"https:\\\/\\\/www.ucaldas.edu.co\\\/portal\\\/doctorado-en-estudios-territoriales-tiene-inscripciones-abiertas-hasta-el-23-de-mayo\\\/#breadcrumb\"},\"inLanguage\":\"es\",\"potentialAction\":[{\"@type\":\"ReadAction\",\"target\":[\"https:\\\/\\\/www.ucaldas.edu.co\\\/portal\\\/doctorado-en-estudios-territoriales-tiene-inscripciones-abiertas-hasta-el-23-de-mayo\\\/\"]}]},{\"@type\":\"ImageObject\",\"inLanguage\":\"es\",\"@id\":\"https:\\\/\\\/www.ucaldas.edu.co\\\/portal\\\/doctorado-en-estudios-territoriales-tiene-inscripciones-abiertas-hasta-el-23-de-mayo\\\/#primaryimage\",\"url\":\"https:\\\/\\\/www.ucaldas.edu.co\\\/portal\\\/wp-content\\\/uploads\\\/2014\\\/03\\\/reencauche3-300x237.jpg\",\"contentUrl\":\"https:\\\/\\\/www.ucaldas.edu.co\\\/portal\\\/wp-content\\\/uploads\\\/2014\\\/03\\\/reencauche3-300x237.jpg\"},{\"@type\":\"BreadcrumbList\",\"@id\":\"https:\\\/\\\/www.ucaldas.edu.co\\\/portal\\\/doctorado-en-estudios-territoriales-tiene-inscripciones-abiertas-hasta-el-23-de-mayo\\\/#breadcrumb\",\"itemListElement\":[{\"@type\":\"ListItem\",\"position\":1,\"name\":\"Portada\",\"item\":\"https:\\\/\\\/www.ucaldas.edu.co\\\/portal\\\/\"},{\"@type\":\"ListItem\",\"position\":2,\"name\":\"Doctorado en Estudios Territoriales tiene inscripciones abiertas, hasta el 23 de mayo\"}]},{\"@type\":\"WebSite\",\"@id\":\"https:\\\/\\\/www.ucaldas.edu.co\\\/portal\\\/#website\",\"url\":\"https:\\\/\\\/www.ucaldas.edu.co\\\/portal\\\/\",\"name\":\"Universidad de Caldas\",\"description\":\"\",\"publisher\":{\"@id\":\"https:\\\/\\\/www.ucaldas.edu.co\\\/portal\\\/#organization\"},\"alternateName\":\"U. de Caldas\",\"potentialAction\":[{\"@type\":\"SearchAction\",\"target\":{\"@type\":\"EntryPoint\",\"urlTemplate\":\"https:\\\/\\\/www.ucaldas.edu.co\\\/portal\\\/?s={search_term_string}\"},\"query-input\":{\"@type\":\"PropertyValueSpecification\",\"valueRequired\":true,\"valueName\":\"search_term_string\"}}],\"inLanguage\":\"es\"},{\"@type\":\"Organization\",\"@id\":\"https:\\\/\\\/www.ucaldas.edu.co\\\/portal\\\/#organization\",\"name\":\"Universidad de Caldas\",\"alternateName\":\"U. de Caldas\",\"url\":\"https:\\\/\\\/www.ucaldas.edu.co\\\/portal\\\/\",\"logo\":{\"@type\":\"ImageObject\",\"inLanguage\":\"es\",\"@id\":\"https:\\\/\\\/www.ucaldas.edu.co\\\/portal\\\/#\\\/schema\\\/logo\\\/image\\\/\",\"url\":\"https:\\\/\\\/www.ucaldas.edu.co\\\/portal\\\/wp-content\\\/uploads\\\/2023\\\/11\\\/Logo_horizontal_oscuroU-2023.png\",\"contentUrl\":\"https:\\\/\\\/www.ucaldas.edu.co\\\/portal\\\/wp-content\\\/uploads\\\/2023\\\/11\\\/Logo_horizontal_oscuroU-2023.png\",\"width\":263,\"height\":101,\"caption\":\"Universidad de Caldas\"},\"image\":{\"@id\":\"https:\\\/\\\/www.ucaldas.edu.co\\\/portal\\\/#\\\/schema\\\/logo\\\/image\\\/\"},\"sameAs\":[\"https:\\\/\\\/www.facebook.com\\\/udecaldas\",\"https:\\\/\\\/x.com\\\/udecaldas\",\"https:\\\/\\\/www.youtube.com\\\/universidadcaldas\",\"https:\\\/\\\/www.instagram.com\\\/udecaldas\\\/\"]},{\"@type\":\"Person\",\"@id\":\"https:\\\/\\\/www.ucaldas.edu.co\\\/portal\\\/#\\\/schema\\\/person\\\/a1b482e23449158b4bc319926c074fdf\",\"name\":\"ofiprensa\",\"image\":{\"@type\":\"ImageObject\",\"inLanguage\":\"es\",\"@id\":\"https:\\\/\\\/www.ucaldas.edu.co\\\/portal\\\/wp-content\\\/litespeed\\\/avatar\\\/09ea5085e600095a7a811142c6944527.jpg?ver=1787779368\",\"url\":\"https:\\\/\\\/www.ucaldas.edu.co\\\/portal\\\/wp-content\\\/litespeed\\\/avatar\\\/09ea5085e600095a7a811142c6944527.jpg?ver=1787779368\",\"contentUrl\":\"https:\\\/\\\/www.ucaldas.edu.co\\\/portal\\\/wp-content\\\/litespeed\\\/avatar\\\/09ea5085e600095a7a811142c6944527.jpg?ver=1787779368\",\"caption\":\"ofiprensa\"},\"url\":\"https:\\\/\\\/www.ucaldas.edu.co\\\/portal\\\/author\\\/ofiprensa\\\/\"}]}<\/script>\n<!-- \/ Yoast SEO plugin. -->","yoast_head_json":{"title":"Doctorado en Estudios Territoriales tiene inscripciones abiertas, hasta el 23 de mayo .","robots":{"index":"index","follow":"follow","max-snippet":"max-snippet:-1","max-image-preview":"max-image-preview:large","max-video-preview":"max-video-preview:-1"},"canonical":"https:\/\/www.ucaldas.edu.co\/portal\/doctorado-en-estudios-territoriales-tiene-inscripciones-abiertas-hasta-el-23-de-mayo\/","schema":{"@context":"https:\/\/schema.org","@graph":[{"@type":"Article","@id":"https:\/\/www.ucaldas.edu.co\/portal\/doctorado-en-estudios-territoriales-tiene-inscripciones-abiertas-hasta-el-23-de-mayo\/#article","isPartOf":{"@id":"https:\/\/www.ucaldas.edu.co\/portal\/doctorado-en-estudios-territoriales-tiene-inscripciones-abiertas-hasta-el-23-de-mayo\/"},"author":{"name":"ofiprensa","@id":"https:\/\/www.ucaldas.edu.co\/portal\/#\/schema\/person\/a1b482e23449158b4bc319926c074fdf"},"headline":"Doctorado en Estudios Territoriales tiene inscripciones abiertas, hasta el 23 de mayo","datePublished":"2014-05-20T23:34:06+00:00","mainEntityOfPage":{"@id":"https:\/\/www.ucaldas.edu.co\/portal\/doctorado-en-estudios-territoriales-tiene-inscripciones-abiertas-hasta-el-23-de-mayo\/"},"wordCount":183,"publisher":{"@id":"https:\/\/www.ucaldas.edu.co\/portal\/#organization"},"image":{"@id":"https:\/\/www.ucaldas.edu.co\/portal\/doctorado-en-estudios-territoriales-tiene-inscripciones-abiertas-hasta-el-23-de-mayo\/#primaryimage"},"thumbnailUrl":"https:\/\/www.ucaldas.edu.co\/portal\/wp-content\/uploads\/2014\/03\/reencauche3-300x237.jpg","keywords":["Participe","Universidad De Caldas","oferta acad\u00e9mica","Inscripciones","Doctorado en Estudios Territoriales","estudie"],"articleSection":["Actualidad","Universidad al D\u00eda"],"inLanguage":"es"},{"@type":"WebPage","@id":"https:\/\/www.ucaldas.edu.co\/portal\/doctorado-en-estudios-territoriales-tiene-inscripciones-abiertas-hasta-el-23-de-mayo\/","url":"https:\/\/www.ucaldas.edu.co\/portal\/doctorado-en-estudios-territoriales-tiene-inscripciones-abiertas-hasta-el-23-de-mayo\/","name":"Doctorado en Estudios Territoriales tiene inscripciones abiertas, hasta el 23 de mayo .","isPartOf":{"@id":"https:\/\/www.ucaldas.edu.co\/portal\/#website"},"primaryImageOfPage":{"@id":"https:\/\/www.ucaldas.edu.co\/portal\/doctorado-en-estudios-territoriales-tiene-inscripciones-abiertas-hasta-el-23-de-mayo\/#primaryimage"},"image":{"@id":"https:\/\/www.ucaldas.edu.co\/portal\/doctorado-en-estudios-territoriales-tiene-inscripciones-abiertas-hasta-el-23-de-mayo\/#primaryimage"},"thumbnailUrl":"https:\/\/www.ucaldas.edu.co\/portal\/wp-content\/uploads\/2014\/03\/reencauche3-300x237.jpg","datePublished":"2014-05-20T23:34:06+00:00","breadcrumb":{"@id":"https:\/\/www.ucaldas.edu.co\/portal\/doctorado-en-estudios-territoriales-tiene-inscripciones-abiertas-hasta-el-23-de-mayo\/#breadcrumb"},"inLanguage":"es","potentialAction":[{"@type":"ReadAction","target":["https:\/\/www.ucaldas.edu.co\/portal\/doctorado-en-estudios-territoriales-tiene-inscripciones-abiertas-hasta-el-23-de-mayo\/"]}]},{"@type":"ImageObject","inLanguage":"es","@id":"https:\/\/www.ucaldas.edu.co\/portal\/doctorado-en-estudios-territoriales-tiene-inscripciones-abiertas-hasta-el-23-de-mayo\/#primaryimage","url":"https:\/\/www.ucaldas.edu.co\/portal\/wp-content\/uploads\/2014\/03\/reencauche3-300x237.jpg","contentUrl":"https:\/\/www.ucaldas.edu.co\/portal\/wp-content\/uploads\/2014\/03\/reencauche3-300x237.jpg"},{"@type":"BreadcrumbList","@id":"https:\/\/www.ucaldas.edu.co\/portal\/doctorado-en-estudios-territoriales-tiene-inscripciones-abiertas-hasta-el-23-de-mayo\/#breadcrumb","itemListElement":[{"@type":"ListItem","position":1,"name":"Portada","item":"https:\/\/www.ucaldas.edu.co\/portal\/"},{"@type":"ListItem","position":2,"name":"Doctorado en Estudios Territoriales tiene inscripciones abiertas, hasta el 23 de mayo"}]},{"@type":"WebSite","@id":"https:\/\/www.ucaldas.edu.co\/portal\/#website","url":"https:\/\/www.ucaldas.edu.co\/portal\/","name":"Universidad de Caldas","description":"","publisher":{"@id":"https:\/\/www.ucaldas.edu.co\/portal\/#organization"},"alternateName":"U. de Caldas","potentialAction":[{"@type":"SearchAction","target":{"@type":"EntryPoint","urlTemplate":"https:\/\/www.ucaldas.edu.co\/portal\/?s={search_term_string}"},"query-input":{"@type":"PropertyValueSpecification","valueRequired":true,"valueName":"search_term_string"}}],"inLanguage":"es"},{"@type":"Organization","@id":"https:\/\/www.ucaldas.edu.co\/portal\/#organization","name":"Universidad de Caldas","alternateName":"U. de Caldas","url":"https:\/\/www.ucaldas.edu.co\/portal\/","logo":{"@type":"ImageObject","inLanguage":"es","@id":"https:\/\/www.ucaldas.edu.co\/portal\/#\/schema\/logo\/image\/","url":"https:\/\/www.ucaldas.edu.co\/portal\/wp-content\/uploads\/2023\/11\/Logo_horizontal_oscuroU-2023.png","contentUrl":"https:\/\/www.ucaldas.edu.co\/portal\/wp-content\/uploads\/2023\/11\/Logo_horizontal_oscuroU-2023.png","width":263,"height":101,"caption":"Universidad de Caldas"},"image":{"@id":"https:\/\/www.ucaldas.edu.co\/portal\/#\/schema\/logo\/image\/"},"sameAs":["https:\/\/www.facebook.com\/udecaldas","https:\/\/x.com\/udecaldas","https:\/\/www.youtube.com\/universidadcaldas","https:\/\/www.instagram.com\/udecaldas\/"]},{"@type":"Person","@id":"https:\/\/www.ucaldas.edu.co\/portal\/#\/schema\/person\/a1b482e23449158b4bc319926c074fdf","name":"ofiprensa","image":{"@type":"ImageObject","inLanguage":"es","@id":"https:\/\/www.ucaldas.edu.co\/portal\/wp-content\/litespeed\/avatar\/09ea5085e600095a7a811142c6944527.jpg?ver=1787779368","url":"https:\/\/www.ucaldas.edu.co\/portal\/wp-content\/litespeed\/avatar\/09ea5085e600095a7a811142c6944527.jpg?ver=1787779368","contentUrl":"https:\/\/www.ucaldas.edu.co\/portal\/wp-content\/litespeed\/avatar\/09ea5085e600095a7a811142c6944527.jpg?ver=1787779368","caption":"ofiprensa"},"url":"https:\/\/www.ucaldas.edu.co\/portal\/author\/ofiprensa\/"}]}},"_links":{"self":[{"href":"https:\/\/www.ucaldas.edu.co\/portal\/wp-json\/wp\/v2\/posts\/6774","targetHints":{"allow":["GET"]}}],"collection":[{"href":"https:\/\/www.ucaldas.edu.co\/portal\/wp-json\/wp\/v2\/posts"}],"about":[{"href":"https:\/\/www.ucaldas.edu.co\/portal\/wp-json\/wp\/v2\/types\/post"}],"author":[{"embeddable":true,"href":"https:\/\/www.ucaldas.edu.co\/portal\/wp-json\/wp\/v2\/users\/2"}],"replies":[{"embeddable":true,"href":"https:\/\/www.ucaldas.edu.co\/portal\/wp-json\/wp\/v2\/comments?post=6774"}],"version-history":[{"count":0,"href":"https:\/\/www.ucaldas.edu.co\/portal\/wp-json\/wp\/v2\/posts\/6774\/revisions"}],"wp:attachment":[{"href":"https:\/\/www.ucaldas.edu.co\/portal\/wp-json\/wp\/v2\/media?parent=6774"}],"wp:term":[{"taxonomy":"category","embeddable":true,"href":"https:\/\/www.ucaldas.edu.co\/portal\/wp-json\/wp\/v2\/categories?post=6774"},{"taxonomy":"post_tag","embeddable":true,"href":"https:\/\/www.ucaldas.edu.co\/portal\/wp-json\/wp\/v2\/tags?post=6774"}],"curies":[{"name":"wp","href":"https:\/\/api.w.org\/{rel}","templated":true}]}}