{"id":67682,"date":"2022-01-28T21:21:17","date_gmt":"2022-01-28T21:21:17","guid":{"rendered":"https:\/\/www.ucaldas.edu.co\/portal\/?p=67682"},"modified":"2022-01-31T22:31:40","modified_gmt":"2022-01-31T22:31:40","slug":"conozca-los-cambios-implementados-por-la-u-de-caldas-para-el-proceso-de-contratacion-y-convenios","status":"publish","type":"post","link":"https:\/\/www.ucaldas.edu.co\/portal\/conozca-los-cambios-implementados-por-la-u-de-caldas-para-el-proceso-de-contratacion-y-convenios\/","title":{"rendered":"Conozca los cambios implementados por la U. de Caldas para el proceso de contrataci\u00f3n y convenios"},"content":{"rendered":"<p><img loading=\"lazy\" decoding=\"async\" class=\"aligncenter wp-image-67683 size-full\" src=\"https:\/\/www.ucaldas.edu.co\/portal\/wp-content\/uploads\/2022\/01\/cambios-en-el-proceso-de-contratacion-y-convenios.jpg\" alt=\"ambios en el proceso de contrataci\u00f3n y realizaci\u00f3n de convenios\" width=\"700\" height=\"400\" srcset=\"https:\/\/www.ucaldas.edu.co\/portal\/wp-content\/uploads\/2022\/01\/cambios-en-el-proceso-de-contratacion-y-convenios.jpg 700w, https:\/\/www.ucaldas.edu.co\/portal\/wp-content\/uploads\/2022\/01\/cambios-en-el-proceso-de-contratacion-y-convenios-300x171.jpg 300w\" sizes=\"auto, (max-width: 700px) 100vw, 700px\" \/><\/p>\n<p>&nbsp;<\/p>\n<p>El Consejo Superior de la Universidad de Caldas, implement\u00f3 cambios en el proceso de contrataci\u00f3n y realizaci\u00f3n de convenios,\u00a0 con el fin de agilizar los tr\u00e1mites a trav\u00e9s de medios electr\u00f3nicos y digitales.<\/p>\n<p><!--more--><\/p>\n<p>Estas medidas surgen dado que se evidenci\u00f3 que a trav\u00e9s de las herramientas digitales y medios electr\u00f3nicos utilizados durante la emergencia sanitaria por Covid-19, se optimizaron los tr\u00e1mites de procesos de contrataci\u00f3n y convenios.<\/p>\n<p>El Acuerdo implement\u00f3 los siguientes cambios:<\/p>\n<ul>\n<li>A trav\u00e9s de medios electr\u00f3nicos se presentar\u00e1n las propuestas para el proceso de convocatoria p\u00fablica y la consulta de t\u00e9rminos de condiciones y documentos respectivos.<\/li>\n<li>Se incorpor\u00f3 en la normatividad de la Universidad de Caldas la utilizaci\u00f3n de documentos digitales para el proceso de tr\u00e1mites de contrataci\u00f3n.<\/li>\n<li>Se implement\u00f3 normativamente la suscripci\u00f3n de los contratos en un formato digital por medio de firma electr\u00f3nica, firma digital, firma escaneada o firma mec\u00e1nica.<\/li>\n<li>Se adopt\u00f3 el archivo digital para incorporar los contratos y documentos de los procesos de contrataci\u00f3n tramitados al interior de la Universidad de Caldas.<\/li>\n<\/ul>\n<p>Con la implementaci\u00f3n de dichas modificaciones se buscar\u00e1 la utilizaci\u00f3n de medios electr\u00f3nicos y herramientas digitales para todas las modalidades de contrataci\u00f3n de la Universidad de Caldas.<\/p>\n<p>Adem\u00e1s, gracias a esta decisi\u00f3n de la administraci\u00f3n, se avanz\u00f3 de forma notable en la implementaci\u00f3n de la Pol\u00edtica de Cero Papel, por lo que se optimizaron los principios de eficiencia y eficacia de los recursos p\u00fablicos de la instituci\u00f3n.<\/p>\n<p>&nbsp;<\/p>\n<p><strong><a href=\"https:\/\/www.ucaldas.edu.co\/portal\/wp-content\/uploads\/2022\/01\/Acuerdo-52-MODIFICACION-ACUERDO-08-de-2017-Estatuto-de-Contratacion.pdf\">Conozca aqu\u00ed el Acuerdo N\u00famero 052.<\/a><\/strong><\/p>\n<p><strong><a href=\"https:\/\/www.ucaldas.edu.co\/portal\/wp-content\/uploads\/2022\/01\/CIRCULAR-N%C2%B0-002-DE-2022.pdf\">Circular Secretar\u00eda General.<\/a><\/strong><\/p>\n<p><strong>\u00a0<\/strong><\/p>\n<p><strong>Informes: <\/strong>Oficina de Comunicaciones y Prensa Universidad de Caldas.<\/p>\n<p><strong>Redacci\u00f3n:<\/strong> Mateo Buritic\u00e1 Giraldo<\/p>\n<p>&nbsp;<\/p>\n","protected":false},"excerpt":{"rendered":"<p>&nbsp; El Consejo Superior de la Universidad de Caldas, implement\u00f3 cambios en el proceso de contrataci\u00f3n y realizaci\u00f3n de convenios,\u00a0 con el fin de agilizar los tr\u00e1mites a trav\u00e9s de medios electr\u00f3nicos y digitales.<\/p>\n","protected":false},"author":2,"featured_media":67683,"comment_status":"closed","ping_status":"open","sticky":false,"template":"","format":"standard","meta":{"footnotes":""},"categories":[48,53,620],"tags":[7837,7838,7839],"class_list":["post-67682","post","type-post","status-publish","format-standard","has-post-thumbnail","hentry","category-actualidad","category-universidad-al-dia","category-ucaldas-transparente","tag-contratacion-u-caldas","tag-documentos-digitales","tag-medios-electronicos"],"yoast_head":"<!-- This site is optimized with the Yoast SEO plugin v27.5 - https:\/\/yoast.com\/product\/yoast-seo-wordpress\/ -->\n<title>Conozca los cambios implementados por la U. de Caldas para el proceso de contrataci\u00f3n y convenios .<\/title>\n<meta name=\"robots\" content=\"index, follow, max-snippet:-1, max-image-preview:large, max-video-preview:-1\" \/>\n<link rel=\"canonical\" href=\"https:\/\/www.ucaldas.edu.co\/portal\/conozca-los-cambios-implementados-por-la-u-de-caldas-para-el-proceso-de-contratacion-y-convenios\/\" \/>\n<script type=\"application\/ld+json\" class=\"yoast-schema-graph\">{\"@context\":\"https:\\\/\\\/schema.org\",\"@graph\":[{\"@type\":\"Article\",\"@id\":\"https:\\\/\\\/www.ucaldas.edu.co\\\/portal\\\/conozca-los-cambios-implementados-por-la-u-de-caldas-para-el-proceso-de-contratacion-y-convenios\\\/#article\",\"isPartOf\":{\"@id\":\"https:\\\/\\\/www.ucaldas.edu.co\\\/portal\\\/conozca-los-cambios-implementados-por-la-u-de-caldas-para-el-proceso-de-contratacion-y-convenios\\\/\"},\"author\":{\"name\":\"ofiprensa\",\"@id\":\"https:\\\/\\\/www.ucaldas.edu.co\\\/portal\\\/#\\\/schema\\\/person\\\/a1b482e23449158b4bc319926c074fdf\"},\"headline\":\"Conozca los cambios implementados por la U. de Caldas para el proceso de contrataci\u00f3n y convenios\",\"datePublished\":\"2022-01-28T21:21:17+00:00\",\"dateModified\":\"2022-01-31T22:31:40+00:00\",\"mainEntityOfPage\":{\"@id\":\"https:\\\/\\\/www.ucaldas.edu.co\\\/portal\\\/conozca-los-cambios-implementados-por-la-u-de-caldas-para-el-proceso-de-contratacion-y-convenios\\\/\"},\"wordCount\":311,\"publisher\":{\"@id\":\"https:\\\/\\\/www.ucaldas.edu.co\\\/portal\\\/#organization\"},\"image\":{\"@id\":\"https:\\\/\\\/www.ucaldas.edu.co\\\/portal\\\/conozca-los-cambios-implementados-por-la-u-de-caldas-para-el-proceso-de-contratacion-y-convenios\\\/#primaryimage\"},\"thumbnailUrl\":\"https:\\\/\\\/www.ucaldas.edu.co\\\/portal\\\/wp-content\\\/uploads\\\/2022\\\/01\\\/cambios-en-el-proceso-de-contratacion-y-convenios.jpg\",\"keywords\":[\"contrataci\u00f3n u caldas\",\"documentos digitales\",\"medios electr\u00f3nicos\"],\"articleSection\":[\"Actualidad\",\"Universidad al D\u00eda\",\"UCaldas Transparente\"],\"inLanguage\":\"es\"},{\"@type\":\"WebPage\",\"@id\":\"https:\\\/\\\/www.ucaldas.edu.co\\\/portal\\\/conozca-los-cambios-implementados-por-la-u-de-caldas-para-el-proceso-de-contratacion-y-convenios\\\/\",\"url\":\"https:\\\/\\\/www.ucaldas.edu.co\\\/portal\\\/conozca-los-cambios-implementados-por-la-u-de-caldas-para-el-proceso-de-contratacion-y-convenios\\\/\",\"name\":\"Conozca los cambios implementados por la U. de Caldas para el proceso de contrataci\u00f3n y convenios .\",\"isPartOf\":{\"@id\":\"https:\\\/\\\/www.ucaldas.edu.co\\\/portal\\\/#website\"},\"primaryImageOfPage\":{\"@id\":\"https:\\\/\\\/www.ucaldas.edu.co\\\/portal\\\/conozca-los-cambios-implementados-por-la-u-de-caldas-para-el-proceso-de-contratacion-y-convenios\\\/#primaryimage\"},\"image\":{\"@id\":\"https:\\\/\\\/www.ucaldas.edu.co\\\/portal\\\/conozca-los-cambios-implementados-por-la-u-de-caldas-para-el-proceso-de-contratacion-y-convenios\\\/#primaryimage\"},\"thumbnailUrl\":\"https:\\\/\\\/www.ucaldas.edu.co\\\/portal\\\/wp-content\\\/uploads\\\/2022\\\/01\\\/cambios-en-el-proceso-de-contratacion-y-convenios.jpg\",\"datePublished\":\"2022-01-28T21:21:17+00:00\",\"dateModified\":\"2022-01-31T22:31:40+00:00\",\"breadcrumb\":{\"@id\":\"https:\\\/\\\/www.ucaldas.edu.co\\\/portal\\\/conozca-los-cambios-implementados-por-la-u-de-caldas-para-el-proceso-de-contratacion-y-convenios\\\/#breadcrumb\"},\"inLanguage\":\"es\",\"potentialAction\":[{\"@type\":\"ReadAction\",\"target\":[\"https:\\\/\\\/www.ucaldas.edu.co\\\/portal\\\/conozca-los-cambios-implementados-por-la-u-de-caldas-para-el-proceso-de-contratacion-y-convenios\\\/\"]}]},{\"@type\":\"ImageObject\",\"inLanguage\":\"es\",\"@id\":\"https:\\\/\\\/www.ucaldas.edu.co\\\/portal\\\/conozca-los-cambios-implementados-por-la-u-de-caldas-para-el-proceso-de-contratacion-y-convenios\\\/#primaryimage\",\"url\":\"https:\\\/\\\/www.ucaldas.edu.co\\\/portal\\\/wp-content\\\/uploads\\\/2022\\\/01\\\/cambios-en-el-proceso-de-contratacion-y-convenios.jpg\",\"contentUrl\":\"https:\\\/\\\/www.ucaldas.edu.co\\\/portal\\\/wp-content\\\/uploads\\\/2022\\\/01\\\/cambios-en-el-proceso-de-contratacion-y-convenios.jpg\",\"width\":700,\"height\":400,\"caption\":\"ambios en el proceso de contrataci\u00f3n y realizaci\u00f3n de convenios\"},{\"@type\":\"BreadcrumbList\",\"@id\":\"https:\\\/\\\/www.ucaldas.edu.co\\\/portal\\\/conozca-los-cambios-implementados-por-la-u-de-caldas-para-el-proceso-de-contratacion-y-convenios\\\/#breadcrumb\",\"itemListElement\":[{\"@type\":\"ListItem\",\"position\":1,\"name\":\"Portada\",\"item\":\"https:\\\/\\\/www.ucaldas.edu.co\\\/portal\\\/\"},{\"@type\":\"ListItem\",\"position\":2,\"name\":\"Conozca los cambios implementados por la U. de Caldas para el proceso de contrataci\u00f3n y convenios\"}]},{\"@type\":\"WebSite\",\"@id\":\"https:\\\/\\\/www.ucaldas.edu.co\\\/portal\\\/#website\",\"url\":\"https:\\\/\\\/www.ucaldas.edu.co\\\/portal\\\/\",\"name\":\"Universidad de Caldas\",\"description\":\"\",\"publisher\":{\"@id\":\"https:\\\/\\\/www.ucaldas.edu.co\\\/portal\\\/#organization\"},\"alternateName\":\"U. de Caldas\",\"potentialAction\":[{\"@type\":\"SearchAction\",\"target\":{\"@type\":\"EntryPoint\",\"urlTemplate\":\"https:\\\/\\\/www.ucaldas.edu.co\\\/portal\\\/?s={search_term_string}\"},\"query-input\":{\"@type\":\"PropertyValueSpecification\",\"valueRequired\":true,\"valueName\":\"search_term_string\"}}],\"inLanguage\":\"es\"},{\"@type\":\"Organization\",\"@id\":\"https:\\\/\\\/www.ucaldas.edu.co\\\/portal\\\/#organization\",\"name\":\"Universidad de Caldas\",\"alternateName\":\"U. de Caldas\",\"url\":\"https:\\\/\\\/www.ucaldas.edu.co\\\/portal\\\/\",\"logo\":{\"@type\":\"ImageObject\",\"inLanguage\":\"es\",\"@id\":\"https:\\\/\\\/www.ucaldas.edu.co\\\/portal\\\/#\\\/schema\\\/logo\\\/image\\\/\",\"url\":\"https:\\\/\\\/www.ucaldas.edu.co\\\/portal\\\/wp-content\\\/uploads\\\/2023\\\/11\\\/Logo_horizontal_oscuroU-2023.png\",\"contentUrl\":\"https:\\\/\\\/www.ucaldas.edu.co\\\/portal\\\/wp-content\\\/uploads\\\/2023\\\/11\\\/Logo_horizontal_oscuroU-2023.png\",\"width\":263,\"height\":101,\"caption\":\"Universidad de Caldas\"},\"image\":{\"@id\":\"https:\\\/\\\/www.ucaldas.edu.co\\\/portal\\\/#\\\/schema\\\/logo\\\/image\\\/\"},\"sameAs\":[\"https:\\\/\\\/www.facebook.com\\\/udecaldas\",\"https:\\\/\\\/x.com\\\/udecaldas\",\"https:\\\/\\\/www.youtube.com\\\/universidadcaldas\",\"https:\\\/\\\/www.instagram.com\\\/udecaldas\\\/\"]},{\"@type\":\"Person\",\"@id\":\"https:\\\/\\\/www.ucaldas.edu.co\\\/portal\\\/#\\\/schema\\\/person\\\/a1b482e23449158b4bc319926c074fdf\",\"name\":\"ofiprensa\",\"image\":{\"@type\":\"ImageObject\",\"inLanguage\":\"es\",\"@id\":\"https:\\\/\\\/www.ucaldas.edu.co\\\/portal\\\/wp-content\\\/litespeed\\\/avatar\\\/09ea5085e600095a7a811142c6944527.jpg?ver=1777497608\",\"url\":\"https:\\\/\\\/www.ucaldas.edu.co\\\/portal\\\/wp-content\\\/litespeed\\\/avatar\\\/09ea5085e600095a7a811142c6944527.jpg?ver=1777497608\",\"contentUrl\":\"https:\\\/\\\/www.ucaldas.edu.co\\\/portal\\\/wp-content\\\/litespeed\\\/avatar\\\/09ea5085e600095a7a811142c6944527.jpg?ver=1777497608\",\"caption\":\"ofiprensa\"},\"url\":\"https:\\\/\\\/www.ucaldas.edu.co\\\/portal\\\/author\\\/ofiprensa\\\/\"}]}<\/script>\n<!-- \/ Yoast SEO plugin. -->","yoast_head_json":{"title":"Conozca los cambios implementados por la U. de Caldas para el proceso de contrataci\u00f3n y convenios .","robots":{"index":"index","follow":"follow","max-snippet":"max-snippet:-1","max-image-preview":"max-image-preview:large","max-video-preview":"max-video-preview:-1"},"canonical":"https:\/\/www.ucaldas.edu.co\/portal\/conozca-los-cambios-implementados-por-la-u-de-caldas-para-el-proceso-de-contratacion-y-convenios\/","schema":{"@context":"https:\/\/schema.org","@graph":[{"@type":"Article","@id":"https:\/\/www.ucaldas.edu.co\/portal\/conozca-los-cambios-implementados-por-la-u-de-caldas-para-el-proceso-de-contratacion-y-convenios\/#article","isPartOf":{"@id":"https:\/\/www.ucaldas.edu.co\/portal\/conozca-los-cambios-implementados-por-la-u-de-caldas-para-el-proceso-de-contratacion-y-convenios\/"},"author":{"name":"ofiprensa","@id":"https:\/\/www.ucaldas.edu.co\/portal\/#\/schema\/person\/a1b482e23449158b4bc319926c074fdf"},"headline":"Conozca los cambios implementados por la U. de Caldas para el proceso de contrataci\u00f3n y convenios","datePublished":"2022-01-28T21:21:17+00:00","dateModified":"2022-01-31T22:31:40+00:00","mainEntityOfPage":{"@id":"https:\/\/www.ucaldas.edu.co\/portal\/conozca-los-cambios-implementados-por-la-u-de-caldas-para-el-proceso-de-contratacion-y-convenios\/"},"wordCount":311,"publisher":{"@id":"https:\/\/www.ucaldas.edu.co\/portal\/#organization"},"image":{"@id":"https:\/\/www.ucaldas.edu.co\/portal\/conozca-los-cambios-implementados-por-la-u-de-caldas-para-el-proceso-de-contratacion-y-convenios\/#primaryimage"},"thumbnailUrl":"https:\/\/www.ucaldas.edu.co\/portal\/wp-content\/uploads\/2022\/01\/cambios-en-el-proceso-de-contratacion-y-convenios.jpg","keywords":["contrataci\u00f3n u caldas","documentos digitales","medios electr\u00f3nicos"],"articleSection":["Actualidad","Universidad al D\u00eda","UCaldas Transparente"],"inLanguage":"es"},{"@type":"WebPage","@id":"https:\/\/www.ucaldas.edu.co\/portal\/conozca-los-cambios-implementados-por-la-u-de-caldas-para-el-proceso-de-contratacion-y-convenios\/","url":"https:\/\/www.ucaldas.edu.co\/portal\/conozca-los-cambios-implementados-por-la-u-de-caldas-para-el-proceso-de-contratacion-y-convenios\/","name":"Conozca los cambios implementados por la U. de Caldas para el proceso de contrataci\u00f3n y convenios .","isPartOf":{"@id":"https:\/\/www.ucaldas.edu.co\/portal\/#website"},"primaryImageOfPage":{"@id":"https:\/\/www.ucaldas.edu.co\/portal\/conozca-los-cambios-implementados-por-la-u-de-caldas-para-el-proceso-de-contratacion-y-convenios\/#primaryimage"},"image":{"@id":"https:\/\/www.ucaldas.edu.co\/portal\/conozca-los-cambios-implementados-por-la-u-de-caldas-para-el-proceso-de-contratacion-y-convenios\/#primaryimage"},"thumbnailUrl":"https:\/\/www.ucaldas.edu.co\/portal\/wp-content\/uploads\/2022\/01\/cambios-en-el-proceso-de-contratacion-y-convenios.jpg","datePublished":"2022-01-28T21:21:17+00:00","dateModified":"2022-01-31T22:31:40+00:00","breadcrumb":{"@id":"https:\/\/www.ucaldas.edu.co\/portal\/conozca-los-cambios-implementados-por-la-u-de-caldas-para-el-proceso-de-contratacion-y-convenios\/#breadcrumb"},"inLanguage":"es","potentialAction":[{"@type":"ReadAction","target":["https:\/\/www.ucaldas.edu.co\/portal\/conozca-los-cambios-implementados-por-la-u-de-caldas-para-el-proceso-de-contratacion-y-convenios\/"]}]},{"@type":"ImageObject","inLanguage":"es","@id":"https:\/\/www.ucaldas.edu.co\/portal\/conozca-los-cambios-implementados-por-la-u-de-caldas-para-el-proceso-de-contratacion-y-convenios\/#primaryimage","url":"https:\/\/www.ucaldas.edu.co\/portal\/wp-content\/uploads\/2022\/01\/cambios-en-el-proceso-de-contratacion-y-convenios.jpg","contentUrl":"https:\/\/www.ucaldas.edu.co\/portal\/wp-content\/uploads\/2022\/01\/cambios-en-el-proceso-de-contratacion-y-convenios.jpg","width":700,"height":400,"caption":"ambios en el proceso de contrataci\u00f3n y realizaci\u00f3n de convenios"},{"@type":"BreadcrumbList","@id":"https:\/\/www.ucaldas.edu.co\/portal\/conozca-los-cambios-implementados-por-la-u-de-caldas-para-el-proceso-de-contratacion-y-convenios\/#breadcrumb","itemListElement":[{"@type":"ListItem","position":1,"name":"Portada","item":"https:\/\/www.ucaldas.edu.co\/portal\/"},{"@type":"ListItem","position":2,"name":"Conozca los cambios implementados por la U. de Caldas para el proceso de contrataci\u00f3n y convenios"}]},{"@type":"WebSite","@id":"https:\/\/www.ucaldas.edu.co\/portal\/#website","url":"https:\/\/www.ucaldas.edu.co\/portal\/","name":"Universidad de Caldas","description":"","publisher":{"@id":"https:\/\/www.ucaldas.edu.co\/portal\/#organization"},"alternateName":"U. de Caldas","potentialAction":[{"@type":"SearchAction","target":{"@type":"EntryPoint","urlTemplate":"https:\/\/www.ucaldas.edu.co\/portal\/?s={search_term_string}"},"query-input":{"@type":"PropertyValueSpecification","valueRequired":true,"valueName":"search_term_string"}}],"inLanguage":"es"},{"@type":"Organization","@id":"https:\/\/www.ucaldas.edu.co\/portal\/#organization","name":"Universidad de Caldas","alternateName":"U. de Caldas","url":"https:\/\/www.ucaldas.edu.co\/portal\/","logo":{"@type":"ImageObject","inLanguage":"es","@id":"https:\/\/www.ucaldas.edu.co\/portal\/#\/schema\/logo\/image\/","url":"https:\/\/www.ucaldas.edu.co\/portal\/wp-content\/uploads\/2023\/11\/Logo_horizontal_oscuroU-2023.png","contentUrl":"https:\/\/www.ucaldas.edu.co\/portal\/wp-content\/uploads\/2023\/11\/Logo_horizontal_oscuroU-2023.png","width":263,"height":101,"caption":"Universidad de Caldas"},"image":{"@id":"https:\/\/www.ucaldas.edu.co\/portal\/#\/schema\/logo\/image\/"},"sameAs":["https:\/\/www.facebook.com\/udecaldas","https:\/\/x.com\/udecaldas","https:\/\/www.youtube.com\/universidadcaldas","https:\/\/www.instagram.com\/udecaldas\/"]},{"@type":"Person","@id":"https:\/\/www.ucaldas.edu.co\/portal\/#\/schema\/person\/a1b482e23449158b4bc319926c074fdf","name":"ofiprensa","image":{"@type":"ImageObject","inLanguage":"es","@id":"https:\/\/www.ucaldas.edu.co\/portal\/wp-content\/litespeed\/avatar\/09ea5085e600095a7a811142c6944527.jpg?ver=1777497608","url":"https:\/\/www.ucaldas.edu.co\/portal\/wp-content\/litespeed\/avatar\/09ea5085e600095a7a811142c6944527.jpg?ver=1777497608","contentUrl":"https:\/\/www.ucaldas.edu.co\/portal\/wp-content\/litespeed\/avatar\/09ea5085e600095a7a811142c6944527.jpg?ver=1777497608","caption":"ofiprensa"},"url":"https:\/\/www.ucaldas.edu.co\/portal\/author\/ofiprensa\/"}]}},"_links":{"self":[{"href":"https:\/\/www.ucaldas.edu.co\/portal\/wp-json\/wp\/v2\/posts\/67682","targetHints":{"allow":["GET"]}}],"collection":[{"href":"https:\/\/www.ucaldas.edu.co\/portal\/wp-json\/wp\/v2\/posts"}],"about":[{"href":"https:\/\/www.ucaldas.edu.co\/portal\/wp-json\/wp\/v2\/types\/post"}],"author":[{"embeddable":true,"href":"https:\/\/www.ucaldas.edu.co\/portal\/wp-json\/wp\/v2\/users\/2"}],"replies":[{"embeddable":true,"href":"https:\/\/www.ucaldas.edu.co\/portal\/wp-json\/wp\/v2\/comments?post=67682"}],"version-history":[{"count":0,"href":"https:\/\/www.ucaldas.edu.co\/portal\/wp-json\/wp\/v2\/posts\/67682\/revisions"}],"wp:featuredmedia":[{"embeddable":true,"href":"https:\/\/www.ucaldas.edu.co\/portal\/wp-json\/wp\/v2\/media\/67683"}],"wp:attachment":[{"href":"https:\/\/www.ucaldas.edu.co\/portal\/wp-json\/wp\/v2\/media?parent=67682"}],"wp:term":[{"taxonomy":"category","embeddable":true,"href":"https:\/\/www.ucaldas.edu.co\/portal\/wp-json\/wp\/v2\/categories?post=67682"},{"taxonomy":"post_tag","embeddable":true,"href":"https:\/\/www.ucaldas.edu.co\/portal\/wp-json\/wp\/v2\/tags?post=67682"}],"curies":[{"name":"wp","href":"https:\/\/api.w.org\/{rel}","templated":true}]}}