{"id":6768,"date":"2014-05-20T18:23:22","date_gmt":"2014-05-20T23:23:22","guid":{"rendered":"https:\/\/www.ucaldas.edu.co\/portal\/?p=6768"},"modified":"2014-05-20T18:23:22","modified_gmt":"2014-05-20T23:23:22","slug":"biblioteca-u-de-caldas-aumento-en-un-19-satisfaccion-de-sus-usuarios","status":"publish","type":"post","link":"https:\/\/www.ucaldas.edu.co\/portal\/biblioteca-u-de-caldas-aumento-en-un-19-satisfaccion-de-sus-usuarios\/","title":{"rendered":"Biblioteca U. de Caldas aument\u00f3 en un 19% satisfacci\u00f3n de sus usuarios"},"content":{"rendered":"<p align=\"center\"><span style=\"text-decoration: underline;\">SEG\u00daN ENCUESTA QUE SE REALIZ\u00d3 A 2 MIL 198 ESTUDIANTES<\/span><\/p>\n<p align=\"center\"><b>Biblioteca U. de Caldas aument\u00f3 e<\/b><b style=\"line-height: 1.5em;\">n un 19% satisfacci\u00f3n de sus usuarios<\/b><\/p>\n<p align=\"center\"><a href=\"https:\/\/www.ucaldas.edu.co\/portal\/wp-content\/uploads\/2014\/05\/efectividad.jpg\"><img loading=\"lazy\" decoding=\"async\" class=\"aligncenter size-medium wp-image-6769\" alt=\"efectividad\" src=\"https:\/\/www.ucaldas.edu.co\/portal\/wp-content\/uploads\/2014\/05\/efectividad-300x156.jpg\" width=\"300\" height=\"156\" \/><\/a><span style=\"line-height: 1.5em;\">\u00a0<\/span><\/p>\n<p align=\"right\">20\/05\/2014<\/p>\n<p align=\"right\">Redacci\u00f3n: Luisa Giraldo<\/p>\n<p align=\"right\">Coordinadora Contenidos Intranet<\/p>\n<p style=\"text-align: justify;\">\u00a0La\u00a0\u00a0<b>satisfacci\u00f3n de los usuarios<\/b>\u00a0del\u00a0<b>Centro de<\/b>\u00a0<b>Bibliotecas<\/b>\u00a0de la Universidad de Caldas\u00a0<b>ha aumentado<\/b>\u00a0en menos de un a\u00f1o,<b>en un 19%,<\/b>seg\u00fan la \u00faltima\u00a0<b>encuesta<\/b>\u00a0realizada por el\u00a0<b>Sistema Integrado de Gesti\u00f3n<\/b>\u00a0(SIG) a cerca de\u00a0<b>2 mil 198 estudiantes<\/b>\u00a0de s\u00e9ptimo semestre de\u00a0\u00a0diferentes carreras profesionales y t\u00e9cnicas de la Instituci\u00f3n.\u00a0<!--more--><\/p>\n<p style=\"text-align: justify;\">\u201cComo parte del\u00a0<b>Sistema de Acreditaci\u00f3n<\/b>\u00a0y\u00a0<b>Certificaci\u00f3n de Alta Calidad<\/b>\u00a0cada a\u00f1o se realiza una encuesta a j\u00f3venes que llevan avanzada su carrera con el fin de conocer su\u00a0<b>valoraci\u00f3n<\/b>\u00a0sobre los\u00a0<b>servicios<\/b>\u00a0que\u00a0<b>presta la instituci\u00f3n<\/b>, entre ellos la Biblioteca\u201d, asegur\u00f3 Carmenza Gallego Giraldo, Jefe de la\u00a0\u00a0Oficina Evaluaci\u00f3n y Calidad Acad\u00e9mica de la U. de Caldas.<\/p>\n<p style=\"text-align: justify;\">En la \u00faltima encuesta se les\u00a0<b>pregunt\u00f3<\/b>\u00a0a los estudiantes sobre la\u00a0<b>frecuencia<\/b>\u00a0con la que\u00a0<b>usan<\/b>\u00a0los\u00a0<b>recursos bibliogr\u00e1ficos<\/b>\u00a0de la Universidad,\u00a0<b>pertinencia<\/b>\u00a0de las\u00a0<b>bibliograf\u00edas disponibles<\/b>\u00a0y uso y\u00a0<b>accesibilida<\/b>d de la\u00a0<b>bases de datos.\u00a0<\/b>Tambi\u00e9n se indag\u00f3 sobre\u00a0<b>la calidad del servicio<\/b>\u00a0que se presta en el Centro.<\/p>\n<p style=\"text-align: justify;\">Seg\u00fan coment\u00f3 Claudia Andrea R\u00edos Ocampo, funcionario del Sistema de Bibliotecas de la U. de Caldas (Sibuc), gracias a esta encuesta<b>se identific\u00f3<\/b>\u00a0que los principales\u00a0<b>retos\u00a0<\/b>tienen que ver con la\u00a0<b>infraestructura<\/b>\u00a0y el\u00a0<b>uso de los recursos tecnol\u00f3gicos<\/b>, temas que considera ser\u00e1n\u00a0<b>subsanados<\/b>\u00a0con la creaci\u00f3n del\u00a0<b>Centro Cultural Universitario Rogelio Salmona<\/b>.<\/p>\n<p style=\"text-align: justify;\">R\u00edos Ocampo tambi\u00e9n explic\u00f3 que gracias a la percepci\u00f3n de los usuarios han logrado\u00a0<b>avances<\/b>\u00a0<b>significativos<\/b>\u00a0en temas como la<b>prestaci\u00f3n del servicio<\/b>,\u00a0<b>adquisici\u00f3n de material bibliogr\u00e1fico<\/b>\u00a0e\u00a0<b>incremento presupuestal<\/b>\u00a0para la contrataci\u00f3n de nuevas bases de datos, entre otras mejoras que se evidencian en el porcentaje de satisfacci\u00f3n de los usuarios de las Bibliotecas de la instituci\u00f3n.<\/p>\n<p style=\"text-align: justify;\"><b>Informes:<\/b>\u00a0Sistema de Bibliotecas U. de Caldas,\u00a0\u00a0tel\u00e9fono 878 15 00 Ext. 11114<\/p>\n<p><b>\u00a0<\/b><\/p>\n","protected":false},"excerpt":{"rendered":"<p>SEG\u00daN ENCUESTA QUE SE REALIZ\u00d3 A 2 MIL 198 ESTUDIANTES Biblioteca U. de Caldas aument\u00f3 en un 19% satisfacci\u00f3n de sus usuarios \u00a0 20\/05\/2014 Redacci\u00f3n: Luisa Giraldo Coordinadora Contenidos Intranet \u00a0La\u00a0\u00a0satisfacci\u00f3n de los usuarios\u00a0del\u00a0Centro de\u00a0Bibliotecas\u00a0de la Universidad de Caldas\u00a0ha aumentado\u00a0en menos de un a\u00f1o,en un 19%,seg\u00fan la \u00faltima\u00a0encuesta\u00a0realizada por el\u00a0Sistema Integrado de Gesti\u00f3n\u00a0(SIG) a cerca [&hellip;]<\/p>\n","protected":false},"author":2,"featured_media":0,"comment_status":"closed","ping_status":"closed","sticky":false,"template":"","format":"standard","meta":{"footnotes":""},"categories":[53],"tags":[95,1083,1616,1873,1874],"class_list":["post-6768","post","type-post","status-publish","format-standard","hentry","category-universidad-al-dia","tag-universidad-de-caldas","tag-encuesta","tag-biblioteca","tag-satisfaccion","tag-usuarios"],"yoast_head":"<!-- This site is optimized with the Yoast SEO plugin v27.5 - https:\/\/yoast.com\/product\/yoast-seo-wordpress\/ -->\n<title>Biblioteca U. de Caldas aument\u00f3 en un 19% satisfacci\u00f3n de sus usuarios .<\/title>\n<meta name=\"robots\" content=\"index, follow, max-snippet:-1, max-image-preview:large, max-video-preview:-1\" \/>\n<link rel=\"canonical\" href=\"https:\/\/www.ucaldas.edu.co\/portal\/biblioteca-u-de-caldas-aumento-en-un-19-satisfaccion-de-sus-usuarios\/\" \/>\n<script type=\"application\/ld+json\" class=\"yoast-schema-graph\">{\"@context\":\"https:\\\/\\\/schema.org\",\"@graph\":[{\"@type\":\"Article\",\"@id\":\"https:\\\/\\\/www.ucaldas.edu.co\\\/portal\\\/biblioteca-u-de-caldas-aumento-en-un-19-satisfaccion-de-sus-usuarios\\\/#article\",\"isPartOf\":{\"@id\":\"https:\\\/\\\/www.ucaldas.edu.co\\\/portal\\\/biblioteca-u-de-caldas-aumento-en-un-19-satisfaccion-de-sus-usuarios\\\/\"},\"author\":{\"name\":\"ofiprensa\",\"@id\":\"https:\\\/\\\/www.ucaldas.edu.co\\\/portal\\\/#\\\/schema\\\/person\\\/a1b482e23449158b4bc319926c074fdf\"},\"headline\":\"Biblioteca U. de Caldas aument\u00f3 en un 19% satisfacci\u00f3n de sus usuarios\",\"datePublished\":\"2014-05-20T23:23:22+00:00\",\"mainEntityOfPage\":{\"@id\":\"https:\\\/\\\/www.ucaldas.edu.co\\\/portal\\\/biblioteca-u-de-caldas-aumento-en-un-19-satisfaccion-de-sus-usuarios\\\/\"},\"wordCount\":355,\"publisher\":{\"@id\":\"https:\\\/\\\/www.ucaldas.edu.co\\\/portal\\\/#organization\"},\"image\":{\"@id\":\"https:\\\/\\\/www.ucaldas.edu.co\\\/portal\\\/biblioteca-u-de-caldas-aumento-en-un-19-satisfaccion-de-sus-usuarios\\\/#primaryimage\"},\"thumbnailUrl\":\"https:\\\/\\\/www.ucaldas.edu.co\\\/portal\\\/wp-content\\\/uploads\\\/2014\\\/05\\\/efectividad-300x156.jpg\",\"keywords\":[\"Universidad De Caldas\",\"encuesta\",\"biblioteca\",\"satisfacci\u00f3n\",\"usuarios\"],\"articleSection\":[\"Universidad al D\u00eda\"],\"inLanguage\":\"es\"},{\"@type\":\"WebPage\",\"@id\":\"https:\\\/\\\/www.ucaldas.edu.co\\\/portal\\\/biblioteca-u-de-caldas-aumento-en-un-19-satisfaccion-de-sus-usuarios\\\/\",\"url\":\"https:\\\/\\\/www.ucaldas.edu.co\\\/portal\\\/biblioteca-u-de-caldas-aumento-en-un-19-satisfaccion-de-sus-usuarios\\\/\",\"name\":\"Biblioteca U. de Caldas aument\u00f3 en un 19% satisfacci\u00f3n de sus usuarios .\",\"isPartOf\":{\"@id\":\"https:\\\/\\\/www.ucaldas.edu.co\\\/portal\\\/#website\"},\"primaryImageOfPage\":{\"@id\":\"https:\\\/\\\/www.ucaldas.edu.co\\\/portal\\\/biblioteca-u-de-caldas-aumento-en-un-19-satisfaccion-de-sus-usuarios\\\/#primaryimage\"},\"image\":{\"@id\":\"https:\\\/\\\/www.ucaldas.edu.co\\\/portal\\\/biblioteca-u-de-caldas-aumento-en-un-19-satisfaccion-de-sus-usuarios\\\/#primaryimage\"},\"thumbnailUrl\":\"https:\\\/\\\/www.ucaldas.edu.co\\\/portal\\\/wp-content\\\/uploads\\\/2014\\\/05\\\/efectividad-300x156.jpg\",\"datePublished\":\"2014-05-20T23:23:22+00:00\",\"breadcrumb\":{\"@id\":\"https:\\\/\\\/www.ucaldas.edu.co\\\/portal\\\/biblioteca-u-de-caldas-aumento-en-un-19-satisfaccion-de-sus-usuarios\\\/#breadcrumb\"},\"inLanguage\":\"es\",\"potentialAction\":[{\"@type\":\"ReadAction\",\"target\":[\"https:\\\/\\\/www.ucaldas.edu.co\\\/portal\\\/biblioteca-u-de-caldas-aumento-en-un-19-satisfaccion-de-sus-usuarios\\\/\"]}]},{\"@type\":\"ImageObject\",\"inLanguage\":\"es\",\"@id\":\"https:\\\/\\\/www.ucaldas.edu.co\\\/portal\\\/biblioteca-u-de-caldas-aumento-en-un-19-satisfaccion-de-sus-usuarios\\\/#primaryimage\",\"url\":\"https:\\\/\\\/www.ucaldas.edu.co\\\/portal\\\/wp-content\\\/uploads\\\/2014\\\/05\\\/efectividad-300x156.jpg\",\"contentUrl\":\"https:\\\/\\\/www.ucaldas.edu.co\\\/portal\\\/wp-content\\\/uploads\\\/2014\\\/05\\\/efectividad-300x156.jpg\"},{\"@type\":\"BreadcrumbList\",\"@id\":\"https:\\\/\\\/www.ucaldas.edu.co\\\/portal\\\/biblioteca-u-de-caldas-aumento-en-un-19-satisfaccion-de-sus-usuarios\\\/#breadcrumb\",\"itemListElement\":[{\"@type\":\"ListItem\",\"position\":1,\"name\":\"Portada\",\"item\":\"https:\\\/\\\/www.ucaldas.edu.co\\\/portal\\\/\"},{\"@type\":\"ListItem\",\"position\":2,\"name\":\"Biblioteca U. de Caldas aument\u00f3 en un 19% satisfacci\u00f3n de sus usuarios\"}]},{\"@type\":\"WebSite\",\"@id\":\"https:\\\/\\\/www.ucaldas.edu.co\\\/portal\\\/#website\",\"url\":\"https:\\\/\\\/www.ucaldas.edu.co\\\/portal\\\/\",\"name\":\"Universidad de Caldas\",\"description\":\"\",\"publisher\":{\"@id\":\"https:\\\/\\\/www.ucaldas.edu.co\\\/portal\\\/#organization\"},\"alternateName\":\"U. de Caldas\",\"potentialAction\":[{\"@type\":\"SearchAction\",\"target\":{\"@type\":\"EntryPoint\",\"urlTemplate\":\"https:\\\/\\\/www.ucaldas.edu.co\\\/portal\\\/?s={search_term_string}\"},\"query-input\":{\"@type\":\"PropertyValueSpecification\",\"valueRequired\":true,\"valueName\":\"search_term_string\"}}],\"inLanguage\":\"es\"},{\"@type\":\"Organization\",\"@id\":\"https:\\\/\\\/www.ucaldas.edu.co\\\/portal\\\/#organization\",\"name\":\"Universidad de Caldas\",\"alternateName\":\"U. de Caldas\",\"url\":\"https:\\\/\\\/www.ucaldas.edu.co\\\/portal\\\/\",\"logo\":{\"@type\":\"ImageObject\",\"inLanguage\":\"es\",\"@id\":\"https:\\\/\\\/www.ucaldas.edu.co\\\/portal\\\/#\\\/schema\\\/logo\\\/image\\\/\",\"url\":\"https:\\\/\\\/www.ucaldas.edu.co\\\/portal\\\/wp-content\\\/uploads\\\/2023\\\/11\\\/Logo_horizontal_oscuroU-2023.png\",\"contentUrl\":\"https:\\\/\\\/www.ucaldas.edu.co\\\/portal\\\/wp-content\\\/uploads\\\/2023\\\/11\\\/Logo_horizontal_oscuroU-2023.png\",\"width\":263,\"height\":101,\"caption\":\"Universidad de Caldas\"},\"image\":{\"@id\":\"https:\\\/\\\/www.ucaldas.edu.co\\\/portal\\\/#\\\/schema\\\/logo\\\/image\\\/\"},\"sameAs\":[\"https:\\\/\\\/www.facebook.com\\\/udecaldas\",\"https:\\\/\\\/x.com\\\/udecaldas\",\"https:\\\/\\\/www.youtube.com\\\/universidadcaldas\",\"https:\\\/\\\/www.instagram.com\\\/udecaldas\\\/\"]},{\"@type\":\"Person\",\"@id\":\"https:\\\/\\\/www.ucaldas.edu.co\\\/portal\\\/#\\\/schema\\\/person\\\/a1b482e23449158b4bc319926c074fdf\",\"name\":\"ofiprensa\",\"image\":{\"@type\":\"ImageObject\",\"inLanguage\":\"es\",\"@id\":\"https:\\\/\\\/www.ucaldas.edu.co\\\/portal\\\/wp-content\\\/litespeed\\\/avatar\\\/09ea5085e600095a7a811142c6944527.jpg?ver=1777497608\",\"url\":\"https:\\\/\\\/www.ucaldas.edu.co\\\/portal\\\/wp-content\\\/litespeed\\\/avatar\\\/09ea5085e600095a7a811142c6944527.jpg?ver=1777497608\",\"contentUrl\":\"https:\\\/\\\/www.ucaldas.edu.co\\\/portal\\\/wp-content\\\/litespeed\\\/avatar\\\/09ea5085e600095a7a811142c6944527.jpg?ver=1777497608\",\"caption\":\"ofiprensa\"},\"url\":\"https:\\\/\\\/www.ucaldas.edu.co\\\/portal\\\/author\\\/ofiprensa\\\/\"}]}<\/script>\n<!-- \/ Yoast SEO plugin. -->","yoast_head_json":{"title":"Biblioteca U. de Caldas aument\u00f3 en un 19% satisfacci\u00f3n de sus usuarios .","robots":{"index":"index","follow":"follow","max-snippet":"max-snippet:-1","max-image-preview":"max-image-preview:large","max-video-preview":"max-video-preview:-1"},"canonical":"https:\/\/www.ucaldas.edu.co\/portal\/biblioteca-u-de-caldas-aumento-en-un-19-satisfaccion-de-sus-usuarios\/","schema":{"@context":"https:\/\/schema.org","@graph":[{"@type":"Article","@id":"https:\/\/www.ucaldas.edu.co\/portal\/biblioteca-u-de-caldas-aumento-en-un-19-satisfaccion-de-sus-usuarios\/#article","isPartOf":{"@id":"https:\/\/www.ucaldas.edu.co\/portal\/biblioteca-u-de-caldas-aumento-en-un-19-satisfaccion-de-sus-usuarios\/"},"author":{"name":"ofiprensa","@id":"https:\/\/www.ucaldas.edu.co\/portal\/#\/schema\/person\/a1b482e23449158b4bc319926c074fdf"},"headline":"Biblioteca U. de Caldas aument\u00f3 en un 19% satisfacci\u00f3n de sus usuarios","datePublished":"2014-05-20T23:23:22+00:00","mainEntityOfPage":{"@id":"https:\/\/www.ucaldas.edu.co\/portal\/biblioteca-u-de-caldas-aumento-en-un-19-satisfaccion-de-sus-usuarios\/"},"wordCount":355,"publisher":{"@id":"https:\/\/www.ucaldas.edu.co\/portal\/#organization"},"image":{"@id":"https:\/\/www.ucaldas.edu.co\/portal\/biblioteca-u-de-caldas-aumento-en-un-19-satisfaccion-de-sus-usuarios\/#primaryimage"},"thumbnailUrl":"https:\/\/www.ucaldas.edu.co\/portal\/wp-content\/uploads\/2014\/05\/efectividad-300x156.jpg","keywords":["Universidad De Caldas","encuesta","biblioteca","satisfacci\u00f3n","usuarios"],"articleSection":["Universidad al D\u00eda"],"inLanguage":"es"},{"@type":"WebPage","@id":"https:\/\/www.ucaldas.edu.co\/portal\/biblioteca-u-de-caldas-aumento-en-un-19-satisfaccion-de-sus-usuarios\/","url":"https:\/\/www.ucaldas.edu.co\/portal\/biblioteca-u-de-caldas-aumento-en-un-19-satisfaccion-de-sus-usuarios\/","name":"Biblioteca U. de Caldas aument\u00f3 en un 19% satisfacci\u00f3n de sus usuarios .","isPartOf":{"@id":"https:\/\/www.ucaldas.edu.co\/portal\/#website"},"primaryImageOfPage":{"@id":"https:\/\/www.ucaldas.edu.co\/portal\/biblioteca-u-de-caldas-aumento-en-un-19-satisfaccion-de-sus-usuarios\/#primaryimage"},"image":{"@id":"https:\/\/www.ucaldas.edu.co\/portal\/biblioteca-u-de-caldas-aumento-en-un-19-satisfaccion-de-sus-usuarios\/#primaryimage"},"thumbnailUrl":"https:\/\/www.ucaldas.edu.co\/portal\/wp-content\/uploads\/2014\/05\/efectividad-300x156.jpg","datePublished":"2014-05-20T23:23:22+00:00","breadcrumb":{"@id":"https:\/\/www.ucaldas.edu.co\/portal\/biblioteca-u-de-caldas-aumento-en-un-19-satisfaccion-de-sus-usuarios\/#breadcrumb"},"inLanguage":"es","potentialAction":[{"@type":"ReadAction","target":["https:\/\/www.ucaldas.edu.co\/portal\/biblioteca-u-de-caldas-aumento-en-un-19-satisfaccion-de-sus-usuarios\/"]}]},{"@type":"ImageObject","inLanguage":"es","@id":"https:\/\/www.ucaldas.edu.co\/portal\/biblioteca-u-de-caldas-aumento-en-un-19-satisfaccion-de-sus-usuarios\/#primaryimage","url":"https:\/\/www.ucaldas.edu.co\/portal\/wp-content\/uploads\/2014\/05\/efectividad-300x156.jpg","contentUrl":"https:\/\/www.ucaldas.edu.co\/portal\/wp-content\/uploads\/2014\/05\/efectividad-300x156.jpg"},{"@type":"BreadcrumbList","@id":"https:\/\/www.ucaldas.edu.co\/portal\/biblioteca-u-de-caldas-aumento-en-un-19-satisfaccion-de-sus-usuarios\/#breadcrumb","itemListElement":[{"@type":"ListItem","position":1,"name":"Portada","item":"https:\/\/www.ucaldas.edu.co\/portal\/"},{"@type":"ListItem","position":2,"name":"Biblioteca U. de Caldas aument\u00f3 en un 19% satisfacci\u00f3n de sus usuarios"}]},{"@type":"WebSite","@id":"https:\/\/www.ucaldas.edu.co\/portal\/#website","url":"https:\/\/www.ucaldas.edu.co\/portal\/","name":"Universidad de Caldas","description":"","publisher":{"@id":"https:\/\/www.ucaldas.edu.co\/portal\/#organization"},"alternateName":"U. de Caldas","potentialAction":[{"@type":"SearchAction","target":{"@type":"EntryPoint","urlTemplate":"https:\/\/www.ucaldas.edu.co\/portal\/?s={search_term_string}"},"query-input":{"@type":"PropertyValueSpecification","valueRequired":true,"valueName":"search_term_string"}}],"inLanguage":"es"},{"@type":"Organization","@id":"https:\/\/www.ucaldas.edu.co\/portal\/#organization","name":"Universidad de Caldas","alternateName":"U. de Caldas","url":"https:\/\/www.ucaldas.edu.co\/portal\/","logo":{"@type":"ImageObject","inLanguage":"es","@id":"https:\/\/www.ucaldas.edu.co\/portal\/#\/schema\/logo\/image\/","url":"https:\/\/www.ucaldas.edu.co\/portal\/wp-content\/uploads\/2023\/11\/Logo_horizontal_oscuroU-2023.png","contentUrl":"https:\/\/www.ucaldas.edu.co\/portal\/wp-content\/uploads\/2023\/11\/Logo_horizontal_oscuroU-2023.png","width":263,"height":101,"caption":"Universidad de Caldas"},"image":{"@id":"https:\/\/www.ucaldas.edu.co\/portal\/#\/schema\/logo\/image\/"},"sameAs":["https:\/\/www.facebook.com\/udecaldas","https:\/\/x.com\/udecaldas","https:\/\/www.youtube.com\/universidadcaldas","https:\/\/www.instagram.com\/udecaldas\/"]},{"@type":"Person","@id":"https:\/\/www.ucaldas.edu.co\/portal\/#\/schema\/person\/a1b482e23449158b4bc319926c074fdf","name":"ofiprensa","image":{"@type":"ImageObject","inLanguage":"es","@id":"https:\/\/www.ucaldas.edu.co\/portal\/wp-content\/litespeed\/avatar\/09ea5085e600095a7a811142c6944527.jpg?ver=1777497608","url":"https:\/\/www.ucaldas.edu.co\/portal\/wp-content\/litespeed\/avatar\/09ea5085e600095a7a811142c6944527.jpg?ver=1777497608","contentUrl":"https:\/\/www.ucaldas.edu.co\/portal\/wp-content\/litespeed\/avatar\/09ea5085e600095a7a811142c6944527.jpg?ver=1777497608","caption":"ofiprensa"},"url":"https:\/\/www.ucaldas.edu.co\/portal\/author\/ofiprensa\/"}]}},"_links":{"self":[{"href":"https:\/\/www.ucaldas.edu.co\/portal\/wp-json\/wp\/v2\/posts\/6768","targetHints":{"allow":["GET"]}}],"collection":[{"href":"https:\/\/www.ucaldas.edu.co\/portal\/wp-json\/wp\/v2\/posts"}],"about":[{"href":"https:\/\/www.ucaldas.edu.co\/portal\/wp-json\/wp\/v2\/types\/post"}],"author":[{"embeddable":true,"href":"https:\/\/www.ucaldas.edu.co\/portal\/wp-json\/wp\/v2\/users\/2"}],"replies":[{"embeddable":true,"href":"https:\/\/www.ucaldas.edu.co\/portal\/wp-json\/wp\/v2\/comments?post=6768"}],"version-history":[{"count":0,"href":"https:\/\/www.ucaldas.edu.co\/portal\/wp-json\/wp\/v2\/posts\/6768\/revisions"}],"wp:attachment":[{"href":"https:\/\/www.ucaldas.edu.co\/portal\/wp-json\/wp\/v2\/media?parent=6768"}],"wp:term":[{"taxonomy":"category","embeddable":true,"href":"https:\/\/www.ucaldas.edu.co\/portal\/wp-json\/wp\/v2\/categories?post=6768"},{"taxonomy":"post_tag","embeddable":true,"href":"https:\/\/www.ucaldas.edu.co\/portal\/wp-json\/wp\/v2\/tags?post=6768"}],"curies":[{"name":"wp","href":"https:\/\/api.w.org\/{rel}","templated":true}]}}