{"id":67668,"date":"2022-01-28T00:40:47","date_gmt":"2022-01-28T00:40:47","guid":{"rendered":"https:\/\/www.ucaldas.edu.co\/portal\/?p=67668"},"modified":"2022-01-29T21:35:38","modified_gmt":"2022-01-29T21:35:38","slug":"participe-en-el-programa-circulo-de-acompanamiento-a-enfermedades-cronicas","status":"publish","type":"post","link":"https:\/\/www.ucaldas.edu.co\/portal\/participe-en-el-programa-circulo-de-acompanamiento-a-enfermedades-cronicas\/","title":{"rendered":"Participe en el programa \u2018C\u00edrculo de acompa\u00f1amiento a enfermedades cr\u00f3nicas\u2019"},"content":{"rendered":"<p><img loading=\"lazy\" decoding=\"async\" class=\"aligncenter wp-image-67669 size-full\" src=\"https:\/\/www.ucaldas.edu.co\/portal\/wp-content\/uploads\/2022\/01\/circulo-de-acompanamiento-de-enfermedades-cronicas.jpg\" alt=\"Circulo de acompa\u00f1amiento a enfermedades cr\u00f3nicas\" width=\"700\" height=\"400\" srcset=\"https:\/\/www.ucaldas.edu.co\/portal\/wp-content\/uploads\/2022\/01\/circulo-de-acompanamiento-de-enfermedades-cronicas.jpg 700w, https:\/\/www.ucaldas.edu.co\/portal\/wp-content\/uploads\/2022\/01\/circulo-de-acompanamiento-de-enfermedades-cronicas-300x171.jpg 300w\" sizes=\"auto, (max-width: 700px) 100vw, 700px\" \/><\/p>\n<p>La Oficina de Bienestar Universitario desde se \u00e1rea de Promoci\u00f3n de la Salud Integral y el Autocuidado, dan inicio a su nuevo programa \u2018C\u00edrculo de acompa\u00f1amiento a enfermedades cr\u00f3nicas\u2019, dirigido a funcionarios administrativos, docentes, trabajadores oficiales y estudiantes de la instituci\u00f3n.<\/p>\n<p><!--more--><\/p>\n<p>Con este nuevo programa se busca dar acompa\u00f1amiento a personas de la comunidad universitaria que tiene enfermedades cr\u00f3nicas no transmisibles que se dan a trav\u00e9s del tiempo por estilos de vida o tendencia gen\u00e9tica y que no son contagiosas como la hipertensi\u00f3n, diabetes, obesidad, aumento del colesterol, EPOC, algunos tipos de c\u00e1ncer, entre otras, as\u00ed lo afirm\u00f3 la enfermera coordinadora \u00e1rea de promoci\u00f3n de la salud Margarita Zapata Ruiz.<\/p>\n<p>Se pretende formar grupos de personas seg\u00fan su patolog\u00eda y realizar un acompa\u00f1amiento que contar\u00e1 con un equipo interdisciplinario para darles actividades, charlas, tips y pautas de manejo de cada una de las enfermedades con especialistas en nutrici\u00f3n, psicolog\u00eda, medicina, entre otros.<\/p>\n<p>Este programa tambi\u00e9n tendr\u00e1 la participaci\u00f3n del \u00e1rea del Fomento de la Actividad F\u00edsica, el Deporte y la Recreaci\u00f3n por medio de la creaci\u00f3n de espacios para la realizaci\u00f3n de actividad f\u00edsica seg\u00fan las indicaciones de cada patolog\u00eda.<\/p>\n<p>El programa tambi\u00e9n est\u00e1 dirigido a personas de la comunidad universitaria con familiares que posean este tipo de enfermedades.<\/p>\n<p>Inscripciones:<\/p>\n<ul>\n<li><a href=\"mailto:bienestar.salud@ucaldas.edu.co\">bienestar.salud@ucaldas.edu.co<\/a><\/li>\n<li>Tel\u00e9fono: 878 1500 Ext. 18021<\/li>\n<\/ul>\n<p>&nbsp;<\/p>\n<p><strong>Anexo:<br \/>\n<\/strong><strong><a href=\"https:\/\/www.ivoox.com\/margarita-zapata-ruiz-enfermera-coordinadora-area-de-audios-mp3_rf_81449925_1.html\">Audio Margarita Zapata Ruiz. &#8211; enfermera coordinadora \u00e1rea de promoci\u00f3n de la salud.<\/a><br \/>\n<iframe loading=\"lazy\" src=\"https:\/\/co.ivoox.com\/es\/player_ek_81449925_2_1.html?data=mZahlp6ddpahhpywj5WVaZS1kZyah5yncZKhhpywj5WRaZi3jpWah5ynca7V08zO1M7YpYzOwtXO1saPltbd25OYj5DJssfZ09LS1MaPp9Dj08nW0MbIs9PVjIqwlYqlddPZwpDRj4qbh463wtHRw9iPhcXhjLqah5yncZU.&amp;\" width=\"238\" height=\"48\" frameborder=\"0\" scrolling=\"no\" allowfullscreen=\"allowfullscreen\"><\/iframe><\/strong><\/p>\n<p>&nbsp;<\/p>\n<p><strong>Informes: <\/strong>Oficina de Comunicaciones y Prensa Universidad de Caldas.<\/p>\n<p><strong>Redacci\u00f3n:<\/strong> Mateo Buritic\u00e1 Giraldo<\/p>\n<p>&nbsp;<\/p>\n","protected":false},"excerpt":{"rendered":"<p>La Oficina de Bienestar Universitario desde se \u00e1rea de Promoci\u00f3n de la Salud Integral y el Autocuidado, dan inicio a su nuevo programa \u2018C\u00edrculo de acompa\u00f1amiento a enfermedades cr\u00f3nicas\u2019, dirigido a funcionarios administrativos, docentes, trabajadores oficiales y estudiantes de la instituci\u00f3n.<\/p>\n","protected":false},"author":2,"featured_media":67669,"comment_status":"closed","ping_status":"open","sticky":false,"template":"","format":"standard","meta":{"footnotes":""},"categories":[48,53,617],"tags":[7832,7833,7834],"class_list":["post-67668","post","type-post","status-publish","format-standard","has-post-thumbnail","hentry","category-actualidad","category-universidad-al-dia","category-ucaldas-colaborativa","tag-enfermedades-cronicas","tag-acompanamiento-en-salud","tag-apoyo-social-a-enfermedades"],"yoast_head":"<!-- This site is optimized with the Yoast SEO plugin v27.5 - https:\/\/yoast.com\/product\/yoast-seo-wordpress\/ -->\n<title>Participe en el programa \u2018C\u00edrculo de acompa\u00f1amiento a enfermedades cr\u00f3nicas\u2019 .<\/title>\n<meta name=\"robots\" content=\"index, follow, max-snippet:-1, max-image-preview:large, max-video-preview:-1\" \/>\n<link rel=\"canonical\" href=\"https:\/\/www.ucaldas.edu.co\/portal\/participe-en-el-programa-circulo-de-acompanamiento-a-enfermedades-cronicas\/\" \/>\n<script type=\"application\/ld+json\" class=\"yoast-schema-graph\">{\"@context\":\"https:\\\/\\\/schema.org\",\"@graph\":[{\"@type\":\"Article\",\"@id\":\"https:\\\/\\\/www.ucaldas.edu.co\\\/portal\\\/participe-en-el-programa-circulo-de-acompanamiento-a-enfermedades-cronicas\\\/#article\",\"isPartOf\":{\"@id\":\"https:\\\/\\\/www.ucaldas.edu.co\\\/portal\\\/participe-en-el-programa-circulo-de-acompanamiento-a-enfermedades-cronicas\\\/\"},\"author\":{\"name\":\"ofiprensa\",\"@id\":\"https:\\\/\\\/www.ucaldas.edu.co\\\/portal\\\/#\\\/schema\\\/person\\\/a1b482e23449158b4bc319926c074fdf\"},\"headline\":\"Participe en el programa \u2018C\u00edrculo de acompa\u00f1amiento a enfermedades cr\u00f3nicas\u2019\",\"datePublished\":\"2022-01-28T00:40:47+00:00\",\"dateModified\":\"2022-01-29T21:35:38+00:00\",\"mainEntityOfPage\":{\"@id\":\"https:\\\/\\\/www.ucaldas.edu.co\\\/portal\\\/participe-en-el-programa-circulo-de-acompanamiento-a-enfermedades-cronicas\\\/\"},\"wordCount\":290,\"publisher\":{\"@id\":\"https:\\\/\\\/www.ucaldas.edu.co\\\/portal\\\/#organization\"},\"image\":{\"@id\":\"https:\\\/\\\/www.ucaldas.edu.co\\\/portal\\\/participe-en-el-programa-circulo-de-acompanamiento-a-enfermedades-cronicas\\\/#primaryimage\"},\"thumbnailUrl\":\"https:\\\/\\\/www.ucaldas.edu.co\\\/portal\\\/wp-content\\\/uploads\\\/2022\\\/01\\\/circulo-de-acompanamiento-de-enfermedades-cronicas.jpg\",\"keywords\":[\"enfermedades cr\u00f3nicas\",\"acompa\u00f1amiento en salud\",\"apoyo social a enfermedades\"],\"articleSection\":[\"Actualidad\",\"Universidad al D\u00eda\",\"UCaldas Colaborativa\"],\"inLanguage\":\"es\"},{\"@type\":\"WebPage\",\"@id\":\"https:\\\/\\\/www.ucaldas.edu.co\\\/portal\\\/participe-en-el-programa-circulo-de-acompanamiento-a-enfermedades-cronicas\\\/\",\"url\":\"https:\\\/\\\/www.ucaldas.edu.co\\\/portal\\\/participe-en-el-programa-circulo-de-acompanamiento-a-enfermedades-cronicas\\\/\",\"name\":\"Participe en el programa \u2018C\u00edrculo de acompa\u00f1amiento a enfermedades cr\u00f3nicas\u2019 .\",\"isPartOf\":{\"@id\":\"https:\\\/\\\/www.ucaldas.edu.co\\\/portal\\\/#website\"},\"primaryImageOfPage\":{\"@id\":\"https:\\\/\\\/www.ucaldas.edu.co\\\/portal\\\/participe-en-el-programa-circulo-de-acompanamiento-a-enfermedades-cronicas\\\/#primaryimage\"},\"image\":{\"@id\":\"https:\\\/\\\/www.ucaldas.edu.co\\\/portal\\\/participe-en-el-programa-circulo-de-acompanamiento-a-enfermedades-cronicas\\\/#primaryimage\"},\"thumbnailUrl\":\"https:\\\/\\\/www.ucaldas.edu.co\\\/portal\\\/wp-content\\\/uploads\\\/2022\\\/01\\\/circulo-de-acompanamiento-de-enfermedades-cronicas.jpg\",\"datePublished\":\"2022-01-28T00:40:47+00:00\",\"dateModified\":\"2022-01-29T21:35:38+00:00\",\"breadcrumb\":{\"@id\":\"https:\\\/\\\/www.ucaldas.edu.co\\\/portal\\\/participe-en-el-programa-circulo-de-acompanamiento-a-enfermedades-cronicas\\\/#breadcrumb\"},\"inLanguage\":\"es\",\"potentialAction\":[{\"@type\":\"ReadAction\",\"target\":[\"https:\\\/\\\/www.ucaldas.edu.co\\\/portal\\\/participe-en-el-programa-circulo-de-acompanamiento-a-enfermedades-cronicas\\\/\"]}]},{\"@type\":\"ImageObject\",\"inLanguage\":\"es\",\"@id\":\"https:\\\/\\\/www.ucaldas.edu.co\\\/portal\\\/participe-en-el-programa-circulo-de-acompanamiento-a-enfermedades-cronicas\\\/#primaryimage\",\"url\":\"https:\\\/\\\/www.ucaldas.edu.co\\\/portal\\\/wp-content\\\/uploads\\\/2022\\\/01\\\/circulo-de-acompanamiento-de-enfermedades-cronicas.jpg\",\"contentUrl\":\"https:\\\/\\\/www.ucaldas.edu.co\\\/portal\\\/wp-content\\\/uploads\\\/2022\\\/01\\\/circulo-de-acompanamiento-de-enfermedades-cronicas.jpg\",\"width\":700,\"height\":400,\"caption\":\"Circulo de acompa\u00f1amiento a enfermedades cr\u00f3nicas\"},{\"@type\":\"BreadcrumbList\",\"@id\":\"https:\\\/\\\/www.ucaldas.edu.co\\\/portal\\\/participe-en-el-programa-circulo-de-acompanamiento-a-enfermedades-cronicas\\\/#breadcrumb\",\"itemListElement\":[{\"@type\":\"ListItem\",\"position\":1,\"name\":\"Portada\",\"item\":\"https:\\\/\\\/www.ucaldas.edu.co\\\/portal\\\/\"},{\"@type\":\"ListItem\",\"position\":2,\"name\":\"Participe en el programa \u2018C\u00edrculo de acompa\u00f1amiento a enfermedades cr\u00f3nicas\u2019\"}]},{\"@type\":\"WebSite\",\"@id\":\"https:\\\/\\\/www.ucaldas.edu.co\\\/portal\\\/#website\",\"url\":\"https:\\\/\\\/www.ucaldas.edu.co\\\/portal\\\/\",\"name\":\"Universidad de Caldas\",\"description\":\"\",\"publisher\":{\"@id\":\"https:\\\/\\\/www.ucaldas.edu.co\\\/portal\\\/#organization\"},\"alternateName\":\"U. de Caldas\",\"potentialAction\":[{\"@type\":\"SearchAction\",\"target\":{\"@type\":\"EntryPoint\",\"urlTemplate\":\"https:\\\/\\\/www.ucaldas.edu.co\\\/portal\\\/?s={search_term_string}\"},\"query-input\":{\"@type\":\"PropertyValueSpecification\",\"valueRequired\":true,\"valueName\":\"search_term_string\"}}],\"inLanguage\":\"es\"},{\"@type\":\"Organization\",\"@id\":\"https:\\\/\\\/www.ucaldas.edu.co\\\/portal\\\/#organization\",\"name\":\"Universidad de Caldas\",\"alternateName\":\"U. de Caldas\",\"url\":\"https:\\\/\\\/www.ucaldas.edu.co\\\/portal\\\/\",\"logo\":{\"@type\":\"ImageObject\",\"inLanguage\":\"es\",\"@id\":\"https:\\\/\\\/www.ucaldas.edu.co\\\/portal\\\/#\\\/schema\\\/logo\\\/image\\\/\",\"url\":\"https:\\\/\\\/www.ucaldas.edu.co\\\/portal\\\/wp-content\\\/uploads\\\/2023\\\/11\\\/Logo_horizontal_oscuroU-2023.png\",\"contentUrl\":\"https:\\\/\\\/www.ucaldas.edu.co\\\/portal\\\/wp-content\\\/uploads\\\/2023\\\/11\\\/Logo_horizontal_oscuroU-2023.png\",\"width\":263,\"height\":101,\"caption\":\"Universidad de Caldas\"},\"image\":{\"@id\":\"https:\\\/\\\/www.ucaldas.edu.co\\\/portal\\\/#\\\/schema\\\/logo\\\/image\\\/\"},\"sameAs\":[\"https:\\\/\\\/www.facebook.com\\\/udecaldas\",\"https:\\\/\\\/x.com\\\/udecaldas\",\"https:\\\/\\\/www.youtube.com\\\/universidadcaldas\",\"https:\\\/\\\/www.instagram.com\\\/udecaldas\\\/\"]},{\"@type\":\"Person\",\"@id\":\"https:\\\/\\\/www.ucaldas.edu.co\\\/portal\\\/#\\\/schema\\\/person\\\/a1b482e23449158b4bc319926c074fdf\",\"name\":\"ofiprensa\",\"image\":{\"@type\":\"ImageObject\",\"inLanguage\":\"es\",\"@id\":\"https:\\\/\\\/www.ucaldas.edu.co\\\/portal\\\/wp-content\\\/litespeed\\\/avatar\\\/09ea5085e600095a7a811142c6944527.jpg?ver=1777497608\",\"url\":\"https:\\\/\\\/www.ucaldas.edu.co\\\/portal\\\/wp-content\\\/litespeed\\\/avatar\\\/09ea5085e600095a7a811142c6944527.jpg?ver=1777497608\",\"contentUrl\":\"https:\\\/\\\/www.ucaldas.edu.co\\\/portal\\\/wp-content\\\/litespeed\\\/avatar\\\/09ea5085e600095a7a811142c6944527.jpg?ver=1777497608\",\"caption\":\"ofiprensa\"},\"url\":\"https:\\\/\\\/www.ucaldas.edu.co\\\/portal\\\/author\\\/ofiprensa\\\/\"}]}<\/script>\n<!-- \/ Yoast SEO plugin. -->","yoast_head_json":{"title":"Participe en el programa \u2018C\u00edrculo de acompa\u00f1amiento a enfermedades cr\u00f3nicas\u2019 .","robots":{"index":"index","follow":"follow","max-snippet":"max-snippet:-1","max-image-preview":"max-image-preview:large","max-video-preview":"max-video-preview:-1"},"canonical":"https:\/\/www.ucaldas.edu.co\/portal\/participe-en-el-programa-circulo-de-acompanamiento-a-enfermedades-cronicas\/","schema":{"@context":"https:\/\/schema.org","@graph":[{"@type":"Article","@id":"https:\/\/www.ucaldas.edu.co\/portal\/participe-en-el-programa-circulo-de-acompanamiento-a-enfermedades-cronicas\/#article","isPartOf":{"@id":"https:\/\/www.ucaldas.edu.co\/portal\/participe-en-el-programa-circulo-de-acompanamiento-a-enfermedades-cronicas\/"},"author":{"name":"ofiprensa","@id":"https:\/\/www.ucaldas.edu.co\/portal\/#\/schema\/person\/a1b482e23449158b4bc319926c074fdf"},"headline":"Participe en el programa \u2018C\u00edrculo de acompa\u00f1amiento a enfermedades cr\u00f3nicas\u2019","datePublished":"2022-01-28T00:40:47+00:00","dateModified":"2022-01-29T21:35:38+00:00","mainEntityOfPage":{"@id":"https:\/\/www.ucaldas.edu.co\/portal\/participe-en-el-programa-circulo-de-acompanamiento-a-enfermedades-cronicas\/"},"wordCount":290,"publisher":{"@id":"https:\/\/www.ucaldas.edu.co\/portal\/#organization"},"image":{"@id":"https:\/\/www.ucaldas.edu.co\/portal\/participe-en-el-programa-circulo-de-acompanamiento-a-enfermedades-cronicas\/#primaryimage"},"thumbnailUrl":"https:\/\/www.ucaldas.edu.co\/portal\/wp-content\/uploads\/2022\/01\/circulo-de-acompanamiento-de-enfermedades-cronicas.jpg","keywords":["enfermedades cr\u00f3nicas","acompa\u00f1amiento en salud","apoyo social a enfermedades"],"articleSection":["Actualidad","Universidad al D\u00eda","UCaldas Colaborativa"],"inLanguage":"es"},{"@type":"WebPage","@id":"https:\/\/www.ucaldas.edu.co\/portal\/participe-en-el-programa-circulo-de-acompanamiento-a-enfermedades-cronicas\/","url":"https:\/\/www.ucaldas.edu.co\/portal\/participe-en-el-programa-circulo-de-acompanamiento-a-enfermedades-cronicas\/","name":"Participe en el programa \u2018C\u00edrculo de acompa\u00f1amiento a enfermedades cr\u00f3nicas\u2019 .","isPartOf":{"@id":"https:\/\/www.ucaldas.edu.co\/portal\/#website"},"primaryImageOfPage":{"@id":"https:\/\/www.ucaldas.edu.co\/portal\/participe-en-el-programa-circulo-de-acompanamiento-a-enfermedades-cronicas\/#primaryimage"},"image":{"@id":"https:\/\/www.ucaldas.edu.co\/portal\/participe-en-el-programa-circulo-de-acompanamiento-a-enfermedades-cronicas\/#primaryimage"},"thumbnailUrl":"https:\/\/www.ucaldas.edu.co\/portal\/wp-content\/uploads\/2022\/01\/circulo-de-acompanamiento-de-enfermedades-cronicas.jpg","datePublished":"2022-01-28T00:40:47+00:00","dateModified":"2022-01-29T21:35:38+00:00","breadcrumb":{"@id":"https:\/\/www.ucaldas.edu.co\/portal\/participe-en-el-programa-circulo-de-acompanamiento-a-enfermedades-cronicas\/#breadcrumb"},"inLanguage":"es","potentialAction":[{"@type":"ReadAction","target":["https:\/\/www.ucaldas.edu.co\/portal\/participe-en-el-programa-circulo-de-acompanamiento-a-enfermedades-cronicas\/"]}]},{"@type":"ImageObject","inLanguage":"es","@id":"https:\/\/www.ucaldas.edu.co\/portal\/participe-en-el-programa-circulo-de-acompanamiento-a-enfermedades-cronicas\/#primaryimage","url":"https:\/\/www.ucaldas.edu.co\/portal\/wp-content\/uploads\/2022\/01\/circulo-de-acompanamiento-de-enfermedades-cronicas.jpg","contentUrl":"https:\/\/www.ucaldas.edu.co\/portal\/wp-content\/uploads\/2022\/01\/circulo-de-acompanamiento-de-enfermedades-cronicas.jpg","width":700,"height":400,"caption":"Circulo de acompa\u00f1amiento a enfermedades cr\u00f3nicas"},{"@type":"BreadcrumbList","@id":"https:\/\/www.ucaldas.edu.co\/portal\/participe-en-el-programa-circulo-de-acompanamiento-a-enfermedades-cronicas\/#breadcrumb","itemListElement":[{"@type":"ListItem","position":1,"name":"Portada","item":"https:\/\/www.ucaldas.edu.co\/portal\/"},{"@type":"ListItem","position":2,"name":"Participe en el programa \u2018C\u00edrculo de acompa\u00f1amiento a enfermedades cr\u00f3nicas\u2019"}]},{"@type":"WebSite","@id":"https:\/\/www.ucaldas.edu.co\/portal\/#website","url":"https:\/\/www.ucaldas.edu.co\/portal\/","name":"Universidad de Caldas","description":"","publisher":{"@id":"https:\/\/www.ucaldas.edu.co\/portal\/#organization"},"alternateName":"U. de Caldas","potentialAction":[{"@type":"SearchAction","target":{"@type":"EntryPoint","urlTemplate":"https:\/\/www.ucaldas.edu.co\/portal\/?s={search_term_string}"},"query-input":{"@type":"PropertyValueSpecification","valueRequired":true,"valueName":"search_term_string"}}],"inLanguage":"es"},{"@type":"Organization","@id":"https:\/\/www.ucaldas.edu.co\/portal\/#organization","name":"Universidad de Caldas","alternateName":"U. de Caldas","url":"https:\/\/www.ucaldas.edu.co\/portal\/","logo":{"@type":"ImageObject","inLanguage":"es","@id":"https:\/\/www.ucaldas.edu.co\/portal\/#\/schema\/logo\/image\/","url":"https:\/\/www.ucaldas.edu.co\/portal\/wp-content\/uploads\/2023\/11\/Logo_horizontal_oscuroU-2023.png","contentUrl":"https:\/\/www.ucaldas.edu.co\/portal\/wp-content\/uploads\/2023\/11\/Logo_horizontal_oscuroU-2023.png","width":263,"height":101,"caption":"Universidad de Caldas"},"image":{"@id":"https:\/\/www.ucaldas.edu.co\/portal\/#\/schema\/logo\/image\/"},"sameAs":["https:\/\/www.facebook.com\/udecaldas","https:\/\/x.com\/udecaldas","https:\/\/www.youtube.com\/universidadcaldas","https:\/\/www.instagram.com\/udecaldas\/"]},{"@type":"Person","@id":"https:\/\/www.ucaldas.edu.co\/portal\/#\/schema\/person\/a1b482e23449158b4bc319926c074fdf","name":"ofiprensa","image":{"@type":"ImageObject","inLanguage":"es","@id":"https:\/\/www.ucaldas.edu.co\/portal\/wp-content\/litespeed\/avatar\/09ea5085e600095a7a811142c6944527.jpg?ver=1777497608","url":"https:\/\/www.ucaldas.edu.co\/portal\/wp-content\/litespeed\/avatar\/09ea5085e600095a7a811142c6944527.jpg?ver=1777497608","contentUrl":"https:\/\/www.ucaldas.edu.co\/portal\/wp-content\/litespeed\/avatar\/09ea5085e600095a7a811142c6944527.jpg?ver=1777497608","caption":"ofiprensa"},"url":"https:\/\/www.ucaldas.edu.co\/portal\/author\/ofiprensa\/"}]}},"_links":{"self":[{"href":"https:\/\/www.ucaldas.edu.co\/portal\/wp-json\/wp\/v2\/posts\/67668","targetHints":{"allow":["GET"]}}],"collection":[{"href":"https:\/\/www.ucaldas.edu.co\/portal\/wp-json\/wp\/v2\/posts"}],"about":[{"href":"https:\/\/www.ucaldas.edu.co\/portal\/wp-json\/wp\/v2\/types\/post"}],"author":[{"embeddable":true,"href":"https:\/\/www.ucaldas.edu.co\/portal\/wp-json\/wp\/v2\/users\/2"}],"replies":[{"embeddable":true,"href":"https:\/\/www.ucaldas.edu.co\/portal\/wp-json\/wp\/v2\/comments?post=67668"}],"version-history":[{"count":0,"href":"https:\/\/www.ucaldas.edu.co\/portal\/wp-json\/wp\/v2\/posts\/67668\/revisions"}],"wp:featuredmedia":[{"embeddable":true,"href":"https:\/\/www.ucaldas.edu.co\/portal\/wp-json\/wp\/v2\/media\/67669"}],"wp:attachment":[{"href":"https:\/\/www.ucaldas.edu.co\/portal\/wp-json\/wp\/v2\/media?parent=67668"}],"wp:term":[{"taxonomy":"category","embeddable":true,"href":"https:\/\/www.ucaldas.edu.co\/portal\/wp-json\/wp\/v2\/categories?post=67668"},{"taxonomy":"post_tag","embeddable":true,"href":"https:\/\/www.ucaldas.edu.co\/portal\/wp-json\/wp\/v2\/tags?post=67668"}],"curies":[{"name":"wp","href":"https:\/\/api.w.org\/{rel}","templated":true}]}}