{"id":67658,"date":"2022-01-28T00:20:01","date_gmt":"2022-01-28T00:20:01","guid":{"rendered":"https:\/\/www.ucaldas.edu.co\/portal\/?p=67658"},"modified":"2022-01-28T00:20:09","modified_gmt":"2022-01-28T00:20:09","slug":"la-prueba-saber-pro-se-aplicara-dos-veces-al-an","status":"publish","type":"post","link":"https:\/\/www.ucaldas.edu.co\/portal\/la-prueba-saber-pro-se-aplicara-dos-veces-al-an\/","title":{"rendered":"La prueba Saber Pro se aplicar\u00e1 dos veces al a\u00f1o"},"content":{"rendered":"<p><strong><img loading=\"lazy\" decoding=\"async\" class=\"aligncenter wp-image-67659 size-full\" src=\"https:\/\/www.ucaldas.edu.co\/portal\/wp-content\/uploads\/2022\/01\/Icfes-anuncia-calendario-de-fechas-de-presentacion-de-pruebas-saber-pro.jpg\" alt=\"Fechas para la presentaci\u00f3n de pruebas saber pro\" width=\"700\" height=\"400\" srcset=\"https:\/\/www.ucaldas.edu.co\/portal\/wp-content\/uploads\/2022\/01\/Icfes-anuncia-calendario-de-fechas-de-presentacion-de-pruebas-saber-pro.jpg 700w, https:\/\/www.ucaldas.edu.co\/portal\/wp-content\/uploads\/2022\/01\/Icfes-anuncia-calendario-de-fechas-de-presentacion-de-pruebas-saber-pro-300x171.jpg 300w\" sizes=\"auto, (max-width: 700px) 100vw, 700px\" \/><\/strong><\/p>\n<p>Los estudiantes pr\u00f3ximos a finalizar sus carreras universitarias contar\u00e1n a partir de este a\u00f1o, con dos fechas para programar la presentaci\u00f3n de su prueba Saber Pro, una en cada semestre.<\/p>\n<p><!--more--><\/p>\n<p>Atendiendo las solicitudes realizadas por los estudiantes pr\u00f3ximos a obtener su grado profesional y por las instituciones de educaci\u00f3n superior, el Instituto Colombiano para la Evaluaci\u00f3n de la Educaci\u00f3n &#8211; Icfes anunci\u00f3 que la aplicaci\u00f3n de este examen bajo la modalidad en casa o en sitio de manera electr\u00f3nica para el primer semestre se realizar\u00e1 los d\u00edas 11 y 12 de junio de 2022,\u00a0 la segunda aplicaci\u00f3n se realizar\u00e1 durante el mes de octubre del presente a\u00f1o.<\/p>\n<p>As\u00ed mismo y de acuerdo con el cronograma, hizo un llamado a las Instituciones de Educaci\u00f3n Superior con programas profesionales, t\u00e9cnicos y tecnol\u00f3gicos, para que pre inscriban a sus estudiantes para presentar las prueba Saber Pro, TyT y Saber Pro y TyT exterior en este primer semestre de 2022, entre el lunes, 7 de febrero y el s\u00e1bado, 26 de febrero. No es necesario haber aprobado el 100% de los cr\u00e9ditos para inscribir a los estudiantes.<\/p>\n<p>De acuerdo con el\u00a0 Icfes los estudiantes universitarios podr\u00e1n ser pre registrados no solo para presentar las competencias gen\u00e9ricas, sino tambi\u00e9n para realizar los todos los m\u00f3dulos espec\u00edficos que se ofrecen en los programas de Educaci\u00f3n, Administraci\u00f3n, Derecho y afines.<\/p>\n<p>La aplicaci\u00f3n de estos ex\u00e1menes se ofrecer\u00e1 en dos modalidades: electr\u00f3nica en casa o en sitio de aplicaci\u00f3n. La prueba Saber TyT y TyT exterior se aplicar\u00e1n de manera electr\u00f3nica entre el 4 y 5 de junio como la prueba Saber Pro y Pro exterior se aplicar\u00e1n de manera electr\u00f3nica entre el 11 y 12 de junio.<\/p>\n<p>&nbsp;<\/p>\n<table style=\"width: 709px;\">\n<tbody>\n<tr>\n<td style=\"width: 699px;\"><strong>PARA DESTACAR:<\/strong><\/p>\n<p>Para m\u00e1s informaci\u00f3n los interesados pueden comunicarse con el Icfes a la L\u00ednea de Atenci\u00f3n Gratuita al Ciudadano 018000-519535, 0, en Bogot\u00e1, o a trav\u00e9s del chat en l\u00ednea del Icfes, disponible en: <a href=\"http:\/\/www.icfes.gov.co\">www.icfes.gov.co<\/a> en el siguiente enlace:\u00a0 <a href=\"https:\/\/portalos.outsourcing.com.co:8205\/\">https:\/\/portalos.outsourcing.com.co:8205\/<\/a><\/td>\n<\/tr>\n<\/tbody>\n<\/table>\n<p>&nbsp;<\/p>\n<p><strong>Informes: <\/strong>Oficina de Comunicaciones y Prensa Universidad de Caldas.<\/p>\n<p><strong>Redacci\u00f3n:<\/strong> Adriana Salazar Villegas *con informaci\u00f3n del Icfes<\/p>\n<p>&nbsp;<\/p>\n","protected":false},"excerpt":{"rendered":"<p>Los estudiantes pr\u00f3ximos a finalizar sus carreras universitarias contar\u00e1n a partir de este a\u00f1o, con dos fechas para programar la presentaci\u00f3n de su prueba Saber Pro, una en cada semestre.<\/p>\n","protected":false},"author":2,"featured_media":67659,"comment_status":"closed","ping_status":"open","sticky":false,"template":"","format":"standard","meta":{"footnotes":""},"categories":[48,53],"tags":[133,373,1470,2780,6470],"class_list":["post-67658","post","type-post","status-publish","format-standard","has-post-thumbnail","hentry","category-actualidad","category-universidad-al-dia","tag-presentacion","tag-pruebas-saber-pro","tag-icfes","tag-fechas","tag-dialogos-docentes-y-estudiantes"],"yoast_head":"<!-- This site is optimized with the Yoast SEO plugin v27.5 - https:\/\/yoast.com\/product\/yoast-seo-wordpress\/ -->\n<title>La prueba Saber Pro se aplicar\u00e1 dos veces al a\u00f1o .<\/title>\n<meta name=\"robots\" content=\"index, follow, max-snippet:-1, max-image-preview:large, max-video-preview:-1\" \/>\n<link rel=\"canonical\" href=\"https:\/\/www.ucaldas.edu.co\/portal\/la-prueba-saber-pro-se-aplicara-dos-veces-al-an\/\" \/>\n<script type=\"application\/ld+json\" class=\"yoast-schema-graph\">{\"@context\":\"https:\\\/\\\/schema.org\",\"@graph\":[{\"@type\":\"Article\",\"@id\":\"https:\\\/\\\/www.ucaldas.edu.co\\\/portal\\\/la-prueba-saber-pro-se-aplicara-dos-veces-al-an\\\/#article\",\"isPartOf\":{\"@id\":\"https:\\\/\\\/www.ucaldas.edu.co\\\/portal\\\/la-prueba-saber-pro-se-aplicara-dos-veces-al-an\\\/\"},\"author\":{\"name\":\"ofiprensa\",\"@id\":\"https:\\\/\\\/www.ucaldas.edu.co\\\/portal\\\/#\\\/schema\\\/person\\\/a1b482e23449158b4bc319926c074fdf\"},\"headline\":\"La prueba Saber Pro se aplicar\u00e1 dos veces al a\u00f1o\",\"datePublished\":\"2022-01-28T00:20:01+00:00\",\"dateModified\":\"2022-01-28T00:20:09+00:00\",\"mainEntityOfPage\":{\"@id\":\"https:\\\/\\\/www.ucaldas.edu.co\\\/portal\\\/la-prueba-saber-pro-se-aplicara-dos-veces-al-an\\\/\"},\"wordCount\":388,\"publisher\":{\"@id\":\"https:\\\/\\\/www.ucaldas.edu.co\\\/portal\\\/#organization\"},\"image\":{\"@id\":\"https:\\\/\\\/www.ucaldas.edu.co\\\/portal\\\/la-prueba-saber-pro-se-aplicara-dos-veces-al-an\\\/#primaryimage\"},\"thumbnailUrl\":\"https:\\\/\\\/www.ucaldas.edu.co\\\/portal\\\/wp-content\\\/uploads\\\/2022\\\/01\\\/Icfes-anuncia-calendario-de-fechas-de-presentacion-de-pruebas-saber-pro.jpg\",\"keywords\":[\"Presentaci\u00f3n\",\"Pruebas Saber Pro\",\"Icfes\",\"fechas\",\"di\u00e1logos docentes y estudiantes\"],\"articleSection\":[\"Actualidad\",\"Universidad al D\u00eda\"],\"inLanguage\":\"es\"},{\"@type\":\"WebPage\",\"@id\":\"https:\\\/\\\/www.ucaldas.edu.co\\\/portal\\\/la-prueba-saber-pro-se-aplicara-dos-veces-al-an\\\/\",\"url\":\"https:\\\/\\\/www.ucaldas.edu.co\\\/portal\\\/la-prueba-saber-pro-se-aplicara-dos-veces-al-an\\\/\",\"name\":\"La prueba Saber Pro se aplicar\u00e1 dos veces al a\u00f1o .\",\"isPartOf\":{\"@id\":\"https:\\\/\\\/www.ucaldas.edu.co\\\/portal\\\/#website\"},\"primaryImageOfPage\":{\"@id\":\"https:\\\/\\\/www.ucaldas.edu.co\\\/portal\\\/la-prueba-saber-pro-se-aplicara-dos-veces-al-an\\\/#primaryimage\"},\"image\":{\"@id\":\"https:\\\/\\\/www.ucaldas.edu.co\\\/portal\\\/la-prueba-saber-pro-se-aplicara-dos-veces-al-an\\\/#primaryimage\"},\"thumbnailUrl\":\"https:\\\/\\\/www.ucaldas.edu.co\\\/portal\\\/wp-content\\\/uploads\\\/2022\\\/01\\\/Icfes-anuncia-calendario-de-fechas-de-presentacion-de-pruebas-saber-pro.jpg\",\"datePublished\":\"2022-01-28T00:20:01+00:00\",\"dateModified\":\"2022-01-28T00:20:09+00:00\",\"breadcrumb\":{\"@id\":\"https:\\\/\\\/www.ucaldas.edu.co\\\/portal\\\/la-prueba-saber-pro-se-aplicara-dos-veces-al-an\\\/#breadcrumb\"},\"inLanguage\":\"es\",\"potentialAction\":[{\"@type\":\"ReadAction\",\"target\":[\"https:\\\/\\\/www.ucaldas.edu.co\\\/portal\\\/la-prueba-saber-pro-se-aplicara-dos-veces-al-an\\\/\"]}]},{\"@type\":\"ImageObject\",\"inLanguage\":\"es\",\"@id\":\"https:\\\/\\\/www.ucaldas.edu.co\\\/portal\\\/la-prueba-saber-pro-se-aplicara-dos-veces-al-an\\\/#primaryimage\",\"url\":\"https:\\\/\\\/www.ucaldas.edu.co\\\/portal\\\/wp-content\\\/uploads\\\/2022\\\/01\\\/Icfes-anuncia-calendario-de-fechas-de-presentacion-de-pruebas-saber-pro.jpg\",\"contentUrl\":\"https:\\\/\\\/www.ucaldas.edu.co\\\/portal\\\/wp-content\\\/uploads\\\/2022\\\/01\\\/Icfes-anuncia-calendario-de-fechas-de-presentacion-de-pruebas-saber-pro.jpg\",\"width\":700,\"height\":400,\"caption\":\"Fechas para la presentaci\u00f3n de pruebas saber pro\"},{\"@type\":\"BreadcrumbList\",\"@id\":\"https:\\\/\\\/www.ucaldas.edu.co\\\/portal\\\/la-prueba-saber-pro-se-aplicara-dos-veces-al-an\\\/#breadcrumb\",\"itemListElement\":[{\"@type\":\"ListItem\",\"position\":1,\"name\":\"Portada\",\"item\":\"https:\\\/\\\/www.ucaldas.edu.co\\\/portal\\\/\"},{\"@type\":\"ListItem\",\"position\":2,\"name\":\"La prueba Saber Pro se aplicar\u00e1 dos veces al a\u00f1o\"}]},{\"@type\":\"WebSite\",\"@id\":\"https:\\\/\\\/www.ucaldas.edu.co\\\/portal\\\/#website\",\"url\":\"https:\\\/\\\/www.ucaldas.edu.co\\\/portal\\\/\",\"name\":\"Universidad de Caldas\",\"description\":\"\",\"publisher\":{\"@id\":\"https:\\\/\\\/www.ucaldas.edu.co\\\/portal\\\/#organization\"},\"alternateName\":\"U. de Caldas\",\"potentialAction\":[{\"@type\":\"SearchAction\",\"target\":{\"@type\":\"EntryPoint\",\"urlTemplate\":\"https:\\\/\\\/www.ucaldas.edu.co\\\/portal\\\/?s={search_term_string}\"},\"query-input\":{\"@type\":\"PropertyValueSpecification\",\"valueRequired\":true,\"valueName\":\"search_term_string\"}}],\"inLanguage\":\"es\"},{\"@type\":\"Organization\",\"@id\":\"https:\\\/\\\/www.ucaldas.edu.co\\\/portal\\\/#organization\",\"name\":\"Universidad de Caldas\",\"alternateName\":\"U. de Caldas\",\"url\":\"https:\\\/\\\/www.ucaldas.edu.co\\\/portal\\\/\",\"logo\":{\"@type\":\"ImageObject\",\"inLanguage\":\"es\",\"@id\":\"https:\\\/\\\/www.ucaldas.edu.co\\\/portal\\\/#\\\/schema\\\/logo\\\/image\\\/\",\"url\":\"https:\\\/\\\/www.ucaldas.edu.co\\\/portal\\\/wp-content\\\/uploads\\\/2023\\\/11\\\/Logo_horizontal_oscuroU-2023.png\",\"contentUrl\":\"https:\\\/\\\/www.ucaldas.edu.co\\\/portal\\\/wp-content\\\/uploads\\\/2023\\\/11\\\/Logo_horizontal_oscuroU-2023.png\",\"width\":263,\"height\":101,\"caption\":\"Universidad de Caldas\"},\"image\":{\"@id\":\"https:\\\/\\\/www.ucaldas.edu.co\\\/portal\\\/#\\\/schema\\\/logo\\\/image\\\/\"},\"sameAs\":[\"https:\\\/\\\/www.facebook.com\\\/udecaldas\",\"https:\\\/\\\/x.com\\\/udecaldas\",\"https:\\\/\\\/www.youtube.com\\\/universidadcaldas\",\"https:\\\/\\\/www.instagram.com\\\/udecaldas\\\/\"]},{\"@type\":\"Person\",\"@id\":\"https:\\\/\\\/www.ucaldas.edu.co\\\/portal\\\/#\\\/schema\\\/person\\\/a1b482e23449158b4bc319926c074fdf\",\"name\":\"ofiprensa\",\"image\":{\"@type\":\"ImageObject\",\"inLanguage\":\"es\",\"@id\":\"https:\\\/\\\/www.ucaldas.edu.co\\\/portal\\\/wp-content\\\/litespeed\\\/avatar\\\/09ea5085e600095a7a811142c6944527.jpg?ver=1777497608\",\"url\":\"https:\\\/\\\/www.ucaldas.edu.co\\\/portal\\\/wp-content\\\/litespeed\\\/avatar\\\/09ea5085e600095a7a811142c6944527.jpg?ver=1777497608\",\"contentUrl\":\"https:\\\/\\\/www.ucaldas.edu.co\\\/portal\\\/wp-content\\\/litespeed\\\/avatar\\\/09ea5085e600095a7a811142c6944527.jpg?ver=1777497608\",\"caption\":\"ofiprensa\"},\"url\":\"https:\\\/\\\/www.ucaldas.edu.co\\\/portal\\\/author\\\/ofiprensa\\\/\"}]}<\/script>\n<!-- \/ Yoast SEO plugin. -->","yoast_head_json":{"title":"La prueba Saber Pro se aplicar\u00e1 dos veces al a\u00f1o .","robots":{"index":"index","follow":"follow","max-snippet":"max-snippet:-1","max-image-preview":"max-image-preview:large","max-video-preview":"max-video-preview:-1"},"canonical":"https:\/\/www.ucaldas.edu.co\/portal\/la-prueba-saber-pro-se-aplicara-dos-veces-al-an\/","schema":{"@context":"https:\/\/schema.org","@graph":[{"@type":"Article","@id":"https:\/\/www.ucaldas.edu.co\/portal\/la-prueba-saber-pro-se-aplicara-dos-veces-al-an\/#article","isPartOf":{"@id":"https:\/\/www.ucaldas.edu.co\/portal\/la-prueba-saber-pro-se-aplicara-dos-veces-al-an\/"},"author":{"name":"ofiprensa","@id":"https:\/\/www.ucaldas.edu.co\/portal\/#\/schema\/person\/a1b482e23449158b4bc319926c074fdf"},"headline":"La prueba Saber Pro se aplicar\u00e1 dos veces al a\u00f1o","datePublished":"2022-01-28T00:20:01+00:00","dateModified":"2022-01-28T00:20:09+00:00","mainEntityOfPage":{"@id":"https:\/\/www.ucaldas.edu.co\/portal\/la-prueba-saber-pro-se-aplicara-dos-veces-al-an\/"},"wordCount":388,"publisher":{"@id":"https:\/\/www.ucaldas.edu.co\/portal\/#organization"},"image":{"@id":"https:\/\/www.ucaldas.edu.co\/portal\/la-prueba-saber-pro-se-aplicara-dos-veces-al-an\/#primaryimage"},"thumbnailUrl":"https:\/\/www.ucaldas.edu.co\/portal\/wp-content\/uploads\/2022\/01\/Icfes-anuncia-calendario-de-fechas-de-presentacion-de-pruebas-saber-pro.jpg","keywords":["Presentaci\u00f3n","Pruebas Saber Pro","Icfes","fechas","di\u00e1logos docentes y estudiantes"],"articleSection":["Actualidad","Universidad al D\u00eda"],"inLanguage":"es"},{"@type":"WebPage","@id":"https:\/\/www.ucaldas.edu.co\/portal\/la-prueba-saber-pro-se-aplicara-dos-veces-al-an\/","url":"https:\/\/www.ucaldas.edu.co\/portal\/la-prueba-saber-pro-se-aplicara-dos-veces-al-an\/","name":"La prueba Saber Pro se aplicar\u00e1 dos veces al a\u00f1o .","isPartOf":{"@id":"https:\/\/www.ucaldas.edu.co\/portal\/#website"},"primaryImageOfPage":{"@id":"https:\/\/www.ucaldas.edu.co\/portal\/la-prueba-saber-pro-se-aplicara-dos-veces-al-an\/#primaryimage"},"image":{"@id":"https:\/\/www.ucaldas.edu.co\/portal\/la-prueba-saber-pro-se-aplicara-dos-veces-al-an\/#primaryimage"},"thumbnailUrl":"https:\/\/www.ucaldas.edu.co\/portal\/wp-content\/uploads\/2022\/01\/Icfes-anuncia-calendario-de-fechas-de-presentacion-de-pruebas-saber-pro.jpg","datePublished":"2022-01-28T00:20:01+00:00","dateModified":"2022-01-28T00:20:09+00:00","breadcrumb":{"@id":"https:\/\/www.ucaldas.edu.co\/portal\/la-prueba-saber-pro-se-aplicara-dos-veces-al-an\/#breadcrumb"},"inLanguage":"es","potentialAction":[{"@type":"ReadAction","target":["https:\/\/www.ucaldas.edu.co\/portal\/la-prueba-saber-pro-se-aplicara-dos-veces-al-an\/"]}]},{"@type":"ImageObject","inLanguage":"es","@id":"https:\/\/www.ucaldas.edu.co\/portal\/la-prueba-saber-pro-se-aplicara-dos-veces-al-an\/#primaryimage","url":"https:\/\/www.ucaldas.edu.co\/portal\/wp-content\/uploads\/2022\/01\/Icfes-anuncia-calendario-de-fechas-de-presentacion-de-pruebas-saber-pro.jpg","contentUrl":"https:\/\/www.ucaldas.edu.co\/portal\/wp-content\/uploads\/2022\/01\/Icfes-anuncia-calendario-de-fechas-de-presentacion-de-pruebas-saber-pro.jpg","width":700,"height":400,"caption":"Fechas para la presentaci\u00f3n de pruebas saber pro"},{"@type":"BreadcrumbList","@id":"https:\/\/www.ucaldas.edu.co\/portal\/la-prueba-saber-pro-se-aplicara-dos-veces-al-an\/#breadcrumb","itemListElement":[{"@type":"ListItem","position":1,"name":"Portada","item":"https:\/\/www.ucaldas.edu.co\/portal\/"},{"@type":"ListItem","position":2,"name":"La prueba Saber Pro se aplicar\u00e1 dos veces al a\u00f1o"}]},{"@type":"WebSite","@id":"https:\/\/www.ucaldas.edu.co\/portal\/#website","url":"https:\/\/www.ucaldas.edu.co\/portal\/","name":"Universidad de Caldas","description":"","publisher":{"@id":"https:\/\/www.ucaldas.edu.co\/portal\/#organization"},"alternateName":"U. de Caldas","potentialAction":[{"@type":"SearchAction","target":{"@type":"EntryPoint","urlTemplate":"https:\/\/www.ucaldas.edu.co\/portal\/?s={search_term_string}"},"query-input":{"@type":"PropertyValueSpecification","valueRequired":true,"valueName":"search_term_string"}}],"inLanguage":"es"},{"@type":"Organization","@id":"https:\/\/www.ucaldas.edu.co\/portal\/#organization","name":"Universidad de Caldas","alternateName":"U. de Caldas","url":"https:\/\/www.ucaldas.edu.co\/portal\/","logo":{"@type":"ImageObject","inLanguage":"es","@id":"https:\/\/www.ucaldas.edu.co\/portal\/#\/schema\/logo\/image\/","url":"https:\/\/www.ucaldas.edu.co\/portal\/wp-content\/uploads\/2023\/11\/Logo_horizontal_oscuroU-2023.png","contentUrl":"https:\/\/www.ucaldas.edu.co\/portal\/wp-content\/uploads\/2023\/11\/Logo_horizontal_oscuroU-2023.png","width":263,"height":101,"caption":"Universidad de Caldas"},"image":{"@id":"https:\/\/www.ucaldas.edu.co\/portal\/#\/schema\/logo\/image\/"},"sameAs":["https:\/\/www.facebook.com\/udecaldas","https:\/\/x.com\/udecaldas","https:\/\/www.youtube.com\/universidadcaldas","https:\/\/www.instagram.com\/udecaldas\/"]},{"@type":"Person","@id":"https:\/\/www.ucaldas.edu.co\/portal\/#\/schema\/person\/a1b482e23449158b4bc319926c074fdf","name":"ofiprensa","image":{"@type":"ImageObject","inLanguage":"es","@id":"https:\/\/www.ucaldas.edu.co\/portal\/wp-content\/litespeed\/avatar\/09ea5085e600095a7a811142c6944527.jpg?ver=1777497608","url":"https:\/\/www.ucaldas.edu.co\/portal\/wp-content\/litespeed\/avatar\/09ea5085e600095a7a811142c6944527.jpg?ver=1777497608","contentUrl":"https:\/\/www.ucaldas.edu.co\/portal\/wp-content\/litespeed\/avatar\/09ea5085e600095a7a811142c6944527.jpg?ver=1777497608","caption":"ofiprensa"},"url":"https:\/\/www.ucaldas.edu.co\/portal\/author\/ofiprensa\/"}]}},"_links":{"self":[{"href":"https:\/\/www.ucaldas.edu.co\/portal\/wp-json\/wp\/v2\/posts\/67658","targetHints":{"allow":["GET"]}}],"collection":[{"href":"https:\/\/www.ucaldas.edu.co\/portal\/wp-json\/wp\/v2\/posts"}],"about":[{"href":"https:\/\/www.ucaldas.edu.co\/portal\/wp-json\/wp\/v2\/types\/post"}],"author":[{"embeddable":true,"href":"https:\/\/www.ucaldas.edu.co\/portal\/wp-json\/wp\/v2\/users\/2"}],"replies":[{"embeddable":true,"href":"https:\/\/www.ucaldas.edu.co\/portal\/wp-json\/wp\/v2\/comments?post=67658"}],"version-history":[{"count":0,"href":"https:\/\/www.ucaldas.edu.co\/portal\/wp-json\/wp\/v2\/posts\/67658\/revisions"}],"wp:featuredmedia":[{"embeddable":true,"href":"https:\/\/www.ucaldas.edu.co\/portal\/wp-json\/wp\/v2\/media\/67659"}],"wp:attachment":[{"href":"https:\/\/www.ucaldas.edu.co\/portal\/wp-json\/wp\/v2\/media?parent=67658"}],"wp:term":[{"taxonomy":"category","embeddable":true,"href":"https:\/\/www.ucaldas.edu.co\/portal\/wp-json\/wp\/v2\/categories?post=67658"},{"taxonomy":"post_tag","embeddable":true,"href":"https:\/\/www.ucaldas.edu.co\/portal\/wp-json\/wp\/v2\/tags?post=67658"}],"curies":[{"name":"wp","href":"https:\/\/api.w.org\/{rel}","templated":true}]}}