{"id":67618,"date":"2022-01-25T23:16:02","date_gmt":"2022-01-25T23:16:02","guid":{"rendered":"https:\/\/www.ucaldas.edu.co\/portal\/?p=67618"},"modified":"2022-01-25T23:16:02","modified_gmt":"2022-01-25T23:16:02","slug":"maciso-presenta-su-catedra-de-bienvenida-de-semestre-antropologia-de-las-emociones","status":"publish","type":"post","link":"https:\/\/www.ucaldas.edu.co\/portal\/maciso-presenta-su-catedra-de-bienvenida-de-semestre-antropologia-de-las-emociones\/","title":{"rendered":"MACISO presenta su c\u00e1tedra de bienvenida de semestre \u2018Antropolog\u00eda de las emociones\u2019"},"content":{"rendered":"<p><img loading=\"lazy\" decoding=\"async\" class=\"aligncenter wp-image-67619 size-full\" src=\"https:\/\/www.ucaldas.edu.co\/portal\/wp-content\/uploads\/2022\/01\/catedra-de-bienvenida-de-la-maestria-en-ciencias-sociales.jpg\" alt=\"\u00e1tedra de bienvenida al semestre 2022-1 denominada \u2018Antropolog\u00eda de las emociones\u2019.\" width=\"700\" height=\"400\" srcset=\"https:\/\/www.ucaldas.edu.co\/portal\/wp-content\/uploads\/2022\/01\/catedra-de-bienvenida-de-la-maestria-en-ciencias-sociales.jpg 700w, https:\/\/www.ucaldas.edu.co\/portal\/wp-content\/uploads\/2022\/01\/catedra-de-bienvenida-de-la-maestria-en-ciencias-sociales-300x171.jpg 300w\" sizes=\"auto, (max-width: 700px) 100vw, 700px\" \/><\/p>\n<p>La Maestr\u00eda en Ciencias Sociales MACISO de la Universidad de Caldas presentar\u00e1 el viernes 11 de febrero desde las 10:00 a.m. la c\u00e1tedra de bienvenida al semestre 2022-1 denominada \u2018Antropolog\u00eda de las emociones\u2019.<\/p>\n<p><!--more--><\/p>\n<p>El evento estar\u00e1 orientado por Myriam Jimeno Santoyo, una de las antrop\u00f3logas m\u00e1s destacadas de Colombia, que ha trabajado sobre las relaciones inter\u00e9tnicas, en particular sobre las transformaciones hist\u00f3ricas de la pol\u00edtica estatal indigenista. Desde el a\u00f1o 1993 estudia la relaci\u00f3n entre cultura, conflicto social y acciones de violencia, para lo cual conform\u00f3 el grupo de investigaci\u00f3n Conflicto Social y Violencia adscrito al Centro de Estudios Sociales CES.<\/p>\n<p>Jimeno es doctora en Antropolog\u00eda de la Universidad de Brasilia en Brasil; actualmente es investigadora y profesora em\u00e9rita de la Universidad Nacional de Colombia. En 1995 fue galardonada con el premio nacional de Investigaci\u00f3n en Ciencias Sociales y Humanas Alejandro \u00c1ngel Escobar.<\/p>\n<p>Durante la c\u00e1tedra, Jimeno hablar\u00e1 sobre la conformaci\u00f3n hist\u00f3rica de las emociones y su relaci\u00f3n con la cultura y la sociedad, haciendo un recorrido breve por la teor\u00eda antropol\u00f3gica y social, presentando diversos trabajos relacionado con la vida emocional.<\/p>\n<p>La transmisi\u00f3n se realizar\u00e1 a trav\u00e9s del canal de YouTube del Centro Cultural Universitario Rogelio Salmona.<\/p>\n<p><strong><a href=\"https:\/\/www.youtube.com\/channel\/UCYWHePThHwYy6LUrkYR_wKA\">Link del evento.<\/a><\/strong><\/p>\n<p><strong>\u00a0<\/strong><\/p>\n<p><strong>Informes: <\/strong>Oficina de Comunicaciones y Prensa Universidad de Caldas.<\/p>\n<p><strong>Redacci\u00f3n:<\/strong> Mateo Buritic\u00e1 Giraldo<\/p>\n<p>&nbsp;<\/p>\n","protected":false},"excerpt":{"rendered":"<p>La Maestr\u00eda en Ciencias Sociales MACISO de la Universidad de Caldas presentar\u00e1 el viernes 11 de febrero desde las 10:00 a.m. la c\u00e1tedra de bienvenida al semestre 2022-1 denominada \u2018Antropolog\u00eda de las emociones\u2019.<\/p>\n","protected":false},"author":2,"featured_media":67619,"comment_status":"closed","ping_status":"open","sticky":false,"template":"","format":"standard","meta":{"footnotes":""},"categories":[48,53,62],"tags":[7818,7819,7820],"class_list":["post-67618","post","type-post","status-publish","format-standard","has-post-thumbnail","hentry","category-actualidad","category-universidad-al-dia","category-eventos","tag-catedra-maciso","tag-antropologia-de-las-emociones","tag-myriam-jimeno-santoyo"],"yoast_head":"<!-- This site is optimized with the Yoast SEO plugin v27.4 - https:\/\/yoast.com\/product\/yoast-seo-wordpress\/ -->\n<title>MACISO presenta su c\u00e1tedra de bienvenida de semestre \u2018Antropolog\u00eda de las emociones\u2019 .<\/title>\n<meta name=\"robots\" content=\"index, follow, max-snippet:-1, max-image-preview:large, max-video-preview:-1\" \/>\n<link rel=\"canonical\" href=\"https:\/\/www.ucaldas.edu.co\/portal\/maciso-presenta-su-catedra-de-bienvenida-de-semestre-antropologia-de-las-emociones\/\" \/>\n<script type=\"application\/ld+json\" class=\"yoast-schema-graph\">{\"@context\":\"https:\\\/\\\/schema.org\",\"@graph\":[{\"@type\":\"Article\",\"@id\":\"https:\\\/\\\/www.ucaldas.edu.co\\\/portal\\\/maciso-presenta-su-catedra-de-bienvenida-de-semestre-antropologia-de-las-emociones\\\/#article\",\"isPartOf\":{\"@id\":\"https:\\\/\\\/www.ucaldas.edu.co\\\/portal\\\/maciso-presenta-su-catedra-de-bienvenida-de-semestre-antropologia-de-las-emociones\\\/\"},\"author\":{\"name\":\"ofiprensa\",\"@id\":\"https:\\\/\\\/www.ucaldas.edu.co\\\/portal\\\/#\\\/schema\\\/person\\\/a1b482e23449158b4bc319926c074fdf\"},\"headline\":\"MACISO presenta su c\u00e1tedra de bienvenida de semestre \u2018Antropolog\u00eda de las emociones\u2019\",\"datePublished\":\"2022-01-25T23:16:02+00:00\",\"mainEntityOfPage\":{\"@id\":\"https:\\\/\\\/www.ucaldas.edu.co\\\/portal\\\/maciso-presenta-su-catedra-de-bienvenida-de-semestre-antropologia-de-las-emociones\\\/\"},\"wordCount\":249,\"publisher\":{\"@id\":\"https:\\\/\\\/www.ucaldas.edu.co\\\/portal\\\/#organization\"},\"image\":{\"@id\":\"https:\\\/\\\/www.ucaldas.edu.co\\\/portal\\\/maciso-presenta-su-catedra-de-bienvenida-de-semestre-antropologia-de-las-emociones\\\/#primaryimage\"},\"thumbnailUrl\":\"https:\\\/\\\/www.ucaldas.edu.co\\\/portal\\\/wp-content\\\/uploads\\\/2022\\\/01\\\/catedra-de-bienvenida-de-la-maestria-en-ciencias-sociales.jpg\",\"keywords\":[\"c\u00e1tedra maciso\",\"antropolog\u00eda de las emociones\",\"Myriam Jimeno santoyo\"],\"articleSection\":[\"Actualidad\",\"Universidad al D\u00eda\",\"Eventos\"],\"inLanguage\":\"es\"},{\"@type\":\"WebPage\",\"@id\":\"https:\\\/\\\/www.ucaldas.edu.co\\\/portal\\\/maciso-presenta-su-catedra-de-bienvenida-de-semestre-antropologia-de-las-emociones\\\/\",\"url\":\"https:\\\/\\\/www.ucaldas.edu.co\\\/portal\\\/maciso-presenta-su-catedra-de-bienvenida-de-semestre-antropologia-de-las-emociones\\\/\",\"name\":\"MACISO presenta su c\u00e1tedra de bienvenida de semestre \u2018Antropolog\u00eda de las emociones\u2019 .\",\"isPartOf\":{\"@id\":\"https:\\\/\\\/www.ucaldas.edu.co\\\/portal\\\/#website\"},\"primaryImageOfPage\":{\"@id\":\"https:\\\/\\\/www.ucaldas.edu.co\\\/portal\\\/maciso-presenta-su-catedra-de-bienvenida-de-semestre-antropologia-de-las-emociones\\\/#primaryimage\"},\"image\":{\"@id\":\"https:\\\/\\\/www.ucaldas.edu.co\\\/portal\\\/maciso-presenta-su-catedra-de-bienvenida-de-semestre-antropologia-de-las-emociones\\\/#primaryimage\"},\"thumbnailUrl\":\"https:\\\/\\\/www.ucaldas.edu.co\\\/portal\\\/wp-content\\\/uploads\\\/2022\\\/01\\\/catedra-de-bienvenida-de-la-maestria-en-ciencias-sociales.jpg\",\"datePublished\":\"2022-01-25T23:16:02+00:00\",\"breadcrumb\":{\"@id\":\"https:\\\/\\\/www.ucaldas.edu.co\\\/portal\\\/maciso-presenta-su-catedra-de-bienvenida-de-semestre-antropologia-de-las-emociones\\\/#breadcrumb\"},\"inLanguage\":\"es\",\"potentialAction\":[{\"@type\":\"ReadAction\",\"target\":[\"https:\\\/\\\/www.ucaldas.edu.co\\\/portal\\\/maciso-presenta-su-catedra-de-bienvenida-de-semestre-antropologia-de-las-emociones\\\/\"]}]},{\"@type\":\"ImageObject\",\"inLanguage\":\"es\",\"@id\":\"https:\\\/\\\/www.ucaldas.edu.co\\\/portal\\\/maciso-presenta-su-catedra-de-bienvenida-de-semestre-antropologia-de-las-emociones\\\/#primaryimage\",\"url\":\"https:\\\/\\\/www.ucaldas.edu.co\\\/portal\\\/wp-content\\\/uploads\\\/2022\\\/01\\\/catedra-de-bienvenida-de-la-maestria-en-ciencias-sociales.jpg\",\"contentUrl\":\"https:\\\/\\\/www.ucaldas.edu.co\\\/portal\\\/wp-content\\\/uploads\\\/2022\\\/01\\\/catedra-de-bienvenida-de-la-maestria-en-ciencias-sociales.jpg\",\"width\":700,\"height\":400},{\"@type\":\"BreadcrumbList\",\"@id\":\"https:\\\/\\\/www.ucaldas.edu.co\\\/portal\\\/maciso-presenta-su-catedra-de-bienvenida-de-semestre-antropologia-de-las-emociones\\\/#breadcrumb\",\"itemListElement\":[{\"@type\":\"ListItem\",\"position\":1,\"name\":\"Portada\",\"item\":\"https:\\\/\\\/www.ucaldas.edu.co\\\/portal\\\/\"},{\"@type\":\"ListItem\",\"position\":2,\"name\":\"MACISO presenta su c\u00e1tedra de bienvenida de semestre \u2018Antropolog\u00eda de las emociones\u2019\"}]},{\"@type\":\"WebSite\",\"@id\":\"https:\\\/\\\/www.ucaldas.edu.co\\\/portal\\\/#website\",\"url\":\"https:\\\/\\\/www.ucaldas.edu.co\\\/portal\\\/\",\"name\":\"Universidad de Caldas\",\"description\":\"\",\"publisher\":{\"@id\":\"https:\\\/\\\/www.ucaldas.edu.co\\\/portal\\\/#organization\"},\"alternateName\":\"U. de Caldas\",\"potentialAction\":[{\"@type\":\"SearchAction\",\"target\":{\"@type\":\"EntryPoint\",\"urlTemplate\":\"https:\\\/\\\/www.ucaldas.edu.co\\\/portal\\\/?s={search_term_string}\"},\"query-input\":{\"@type\":\"PropertyValueSpecification\",\"valueRequired\":true,\"valueName\":\"search_term_string\"}}],\"inLanguage\":\"es\"},{\"@type\":\"Organization\",\"@id\":\"https:\\\/\\\/www.ucaldas.edu.co\\\/portal\\\/#organization\",\"name\":\"Universidad de Caldas\",\"alternateName\":\"U. de Caldas\",\"url\":\"https:\\\/\\\/www.ucaldas.edu.co\\\/portal\\\/\",\"logo\":{\"@type\":\"ImageObject\",\"inLanguage\":\"es\",\"@id\":\"https:\\\/\\\/www.ucaldas.edu.co\\\/portal\\\/#\\\/schema\\\/logo\\\/image\\\/\",\"url\":\"https:\\\/\\\/www.ucaldas.edu.co\\\/portal\\\/wp-content\\\/uploads\\\/2023\\\/11\\\/Logo_horizontal_oscuroU-2023.png\",\"contentUrl\":\"https:\\\/\\\/www.ucaldas.edu.co\\\/portal\\\/wp-content\\\/uploads\\\/2023\\\/11\\\/Logo_horizontal_oscuroU-2023.png\",\"width\":263,\"height\":101,\"caption\":\"Universidad de Caldas\"},\"image\":{\"@id\":\"https:\\\/\\\/www.ucaldas.edu.co\\\/portal\\\/#\\\/schema\\\/logo\\\/image\\\/\"},\"sameAs\":[\"https:\\\/\\\/www.facebook.com\\\/udecaldas\",\"https:\\\/\\\/x.com\\\/udecaldas\",\"https:\\\/\\\/www.youtube.com\\\/universidadcaldas\",\"https:\\\/\\\/www.instagram.com\\\/udecaldas\\\/\"]},{\"@type\":\"Person\",\"@id\":\"https:\\\/\\\/www.ucaldas.edu.co\\\/portal\\\/#\\\/schema\\\/person\\\/a1b482e23449158b4bc319926c074fdf\",\"name\":\"ofiprensa\",\"image\":{\"@type\":\"ImageObject\",\"inLanguage\":\"es\",\"@id\":\"https:\\\/\\\/www.ucaldas.edu.co\\\/portal\\\/wp-content\\\/litespeed\\\/avatar\\\/09ea5085e600095a7a811142c6944527.jpg?ver=1776892805\",\"url\":\"https:\\\/\\\/www.ucaldas.edu.co\\\/portal\\\/wp-content\\\/litespeed\\\/avatar\\\/09ea5085e600095a7a811142c6944527.jpg?ver=1776892805\",\"contentUrl\":\"https:\\\/\\\/www.ucaldas.edu.co\\\/portal\\\/wp-content\\\/litespeed\\\/avatar\\\/09ea5085e600095a7a811142c6944527.jpg?ver=1776892805\",\"caption\":\"ofiprensa\"},\"url\":\"https:\\\/\\\/www.ucaldas.edu.co\\\/portal\\\/author\\\/ofiprensa\\\/\"}]}<\/script>\n<!-- \/ Yoast SEO plugin. -->","yoast_head_json":{"title":"MACISO presenta su c\u00e1tedra de bienvenida de semestre \u2018Antropolog\u00eda de las emociones\u2019 .","robots":{"index":"index","follow":"follow","max-snippet":"max-snippet:-1","max-image-preview":"max-image-preview:large","max-video-preview":"max-video-preview:-1"},"canonical":"https:\/\/www.ucaldas.edu.co\/portal\/maciso-presenta-su-catedra-de-bienvenida-de-semestre-antropologia-de-las-emociones\/","schema":{"@context":"https:\/\/schema.org","@graph":[{"@type":"Article","@id":"https:\/\/www.ucaldas.edu.co\/portal\/maciso-presenta-su-catedra-de-bienvenida-de-semestre-antropologia-de-las-emociones\/#article","isPartOf":{"@id":"https:\/\/www.ucaldas.edu.co\/portal\/maciso-presenta-su-catedra-de-bienvenida-de-semestre-antropologia-de-las-emociones\/"},"author":{"name":"ofiprensa","@id":"https:\/\/www.ucaldas.edu.co\/portal\/#\/schema\/person\/a1b482e23449158b4bc319926c074fdf"},"headline":"MACISO presenta su c\u00e1tedra de bienvenida de semestre \u2018Antropolog\u00eda de las emociones\u2019","datePublished":"2022-01-25T23:16:02+00:00","mainEntityOfPage":{"@id":"https:\/\/www.ucaldas.edu.co\/portal\/maciso-presenta-su-catedra-de-bienvenida-de-semestre-antropologia-de-las-emociones\/"},"wordCount":249,"publisher":{"@id":"https:\/\/www.ucaldas.edu.co\/portal\/#organization"},"image":{"@id":"https:\/\/www.ucaldas.edu.co\/portal\/maciso-presenta-su-catedra-de-bienvenida-de-semestre-antropologia-de-las-emociones\/#primaryimage"},"thumbnailUrl":"https:\/\/www.ucaldas.edu.co\/portal\/wp-content\/uploads\/2022\/01\/catedra-de-bienvenida-de-la-maestria-en-ciencias-sociales.jpg","keywords":["c\u00e1tedra maciso","antropolog\u00eda de las emociones","Myriam Jimeno santoyo"],"articleSection":["Actualidad","Universidad al D\u00eda","Eventos"],"inLanguage":"es"},{"@type":"WebPage","@id":"https:\/\/www.ucaldas.edu.co\/portal\/maciso-presenta-su-catedra-de-bienvenida-de-semestre-antropologia-de-las-emociones\/","url":"https:\/\/www.ucaldas.edu.co\/portal\/maciso-presenta-su-catedra-de-bienvenida-de-semestre-antropologia-de-las-emociones\/","name":"MACISO presenta su c\u00e1tedra de bienvenida de semestre \u2018Antropolog\u00eda de las emociones\u2019 .","isPartOf":{"@id":"https:\/\/www.ucaldas.edu.co\/portal\/#website"},"primaryImageOfPage":{"@id":"https:\/\/www.ucaldas.edu.co\/portal\/maciso-presenta-su-catedra-de-bienvenida-de-semestre-antropologia-de-las-emociones\/#primaryimage"},"image":{"@id":"https:\/\/www.ucaldas.edu.co\/portal\/maciso-presenta-su-catedra-de-bienvenida-de-semestre-antropologia-de-las-emociones\/#primaryimage"},"thumbnailUrl":"https:\/\/www.ucaldas.edu.co\/portal\/wp-content\/uploads\/2022\/01\/catedra-de-bienvenida-de-la-maestria-en-ciencias-sociales.jpg","datePublished":"2022-01-25T23:16:02+00:00","breadcrumb":{"@id":"https:\/\/www.ucaldas.edu.co\/portal\/maciso-presenta-su-catedra-de-bienvenida-de-semestre-antropologia-de-las-emociones\/#breadcrumb"},"inLanguage":"es","potentialAction":[{"@type":"ReadAction","target":["https:\/\/www.ucaldas.edu.co\/portal\/maciso-presenta-su-catedra-de-bienvenida-de-semestre-antropologia-de-las-emociones\/"]}]},{"@type":"ImageObject","inLanguage":"es","@id":"https:\/\/www.ucaldas.edu.co\/portal\/maciso-presenta-su-catedra-de-bienvenida-de-semestre-antropologia-de-las-emociones\/#primaryimage","url":"https:\/\/www.ucaldas.edu.co\/portal\/wp-content\/uploads\/2022\/01\/catedra-de-bienvenida-de-la-maestria-en-ciencias-sociales.jpg","contentUrl":"https:\/\/www.ucaldas.edu.co\/portal\/wp-content\/uploads\/2022\/01\/catedra-de-bienvenida-de-la-maestria-en-ciencias-sociales.jpg","width":700,"height":400},{"@type":"BreadcrumbList","@id":"https:\/\/www.ucaldas.edu.co\/portal\/maciso-presenta-su-catedra-de-bienvenida-de-semestre-antropologia-de-las-emociones\/#breadcrumb","itemListElement":[{"@type":"ListItem","position":1,"name":"Portada","item":"https:\/\/www.ucaldas.edu.co\/portal\/"},{"@type":"ListItem","position":2,"name":"MACISO presenta su c\u00e1tedra de bienvenida de semestre \u2018Antropolog\u00eda de las emociones\u2019"}]},{"@type":"WebSite","@id":"https:\/\/www.ucaldas.edu.co\/portal\/#website","url":"https:\/\/www.ucaldas.edu.co\/portal\/","name":"Universidad de Caldas","description":"","publisher":{"@id":"https:\/\/www.ucaldas.edu.co\/portal\/#organization"},"alternateName":"U. de Caldas","potentialAction":[{"@type":"SearchAction","target":{"@type":"EntryPoint","urlTemplate":"https:\/\/www.ucaldas.edu.co\/portal\/?s={search_term_string}"},"query-input":{"@type":"PropertyValueSpecification","valueRequired":true,"valueName":"search_term_string"}}],"inLanguage":"es"},{"@type":"Organization","@id":"https:\/\/www.ucaldas.edu.co\/portal\/#organization","name":"Universidad de Caldas","alternateName":"U. de Caldas","url":"https:\/\/www.ucaldas.edu.co\/portal\/","logo":{"@type":"ImageObject","inLanguage":"es","@id":"https:\/\/www.ucaldas.edu.co\/portal\/#\/schema\/logo\/image\/","url":"https:\/\/www.ucaldas.edu.co\/portal\/wp-content\/uploads\/2023\/11\/Logo_horizontal_oscuroU-2023.png","contentUrl":"https:\/\/www.ucaldas.edu.co\/portal\/wp-content\/uploads\/2023\/11\/Logo_horizontal_oscuroU-2023.png","width":263,"height":101,"caption":"Universidad de Caldas"},"image":{"@id":"https:\/\/www.ucaldas.edu.co\/portal\/#\/schema\/logo\/image\/"},"sameAs":["https:\/\/www.facebook.com\/udecaldas","https:\/\/x.com\/udecaldas","https:\/\/www.youtube.com\/universidadcaldas","https:\/\/www.instagram.com\/udecaldas\/"]},{"@type":"Person","@id":"https:\/\/www.ucaldas.edu.co\/portal\/#\/schema\/person\/a1b482e23449158b4bc319926c074fdf","name":"ofiprensa","image":{"@type":"ImageObject","inLanguage":"es","@id":"https:\/\/www.ucaldas.edu.co\/portal\/wp-content\/litespeed\/avatar\/09ea5085e600095a7a811142c6944527.jpg?ver=1776892805","url":"https:\/\/www.ucaldas.edu.co\/portal\/wp-content\/litespeed\/avatar\/09ea5085e600095a7a811142c6944527.jpg?ver=1776892805","contentUrl":"https:\/\/www.ucaldas.edu.co\/portal\/wp-content\/litespeed\/avatar\/09ea5085e600095a7a811142c6944527.jpg?ver=1776892805","caption":"ofiprensa"},"url":"https:\/\/www.ucaldas.edu.co\/portal\/author\/ofiprensa\/"}]}},"_links":{"self":[{"href":"https:\/\/www.ucaldas.edu.co\/portal\/wp-json\/wp\/v2\/posts\/67618","targetHints":{"allow":["GET"]}}],"collection":[{"href":"https:\/\/www.ucaldas.edu.co\/portal\/wp-json\/wp\/v2\/posts"}],"about":[{"href":"https:\/\/www.ucaldas.edu.co\/portal\/wp-json\/wp\/v2\/types\/post"}],"author":[{"embeddable":true,"href":"https:\/\/www.ucaldas.edu.co\/portal\/wp-json\/wp\/v2\/users\/2"}],"replies":[{"embeddable":true,"href":"https:\/\/www.ucaldas.edu.co\/portal\/wp-json\/wp\/v2\/comments?post=67618"}],"version-history":[{"count":0,"href":"https:\/\/www.ucaldas.edu.co\/portal\/wp-json\/wp\/v2\/posts\/67618\/revisions"}],"wp:featuredmedia":[{"embeddable":true,"href":"https:\/\/www.ucaldas.edu.co\/portal\/wp-json\/wp\/v2\/media\/67619"}],"wp:attachment":[{"href":"https:\/\/www.ucaldas.edu.co\/portal\/wp-json\/wp\/v2\/media?parent=67618"}],"wp:term":[{"taxonomy":"category","embeddable":true,"href":"https:\/\/www.ucaldas.edu.co\/portal\/wp-json\/wp\/v2\/categories?post=67618"},{"taxonomy":"post_tag","embeddable":true,"href":"https:\/\/www.ucaldas.edu.co\/portal\/wp-json\/wp\/v2\/tags?post=67618"}],"curies":[{"name":"wp","href":"https:\/\/api.w.org\/{rel}","templated":true}]}}