{"id":67599,"date":"2022-01-25T23:17:54","date_gmt":"2022-01-25T23:17:54","guid":{"rendered":"https:\/\/www.ucaldas.edu.co\/portal\/?p=67599"},"modified":"2022-01-25T23:42:28","modified_gmt":"2022-01-25T23:42:28","slug":"convocatoria-y-cronograma-para-la-designacion-de-rector-universidad-de-caldas-para-el-periodo-2022-2026","status":"publish","type":"post","link":"https:\/\/www.ucaldas.edu.co\/portal\/convocatoria-y-cronograma-para-la-designacion-de-rector-universidad-de-caldas-para-el-periodo-2022-2026\/","title":{"rendered":"Convocatoria y cronograma para la designaci\u00f3n de rector Universidad de Caldas para el periodo 2022 &#8211; 2026"},"content":{"rendered":"<p><img loading=\"lazy\" decoding=\"async\" class=\"aligncenter wp-image-63403 size-full\" src=\"https:\/\/www.ucaldas.edu.co\/portal\/wp-content\/uploads\/2021\/06\/consejo-superior.jpg\" alt=\"\" width=\"700\" height=\"400\" srcset=\"https:\/\/www.ucaldas.edu.co\/portal\/wp-content\/uploads\/2021\/06\/consejo-superior.jpg 700w, https:\/\/www.ucaldas.edu.co\/portal\/wp-content\/uploads\/2021\/06\/consejo-superior-300x171.jpg 300w\" sizes=\"auto, (max-width: 700px) 100vw, 700px\" \/><\/p>\n<p style=\"text-align: justify;\">El Consejo Superior de la Universidad de Caldas por medio del Acuerdo 02 de 2022 estableci\u00f3 la convocatoria y cronograma para la designaci\u00f3n de rector en la instituci\u00f3n para el periodo 2022 \u2013 2026, fijando adem\u00e1s los criterios de evaluaci\u00f3n de los candidatos.<\/p>\n<p style=\"text-align: justify;\"><!--more--><\/p>\n<p style=\"text-align: justify;\">Las inscripciones de los aspirantes se har\u00e1n por medio del correo electr\u00f3nico de la Secretar\u00eda General <a href=\"mailto:sgeneral@ucaldas.edu.co\">sgeneral@ucaldas.edu.co<\/a>. Estas estar\u00e1n abiertas desde el martes 1 de febrero a las 07:45 a.m. hasta el 11 de febrero de a las 05:45 p.m., por fuera de este t\u00e9rmino se consideran extempor\u00e1neos y no inscritos.<\/p>\n<p style=\"text-align: justify;\">La inscripci\u00f3n debe radicarse en el formato dispuesto para tal efecto, debidamente diligenciado y suscrito por el candidato; acompa\u00f1ando de los documentos que acrediten el cumplimiento de los requisitos establecidos as\u00ed como la propuesta de gobierno.<\/p>\n<p style=\"text-align: justify;\">Los criterios con los que se analizar\u00e1n las propuestas de gobierno, considerando los principios rectores contenidos en el Estatuto General y el Proyecto Educativo Institucional, son los siguientes:<\/p>\n<ul style=\"text-align: justify;\">\n<li>Nivel de formaci\u00f3n acad\u00e9mica.<\/li>\n<li>Experiencia profesional acad\u00e9mico \u2013 administrativa.<\/li>\n<li>Armonizaci\u00f3n de la propuesta de gobierno con el Plan de Desarrollo Institucional y Proyecto Educativo Institucional.<\/li>\n<li>Conocimiento institucional y de las necesidades del entorno: Visi\u00f3n proyectiva.<\/li>\n<\/ul>\n<p>El d\u00eda h\u00e1bil siguiente a la finalizaci\u00f3n de las inscripciones, lunes 14 de febrero de 2020, la Secretar\u00eda General remitir\u00e1 al Comit\u00e9 Central de Elecciones las candidaturas inscritas y se \u00a0verificar\u00e1n el cumplimiento de los requisitos por parte de los aspirantes.<\/p>\n<p style=\"text-align: justify;\">Las personas interesadas en participar pueden conocer la convocatoria y cronograma completo en el siguiente link: <strong><a href=\"https:\/\/www.ucaldas.edu.co\/portal\/wp-content\/uploads\/2022\/01\/02-Cronograma-eleccion-Rector-V1.pdf\">Acuerdo 02 de 2022.\u00a0<\/a><\/strong><\/p>\n<p>&nbsp;<\/p>\n<p><strong>Anexo:<\/strong><\/p>\n<p><strong><a href=\"https:\/\/www.ivoox.com\/carolina-lopez-sanchez-8211-secretaria-general-universidad-de-audios-mp3_rf_81364273_1.html\">Audio Carolina L\u00f3pez S\u00e1nchez &#8211; Secretaria General Universidad de Caldas<\/a><\/strong><\/p>\n<p><iframe loading=\"lazy\" src=\"https:\/\/co.ivoox.com\/es\/player_ek_81364273_2_1.html?data=mZagmJmWe5Shhpywj5WVaZS1kpaah5yncZKhhpywj5WRaZi3jpWah5yncaTV09TZy9PFb62ZpJiSpJjUqduftIqwlYqldc_XycrnkJCJdpeZk5illJaVaZS2jLjSxdfJuMLmysaYqcrSqdPVzZDC0JKJe6ShpMbZxsbXb6LYzpDCj4qbh46o&amp;\" width=\"238\" height=\"48\" frameborder=\"0\" scrolling=\"no\" allowfullscreen=\"allowfullscreen\"><\/iframe><\/p>\n<p>&nbsp;<\/p>\n<p><strong>Informes: <\/strong>Oficina de Comunicaciones y Prensa Universidad de Caldas.<\/p>\n<p><strong>Redacci\u00f3n:<\/strong> Mateo Buritic\u00e1 Giraldo<\/p>\n","protected":false},"excerpt":{"rendered":"<p>El Consejo Superior de la Universidad de Caldas por medio del Acuerdo 02 de 2022 estableci\u00f3 la convocatoria y cronograma para la designaci\u00f3n de rector en la instituci\u00f3n para el periodo 2022 \u2013 2026, fijando adem\u00e1s los criterios de evaluaci\u00f3n de los candidatos.<\/p>\n","protected":false},"author":2,"featured_media":63403,"comment_status":"closed","ping_status":"open","sticky":false,"template":"","format":"standard","meta":{"footnotes":""},"categories":[48,53,620],"tags":[6266,7809,7810],"class_list":["post-67599","post","type-post","status-publish","format-standard","has-post-thumbnail","hentry","category-actualidad","category-universidad-al-dia","category-ucaldas-transparente","tag-elecciones-universidad-de-caldas","tag-eleccion-rector-u-de-caldas","tag-cronograma-elecciones"],"yoast_head":"<!-- This site is optimized with the Yoast SEO plugin v27.4 - https:\/\/yoast.com\/product\/yoast-seo-wordpress\/ -->\n<title>Convocatoria y cronograma para la designaci\u00f3n de rector Universidad de Caldas para el periodo 2022 - 2026 .<\/title>\n<meta name=\"robots\" content=\"index, follow, max-snippet:-1, max-image-preview:large, max-video-preview:-1\" \/>\n<link rel=\"canonical\" href=\"https:\/\/www.ucaldas.edu.co\/portal\/convocatoria-y-cronograma-para-la-designacion-de-rector-universidad-de-caldas-para-el-periodo-2022-2026\/\" \/>\n<script type=\"application\/ld+json\" class=\"yoast-schema-graph\">{\"@context\":\"https:\\\/\\\/schema.org\",\"@graph\":[{\"@type\":\"Article\",\"@id\":\"https:\\\/\\\/www.ucaldas.edu.co\\\/portal\\\/convocatoria-y-cronograma-para-la-designacion-de-rector-universidad-de-caldas-para-el-periodo-2022-2026\\\/#article\",\"isPartOf\":{\"@id\":\"https:\\\/\\\/www.ucaldas.edu.co\\\/portal\\\/convocatoria-y-cronograma-para-la-designacion-de-rector-universidad-de-caldas-para-el-periodo-2022-2026\\\/\"},\"author\":{\"name\":\"ofiprensa\",\"@id\":\"https:\\\/\\\/www.ucaldas.edu.co\\\/portal\\\/#\\\/schema\\\/person\\\/a1b482e23449158b4bc319926c074fdf\"},\"headline\":\"Convocatoria y cronograma para la designaci\u00f3n de rector Universidad de Caldas para el periodo 2022 &#8211; 2026\",\"datePublished\":\"2022-01-25T23:17:54+00:00\",\"dateModified\":\"2022-01-25T23:42:28+00:00\",\"mainEntityOfPage\":{\"@id\":\"https:\\\/\\\/www.ucaldas.edu.co\\\/portal\\\/convocatoria-y-cronograma-para-la-designacion-de-rector-universidad-de-caldas-para-el-periodo-2022-2026\\\/\"},\"wordCount\":313,\"publisher\":{\"@id\":\"https:\\\/\\\/www.ucaldas.edu.co\\\/portal\\\/#organization\"},\"image\":{\"@id\":\"https:\\\/\\\/www.ucaldas.edu.co\\\/portal\\\/convocatoria-y-cronograma-para-la-designacion-de-rector-universidad-de-caldas-para-el-periodo-2022-2026\\\/#primaryimage\"},\"thumbnailUrl\":\"https:\\\/\\\/www.ucaldas.edu.co\\\/portal\\\/wp-content\\\/uploads\\\/2021\\\/06\\\/consejo-superior.jpg\",\"keywords\":[\"elecciones universidad de caldas\",\"elecci\u00f3n rector u de caldas\",\"cronograma elecciones\"],\"articleSection\":[\"Actualidad\",\"Universidad al D\u00eda\",\"UCaldas Transparente\"],\"inLanguage\":\"es\"},{\"@type\":\"WebPage\",\"@id\":\"https:\\\/\\\/www.ucaldas.edu.co\\\/portal\\\/convocatoria-y-cronograma-para-la-designacion-de-rector-universidad-de-caldas-para-el-periodo-2022-2026\\\/\",\"url\":\"https:\\\/\\\/www.ucaldas.edu.co\\\/portal\\\/convocatoria-y-cronograma-para-la-designacion-de-rector-universidad-de-caldas-para-el-periodo-2022-2026\\\/\",\"name\":\"Convocatoria y cronograma para la designaci\u00f3n de rector Universidad de Caldas para el periodo 2022 - 2026 .\",\"isPartOf\":{\"@id\":\"https:\\\/\\\/www.ucaldas.edu.co\\\/portal\\\/#website\"},\"primaryImageOfPage\":{\"@id\":\"https:\\\/\\\/www.ucaldas.edu.co\\\/portal\\\/convocatoria-y-cronograma-para-la-designacion-de-rector-universidad-de-caldas-para-el-periodo-2022-2026\\\/#primaryimage\"},\"image\":{\"@id\":\"https:\\\/\\\/www.ucaldas.edu.co\\\/portal\\\/convocatoria-y-cronograma-para-la-designacion-de-rector-universidad-de-caldas-para-el-periodo-2022-2026\\\/#primaryimage\"},\"thumbnailUrl\":\"https:\\\/\\\/www.ucaldas.edu.co\\\/portal\\\/wp-content\\\/uploads\\\/2021\\\/06\\\/consejo-superior.jpg\",\"datePublished\":\"2022-01-25T23:17:54+00:00\",\"dateModified\":\"2022-01-25T23:42:28+00:00\",\"breadcrumb\":{\"@id\":\"https:\\\/\\\/www.ucaldas.edu.co\\\/portal\\\/convocatoria-y-cronograma-para-la-designacion-de-rector-universidad-de-caldas-para-el-periodo-2022-2026\\\/#breadcrumb\"},\"inLanguage\":\"es\",\"potentialAction\":[{\"@type\":\"ReadAction\",\"target\":[\"https:\\\/\\\/www.ucaldas.edu.co\\\/portal\\\/convocatoria-y-cronograma-para-la-designacion-de-rector-universidad-de-caldas-para-el-periodo-2022-2026\\\/\"]}]},{\"@type\":\"ImageObject\",\"inLanguage\":\"es\",\"@id\":\"https:\\\/\\\/www.ucaldas.edu.co\\\/portal\\\/convocatoria-y-cronograma-para-la-designacion-de-rector-universidad-de-caldas-para-el-periodo-2022-2026\\\/#primaryimage\",\"url\":\"https:\\\/\\\/www.ucaldas.edu.co\\\/portal\\\/wp-content\\\/uploads\\\/2021\\\/06\\\/consejo-superior.jpg\",\"contentUrl\":\"https:\\\/\\\/www.ucaldas.edu.co\\\/portal\\\/wp-content\\\/uploads\\\/2021\\\/06\\\/consejo-superior.jpg\",\"width\":700,\"height\":400,\"caption\":\"Estatutos, Reglamentos y Acuerdos del Consejo Superior y Acad\u00e9mico\"},{\"@type\":\"BreadcrumbList\",\"@id\":\"https:\\\/\\\/www.ucaldas.edu.co\\\/portal\\\/convocatoria-y-cronograma-para-la-designacion-de-rector-universidad-de-caldas-para-el-periodo-2022-2026\\\/#breadcrumb\",\"itemListElement\":[{\"@type\":\"ListItem\",\"position\":1,\"name\":\"Portada\",\"item\":\"https:\\\/\\\/www.ucaldas.edu.co\\\/portal\\\/\"},{\"@type\":\"ListItem\",\"position\":2,\"name\":\"Convocatoria y cronograma para la designaci\u00f3n de rector Universidad de Caldas para el periodo 2022 &#8211; 2026\"}]},{\"@type\":\"WebSite\",\"@id\":\"https:\\\/\\\/www.ucaldas.edu.co\\\/portal\\\/#website\",\"url\":\"https:\\\/\\\/www.ucaldas.edu.co\\\/portal\\\/\",\"name\":\"Universidad de Caldas\",\"description\":\"\",\"publisher\":{\"@id\":\"https:\\\/\\\/www.ucaldas.edu.co\\\/portal\\\/#organization\"},\"alternateName\":\"U. de Caldas\",\"potentialAction\":[{\"@type\":\"SearchAction\",\"target\":{\"@type\":\"EntryPoint\",\"urlTemplate\":\"https:\\\/\\\/www.ucaldas.edu.co\\\/portal\\\/?s={search_term_string}\"},\"query-input\":{\"@type\":\"PropertyValueSpecification\",\"valueRequired\":true,\"valueName\":\"search_term_string\"}}],\"inLanguage\":\"es\"},{\"@type\":\"Organization\",\"@id\":\"https:\\\/\\\/www.ucaldas.edu.co\\\/portal\\\/#organization\",\"name\":\"Universidad de Caldas\",\"alternateName\":\"U. de Caldas\",\"url\":\"https:\\\/\\\/www.ucaldas.edu.co\\\/portal\\\/\",\"logo\":{\"@type\":\"ImageObject\",\"inLanguage\":\"es\",\"@id\":\"https:\\\/\\\/www.ucaldas.edu.co\\\/portal\\\/#\\\/schema\\\/logo\\\/image\\\/\",\"url\":\"https:\\\/\\\/www.ucaldas.edu.co\\\/portal\\\/wp-content\\\/uploads\\\/2023\\\/11\\\/Logo_horizontal_oscuroU-2023.png\",\"contentUrl\":\"https:\\\/\\\/www.ucaldas.edu.co\\\/portal\\\/wp-content\\\/uploads\\\/2023\\\/11\\\/Logo_horizontal_oscuroU-2023.png\",\"width\":263,\"height\":101,\"caption\":\"Universidad de Caldas\"},\"image\":{\"@id\":\"https:\\\/\\\/www.ucaldas.edu.co\\\/portal\\\/#\\\/schema\\\/logo\\\/image\\\/\"},\"sameAs\":[\"https:\\\/\\\/www.facebook.com\\\/udecaldas\",\"https:\\\/\\\/x.com\\\/udecaldas\",\"https:\\\/\\\/www.youtube.com\\\/universidadcaldas\",\"https:\\\/\\\/www.instagram.com\\\/udecaldas\\\/\"]},{\"@type\":\"Person\",\"@id\":\"https:\\\/\\\/www.ucaldas.edu.co\\\/portal\\\/#\\\/schema\\\/person\\\/a1b482e23449158b4bc319926c074fdf\",\"name\":\"ofiprensa\",\"image\":{\"@type\":\"ImageObject\",\"inLanguage\":\"es\",\"@id\":\"https:\\\/\\\/www.ucaldas.edu.co\\\/portal\\\/wp-content\\\/litespeed\\\/avatar\\\/09ea5085e600095a7a811142c6944527.jpg?ver=1776892805\",\"url\":\"https:\\\/\\\/www.ucaldas.edu.co\\\/portal\\\/wp-content\\\/litespeed\\\/avatar\\\/09ea5085e600095a7a811142c6944527.jpg?ver=1776892805\",\"contentUrl\":\"https:\\\/\\\/www.ucaldas.edu.co\\\/portal\\\/wp-content\\\/litespeed\\\/avatar\\\/09ea5085e600095a7a811142c6944527.jpg?ver=1776892805\",\"caption\":\"ofiprensa\"},\"url\":\"https:\\\/\\\/www.ucaldas.edu.co\\\/portal\\\/author\\\/ofiprensa\\\/\"}]}<\/script>\n<!-- \/ Yoast SEO plugin. -->","yoast_head_json":{"title":"Convocatoria y cronograma para la designaci\u00f3n de rector Universidad de Caldas para el periodo 2022 - 2026 .","robots":{"index":"index","follow":"follow","max-snippet":"max-snippet:-1","max-image-preview":"max-image-preview:large","max-video-preview":"max-video-preview:-1"},"canonical":"https:\/\/www.ucaldas.edu.co\/portal\/convocatoria-y-cronograma-para-la-designacion-de-rector-universidad-de-caldas-para-el-periodo-2022-2026\/","schema":{"@context":"https:\/\/schema.org","@graph":[{"@type":"Article","@id":"https:\/\/www.ucaldas.edu.co\/portal\/convocatoria-y-cronograma-para-la-designacion-de-rector-universidad-de-caldas-para-el-periodo-2022-2026\/#article","isPartOf":{"@id":"https:\/\/www.ucaldas.edu.co\/portal\/convocatoria-y-cronograma-para-la-designacion-de-rector-universidad-de-caldas-para-el-periodo-2022-2026\/"},"author":{"name":"ofiprensa","@id":"https:\/\/www.ucaldas.edu.co\/portal\/#\/schema\/person\/a1b482e23449158b4bc319926c074fdf"},"headline":"Convocatoria y cronograma para la designaci\u00f3n de rector Universidad de Caldas para el periodo 2022 &#8211; 2026","datePublished":"2022-01-25T23:17:54+00:00","dateModified":"2022-01-25T23:42:28+00:00","mainEntityOfPage":{"@id":"https:\/\/www.ucaldas.edu.co\/portal\/convocatoria-y-cronograma-para-la-designacion-de-rector-universidad-de-caldas-para-el-periodo-2022-2026\/"},"wordCount":313,"publisher":{"@id":"https:\/\/www.ucaldas.edu.co\/portal\/#organization"},"image":{"@id":"https:\/\/www.ucaldas.edu.co\/portal\/convocatoria-y-cronograma-para-la-designacion-de-rector-universidad-de-caldas-para-el-periodo-2022-2026\/#primaryimage"},"thumbnailUrl":"https:\/\/www.ucaldas.edu.co\/portal\/wp-content\/uploads\/2021\/06\/consejo-superior.jpg","keywords":["elecciones universidad de caldas","elecci\u00f3n rector u de caldas","cronograma elecciones"],"articleSection":["Actualidad","Universidad al D\u00eda","UCaldas Transparente"],"inLanguage":"es"},{"@type":"WebPage","@id":"https:\/\/www.ucaldas.edu.co\/portal\/convocatoria-y-cronograma-para-la-designacion-de-rector-universidad-de-caldas-para-el-periodo-2022-2026\/","url":"https:\/\/www.ucaldas.edu.co\/portal\/convocatoria-y-cronograma-para-la-designacion-de-rector-universidad-de-caldas-para-el-periodo-2022-2026\/","name":"Convocatoria y cronograma para la designaci\u00f3n de rector Universidad de Caldas para el periodo 2022 - 2026 .","isPartOf":{"@id":"https:\/\/www.ucaldas.edu.co\/portal\/#website"},"primaryImageOfPage":{"@id":"https:\/\/www.ucaldas.edu.co\/portal\/convocatoria-y-cronograma-para-la-designacion-de-rector-universidad-de-caldas-para-el-periodo-2022-2026\/#primaryimage"},"image":{"@id":"https:\/\/www.ucaldas.edu.co\/portal\/convocatoria-y-cronograma-para-la-designacion-de-rector-universidad-de-caldas-para-el-periodo-2022-2026\/#primaryimage"},"thumbnailUrl":"https:\/\/www.ucaldas.edu.co\/portal\/wp-content\/uploads\/2021\/06\/consejo-superior.jpg","datePublished":"2022-01-25T23:17:54+00:00","dateModified":"2022-01-25T23:42:28+00:00","breadcrumb":{"@id":"https:\/\/www.ucaldas.edu.co\/portal\/convocatoria-y-cronograma-para-la-designacion-de-rector-universidad-de-caldas-para-el-periodo-2022-2026\/#breadcrumb"},"inLanguage":"es","potentialAction":[{"@type":"ReadAction","target":["https:\/\/www.ucaldas.edu.co\/portal\/convocatoria-y-cronograma-para-la-designacion-de-rector-universidad-de-caldas-para-el-periodo-2022-2026\/"]}]},{"@type":"ImageObject","inLanguage":"es","@id":"https:\/\/www.ucaldas.edu.co\/portal\/convocatoria-y-cronograma-para-la-designacion-de-rector-universidad-de-caldas-para-el-periodo-2022-2026\/#primaryimage","url":"https:\/\/www.ucaldas.edu.co\/portal\/wp-content\/uploads\/2021\/06\/consejo-superior.jpg","contentUrl":"https:\/\/www.ucaldas.edu.co\/portal\/wp-content\/uploads\/2021\/06\/consejo-superior.jpg","width":700,"height":400,"caption":"Estatutos, Reglamentos y Acuerdos del Consejo Superior y Acad\u00e9mico"},{"@type":"BreadcrumbList","@id":"https:\/\/www.ucaldas.edu.co\/portal\/convocatoria-y-cronograma-para-la-designacion-de-rector-universidad-de-caldas-para-el-periodo-2022-2026\/#breadcrumb","itemListElement":[{"@type":"ListItem","position":1,"name":"Portada","item":"https:\/\/www.ucaldas.edu.co\/portal\/"},{"@type":"ListItem","position":2,"name":"Convocatoria y cronograma para la designaci\u00f3n de rector Universidad de Caldas para el periodo 2022 &#8211; 2026"}]},{"@type":"WebSite","@id":"https:\/\/www.ucaldas.edu.co\/portal\/#website","url":"https:\/\/www.ucaldas.edu.co\/portal\/","name":"Universidad de Caldas","description":"","publisher":{"@id":"https:\/\/www.ucaldas.edu.co\/portal\/#organization"},"alternateName":"U. de Caldas","potentialAction":[{"@type":"SearchAction","target":{"@type":"EntryPoint","urlTemplate":"https:\/\/www.ucaldas.edu.co\/portal\/?s={search_term_string}"},"query-input":{"@type":"PropertyValueSpecification","valueRequired":true,"valueName":"search_term_string"}}],"inLanguage":"es"},{"@type":"Organization","@id":"https:\/\/www.ucaldas.edu.co\/portal\/#organization","name":"Universidad de Caldas","alternateName":"U. de Caldas","url":"https:\/\/www.ucaldas.edu.co\/portal\/","logo":{"@type":"ImageObject","inLanguage":"es","@id":"https:\/\/www.ucaldas.edu.co\/portal\/#\/schema\/logo\/image\/","url":"https:\/\/www.ucaldas.edu.co\/portal\/wp-content\/uploads\/2023\/11\/Logo_horizontal_oscuroU-2023.png","contentUrl":"https:\/\/www.ucaldas.edu.co\/portal\/wp-content\/uploads\/2023\/11\/Logo_horizontal_oscuroU-2023.png","width":263,"height":101,"caption":"Universidad de Caldas"},"image":{"@id":"https:\/\/www.ucaldas.edu.co\/portal\/#\/schema\/logo\/image\/"},"sameAs":["https:\/\/www.facebook.com\/udecaldas","https:\/\/x.com\/udecaldas","https:\/\/www.youtube.com\/universidadcaldas","https:\/\/www.instagram.com\/udecaldas\/"]},{"@type":"Person","@id":"https:\/\/www.ucaldas.edu.co\/portal\/#\/schema\/person\/a1b482e23449158b4bc319926c074fdf","name":"ofiprensa","image":{"@type":"ImageObject","inLanguage":"es","@id":"https:\/\/www.ucaldas.edu.co\/portal\/wp-content\/litespeed\/avatar\/09ea5085e600095a7a811142c6944527.jpg?ver=1776892805","url":"https:\/\/www.ucaldas.edu.co\/portal\/wp-content\/litespeed\/avatar\/09ea5085e600095a7a811142c6944527.jpg?ver=1776892805","contentUrl":"https:\/\/www.ucaldas.edu.co\/portal\/wp-content\/litespeed\/avatar\/09ea5085e600095a7a811142c6944527.jpg?ver=1776892805","caption":"ofiprensa"},"url":"https:\/\/www.ucaldas.edu.co\/portal\/author\/ofiprensa\/"}]}},"_links":{"self":[{"href":"https:\/\/www.ucaldas.edu.co\/portal\/wp-json\/wp\/v2\/posts\/67599","targetHints":{"allow":["GET"]}}],"collection":[{"href":"https:\/\/www.ucaldas.edu.co\/portal\/wp-json\/wp\/v2\/posts"}],"about":[{"href":"https:\/\/www.ucaldas.edu.co\/portal\/wp-json\/wp\/v2\/types\/post"}],"author":[{"embeddable":true,"href":"https:\/\/www.ucaldas.edu.co\/portal\/wp-json\/wp\/v2\/users\/2"}],"replies":[{"embeddable":true,"href":"https:\/\/www.ucaldas.edu.co\/portal\/wp-json\/wp\/v2\/comments?post=67599"}],"version-history":[{"count":0,"href":"https:\/\/www.ucaldas.edu.co\/portal\/wp-json\/wp\/v2\/posts\/67599\/revisions"}],"wp:featuredmedia":[{"embeddable":true,"href":"https:\/\/www.ucaldas.edu.co\/portal\/wp-json\/wp\/v2\/media\/63403"}],"wp:attachment":[{"href":"https:\/\/www.ucaldas.edu.co\/portal\/wp-json\/wp\/v2\/media?parent=67599"}],"wp:term":[{"taxonomy":"category","embeddable":true,"href":"https:\/\/www.ucaldas.edu.co\/portal\/wp-json\/wp\/v2\/categories?post=67599"},{"taxonomy":"post_tag","embeddable":true,"href":"https:\/\/www.ucaldas.edu.co\/portal\/wp-json\/wp\/v2\/tags?post=67599"}],"curies":[{"name":"wp","href":"https:\/\/api.w.org\/{rel}","templated":true}]}}